{"id":9984,"date":"2016-11-18T11:17:44","date_gmt":"2016-11-18T10:17:44","guid":{"rendered":"http:\/\/balkangreenenergynews.com\/rs\/?p=9984"},"modified":"2024-11-06T10:48:23","modified_gmt":"2024-11-06T09:48:23","slug":"konferencija-o-biomasi-see-energy-connect-supply-2016-odrzana-u-novom-sadu","status":"publish","type":"post","link":"https:\/\/balkangreenenergynews.com\/rs\/konferencija-o-biomasi-see-energy-connect-supply-2016-odrzana-u-novom-sadu\/","title":{"rendered":"Konferencija o biomasi SEE Energy &#8211; Connect &#038; Supply 2016 odr\u017eana u Novom Sadu"},"content":{"rendered":"<h2>U Srbiji se obnovljivi izvori energije koriste znatno vi\u0161e u poslednjih nekoliko godina, ali ogromni potencijal biomase za proizvodnju toplotne i elektri\u010dne energije jo\u0161 nije iskori\u0161\u0107en. Ovo je poruka koju su poslali u\u010desnici me\u0111unarodne konferencije \u201eSEE Energy \u2013 Connect &amp; Supply 2016\u201c odr\u017eane u Novom Sadu, u organizaciji Nacionalne agencije za biomasu Serbio.<\/h2>\n<p>Obe\u0107avaju\u0107i pomo\u0107 Pokrajine zainteresovanim investitorima, predsednik Vlade Vojvodine Igor Mirovi\u0107 rekao je na otvaranju skupa da donosioci odluka i sami jo\u0161 treba da u\u010de o potencijalima biomase. On je podsetio da se svega 3-5% ukupne energije potro\u0161ene u Vojvodini dobija iz biomase, koju mnogi i dalje tretiraju kao \u201ejedan nus-produkt poljoprivredne proizvodnje\u201c.<\/p>\n<p>Podr\u0161ku konferenciji pru\u017eio je i predsednik Nema\u010dko-srpske privredne komore Martin Knap, koji je naglasio va\u017enost kori\u0161\u0107enja nau\u010dnih dostignu\u0107a i potrebu da se pove\u017eu doma\u0107a i strana preduze\u0107a iz oblasti obnovljivih izvora energije.<\/p>\n<p>Kao predstavnica organizatora skupa, <a href=\"https:\/\/balkangreenenergynews.com\/rs\/biomasa-je-isplativija-za-grejanje-nego-fosilna-goriva\/\">Nata\u0161a Pavi\u0107evi\u0107 Baji\u0107<\/a>, predsednica Nacionalne asocijacije za biomasu Serbio, pohvalila je dobar odziv zainteresovanih strana i pru\u017eila uvid u to kako nastaje cirkularna ekonomija.<\/p>\n<p>\u201eSvaki dinar koji smo platili za gas i koji iza\u0111e iz ove zemlje, osiroma\u0161io je dr\u017eavu; a svaki dinar koji platimo za toplotnu energiju koja je proizvedena od na\u0161ih resursa, vrati se. I to je taj krug koji po\u010dinje da razvija jednu potpuno novu privredu, i koji stvara jednu novu dodatnu vrednost,\u201c objasnila je Nata\u0161a Pavi\u0107evi\u0107 Baji\u0107, i ukazala na to da su potencijali biomase ogromni. \u201ePo svim analizama, dve tre\u0107ine obnovljivih izvora energije su resursi iz biomase, odnosno poljoprivredne i \u0161umske biomase.\u201c<\/p>\n<p>Rajner \u0160elhas, rukovodilac GIZ DKTI komponente \u201cSnabdevanje biomasom\u201d izrazio je zadovoljstvo sve ve\u0107im interesovanjem op\u0161tina i gradova \u0161irom Srbije da po\u010dnu da koriste biomasu za grejanje i naveo primer op\u0161tine <a href=\"https:\/\/balkangreenenergynews.com\/rs\/priboj-pocinje-grejanje-na-biomasu\/\">Priboj<\/a> koja je nedavno po\u010dela da greje javne zgrade biomasom.\u0160elhas je ukazao na potencijal izgradnje kogenerativnih potencijala na biomasu i izrazio nadu da \u0107e ih u budu\u0107nosti biti vi\u0161e u Srbiji.<\/p>\n<p>Da bi se projekti u oblasti biomase realizovali potrebno je obezbediti finansiranje. U\u010desnici konferencije su \u00a0primetili da komercijalne banke u Srbiji ne znaju da formuli\u0161u kreditnu politiku, \u0161to ote\u017eava finansiranje projekata.<\/p>\n<h3><strong>Uspe\u0161ne pri\u010de iz Srbije i inostranstva<\/strong><\/h3>\n<p>Dobar primer iz prakse sti\u017ee iz Litvanije koja \u00a0na odli\u010dan na\u010din koristi ogroman potencijal biomase. O tome je prisutnim u\u010desnicima pri\u010dao Marius Dubininkas, komercijalni direktor i \u010dlan upravnog odbora kompanije <a href=\"https:\/\/balkangreenenergynews.com\/rs\/wp-content\/uploads\/2016\/11\/2016-11-15-M.Dubininkas-Enerstena-group.pdf\">Enerstena Group<\/a> iz Litvanije, koja je lider me\u0111u balti\u010dkim zemljama kada je re\u010d o\u00a0tehnologijama za grejanje na biomasu. U Litvaniji\u00a0 \u0161ume \u010dine oko 33,2 odsto ukupne povr\u0161ine, a najve\u0107i deo energije koja se dobije iz obnovljivih izvora dobija se upravo od biomase. U gradu Kaunasu, u kojem se nalazi sedi\u0161te kompanije Enerstena, cena toplotne energije pala je za 50 odsto nakon \u0161to je grad po\u010deo da se greje na biomasu. Enerstena,\u00a0 koja se ina\u010de bavi proizvodnjom opreme za grejanje na biomasu obezbedila je daljinsko grejanje za oko 300.000 stanovnika tog grada. Uz proizvodnju toplotne energije, kompanija kroz kogeneraciju proizvodi i elektri\u010dnu energiju, od koje ostvaruje\u00a0dodatnu zaradu.\u00a0Kori\u0161\u0107enjem potencijala biomase otvorilo se oko 6.500 radnih mesta, a do 2020. godine se o\u010dekuje otvaranje jo\u0161 hiljadu. Do tada \u0107e u Litvaniji biomasa \u010diniti \u010dak \u00a080% od ukupne energije dobijene iz obnovljivih izvora.<\/p>\n<p>Da je neiskori\u0161\u0107enost biomase ravna ba\u010denom zlatu objasnio je Viktor Radi\u0107, regionalni maned\u017eer austrijske kompanije <a href=\"https:\/\/balkangreenenergynews.com\/rs\/wp-content\/uploads\/2016\/11\/Polytechnik-SERBIO-16.11.2016_alternativna-biomasa.pdf\">Polytechnik GmbH<\/a>. Ukazao je na to da se \u010desto zaboravljaju nusproizvodi poput: granja, li\u0161\u0107a, sena, slame, presovanog vo\u0107a, orezine iz vinograda, ljuske od kafe, balege i jo\u0161 140 vrsta ostataka iz proizvodnje. Ni\u0161ta od toga nije otpad, nego neiskori\u0161\u0107ena nekonvencionalna biomasa, podsetio je Radi\u0107. Navode\u0107i da njegova kompanija, koja me\u0111u klijentima ima i mala i srednja preduze\u0107a, ali i velike svetske kompanije kao \u0161to su \u00a0<a href=\"https:\/\/balkangreenenergynews.com\/rs\/airbus-se-greje-na-biomasu\/\">Airbus<\/a> i L&#8217;Oreal, ve\u0107 50 godina pru\u017ea prilago\u0111ena re\u0161enja od silosa do kotla, Radi\u0107 je podsetio da se biomasa, izme\u0111u ostalog, brzo isplati kao izvor energije zato \u0161to ne zahteva dodatnu preradu.<\/p>\n<p>Raznovrstan portfolio energetskih usluga i opreme\u00a0imaju i u kompaniji <a href=\"https:\/\/balkangreenenergynews.com\/rs\/wp-content\/uploads\/2016\/11\/Energy-Net-Topling-Prezentacija-Serbio.pdf\">EnergyNet<\/a> iz Ka\u0107a, koja je za 20 godina rada izvela veliki broj projekata klimatizacije i grejanja. Neboj\u0161a Mi\u0161i\u0107 iz EnergyNet-a je kao poseban doprinos podizanju svesti i edukaciji o pravilnom kori\u0161\u0107enju opreme i \u0161irenju znanja naveo obuku za profesionalce i korisnike u okviru male <a href=\"https:\/\/www.energynet.rs\/?page_id=51&amp;lang=sr\">Akademije<\/a>, a sve vi\u0161e pa\u017enje privla\u010de njihovi projekti za kori\u0161\u0107enje biomase.<\/p>\n<p>Uspeh u poslovanju bele\u017ei i slovena\u010dka Biomasa Grupa, koja je princip cirkularne ekonomije primenila u svom centru za obradu drvne mase u Nazarju. Postrojenje za kogeneraciju potpuno pokriva toplotne i elektroenergetske potrebe postrojenja, dok se vi\u0161ak isporu\u010duje kao toplotna energija u daljinski sistem. David \u0160peh iz Biomase navodi da su posebno ponosni na poslove u planinskim turisti\u010dkim centrima, i jednom zatvoru koji je gradu \u0160entrupertu u\u0161tedeo stotine hiljada evra.<\/p>\n<p>U Srbiji ve\u0107 postoji selo koje ve\u0107i deo energije koju potro\u0161i dobija iz biomase. Selo Kostojevi\u0107i u op\u0161tini Bajina Ba\u0161ta, postalo je prvo Bioselo u okviru me\u0111unarodnog projekta <a href=\"https:\/\/biovill.eu\/bioenergy-villages\/bioenergy-village-in-serbia\/\">BioVill<\/a>, koji u Srbiji sprovodi Stalna konferencija gradova i op\u0161tina (SKGO).<\/p>\n<h3><strong>Proizvodnja biomase i stvaranje tr\u017ei\u0161ta<\/strong><\/h3>\n<p>Da bi se biomasa koristila, neophodno je povezati prozvo\u0111a\u010de s potro\u0161a\u010dima, a u Srbiji tek treba da se stvori tr\u017ei\u0161te za biomasu, poruka je Vojislava Miliji\u0107a iz organizacije Serbio. On predvodi projekat <a href=\"https:\/\/bioresproject.eu\/\">BioRES<\/a>, \u010diji je osnovni zadatak stvaranje logisti\u010dkih i trgovinskih centara za biomasu (<a href=\"https:\/\/bioresproject.eu\/index.php\/biomass-logistic-trade-centres\/\">BLTC<\/a>). Takvi centri bi bili posrednici izme\u0111u lokalnih snabdeva\u010da i kupaca \u2013 toplana, elektrana i doma\u0107instava. Uz va\u017enu podr\u0161ku nau\u010dnog projekta Evropske Unije Horizon 2020 vrednu 1,86 miliona evra, BioRES poku\u0161ava da otvori izme\u0111u <a href=\"https:\/\/bioresproject.eu\/wp-content\/uploads\/2015\/08\/2015-08-06-BioRES_project_standard_presentation.pdf\">6 i 8 regionalnih centara<\/a> u Bugarskoj, Hrvatskoj i Srbiji. U njima bi pre juna 2017. godine trebalo da budu obezbe\u0111eni ugovori za godi\u0161nju isporuku najmanje 8.000 tona drvne biomase, odnosno bar 1.000 tona po jednom centru. Cilj projekta BioRES je da se, pre svega, dopre do vlasnika privatnih \u0161uma, jer one \u010dine 50% ukupnog \u0161umskog bogatstva Srbije i, odatle, mogu\u0107ih drvne biomase.<\/p>\n<p>&nbsp;<\/p>\n<p>&nbsp;<\/p>\n<p>&nbsp;<\/p>\n","protected":false},"excerpt":{"rendered":"<p>U Srbiji se obnovljivi izvori energije koriste znatno vi\u0161e u poslednjih nekoliko godina, ali ogromni&#8230;<\/p>\n","protected":false},"author":25,"featured_media":9985,"comment_status":"open","ping_status":"closed","sticky":false,"template":"","format":"standard","meta":{"_acf_changed":false,"_monsterinsights_skip_tracking":false,"_monsterinsights_sitenote_active":false,"_monsterinsights_sitenote_note":"","_monsterinsights_sitenote_category":0,"footnotes":""},"categories":[1],"tags":[353],"class_list":["post-9984","post","type-post","status-publish","format-standard","has-post-thumbnail","hentry","category-obnovljivi-izvori-energije","tag-polytechnik","country-srbija"],"acf":[],"yoast_head":"<!-- This site is optimized with the Yoast SEO plugin v27.4 - https:\/\/yoast.com\/product\/yoast-seo-wordpress\/ -->\n<title>Konferencija o biomasi SEE Energy - Connect &amp; Supply 2016 odr\u017eana u Novom Sadu - Balkan Green Energy News<\/title>\n<meta name=\"robots\" content=\"index, follow, max-snippet:-1, max-image-preview:large, max-video-preview:-1\" \/>\n<link rel=\"canonical\" href=\"https:\/\/balkangreenenergynews.com\/rs\/konferencija-o-biomasi-see-energy-connect-supply-2016-odrzana-u-novom-sadu\/\" \/>\n<meta property=\"og:locale\" content=\"sr_RS\" \/>\n<meta property=\"og:type\" content=\"article\" \/>\n<meta property=\"og:title\" content=\"Konferencija o biomasi SEE Energy - Connect &amp; Supply 2016 odr\u017eana u Novom Sadu - Balkan Green Energy News\" \/>\n<meta property=\"og:description\" content=\"U Srbiji se obnovljivi izvori energije koriste znatno vi\u0161e u poslednjih nekoliko godina, ali ogromni...\" \/>\n<meta property=\"og:url\" content=\"https:\/\/balkangreenenergynews.com\/rs\/konferencija-o-biomasi-see-energy-connect-supply-2016-odrzana-u-novom-sadu\/\" \/>\n<meta property=\"og:site_name\" content=\"Balkan Green Energy News\" \/>\n<meta property=\"article:published_time\" content=\"2016-11-18T10:17:44+00:00\" \/>\n<meta property=\"article:modified_time\" content=\"2024-11-06T09:48:23+00:00\" \/>\n<meta property=\"og:image\" content=\"https:\/\/balkangreenenergynews.com\/rs\/wp-content\/uploads\/2016\/11\/Serbio_web.jpg\" \/>\n\t<meta property=\"og:image:width\" content=\"795\" \/>\n\t<meta property=\"og:image:height\" content=\"407\" \/>\n\t<meta property=\"og:image:type\" content=\"image\/jpeg\" \/>\n<meta name=\"author\" content=\"Balkan Green Energy News\" \/>\n<meta name=\"twitter:card\" content=\"summary_large_image\" \/>\n<meta name=\"twitter:label1\" content=\"\u041d\u0430\u043f\u0438\u0441\u0430\u043d\u043e \u043e\u0434\" \/>\n\t<meta name=\"twitter:data1\" content=\"Balkan Green Energy News\" \/>\n\t<meta name=\"twitter:label2\" content=\"\u041f\u0440\u043e\u0446\u0435\u045a\u0435\u043d\u043e \u0432\u0440\u0435\u043c\u0435 \u0447\u0438\u0442\u0430\u045a\u0430\" \/>\n\t<meta name=\"twitter:data2\" content=\"6 \u043c\u0438\u043d\u0443\u0442\u0430\" \/>\n<script type=\"application\/ld+json\" class=\"yoast-schema-graph\">{\"@context\":\"https:\\\/\\\/schema.org\",\"@graph\":[{\"@type\":\"Article\",\"@id\":\"https:\\\/\\\/balkangreenenergynews.com\\\/rs\\\/konferencija-o-biomasi-see-energy-connect-supply-2016-odrzana-u-novom-sadu\\\/#article\",\"isPartOf\":{\"@id\":\"https:\\\/\\\/balkangreenenergynews.com\\\/rs\\\/konferencija-o-biomasi-see-energy-connect-supply-2016-odrzana-u-novom-sadu\\\/\"},\"author\":{\"name\":\"Balkan Green Energy News\",\"@id\":\"https:\\\/\\\/balkangreenenergynews.com\\\/rs\\\/#\\\/schema\\\/person\\\/dee275e6036b1a0f7ceaf956d79d4eff\"},\"headline\":\"Konferencija o biomasi SEE Energy &#8211; Connect &#038; Supply 2016 odr\u017eana u Novom Sadu\",\"datePublished\":\"2016-11-18T10:17:44+00:00\",\"dateModified\":\"2024-11-06T09:48:23+00:00\",\"mainEntityOfPage\":{\"@id\":\"https:\\\/\\\/balkangreenenergynews.com\\\/rs\\\/konferencija-o-biomasi-see-energy-connect-supply-2016-odrzana-u-novom-sadu\\\/\"},\"wordCount\":1061,\"commentCount\":0,\"image\":{\"@id\":\"https:\\\/\\\/balkangreenenergynews.com\\\/rs\\\/konferencija-o-biomasi-see-energy-connect-supply-2016-odrzana-u-novom-sadu\\\/#primaryimage\"},\"thumbnailUrl\":\"https:\\\/\\\/balkangreenenergynews.com\\\/rs\\\/wp-content\\\/uploads\\\/2016\\\/11\\\/Serbio_web.jpg?wsr\",\"keywords\":[\"Polytechnik\"],\"articleSection\":[\"OIE\"],\"inLanguage\":\"sr-RS\",\"potentialAction\":[{\"@type\":\"CommentAction\",\"name\":\"Comment\",\"target\":[\"https:\\\/\\\/balkangreenenergynews.com\\\/rs\\\/konferencija-o-biomasi-see-energy-connect-supply-2016-odrzana-u-novom-sadu\\\/#respond\"]}]},{\"@type\":\"WebPage\",\"@id\":\"https:\\\/\\\/balkangreenenergynews.com\\\/rs\\\/konferencija-o-biomasi-see-energy-connect-supply-2016-odrzana-u-novom-sadu\\\/\",\"url\":\"https:\\\/\\\/balkangreenenergynews.com\\\/rs\\\/konferencija-o-biomasi-see-energy-connect-supply-2016-odrzana-u-novom-sadu\\\/\",\"name\":\"Konferencija o biomasi SEE Energy - Connect & Supply 2016 odr\u017eana u Novom Sadu - Balkan Green Energy News\",\"isPartOf\":{\"@id\":\"https:\\\/\\\/balkangreenenergynews.com\\\/rs\\\/#website\"},\"primaryImageOfPage\":{\"@id\":\"https:\\\/\\\/balkangreenenergynews.com\\\/rs\\\/konferencija-o-biomasi-see-energy-connect-supply-2016-odrzana-u-novom-sadu\\\/#primaryimage\"},\"image\":{\"@id\":\"https:\\\/\\\/balkangreenenergynews.com\\\/rs\\\/konferencija-o-biomasi-see-energy-connect-supply-2016-odrzana-u-novom-sadu\\\/#primaryimage\"},\"thumbnailUrl\":\"https:\\\/\\\/balkangreenenergynews.com\\\/rs\\\/wp-content\\\/uploads\\\/2016\\\/11\\\/Serbio_web.jpg?wsr\",\"datePublished\":\"2016-11-18T10:17:44+00:00\",\"dateModified\":\"2024-11-06T09:48:23+00:00\",\"author\":{\"@id\":\"https:\\\/\\\/balkangreenenergynews.com\\\/rs\\\/#\\\/schema\\\/person\\\/dee275e6036b1a0f7ceaf956d79d4eff\"},\"breadcrumb\":{\"@id\":\"https:\\\/\\\/balkangreenenergynews.com\\\/rs\\\/konferencija-o-biomasi-see-energy-connect-supply-2016-odrzana-u-novom-sadu\\\/#breadcrumb\"},\"inLanguage\":\"sr-RS\",\"potentialAction\":[{\"@type\":\"ReadAction\",\"target\":[\"https:\\\/\\\/balkangreenenergynews.com\\\/rs\\\/konferencija-o-biomasi-see-energy-connect-supply-2016-odrzana-u-novom-sadu\\\/\"]}]},{\"@type\":\"ImageObject\",\"inLanguage\":\"sr-RS\",\"@id\":\"https:\\\/\\\/balkangreenenergynews.com\\\/rs\\\/konferencija-o-biomasi-see-energy-connect-supply-2016-odrzana-u-novom-sadu\\\/#primaryimage\",\"url\":\"https:\\\/\\\/balkangreenenergynews.com\\\/rs\\\/wp-content\\\/uploads\\\/2016\\\/11\\\/Serbio_web.jpg?wsr\",\"contentUrl\":\"https:\\\/\\\/balkangreenenergynews.com\\\/rs\\\/wp-content\\\/uploads\\\/2016\\\/11\\\/Serbio_web.jpg?wsr\",\"width\":795,\"height\":407,\"caption\":\"Serbio konferencija Novi Sad 2016\"},{\"@type\":\"BreadcrumbList\",\"@id\":\"https:\\\/\\\/balkangreenenergynews.com\\\/rs\\\/konferencija-o-biomasi-see-energy-connect-supply-2016-odrzana-u-novom-sadu\\\/#breadcrumb\",\"itemListElement\":[{\"@type\":\"ListItem\",\"position\":1,\"name\":\"Po\u010detna\",\"item\":\"https:\\\/\\\/balkangreenenergynews.com\\\/rs\\\/\"},{\"@type\":\"ListItem\",\"position\":2,\"name\":\"Vesti\",\"item\":\"https:\\\/\\\/balkangreenenergynews.com\\\/rs\\\/kategorija\\\/vesti\\\/\"},{\"@type\":\"ListItem\",\"position\":3,\"name\":\"OIE\",\"item\":\"https:\\\/\\\/balkangreenenergynews.com\\\/rs\\\/kategorija\\\/vesti\\\/obnovljivi-izvori-energije\\\/\"},{\"@type\":\"ListItem\",\"position\":4,\"name\":\"Konferencija o biomasi SEE Energy &#8211; Connect &#038; Supply 2016 odr\u017eana u Novom Sadu\"}]},{\"@type\":\"WebSite\",\"@id\":\"https:\\\/\\\/balkangreenenergynews.com\\\/rs\\\/#website\",\"url\":\"https:\\\/\\\/balkangreenenergynews.com\\\/rs\\\/\",\"name\":\"Balkan Green Energy News\",\"description\":\"Naj\u0161iri izbor vesti sa Balkana o zelenoj energiji\",\"potentialAction\":[{\"@type\":\"SearchAction\",\"target\":{\"@type\":\"EntryPoint\",\"urlTemplate\":\"https:\\\/\\\/balkangreenenergynews.com\\\/rs\\\/?s={search_term_string}\"},\"query-input\":{\"@type\":\"PropertyValueSpecification\",\"valueRequired\":true,\"valueName\":\"search_term_string\"}}],\"inLanguage\":\"sr-RS\"},{\"@type\":\"Person\",\"@id\":\"https:\\\/\\\/balkangreenenergynews.com\\\/rs\\\/#\\\/schema\\\/person\\\/dee275e6036b1a0f7ceaf956d79d4eff\",\"name\":\"Balkan Green Energy News\",\"url\":\"https:\\\/\\\/balkangreenenergynews.com\\\/rs\\\/author\\\/balkangreenenergynews\\\/\"}]}<\/script>\n<!-- \/ Yoast SEO plugin. -->","yoast_head_json":{"title":"Konferencija o biomasi SEE Energy - Connect & Supply 2016 odr\u017eana u Novom Sadu - Balkan Green Energy News","robots":{"index":"index","follow":"follow","max-snippet":"max-snippet:-1","max-image-preview":"max-image-preview:large","max-video-preview":"max-video-preview:-1"},"canonical":"https:\/\/balkangreenenergynews.com\/rs\/konferencija-o-biomasi-see-energy-connect-supply-2016-odrzana-u-novom-sadu\/","og_locale":"sr_RS","og_type":"article","og_title":"Konferencija o biomasi SEE Energy - Connect & Supply 2016 odr\u017eana u Novom Sadu - Balkan Green Energy News","og_description":"U Srbiji se obnovljivi izvori energije koriste znatno vi\u0161e u poslednjih nekoliko godina, ali ogromni...","og_url":"https:\/\/balkangreenenergynews.com\/rs\/konferencija-o-biomasi-see-energy-connect-supply-2016-odrzana-u-novom-sadu\/","og_site_name":"Balkan Green Energy News","article_published_time":"2016-11-18T10:17:44+00:00","article_modified_time":"2024-11-06T09:48:23+00:00","og_image":[{"width":795,"height":407,"url":"https:\/\/balkangreenenergynews.com\/rs\/wp-content\/uploads\/2016\/11\/Serbio_web.jpg","type":"image\/jpeg"}],"author":"Balkan Green Energy News","twitter_card":"summary_large_image","twitter_misc":{"\u041d\u0430\u043f\u0438\u0441\u0430\u043d\u043e \u043e\u0434":"Balkan Green Energy News","\u041f\u0440\u043e\u0446\u0435\u045a\u0435\u043d\u043e \u0432\u0440\u0435\u043c\u0435 \u0447\u0438\u0442\u0430\u045a\u0430":"6 \u043c\u0438\u043d\u0443\u0442\u0430"},"schema":{"@context":"https:\/\/schema.org","@graph":[{"@type":"Article","@id":"https:\/\/balkangreenenergynews.com\/rs\/konferencija-o-biomasi-see-energy-connect-supply-2016-odrzana-u-novom-sadu\/#article","isPartOf":{"@id":"https:\/\/balkangreenenergynews.com\/rs\/konferencija-o-biomasi-see-energy-connect-supply-2016-odrzana-u-novom-sadu\/"},"author":{"name":"Balkan Green Energy News","@id":"https:\/\/balkangreenenergynews.com\/rs\/#\/schema\/person\/dee275e6036b1a0f7ceaf956d79d4eff"},"headline":"Konferencija o biomasi SEE Energy &#8211; Connect &#038; Supply 2016 odr\u017eana u Novom Sadu","datePublished":"2016-11-18T10:17:44+00:00","dateModified":"2024-11-06T09:48:23+00:00","mainEntityOfPage":{"@id":"https:\/\/balkangreenenergynews.com\/rs\/konferencija-o-biomasi-see-energy-connect-supply-2016-odrzana-u-novom-sadu\/"},"wordCount":1061,"commentCount":0,"image":{"@id":"https:\/\/balkangreenenergynews.com\/rs\/konferencija-o-biomasi-see-energy-connect-supply-2016-odrzana-u-novom-sadu\/#primaryimage"},"thumbnailUrl":"https:\/\/balkangreenenergynews.com\/rs\/wp-content\/uploads\/2016\/11\/Serbio_web.jpg?wsr","keywords":["Polytechnik"],"articleSection":["OIE"],"inLanguage":"sr-RS","potentialAction":[{"@type":"CommentAction","name":"Comment","target":["https:\/\/balkangreenenergynews.com\/rs\/konferencija-o-biomasi-see-energy-connect-supply-2016-odrzana-u-novom-sadu\/#respond"]}]},{"@type":"WebPage","@id":"https:\/\/balkangreenenergynews.com\/rs\/konferencija-o-biomasi-see-energy-connect-supply-2016-odrzana-u-novom-sadu\/","url":"https:\/\/balkangreenenergynews.com\/rs\/konferencija-o-biomasi-see-energy-connect-supply-2016-odrzana-u-novom-sadu\/","name":"Konferencija o biomasi SEE Energy - Connect & Supply 2016 odr\u017eana u Novom Sadu - Balkan Green Energy News","isPartOf":{"@id":"https:\/\/balkangreenenergynews.com\/rs\/#website"},"primaryImageOfPage":{"@id":"https:\/\/balkangreenenergynews.com\/rs\/konferencija-o-biomasi-see-energy-connect-supply-2016-odrzana-u-novom-sadu\/#primaryimage"},"image":{"@id":"https:\/\/balkangreenenergynews.com\/rs\/konferencija-o-biomasi-see-energy-connect-supply-2016-odrzana-u-novom-sadu\/#primaryimage"},"thumbnailUrl":"https:\/\/balkangreenenergynews.com\/rs\/wp-content\/uploads\/2016\/11\/Serbio_web.jpg?wsr","datePublished":"2016-11-18T10:17:44+00:00","dateModified":"2024-11-06T09:48:23+00:00","author":{"@id":"https:\/\/balkangreenenergynews.com\/rs\/#\/schema\/person\/dee275e6036b1a0f7ceaf956d79d4eff"},"breadcrumb":{"@id":"https:\/\/balkangreenenergynews.com\/rs\/konferencija-o-biomasi-see-energy-connect-supply-2016-odrzana-u-novom-sadu\/#breadcrumb"},"inLanguage":"sr-RS","potentialAction":[{"@type":"ReadAction","target":["https:\/\/balkangreenenergynews.com\/rs\/konferencija-o-biomasi-see-energy-connect-supply-2016-odrzana-u-novom-sadu\/"]}]},{"@type":"ImageObject","inLanguage":"sr-RS","@id":"https:\/\/balkangreenenergynews.com\/rs\/konferencija-o-biomasi-see-energy-connect-supply-2016-odrzana-u-novom-sadu\/#primaryimage","url":"https:\/\/balkangreenenergynews.com\/rs\/wp-content\/uploads\/2016\/11\/Serbio_web.jpg?wsr","contentUrl":"https:\/\/balkangreenenergynews.com\/rs\/wp-content\/uploads\/2016\/11\/Serbio_web.jpg?wsr","width":795,"height":407,"caption":"Serbio konferencija Novi Sad 2016"},{"@type":"BreadcrumbList","@id":"https:\/\/balkangreenenergynews.com\/rs\/konferencija-o-biomasi-see-energy-connect-supply-2016-odrzana-u-novom-sadu\/#breadcrumb","itemListElement":[{"@type":"ListItem","position":1,"name":"Po\u010detna","item":"https:\/\/balkangreenenergynews.com\/rs\/"},{"@type":"ListItem","position":2,"name":"Vesti","item":"https:\/\/balkangreenenergynews.com\/rs\/kategorija\/vesti\/"},{"@type":"ListItem","position":3,"name":"OIE","item":"https:\/\/balkangreenenergynews.com\/rs\/kategorija\/vesti\/obnovljivi-izvori-energije\/"},{"@type":"ListItem","position":4,"name":"Konferencija o biomasi SEE Energy &#8211; Connect &#038; Supply 2016 odr\u017eana u Novom Sadu"}]},{"@type":"WebSite","@id":"https:\/\/balkangreenenergynews.com\/rs\/#website","url":"https:\/\/balkangreenenergynews.com\/rs\/","name":"Balkan Green Energy News","description":"Naj\u0161iri izbor vesti sa Balkana o zelenoj energiji","potentialAction":[{"@type":"SearchAction","target":{"@type":"EntryPoint","urlTemplate":"https:\/\/balkangreenenergynews.com\/rs\/?s={search_term_string}"},"query-input":{"@type":"PropertyValueSpecification","valueRequired":true,"valueName":"search_term_string"}}],"inLanguage":"sr-RS"},{"@type":"Person","@id":"https:\/\/balkangreenenergynews.com\/rs\/#\/schema\/person\/dee275e6036b1a0f7ceaf956d79d4eff","name":"Balkan Green Energy News","url":"https:\/\/balkangreenenergynews.com\/rs\/author\/balkangreenenergynews\/"}]}},"_links":{"self":[{"href":"https:\/\/balkangreenenergynews.com\/rs\/wp-json\/wp\/v2\/posts\/9984","targetHints":{"allow":["GET"]}}],"collection":[{"href":"https:\/\/balkangreenenergynews.com\/rs\/wp-json\/wp\/v2\/posts"}],"about":[{"href":"https:\/\/balkangreenenergynews.com\/rs\/wp-json\/wp\/v2\/types\/post"}],"author":[{"embeddable":true,"href":"https:\/\/balkangreenenergynews.com\/rs\/wp-json\/wp\/v2\/users\/25"}],"replies":[{"embeddable":true,"href":"https:\/\/balkangreenenergynews.com\/rs\/wp-json\/wp\/v2\/comments?post=9984"}],"version-history":[{"count":0,"href":"https:\/\/balkangreenenergynews.com\/rs\/wp-json\/wp\/v2\/posts\/9984\/revisions"}],"wp:featuredmedia":[{"embeddable":true,"href":"https:\/\/balkangreenenergynews.com\/rs\/wp-json\/wp\/v2\/media\/9985"}],"wp:attachment":[{"href":"https:\/\/balkangreenenergynews.com\/rs\/wp-json\/wp\/v2\/media?parent=9984"}],"wp:term":[{"taxonomy":"category","embeddable":true,"href":"https:\/\/balkangreenenergynews.com\/rs\/wp-json\/wp\/v2\/categories?post=9984"},{"taxonomy":"post_tag","embeddable":true,"href":"https:\/\/balkangreenenergynews.com\/rs\/wp-json\/wp\/v2\/tags?post=9984"}],"curies":[{"name":"wp","href":"https:\/\/api.w.org\/{rel}","templated":true}]}}