{"id":95929,"date":"2026-09-05T18:55:16","date_gmt":"2026-09-05T16:55:16","guid":{"rendered":"https:\/\/balkangreenenergynews.com\/rs\/?p=95929"},"modified":"2026-09-05T19:09:22","modified_gmt":"2026-09-05T17:09:22","slug":"protest-zbog-ilegalnog-odlaganja-vise-desetina-hiljada-tona-otpada-u-hrvatskoj-bili-su-svi","status":"publish","type":"post","link":"https:\/\/balkangreenenergynews.com\/rs\/protest-zbog-ilegalnog-odlaganja-vise-desetina-hiljada-tona-otpada-u-hrvatskoj-bili-su-svi\/","title":{"rendered":"Protest zbog ilegalnog odlaganja vi\u0161e desetina hiljada tona otpada u Hrvatskoj: Bili su svi"},"content":{"rendered":"<h2>Vi\u0161e desetina hiljada ljudi okupilo se danas na protestu u Zagrebu pod nazivom &#8222;Hodaj za Liku, hodaj za Hrvatsku&#8220; zbog afere ilegalnog odlaganja najmanje vi\u0161e od 30.000 tona otpada, koji je bio i opasan. Okupljanje ogor\u010denih gra\u0111ana, sa sedam zahteva, odr\u017eano je oko podneva.<\/h2>\n<p>Organizator skupa, inicijativa &#8222;Gospi\u0107 je na\u0161 dom&#8220; na dru\u0161tvenim mre\u017eama je objavila snimak Trga bana Josipa Jela\u010di\u0107a, kao i kolonu koja pristi\u017ee iz okolnih ulica.<\/p>\n<p>&#8222;Ako vas pitaju koliko nas je bilo &#8211; Svi smo!!!&#8220;, poru\u010dila je inicijativa Gospi\u0107 je na\u0161 dom.<\/p>\n<p><a href=\"https:\/\/balkangreenenergynews.com\/rs\/sazvan-velik-protest-u-zagrebu-zbog-afere-ilegalnog-odlaganja-otpada-u-gospicu\/\">Ilegalno odlaganje i zakopavanje otpada \u0161irom Hrvatske<\/a> je afera koja je izazvala ogromno nezadovljstvo gra\u0111ana. Osim Gospi\u0107a, gde zvani\u010dni podaci ukazuju na odlaganje vi\u0161e od 30.000 tona, prema navodima iz istraga, sli\u010dno se de\u0161avalo i na podru\u010djima oko Zadra, \u0160ibenika, Kistanja, Drni\u0161a, Benkovca i Pa\u0111ena.<\/p>\n<blockquote><p>Reagovanje vlasti nedovoljno<\/p><\/blockquote>\n<p>Ove informacije potvrdili su nadle\u017eni dr\u017eavni organi &#8211; Policijski nacionalni ured za suzbijanje korupcije i organiziranog kriminaliteta (PNUSKOK), Ured za suzbijanje korupcije i organiziranog kriminaliteta (USKOK) i Dr\u017eavni inspektorat RH.<\/p>\n<p>Nadle\u017ene slu\u017ebe su do sada sprovele vi\u0161e hap\u0161enja osumnji\u010denih, podnele krivi\u010dne prijave i pokrenule postupke vanrednog inspekcijskog nadzora. Zvani\u010dne procene ta\u010dnih koli\u010dina otpada za gradove i op\u0161tine osim Gospi\u0107a, se jo\u0161 se utvr\u0111uju.<\/p>\n<p>Ali, to je nedovoljno.<\/p>\n<h3>Sedam zahteva<\/h3>\n<p><img loading=\"lazy\" decoding=\"async\" class=\"size-full wp-image-95934 aligncenter\" src=\"https:\/\/balkangreenenergynews.com\/rs\/wp-content\/uploads\/2026\/09\/hrvatska-otpad-afera-gospic-protest-zagreb.jpg\" alt=\"hrvatska otpad afera gospic protest zagreb\" width=\"841\" height=\"431\" srcset=\"https:\/\/balkangreenenergynews.com\/rs\/wp-content\/uploads\/2026\/09\/hrvatska-otpad-afera-gospic-protest-zagreb.jpg 841w, https:\/\/balkangreenenergynews.com\/rs\/wp-content\/uploads\/2026\/09\/hrvatska-otpad-afera-gospic-protest-zagreb-500x256.jpg 500w, https:\/\/balkangreenenergynews.com\/rs\/wp-content\/uploads\/2026\/09\/hrvatska-otpad-afera-gospic-protest-zagreb-768x394.jpg 768w\" sizes=\"auto, (max-width: 841px) 100vw, 841px\" \/><\/p>\n<p>Sa skupa je poslato sedam zahteva.<\/p>\n<p>Kada je re\u010d o Gospi\u0107u to je:<\/p>\n<ul>\n<li>Javnosti predstaviti celokupan plan sanacije s obavezuju\u0107im rokovima \u2013 Rok je 20 dana<\/li>\n<li>Hitno uklanjanje 33.000 tona zakopanog opasnog otpada \u2013 Rok je tri meseca<\/li>\n<li>Uvrstiti gradsko komunalno odlagali\u0161te &#8222;Rakitovac&#8220; u plan upravljanja otpadom.<\/li>\n<li>Dugoro\u010dni, sveobuhvatni monitoring \u2013 uklju\u010duje anga\u017eovanje nezavisnih stru\u010dnjaka koji \u0107e izraditi sveobuvatni plan dugoro\u010dnog monitoringa i nezavisne procene rizika.<\/li>\n<\/ul>\n<p>Kada je re\u010d o Hrvatskoj:<\/p>\n<ul>\n<li>Uvo\u0111enje kolektivne za\u0161tite u Zakon o za\u0161titi okoli\u0161a.<\/li>\n<li>Uvr\u0161tavanje svih poznatih crnih ta\u010daka u plan upravljanja otpadom sa jasnim rokovima i finansijskim okvirima.<\/li>\n<li>Do daljeg privremeno zabraniti uvoza otpada \u2013 da stupi na snagu odmah.<\/li>\n<\/ul>\n<p>Protestanti su se okupili na Trgu kralja Tomislava, a zatim pro\u0161etali do Trga bana Jela\u010di\u0107a gde su govore odr\u017eali predstavnici gra\u0111anskih inicijativa i ekolo\u0161kih udru\u017eenja.<\/p>\n<h3>\u0160ulenti\u0107: Nismo svi isti, ovde smo svi razli\u010diti<\/h3>\n<p><img loading=\"lazy\" decoding=\"async\" class=\"size-full wp-image-95932 aligncenter\" src=\"https:\/\/balkangreenenergynews.com\/rs\/wp-content\/uploads\/2026\/09\/hrvatska-otpad-afera-gospic-protest-zagreb-trg-vjekoslav-busic.jpg\" alt=\"hrvatska otpad afera gospic protest zagreb trg vjekoslav busic\" width=\"840\" height=\"430\" srcset=\"https:\/\/balkangreenenergynews.com\/rs\/wp-content\/uploads\/2026\/09\/hrvatska-otpad-afera-gospic-protest-zagreb-trg-vjekoslav-busic.jpg 840w, https:\/\/balkangreenenergynews.com\/rs\/wp-content\/uploads\/2026\/09\/hrvatska-otpad-afera-gospic-protest-zagreb-trg-vjekoslav-busic-500x256.jpg 500w, https:\/\/balkangreenenergynews.com\/rs\/wp-content\/uploads\/2026\/09\/hrvatska-otpad-afera-gospic-protest-zagreb-trg-vjekoslav-busic-768x393.jpg 768w\" sizes=\"auto, (max-width: 840px) 100vw, 840px\" \/><\/p>\n<p>Vladimir \u0160ulenti\u0107, iz iinicijative Gospi\u0107 je na\u0161 dom, otvorio je skup na Trgu bana Jela\u010di\u0107a nabrajanjem lokacija sa nepropisno odlo\u017eenim otpadom, poru\u010div\u0161i okupljenima da je to njihova surova stvarnost, preneo je <a href=\"https:\/\/www.jutarnji.hr\/vijesti\/zagreb\/prosvjed-zagreb-gospic-sanacija-33000-tona-zabrana-uvoza-otpada-15743658?cx_linkref=jl_home_g1\">Jutarnji list<\/a>.<\/p>\n<p>\u017deljka \u0160iki\u0107, me\u0161tanka Gospi\u0107a, koja \u017eivi na svega pedesetak metara od silosa uz koji je otpad zakopavan, skrenula je pa\u017enju na strah za zdravlje sopstvene porodice i svakodnevni \u017eivot u neposrednoj blizini opasnog otpada.<\/p>\n<p>&#8222;Na\u0161e su sudbine jedinstvene, sudbinu su nam ru\u017eno zape\u010datili. Na\u0161 je dom krvlju, \u017eivotima i zdravljem stvoren, a zasut je tonama opasnog otpada. Na\u0161a je budu\u0107nost mogla biti puna \u017eivota, smijeha i radosti&#8220;, istakla je ona.<\/p>\n<p>Prema re\u010dima Vjekoslava Bu\u0161i\u0107a, iz inicijative Gospi\u0107 je njihov dom, a nadle\u017eni su krivi za \u0107utanje.<\/p>\n<p>Pona\u0161ali su se kao izdajice koje su dve i po godine znale \u0161ta se nalazi u zemlji, rekao je on, i zatra\u017eio utvr\u0111ivanje odgovornosti za sve \u201ccrne ta\u010dke\u201d u Hrvatskoj.<\/p>\n<p>&#8222;Nismo svi isti, ovdje smo svi razli\u010diti, ali ovdje smo se okupili zato \u0161to nas povezuje ne\u0161to \u0161to je puno ve\u0107e od na\u0161ih razlika, a to je pravo na zdrav \u017eivot, pravo na zdrav zrak, pravo na \u010disto tlo i \u010distu vodu, pravo na na\u0161u domovinu kakvu smo je sanjali&#8220;, poru\u010dio je u Bu\u0161i\u0107, preneo je <a href=\"https:\/\/www.vecernji.hr\/vijesti\/potresni-govor-zeljke-iz-gospica-zivim-50-metara-od-otpada-ja-sam-majka-koja-se-boji-da-ce-vidjeti-svoju-djecu-kako-pate-1992658?utm_source=24sata&amp;utm_medium=Widget&amp;utm_campaign=Partnerski+portali\">Ve\u010dernji list<\/a>.<\/p>\n<p>Ina\u010de, <a href=\"https:\/\/documenta.hr\/novosti\/zhs-podrska-javnih-osoba-i-gradanskih-udruga-prosvjedu-inicijative-gospic-je-nas-dom\/\">vi\u0161e od 200 javnih li\u010dnosti i udru\u017eenja<\/a> podr\u017ealo je protest.<\/p>\n<p>Protestu u Zagrebu prisustvovali su i Severina Vu\u010dkovi\u0107, Nina Badri\u0107, Damir Karaka\u0161 i Rade \u0160erbed\u017eija, preneli su lokalni mediji.<\/p>\n","protected":false},"excerpt":{"rendered":"<p>Osim Gospi\u0107a, gde zvani\u010dni podaci ukazuju na odlaganje vi\u0161e od 30.000 tona, sli\u010dno se de\u0161avalo i na podru\u010djima oko Zadra, \u0160ibenika, Kistanja, Drni\u0161a, Benkovca i Pa\u0111ena<\/p>\n","protected":false},"author":23,"featured_media":95933,"comment_status":"open","ping_status":"open","sticky":false,"template":"","format":"standard","meta":{"_acf_changed":false,"_seopress_titles_title":"Protest zbog ilegalnog odlaganja vi\u0161e desetina hiljada tona otpada u Hrvatskoj: Bili su svi","_seopress_titles_desc":"Osim Gospi\u0107a, gde zvani\u010dni podaci ukazuju na odlaganje vi\u0161e od 30.000 tona, sli\u010dno se de\u0161avalo i na podru\u010djima oko Zadra, \u0160ibenika, Kistanja, Drni\u0161a, Benkovca i Pa\u0111ena","_seopress_robots_index":"","_seopress_robots_follow":"","_seopress_robots_imageindex":"","_seopress_robots_snippet":"","_seopress_robots_primary_cat":"5","_seopress_robots_breadcrumbs":"","_seopress_robots_freeze_modified_date":"","_seopress_robots_custom_modified_date":"","_seopress_robots_canonical":"","_seopress_social_fb_title":"","_seopress_social_fb_desc":"","_seopress_social_fb_img":"","_seopress_social_fb_img_attachment_id":0,"_seopress_social_fb_img_width":0,"_seopress_social_fb_img_height":0,"_seopress_social_twitter_title":"","_seopress_social_twitter_desc":"","_seopress_social_twitter_img":"","_seopress_social_twitter_img_attachment_id":0,"_seopress_social_twitter_img_width":0,"_seopress_social_twitter_img_height":0,"_seopress_redirections_value":"","_seopress_redirections_enabled":"","_seopress_redirections_enabled_regex":"","_seopress_redirections_logged_status":"","_seopress_redirections_param":"","_seopress_redirections_type":0,"_seopress_analysis_target_kw":"","_seopress_news_disabled":"","_seopress_video_disabled":"","_seopress_video":[],"_seopress_pro_schemas_manual":[],"_seopress_pro_rich_snippets_disable_all":"","_seopress_pro_rich_snippets_disable":[],"_seopress_pro_schemas":[],"_monsterinsights_skip_tracking":false,"footnotes":""},"categories":[5253,5,6,7469,4],"tags":[6207,679],"class_list":["post-95929","post","type-post","status-publish","format-standard","has-post-thumbnail","hentry","category-biodiverzitet","category-otpad","category-voda","category-zagadjenje","category-zivotna-sredina-i-klima","tag-hrvatska","tag-otpad","country-hrvatska"],"acf":[],"_links":{"self":[{"href":"https:\/\/balkangreenenergynews.com\/rs\/wp-json\/wp\/v2\/posts\/95929","targetHints":{"allow":["GET"]}}],"collection":[{"href":"https:\/\/balkangreenenergynews.com\/rs\/wp-json\/wp\/v2\/posts"}],"about":[{"href":"https:\/\/balkangreenenergynews.com\/rs\/wp-json\/wp\/v2\/types\/post"}],"author":[{"embeddable":true,"href":"https:\/\/balkangreenenergynews.com\/rs\/wp-json\/wp\/v2\/users\/23"}],"replies":[{"embeddable":true,"href":"https:\/\/balkangreenenergynews.com\/rs\/wp-json\/wp\/v2\/comments?post=95929"}],"version-history":[{"count":7,"href":"https:\/\/balkangreenenergynews.com\/rs\/wp-json\/wp\/v2\/posts\/95929\/revisions"}],"predecessor-version":[{"id":95939,"href":"https:\/\/balkangreenenergynews.com\/rs\/wp-json\/wp\/v2\/posts\/95929\/revisions\/95939"}],"wp:featuredmedia":[{"embeddable":true,"href":"https:\/\/balkangreenenergynews.com\/rs\/wp-json\/wp\/v2\/media\/95933"}],"wp:attachment":[{"href":"https:\/\/balkangreenenergynews.com\/rs\/wp-json\/wp\/v2\/media?parent=95929"}],"wp:term":[{"taxonomy":"category","embeddable":true,"href":"https:\/\/balkangreenenergynews.com\/rs\/wp-json\/wp\/v2\/categories?post=95929"},{"taxonomy":"post_tag","embeddable":true,"href":"https:\/\/balkangreenenergynews.com\/rs\/wp-json\/wp\/v2\/tags?post=95929"}],"curies":[{"name":"wp","href":"https:\/\/api.w.org\/{rel}","templated":true}]}}