{"id":95925,"date":"2026-09-05T13:04:17","date_gmt":"2026-09-05T11:04:17","guid":{"rendered":"https:\/\/balkangreenenergynews.com\/rs\/?p=95925"},"modified":"2026-09-05T13:07:20","modified_gmt":"2026-09-05T11:07:20","slug":"severna-makedonija-i-srbija-se-prikljucile-vertikalnom-gasnom-koridoru","status":"publish","type":"post","link":"https:\/\/balkangreenenergynews.com\/rs\/severna-makedonija-i-srbija-se-prikljucile-vertikalnom-gasnom-koridoru\/","title":{"rendered":"Severna Makedonija i Srbija se priklju\u010dile Vertikalnom gasnom koridoru"},"content":{"rendered":"<h2>Na\u010dinjen je novi korak u \u0161irenju Vertikalnog gasnog koridora ka Zapadnom Balkanu. Novi transportni pravac bi trebalo da donese te\u010dni prirodni gas, pre svega iz SAD, preko gr\u010dkih terminala do Centralne i Jugoisto\u010dne Evrope. Dobar deo tih zemalja se nekada (neke to rade i dalje) snabdevao iz Rusije.<\/h2>\n<p>Operatori transportnih sistema za prirodni gas iz Centralne i Jugoisto\u010dne Evrope potpisali su u Solunu memorandum o razumevanju za <a href=\"https:\/\/balkangreenenergynews.com\/rs\/severna-makedonija-se-u-septembru-zvanicno-pridruzuje-vertikalnom-gasnom-koridoru\/\">uklju\u010divanje Srbije i Severne Makedonije u Vertikalni gasni koridor<\/a>.<\/p>\n<p>Memorandum o razumevanju potpisan je na marginama Energetskog foruma Jugoisto\u010dne Evrope, u organizaciji Gr\u010dko-ameri\u010dke trgova\u010dke komore i Gr\u010dkog udru\u017eenja za energetsku ekonomiju.<\/p>\n<p>Gr\u010dka kompanija DESFA i kompanije u\u010desnice zvani\u010dno su po\u017eeleli dobrodo\u0161licu u ovu inicijativu kompanijama NOMAGAS iz Severne Makedonije i Transportgas Srbija.<\/p>\n<h3>Novi energetski pejza\u017e<\/h3>\n<p>Kroz ovaj potez Vertikalni koridor se vi\u0161e ne odnosi samo na pravac od Gr\u010dke ka Ukrajini, Moldaviji i Slova\u010dkoj. Stvara se drugi krak koji \u0107e prenositi te\u010dni prirodni gas (LNG) iz SAD, koriste\u0107i postoje\u0107e i budu\u0107e terminale u Gr\u010dkoj, ka Zapadnom Balkanu.<\/p>\n<p>Da bi se to realizovalo, potrebno je zavr\u0161iti dva zna\u010dajna nova infrastrukturna projekta. Prvi je gasni interkonektor izme\u0111u <a href=\"https:\/\/balkangreenenergynews.com\/rs\/krece-izgradnja-severnomakedonskog-dela-gasnog-interkonektora-s-grckom\/\">Gr\u010dke i Severne Makedonije<\/a>, godi\u0161njeg kapaciteta od jedne milijarde kubnih metara, koji je trenutno u izgradnji. Drugi je sli\u010dan gasovod izme\u0111u <a href=\"https:\/\/balkangreenenergynews.com\/rs\/severna-makedonija-potpisala-ugovor-o-gradnji-gasnog-interkonektora-sa-srbijom\/\">Severne Makedonije i Srbije<\/a>, kapaciteta 1,5 milijardi kubnih metara.<\/p>\n<p>Osim toga, u toku su razli\u010diti administrativne i regulatorne aktivnosti kako bi se omogu\u0107ili transport i trgovina gasom iz ovog novog izvora.<\/p>\n<blockquote><p>Sferuca: Cilj je da se obezbedi pristup gasu pod konkurentnim uslovima<\/p><\/blockquote>\n<p>Direktorka gr\u010dkog operatora DESFA, Marija Sferuca (Maria Sferruzza), izjavila je da ovaj sporazum omogu\u0107ava kori\u0161\u0107enje svih mogu\u0107ih pravaca u \u0161irem regionu Balkana.<\/p>\n<p>Cilj je da se obezbedi pristup gasu blagovremeno i pod konkurentnim uslovima, istakla je Sferuca.<br \/>\nTokom narednih 90 dana iskristalisa\u0107e se detaljnija slika o pravcima i realnom vremenskom okviru, dodala je ona.<\/p>\n<p>Aukcija za pokrivanje potreba za gasom u periodu 2027\u20132028. godine planirana je za ovaj novembar.<\/p>\n<h3>Veza izme\u0111u Severne Makedonije i Srbije spremna do 2028. godine<\/h3>\n<p>\u0160to se ti\u010de gasnog interkonektora Severna Makedonija-Gr\u010dk, ve\u0107ina administrativnih poslova je zavr\u0161ena i cevi su spremne za ugradnju, prema re\u010dima ministarke energetike Severne Makedonije Sanje Bo\u017einovske.<\/p>\n<p>\u201cPreostalo nam je da zavr\u0161imo 68 kilometara i napredujemo u predvi\u0111enom roku. O\u010dekuje se da radovi budu zavr\u0161eni slede\u0107eg juna. Pro\u0161le nedelje potpisali smo ugovor za povezivanje sa Srbijom, du\u017eine od samo 23 kilometara. Do 2028. godine sve \u0107e biti spremno od Gr\u010dke do Srbije\u201d, istakla je Bo\u017einovska.<\/p>\n<h3>Bugarska pro\u0161iruje skladi\u0161te gasa<\/h3>\n<p>Bugarska je blizu zavr\u0161etka investicija koje \u0107e skoro udvostru\u010diti izlazni kapacitet ka Rumuniji, izjavila je ministarka energetike Iva Petrova (Iva Petrova).<\/p>\n<p>Do kraja ove godine u potpunosti \u0107e biti zavr\u0161ene dodatne investicija koji \u0107e pove\u0107ati ulazni kapacitet iz Gr\u010dke u Bugarsku, kao i obezbediti 16 odsto dodatnog kapaciteta ka Severnoj Makedoniji.<\/p>\n<p>\u201cJo\u0161 jedno klju\u010dno sredstvo koje imamo u na\u0161oj mre\u017ei jeste skladi\u0161te gasa. Imamo projekat za pove\u0107anje kapaciteta, koji \u0107e doneti fleksibilnost\u201d, dodala je ona.<\/p>\n<h3>Rumunija gradi nove kompresorske stanice<\/h3>\n<p>Rumuniji nije potrebno mnogo u pogledu investicija da bi postigla ciljeve u vezi sa protokom jug-sever, koji predvi\u0111a Vertikalni gasni koridor, po\u0161to njena sopstvena gasna mre\u017ea ve\u0107 mo\u017ee da podnese pove\u0107ane koli\u010dine, rekao je I\u0161tvan-Lorant Antal (Istvan-Lorant Antal), senator i predsednik Odbora za energetiku, energetsku infrastrukturu i mineralne resurse Parlamenta Rumunije.<\/p>\n<p>Ono \u0161to je Rumuniji potrebno jesu nove kompresorske stanice i pove\u0107anje kapaciteta interkonekcije sa Ma\u0111arskom sa trenutnih 1,75 milijardi kubnih metara na do 4,4 milijarde godi\u0161nje, napomenuo je on.<\/p>\n<p>Potpisivanju Memoranduma o razumevanju prisustvovali su zamenik ministra \u017eivotne sredine i energetike Gr\u010dke Nikos Cafos (Nikos Tsafos), ministarka energetike Bugarske Iva Petrova (Iva Petrova), ministarka energetike, rudarstva i mineralnih resursa Severne Makedonije Sanja Bo\u017einovska, zamenik ministra za oporavak, infrastrukturu i transport Ukrajine Artem Rib\u010denko (Artem Rybchenko), pomo\u0107nica ministra rudarstva i energetike Srbije Jovana Joksimovi\u0107 (Jovana Joksimovi\u0107), dr\u017eavni sekretar za energetiku Rumunije Kristijan-Silviju Bu\u0161oj (Cristian-Silviu Bu\u0219oi), po\u010dasni konzul Ma\u0111arske u Solunu Dimitrios Takas (Dimitrios Takas), i po\u010dasni konzul Slova\u010dke u Solunu, Dimitrios Papastavru (Dimitrios Papastavrou).<\/p>\n<p>Sve\u010danosti su tako\u0111e prisustvovali ambasadorka SAD u Gr\u010dkoj Kemberli Gilfojl (Kimberly Guilfoyle), specijalni izaslanik SAD za energetiku D\u017eo\u0161ua Volc (Joshua Volz), i otpravnica poslova SAD u Severnoj Makedoniji Nikol Varnes (Nicole Varnes).<\/p>\n","protected":false},"excerpt":{"rendered":"<p>Novi transportni pravac bi trebalo da donese te\u010dni prirodni gas, pre svega iz SAD, preko gr\u010dkih terminala do Centralne i Jugoisto\u010dne Evrope<\/p>\n","protected":false},"author":25,"featured_media":95926,"comment_status":"open","ping_status":"open","sticky":false,"template":"","format":"standard","meta":{"_acf_changed":false,"_seopress_titles_title":"Severna Makedonija i Srbija se priklju\u010dile Vertikalnom gasnom koridoru","_seopress_titles_desc":"Novi transportni pravac bi trebalo da donese te\u010dni prirodni gas, pre svega iz SAD, preko gr\u010dkih terminala do Centralne i Jugoisto\u010dne Evrope","_seopress_robots_index":"","_seopress_robots_follow":"","_seopress_robots_imageindex":"","_seopress_robots_snippet":"","_seopress_robots_primary_cat":"7472","_seopress_robots_breadcrumbs":"","_seopress_robots_freeze_modified_date":"","_seopress_robots_custom_modified_date":"","_seopress_robots_canonical":"","_seopress_social_fb_title":"","_seopress_social_fb_desc":"","_seopress_social_fb_img":"","_seopress_social_fb_img_attachment_id":0,"_seopress_social_fb_img_width":0,"_seopress_social_fb_img_height":0,"_seopress_social_twitter_title":"","_seopress_social_twitter_desc":"","_seopress_social_twitter_img":"","_seopress_social_twitter_img_attachment_id":0,"_seopress_social_twitter_img_width":0,"_seopress_social_twitter_img_height":0,"_seopress_redirections_value":"","_seopress_redirections_enabled":"","_seopress_redirections_enabled_regex":"","_seopress_redirections_logged_status":"","_seopress_redirections_param":"","_seopress_redirections_type":0,"_seopress_analysis_target_kw":"Vertikalni gasni koridor","_seopress_news_disabled":"","_seopress_video_disabled":"","_seopress_video":[],"_seopress_pro_schemas_manual":[],"_seopress_pro_rich_snippets_disable_all":"","_seopress_pro_rich_snippets_disable":[],"_seopress_pro_schemas":[],"_monsterinsights_skip_tracking":false,"footnotes":""},"categories":[6295,7462,7472],"tags":[6206,6297,7022,6210,6304,6413,7285,5490,6209,7324,7364,6531,7038,7481,6179,6695,7384,7523,6351,767],"class_list":["post-95925","post","type-post","status-publish","format-standard","has-post-thumbnail","hentry","category-energetska-kriza","category-fosilna-goriva","category-gas","tag-bugarska","tag-fleksibilnost","tag-gasovodi","tag-grcka","tag-lng","tag-madjarska","tag-nomagas","tag-prirodni-gas","tag-rumunija","tag-rusija","tag-sad","tag-severna-makedonija","tag-skladistenje","tag-slovacka","tag-srbija","tag-tecni-prirodni-gas","tag-terminal-za-tecni-prirodni-gas","tag-transportgas-srbija","tag-ukrajina","tag-zapadni-balkan","country-regioneu"],"acf":[],"_links":{"self":[{"href":"https:\/\/balkangreenenergynews.com\/rs\/wp-json\/wp\/v2\/posts\/95925","targetHints":{"allow":["GET"]}}],"collection":[{"href":"https:\/\/balkangreenenergynews.com\/rs\/wp-json\/wp\/v2\/posts"}],"about":[{"href":"https:\/\/balkangreenenergynews.com\/rs\/wp-json\/wp\/v2\/types\/post"}],"author":[{"embeddable":true,"href":"https:\/\/balkangreenenergynews.com\/rs\/wp-json\/wp\/v2\/users\/25"}],"replies":[{"embeddable":true,"href":"https:\/\/balkangreenenergynews.com\/rs\/wp-json\/wp\/v2\/comments?post=95925"}],"version-history":[{"count":2,"href":"https:\/\/balkangreenenergynews.com\/rs\/wp-json\/wp\/v2\/posts\/95925\/revisions"}],"predecessor-version":[{"id":95928,"href":"https:\/\/balkangreenenergynews.com\/rs\/wp-json\/wp\/v2\/posts\/95925\/revisions\/95928"}],"wp:featuredmedia":[{"embeddable":true,"href":"https:\/\/balkangreenenergynews.com\/rs\/wp-json\/wp\/v2\/media\/95926"}],"wp:attachment":[{"href":"https:\/\/balkangreenenergynews.com\/rs\/wp-json\/wp\/v2\/media?parent=95925"}],"wp:term":[{"taxonomy":"category","embeddable":true,"href":"https:\/\/balkangreenenergynews.com\/rs\/wp-json\/wp\/v2\/categories?post=95925"},{"taxonomy":"post_tag","embeddable":true,"href":"https:\/\/balkangreenenergynews.com\/rs\/wp-json\/wp\/v2\/tags?post=95925"}],"curies":[{"name":"wp","href":"https:\/\/api.w.org\/{rel}","templated":true}]}}