{"id":95904,"date":"2026-09-04T15:14:36","date_gmt":"2026-09-04T13:14:36","guid":{"rendered":"https:\/\/balkangreenenergynews.com\/rs\/?p=95904"},"modified":"2026-09-04T15:28:06","modified_gmt":"2026-09-04T13:28:06","slug":"sahmanovic-crna-gora-zatvara-poglavlje-15-energetika","status":"publish","type":"post","link":"https:\/\/balkangreenenergynews.com\/rs\/sahmanovic-crna-gora-zatvara-poglavlje-15-energetika\/","title":{"rendered":"\u0160ahmanovi\u0107: Crna Gora zatvara Poglavlje 15 &#8211; Energetika"},"content":{"rendered":"<h2>Crna Gora je ispunila uslove da privremeno zatvori Poglavlje 15 &#8211; Energetika, a uporedo priprema sprovo\u0111enje projekta za pravednu tranziciju u Pljevljima.<\/h2>\n<p>Vlada Crne Gore je ju\u010de usvojila a\u017euriranu Pregovara\u010dku poziciju za Poglavlje 15, usagla\u0161enu sa Evropskom komisijom. Time se, dodaju u Ministarstvu, stvaraju uslovi da ovo poglavlje bude privremeno zatvoreno na jednoj od narednih Me\u0111uvladinih konferencija sa Evropskom unijom.<\/p>\n<p>A\u017euriranom Pregovara\u010dkom pozicijom Crna Gora potvr\u0111uje ispunjenje zavr\u0161nih merila i napredak u uskla\u0111ivanju energetskog sektora sa pravnom tekovinom EU.<\/p>\n<blockquote><p>Va\u017ean dan za crnogorsku energetiku<\/p><\/blockquote>\n<p>\u201cOvo je va\u017ean dan za crnogorsku energetiku. Privremeno zatvaranje Poglavlja 15 nije samo jo\u0161 jedan korak u pregovara\u010dkom procesu, ono je potvrda da smo napravili ozbiljan iskorak i da na\u0161 energetski sektor potpuno uskla\u0111ujemo sa evropskim standardima i pravilima\u201d, ocenio je Admir \u0160ahmanovi\u0107, ministar energetike i rudarstva.<\/p>\n<p>On je naglasio da je njihov posao se ne zavr\u0161ava zatvaranjem poglavlja. Naprotiv, kako je dodao, sada ulaze u fazu u kojoj rezultate tih reformi treba da osete gra\u0111ani i privreda. Energetski sistem mora biti sigurniji, moderniji i spreman za nove investicije, ali pre svega sposoban da odgovori potrebama Crne Gore u decenijama koje dolaze\u201c, rekao je ministar.<\/p>\n<p>Zvani\u010dno zatvaranje se o\u010dekuje 19. novembra u Briselu.<\/p>\n<h3>Investicija od 50 miliona evra za pravednu energetsku tranziciju Pljevalja<\/h3>\n<p>U Pljevljima \u0107e biti sproveden projekat za pravednu energetsku tranziciju koji podrazumeva izgradnju novog obnovljivog izvora toplote za sistem daljinskog grijanja, pro\u0161irenje distributivne mre\u017ee daljinskog grejanja, podr\u0161ku doma\u0107instvima za prelazak na \u010distije na\u010dine grejanja i mere energetske efikasnosti.<\/p>\n<p>Ministarstvo energetike i rudarstva i nadle\u017eni Direktorat za energetsku efikasnost u saradnji sa Svetskom bankom pripremaju projekat \u201cMontenegro Just Energy Transition (M-JET) \u2013 Pravedna energetska tranzicija Crne Gore\u201d, usmeren na razvoj odr\u017eivog sistema grejanja u Pljevljima, unapre\u0111enje kvaliteta vazduha i postepenu dekarbonizaciju sektora grejanja.<\/p>\n<blockquote><p>\u0160ahmanovi\u0107: Ne mo\u017eemo govoriti o pravednoj tranziciji ako ona ne donosi konkretnu promjenu u \u017eivotima ljudi<\/p><\/blockquote>\n<p>Projekat, kako ka\u017eu u Ministarstvu, predstavlja jednu od klju\u010dnih inicijativa za sprovo\u0111enje procesa pravedne energetske tranzicije u Pljevljima i doprinosi ostvarivanju ciljeva definisanih Nacionalnim energetskim i klimatskim planom (NEKP) Crne Gore.<\/p>\n<p>Ministar \u0160ahmanovi\u0107 naglasio je da su Pljevlja decenijama nosila veliki deo tereta crnogorske energetike i zato gra\u0111ani ovog grada zaslu\u017euju da prvi osete koristi od energetske tranzicije.<\/p>\n<p>\u201cNe mo\u017eemo govoriti o pravednoj tranziciji ako ona ne donosi konkretnu promjenu u \u017eivotima ljudi. \u010cistiji vazduh, zdravija \u017eivotna sredina i kvalitetnije grijanje nijesu samo energetski ciljevi, ve\u0107 i pitanja zdravlja, dostojanstvenog \u017eivota i budu\u0107nosti na\u0161ih gra\u0111ana. Investicijom od oko 50 miliona eura \u017eelimo da napravimo upravo taj iskorak i da Pljevljima ponudimo konkretno, odr\u017eivo rje\u0161enje za jedan od njihovih najve\u0107ih problema\u201d, poru\u010dio je on.<\/p>\n<blockquote><p>Za pripremu programa predvi\u0111eno je obezbe\u0111ivanje granta u vrednosti 2-2,5 miliona dolara<\/p><\/blockquote>\n<p>Osim \u010detiri pomenute komponente, projekat podrazumeva tehni\u010dku pomo\u0107 i podr\u0161ku implementaciji.<\/p>\n<p>Za pripremu programa predvi\u0111eno je obezbe\u0111ivanje grant sredstava u vrednosti 2-2,5 miliona dolara, namenjenih izradi studije izvodljivosti, proceni uticaja na \u017eivotnu sredinu, projektne dokumentacije, tehni\u010dkih i finansijskih analiza, kao i drugim aktivnostima neophodnim za kvalitetnu pripremu investicije.<\/p>\n<p>Realizacijom projekta stvaraju se, kakoa tvrde u Ministarstvu, uslovi za razvoj odr\u017eivog sistema grejanja zasnovanog na \u010distijim izvorima energije, smanjenje upotrebe uglja u sektoru grejanja, kao i unapre\u0111enje kvaliteta vazduha i \u017eivota gra\u0111ana.<\/p>\n<p>Prema preliminarnoj finansijskoj konstrukciji, investiciona faza planirana je uz finansijsku podr\u0161ku Svetske banke, uz mogu\u0107nost obezbe\u0111enja dodatnih bespovratnih sredstava kroz Investicioni okvir Zapadnog Balkana (WBIF), koja bi prema preliminarnim procenama mogla iznositi do 30 odsto ukupne investicije.<\/p>\n","protected":false},"excerpt":{"rendered":"<p>Crna Gora je ispunila uslove da privremeno zatvori Poglavlje 15 &#8211; Energetika, a uporedo priprema projekat za pravednu tranziciju u Pljevljima<\/p>\n","protected":false},"author":23,"featured_media":95906,"comment_status":"open","ping_status":"open","sticky":false,"template":"","format":"standard","meta":{"_acf_changed":false,"_seopress_titles_title":"\u0160ahmanovi\u0107: Crna Gora zatvara Poglavlje 15 - Energetika","_seopress_titles_desc":"Crna Gora je ispunila uslove da privremeno zatvori Poglavlje 15 - Energetika, a uporedo priprema projekat za pravednu tranziciju u Pljevljima","_seopress_robots_index":"","_seopress_robots_follow":"","_seopress_robots_imageindex":"","_seopress_robots_snippet":"","_seopress_robots_primary_cat":"504","_seopress_robots_breadcrumbs":"","_seopress_robots_freeze_modified_date":"","_seopress_robots_custom_modified_date":"","_seopress_robots_canonical":"","_seopress_social_fb_title":"","_seopress_social_fb_desc":"","_seopress_social_fb_img":"","_seopress_social_fb_img_attachment_id":0,"_seopress_social_fb_img_width":0,"_seopress_social_fb_img_height":0,"_seopress_social_twitter_title":"","_seopress_social_twitter_desc":"","_seopress_social_twitter_img":"","_seopress_social_twitter_img_attachment_id":0,"_seopress_social_twitter_img_width":0,"_seopress_social_twitter_img_height":0,"_seopress_redirections_value":"","_seopress_redirections_enabled":"","_seopress_redirections_enabled_regex":"","_seopress_redirections_logged_status":"","_seopress_redirections_param":"","_seopress_redirections_type":0,"_seopress_analysis_target_kw":"Poglavlje 15","_seopress_news_disabled":"","_seopress_video_disabled":"","_seopress_video":[],"_seopress_pro_schemas_manual":[],"_seopress_pro_rich_snippets_disable_all":"","_seopress_pro_rich_snippets_disable":[],"_seopress_pro_schemas":[],"_monsterinsights_skip_tracking":false,"footnotes":""},"categories":[504,3,7462,1,7470,7469],"tags":[7239,5335,646,195,777,6880,663,652,6148,1231,5024,4932,5442,771,2124,691,1625],"class_list":["post-95904","post","type-post","status-publish","format-standard","has-post-thumbnail","hentry","category-elektricna-energija","category-energetska-efikasnost","category-fosilna-goriva","category-obnovljivi-izvori-energije","category-ugalj","category-zagadjenje","tag-admir-sahmanovic","tag-daljinsko-grejanje","tag-energetska-efikasnost","tag-eu","tag-evropska-unija","tag-grant","tag-grejanje","tag-investicije","tag-investicioni-okvir-za-zapadni-balkan","tag-kvalitet-vazduha","tag-nekp","tag-poglavlje-15","tag-pravedna-tranzicija","tag-svetska-banka","tag-toplovod","tag-ugalj","tag-wbif","country-crna-gora"],"acf":[],"_links":{"self":[{"href":"https:\/\/balkangreenenergynews.com\/rs\/wp-json\/wp\/v2\/posts\/95904","targetHints":{"allow":["GET"]}}],"collection":[{"href":"https:\/\/balkangreenenergynews.com\/rs\/wp-json\/wp\/v2\/posts"}],"about":[{"href":"https:\/\/balkangreenenergynews.com\/rs\/wp-json\/wp\/v2\/types\/post"}],"author":[{"embeddable":true,"href":"https:\/\/balkangreenenergynews.com\/rs\/wp-json\/wp\/v2\/users\/23"}],"replies":[{"embeddable":true,"href":"https:\/\/balkangreenenergynews.com\/rs\/wp-json\/wp\/v2\/comments?post=95904"}],"version-history":[{"count":4,"href":"https:\/\/balkangreenenergynews.com\/rs\/wp-json\/wp\/v2\/posts\/95904\/revisions"}],"predecessor-version":[{"id":95909,"href":"https:\/\/balkangreenenergynews.com\/rs\/wp-json\/wp\/v2\/posts\/95904\/revisions\/95909"}],"wp:featuredmedia":[{"embeddable":true,"href":"https:\/\/balkangreenenergynews.com\/rs\/wp-json\/wp\/v2\/media\/95906"}],"wp:attachment":[{"href":"https:\/\/balkangreenenergynews.com\/rs\/wp-json\/wp\/v2\/media?parent=95904"}],"wp:term":[{"taxonomy":"category","embeddable":true,"href":"https:\/\/balkangreenenergynews.com\/rs\/wp-json\/wp\/v2\/categories?post=95904"},{"taxonomy":"post_tag","embeddable":true,"href":"https:\/\/balkangreenenergynews.com\/rs\/wp-json\/wp\/v2\/tags?post=95904"}],"curies":[{"name":"wp","href":"https:\/\/api.w.org\/{rel}","templated":true}]}}