{"id":95899,"date":"2026-09-04T13:54:50","date_gmt":"2026-09-04T11:54:50","guid":{"rendered":"https:\/\/balkangreenenergynews.com\/rs\/?p=95899"},"modified":"2026-09-04T14:36:31","modified_gmt":"2026-09-04T12:36:31","slug":"vlada-slovenije-prethodna-vlast-vodila-pogresnu-politiku-zelene-tranzicije","status":"publish","type":"post","link":"https:\/\/balkangreenenergynews.com\/rs\/vlada-slovenije-prethodna-vlast-vodila-pogresnu-politiku-zelene-tranzicije\/","title":{"rendered":"Vlada Slovenije: Prethodna vlast vodila pogre\u0161nu politiku zelene tranzicije"},"content":{"rendered":"<h2>Pogre\u0161no postavljena politika zelene tranzicije i zanemarivanje energetske suverenosti od strane prethodne vlasti doveli su do drasti\u010dnog pada doma\u0107e proizvodnje elektri\u010dne energije i pove\u0107ane zavisnosti Slovenije od uvoza, saop\u0161tila je Vlada Slovenije.<\/h2>\n<p>Izve\u0161taj o stanju u oblasti energetike u Sloveniji u 2025. godini, koji je pripremila Agencija za energetiku, ukazao je, kako je navela slovena\u010dka Vlada, i na neke va\u017ene izazove za budu\u0107u energetsku politiku dr\u017eave.<\/p>\n<p>Tako je pokrivenost potro\u0161nje elektri\u010dne energije doma\u0107om proizvodnjom palo sa 97 odsto u 2024. godini na 82 odsto u 2025, istakla je Vlada.<\/p>\n<p>Na smanjenje doma\u0107e proizvodnje, izme\u0111u ostalog, uticale su, dodaje Vlada, lo\u0161ije hidrolo\u0161ke prilike i posledi\u010dno ni\u017ea proizvodnja hidroelektrana.<\/p>\n<p>Ali, izvr\u0161na vlast upozorava da je u prethodnom mandatu, u kojem su veliku ulogu imali trgovci elektri\u010dnom energijom, o\u010digledno zanemarena briga o dostizanju energetske suverenosti i samodovoljnost.<\/p>\n<p>\u201cSve vi\u0161e se pokazuju i posledice pogre\u0161ne politike zelene tranzicije, kako je bila postavljena u pro\u0161losti, jer je va\u017ean razlog za smanjenje doma\u0107e proizvodnje znatno manji rad Termoelektrarne \u0160o\u0161tanj (TE\u0160) nakon njegovog transformisanja u javnog snabdeva\u010da toplotnom energijom\u201d, navela je Vlada Slovenije.<\/p>\n<p>Ministarstvo za infrastrukturu i energetiku ocenilo je da izve\u0161taj Agencije za energetiku potvr\u0111uje potrebu za energetskom politikom koja \u0107e u prvi plan staviti pouzdanost snabdevanja, konkurentne cene, stabilnost sistema i ja\u010danje doma\u0107e proizvodnje energije.<\/p>\n<p>U vreme sve ve\u0107e geopoliti\u010dke nesigurnosti, Slovenija mora dugoro\u010dno da gradi robustan i raznovrstan energetski sistem koji ne\u0107e preterano zavisiti od pojedina\u010dnog izvora energije ili od uvoza i koji \u0107e biti sposoban da obezbedi dovoljno energije za doma\u0107instva i privredu i u zahtevnijim okolnostima, navela je Vlada Slovenije.<\/p>\n<p>Da podsetimo, po\u010detkom juna zemlja je dobila novu vladu, a Janez Jan\u0161a je seo u premijersku fotelju <a href=\"https:\/\/balkangreenenergynews.com\/rs\/golob-slovenija-mora-da-ima-svoju-viziju-za-snabdevanje-strujom-do-2040\/\">Roberta Goloba<\/a>. Sada\u0161nji ministar za infrastrukturu i energetiku je <a href=\"https:\/\/balkangreenenergynews.com\/rs\/slovenija-i-madjarska-planiraju-da-grade-gasni-interkonektor\/\">Jernej Vrtovec<\/a>, dok je Ministarstvo za \u017eivotnu sredinu, klimu i energetiku u prethodnoj vladi vodio <a href=\"https:\/\/balkangreenenergynews.com\/rs\/slovenija-i-madjarska-planiraju-da-grade-gasni-interkonektor\/\">Bojan Kumer<\/a>.<\/p>\n<p>Vrtovec je prilikom izbora izjavio da \u0107e njegov pristup biti pametna, realna energetska politika za Sloveniju, a \u201ene zelena aktivisti\u010dka energetska politika\u201c.<\/p>\n","protected":false},"excerpt":{"rendered":"<p>Prethodna Vlada pogre\u0161no postavila politiku zelene tranzicije i zanemarila energetsku suverenost, saop\u0161tila nova izvr\u0161na vlast<\/p>\n","protected":false},"author":23,"featured_media":95902,"comment_status":"open","ping_status":"open","sticky":false,"template":"","format":"standard","meta":{"_acf_changed":false,"_seopress_titles_title":"Vlada Slovenije: Prethodna vlast vodila pogre\u0161nu politiku zelene tranzicije","_seopress_titles_desc":"Prethodna Vlada pogre\u0161no postavila politiku zelene tranzicije i zanemarila energetsku suverenost, saop\u0161tila nova izvr\u0161na vlast","_seopress_robots_index":"","_seopress_robots_follow":"","_seopress_robots_imageindex":"","_seopress_robots_snippet":"","_seopress_robots_primary_cat":"504","_seopress_robots_breadcrumbs":"","_seopress_robots_freeze_modified_date":"","_seopress_robots_custom_modified_date":"","_seopress_robots_canonical":"","_seopress_social_fb_title":"","_seopress_social_fb_desc":"","_seopress_social_fb_img":"","_seopress_social_fb_img_attachment_id":0,"_seopress_social_fb_img_width":0,"_seopress_social_fb_img_height":0,"_seopress_social_twitter_title":"","_seopress_social_twitter_desc":"","_seopress_social_twitter_img":"","_seopress_social_twitter_img_attachment_id":0,"_seopress_social_twitter_img_width":0,"_seopress_social_twitter_img_height":0,"_seopress_redirections_value":"","_seopress_redirections_enabled":"","_seopress_redirections_enabled_regex":"","_seopress_redirections_logged_status":"","_seopress_redirections_param":"","_seopress_redirections_type":0,"_seopress_analysis_target_kw":"Vlada Slovenije","_seopress_news_disabled":"","_seopress_video_disabled":"","_seopress_video":[],"_seopress_pro_schemas_manual":[],"_seopress_pro_rich_snippets_disable_all":"","_seopress_pro_rich_snippets_disable":[],"_seopress_pro_schemas":[],"_monsterinsights_skip_tracking":false,"footnotes":""},"categories":[504],"tags":[7109,669,1854,655,1174,6208,5315,692,7252],"class_list":["post-95899","post","type-post","status-publish","format-standard","has-post-thumbnail","hentry","category-elektricna-energija","tag-bojan-kumer","tag-elektricna-energija","tag-energetska-tranzicija","tag-hidroelektrana","tag-robert-golob","tag-slovenija","tag-sostanj","tag-termoelektrana","tag-zelena-tranzicija","country-slovenija"],"acf":[],"_links":{"self":[{"href":"https:\/\/balkangreenenergynews.com\/rs\/wp-json\/wp\/v2\/posts\/95899","targetHints":{"allow":["GET"]}}],"collection":[{"href":"https:\/\/balkangreenenergynews.com\/rs\/wp-json\/wp\/v2\/posts"}],"about":[{"href":"https:\/\/balkangreenenergynews.com\/rs\/wp-json\/wp\/v2\/types\/post"}],"author":[{"embeddable":true,"href":"https:\/\/balkangreenenergynews.com\/rs\/wp-json\/wp\/v2\/users\/23"}],"replies":[{"embeddable":true,"href":"https:\/\/balkangreenenergynews.com\/rs\/wp-json\/wp\/v2\/comments?post=95899"}],"version-history":[{"count":2,"href":"https:\/\/balkangreenenergynews.com\/rs\/wp-json\/wp\/v2\/posts\/95899\/revisions"}],"predecessor-version":[{"id":95903,"href":"https:\/\/balkangreenenergynews.com\/rs\/wp-json\/wp\/v2\/posts\/95899\/revisions\/95903"}],"wp:featuredmedia":[{"embeddable":true,"href":"https:\/\/balkangreenenergynews.com\/rs\/wp-json\/wp\/v2\/media\/95902"}],"wp:attachment":[{"href":"https:\/\/balkangreenenergynews.com\/rs\/wp-json\/wp\/v2\/media?parent=95899"}],"wp:term":[{"taxonomy":"category","embeddable":true,"href":"https:\/\/balkangreenenergynews.com\/rs\/wp-json\/wp\/v2\/categories?post=95899"},{"taxonomy":"post_tag","embeddable":true,"href":"https:\/\/balkangreenenergynews.com\/rs\/wp-json\/wp\/v2\/tags?post=95899"}],"curies":[{"name":"wp","href":"https:\/\/api.w.org\/{rel}","templated":true}]}}