{"id":95843,"date":"2026-09-02T17:17:25","date_gmt":"2026-09-02T15:17:25","guid":{"rendered":"https:\/\/balkangreenenergynews.com\/rs\/?p=95843"},"modified":"2026-09-02T17:38:08","modified_gmt":"2026-09-02T15:38:08","slug":"srbija-instalirala-900-000-pametnih-brojila","status":"publish","type":"post","link":"https:\/\/balkangreenenergynews.com\/rs\/srbija-instalirala-900-000-pametnih-brojila\/","title":{"rendered":"Srbija instalirala 900.000 pametnih brojila"},"content":{"rendered":"<h2>Vi\u0161e od 900.000 korisnika distributivne mre\u017ee u Srbiji sada ima pametna brojila, pa se, kako tvrde u Elektrodistribuciji Srbije, skoro svako \u010detvrto brojilo o\u010ditava daljinski.<\/h2>\n<p><a href=\"https:\/\/balkangreenenergynews.com\/rs\/hrvatska-instalirala-milion-pametnih-brojila-srbija-stigla-do-650-000\/\">Instalacija modernih brojila<\/a>, kako je navela Elektrodistribucija Srbije (EDS), rezultat je investicija koje su podr\u017eali Evropska unija i Evropska banka za obnovu i razvoj.<\/p>\n<p>Kompanija, koja obavlja ulogu operatora distributivnog sistema, je najavila da su u toku pripreme za zamenu dodatnih 400.000 brojila <a href=\"https:\/\/balkangreenenergynews.com\/rs\/elektrodistribucija-srbije-uzela-kredit-za-ugradnju-jos-400-000-pametnih-brojila\/\">uz finansijsku podr\u0161ku<\/a> Evropske investicione banke (EIB).<\/p>\n<p>EDS je podsetio da su po\u010detni zamah za masovnu zamenu brojila obezbedila bespovratna sredstva Evropske unije (EU) u vrednosti od 110 miliona evra. Realizacija zamene mernih instrumenata je potom nastavljena uz podr\u0161ku kredita Evropske banke za obnovu i razvoj (EBRD).<\/p>\n<blockquote><p>Komneni\u0107: Aktivno radimo na digitalizaciji<\/p><\/blockquote>\n<p>Ovaj program, kako je naveo EDS, predstavlja zna\u010dajan korak u modernizaciji elektrodistributivne mre\u017ee Srbije.<\/p>\n<p>Pametna brojila unapre\u0111uju kvalitet usluga za korisnike, pove\u0107avaju transparentnost i preciznost obra\u010duna, a obezbe\u0111uju i podatke neophodne za bolje upravljanje mre\u017eom, \u010dime se ja\u010da pouzdanost sistema i podr\u017eava \u0161ira energetska tranzicija Srbije, navela je kompanija.<\/p>\n<div class=\"image-wrapper aligncenter\">\n    <figure><img loading=\"lazy\" decoding=\"async\" class=\"wp-image-95845 size-full\" src=\"https:\/\/balkangreenenergynews.com\/rs\/wp-content\/uploads\/2026\/09\/srbija-pametna-brojila-eds-ebrd-eu-eib-nis-korbo-komnenic-bekerat.jpg\" alt=\"srbija pametna brojila eds ebrd eu eib nis korbo komnenic bekerat\" width=\"840\" height=\"430\" srcset=\"https:\/\/balkangreenenergynews.com\/rs\/wp-content\/uploads\/2026\/09\/srbija-pametna-brojila-eds-ebrd-eu-eib-nis-korbo-komnenic-bekerat.jpg 840w, https:\/\/balkangreenenergynews.com\/rs\/wp-content\/uploads\/2026\/09\/srbija-pametna-brojila-eds-ebrd-eu-eib-nis-korbo-komnenic-bekerat-500x256.jpg 500w, https:\/\/balkangreenenergynews.com\/rs\/wp-content\/uploads\/2026\/09\/srbija-pametna-brojila-eds-ebrd-eu-eib-nis-korbo-komnenic-bekerat-768x393.jpg 768w\" sizes=\"auto, (max-width: 840px) 100vw, 840px\" \/><\/figure>\n    <div class=\"image-info\"><span class=\"img-source\">Foto: EDS\/Dimitrije Nikoli\u0107<\/span><\/div>\n<\/div>\n<p>Biljana Komneni\u0107, vr\u0161ilac du\u017enosti direktora EDS, izjavila je da aktivno rade na digitalizaciji i uvo\u0111enju najsavremenijih tehnologija u elektrodistributivni sistem.<\/p>\n<blockquote><p>Dosad je u ugradnju pametnih brojila u Srbiji ulo\u017eeno oko 200 miliona evra<\/p><\/blockquote>\n<p>\u201cDo sada je u ugradnju pametnih brojila u Srbiji ulo\u017eeno oko 200 miliona evra, a gotovo svako \u010detvrto brojilo danas se o\u010ditava daljinski. Na\u0161a strate\u0161ka odluka je da svaki novi priklju\u010dak ima pametno brojilo\u201d, istakla je ona.<\/p>\n<p>Za EDS, kako je dodala, to zna\u010di bolji uvid u stanje mre\u017ee i efikasnije upravljanje, dok korisnici mogu da prate sopstvenu potro\u0161nju i budu energetski efikasniji. Za jesen je najavila pokretanje portala preko kojeg \u0107e svi korisnici pametnih brojila imati stalan uvid u svoju potro\u0161nju.<\/p>\n<p>Komneni\u0107 je zajedno sa predstavnicima EU i EBRD-a obi\u0161la stambenu zgradu u Ni\u0161u u kojoj je instalirano 40 pametnih brojila.<\/p>\n<h3>Korbo: Modernizacija distributivne mre\u017ee klju\u010dna za prelazak na efikasniji energetski sistem<\/h3>\n<div class=\"image-wrapper aligncenter\">\n    <figure><img loading=\"lazy\" decoding=\"async\" class=\"wp-image-95847 size-full\" src=\"https:\/\/balkangreenenergynews.com\/rs\/wp-content\/uploads\/2026\/09\/srbija-pametna-brojila-eds-ebrd-eu-nis-korbo-komnenic-bekerat-nis.jpg\" alt=\"srbija pametna brojila eds ebrd eu nis korbo komnenic bekerat nis\" width=\"840\" height=\"430\" srcset=\"https:\/\/balkangreenenergynews.com\/rs\/wp-content\/uploads\/2026\/09\/srbija-pametna-brojila-eds-ebrd-eu-nis-korbo-komnenic-bekerat-nis.jpg 840w, https:\/\/balkangreenenergynews.com\/rs\/wp-content\/uploads\/2026\/09\/srbija-pametna-brojila-eds-ebrd-eu-nis-korbo-komnenic-bekerat-nis-500x256.jpg 500w, https:\/\/balkangreenenergynews.com\/rs\/wp-content\/uploads\/2026\/09\/srbija-pametna-brojila-eds-ebrd-eu-nis-korbo-komnenic-bekerat-nis-768x393.jpg 768w\" sizes=\"auto, (max-width: 840px) 100vw, 840px\" \/><\/figure>\n    <div class=\"image-info\"><span class=\"img-source\">Foto: EDS\/Dimitrije Nikoli\u0107<\/span><\/div>\n<\/div>\n<p>Fran\u010desko Korbo (Francesco Corbo) iz EBRD-a naglasio je da je modernizacija distributivne mre\u017ee klju\u010dna za prelazak Srbije na efikasniji, otporan i niskougljeni\u010dni energetski sistem.<\/p>\n<p>\u201cKroz na\u0161u por\u0161ku EDS-u za uvo\u0111enje pametnih brojila, ja\u010damo pouzdanost i efikasnost mre\u017ee, \u0161to istovremeno omogu\u0107ava ve\u0107u integraciju obnovljivih izvora energije i aktivnije u\u010de\u0161\u0107e potro\u0161a\u010da\u201d, dodao je on.<\/p>\n<blockquote><p>Bekerat: Energetski sistem Srbije ulazi u novu fazu<\/p><\/blockquote>\n<p>Prema re\u010dima Andreasa fon Bekerata, ambasadora EU u Srbiji, za gra\u0111ane Srbije koristi su jednostavne i prakti\u010dne: precizniji ra\u010duni, lak\u0161i pristup informacijama o potro\u0161nji i bolja kontrola tro\u0161kova energije u doma\u0107instvu.<\/p>\n<p>\u201cA to je va\u017eno, jer energetski sistem Srbije ulazi u novu fazu &#8211; krovne solarne elektrane, toplotne pumpe, elektri\u010dna vozila i lokalne energetske zajednice sve vi\u0161e \u0107e menjati na\u010din na koji se elektri\u010dna energija proizvodi, meri i tro\u0161i\u201d, poru\u010dio je on.<\/p>\n","protected":false},"excerpt":{"rendered":"<p>Vi\u0161e od 900.000 korisnika distributivne mre\u017ee u Srbiji sada ima pametna brojila<\/p>\n","protected":false},"author":23,"featured_media":95846,"comment_status":"open","ping_status":"open","sticky":false,"template":"","format":"standard","meta":{"_acf_changed":false,"_seopress_titles_title":"Srbija instalirala 900.000 pametnih brojila","_seopress_titles_desc":"Vi\u0161e od 900.000 korisnika distributivne mre\u017ee u Srbiji sada ima pametna brojila","_seopress_robots_index":"","_seopress_robots_follow":"","_seopress_robots_imageindex":"","_seopress_robots_snippet":"","_seopress_robots_primary_cat":"7458","_seopress_robots_breadcrumbs":"","_seopress_robots_freeze_modified_date":"","_seopress_robots_custom_modified_date":"","_seopress_robots_canonical":"","_seopress_social_fb_title":"","_seopress_social_fb_desc":"","_seopress_social_fb_img":"","_seopress_social_fb_img_attachment_id":0,"_seopress_social_fb_img_width":0,"_seopress_social_fb_img_height":0,"_seopress_social_twitter_title":"","_seopress_social_twitter_desc":"","_seopress_social_twitter_img":"","_seopress_social_twitter_img_attachment_id":0,"_seopress_social_twitter_img_width":0,"_seopress_social_twitter_img_height":0,"_seopress_redirections_value":"","_seopress_redirections_enabled":"","_seopress_redirections_enabled_regex":"","_seopress_redirections_logged_status":"","_seopress_redirections_param":"","_seopress_redirections_type":0,"_seopress_analysis_target_kw":"pametna brojila","_seopress_news_disabled":"","_seopress_video_disabled":"","_seopress_video":[],"_seopress_pro_schemas_manual":[],"_seopress_pro_rich_snippets_disable_all":"","_seopress_pro_rich_snippets_disable":[],"_seopress_pro_schemas":[],"_monsterinsights_skip_tracking":false,"footnotes":""},"categories":[7454,504,3,7458,1],"tags":[1136,5502,1446,146,6769,148,669,707,7520,1854,195,777,849,5997,652,647,3007,1135,1890,857],"class_list":["post-95843","post","type-post","status-publish","format-standard","has-post-thumbnail","hentry","category-digitalizacija-i-ai","category-elektricna-energija","category-energetska-efikasnost","category-mreze","category-obnovljivi-izvori-energije","tag-brojila","tag-digitalizacija","tag-distributivna-mreza","tag-ebrd","tag-eds","tag-eib","tag-elektricna-energija","tag-elektricna-vozila","tag-elektrodistributivni-sistem","tag-energetska-tranzicija","tag-eu","tag-evropska-unija","tag-finansiranje","tag-francesco-corbo","tag-investicije","tag-obnovljivi-izvori-energije","tag-operator-distributivnog-sistema","tag-pametna-brojila","tag-solarne-elektrane","tag-toplotne-pumpe","country-srbija"],"acf":[],"_links":{"self":[{"href":"https:\/\/balkangreenenergynews.com\/rs\/wp-json\/wp\/v2\/posts\/95843","targetHints":{"allow":["GET"]}}],"collection":[{"href":"https:\/\/balkangreenenergynews.com\/rs\/wp-json\/wp\/v2\/posts"}],"about":[{"href":"https:\/\/balkangreenenergynews.com\/rs\/wp-json\/wp\/v2\/types\/post"}],"author":[{"embeddable":true,"href":"https:\/\/balkangreenenergynews.com\/rs\/wp-json\/wp\/v2\/users\/23"}],"replies":[{"embeddable":true,"href":"https:\/\/balkangreenenergynews.com\/rs\/wp-json\/wp\/v2\/comments?post=95843"}],"version-history":[{"count":1,"href":"https:\/\/balkangreenenergynews.com\/rs\/wp-json\/wp\/v2\/posts\/95843\/revisions"}],"predecessor-version":[{"id":95848,"href":"https:\/\/balkangreenenergynews.com\/rs\/wp-json\/wp\/v2\/posts\/95843\/revisions\/95848"}],"wp:featuredmedia":[{"embeddable":true,"href":"https:\/\/balkangreenenergynews.com\/rs\/wp-json\/wp\/v2\/media\/95846"}],"wp:attachment":[{"href":"https:\/\/balkangreenenergynews.com\/rs\/wp-json\/wp\/v2\/media?parent=95843"}],"wp:term":[{"taxonomy":"category","embeddable":true,"href":"https:\/\/balkangreenenergynews.com\/rs\/wp-json\/wp\/v2\/categories?post=95843"},{"taxonomy":"post_tag","embeddable":true,"href":"https:\/\/balkangreenenergynews.com\/rs\/wp-json\/wp\/v2\/tags?post=95843"}],"curies":[{"name":"wp","href":"https:\/\/api.w.org\/{rel}","templated":true}]}}