{"id":95827,"date":"2026-09-02T14:46:49","date_gmt":"2026-09-02T12:46:49","guid":{"rendered":"https:\/\/balkangreenenergynews.com\/rs\/?p=95827"},"modified":"2026-09-02T14:46:49","modified_gmt":"2026-09-02T12:46:49","slug":"usvojene-izmena-zakona-koje-omogucavaju-izgradnju-na-lokacijama-gde-su-izgorele-sume","status":"publish","type":"post","link":"https:\/\/balkangreenenergynews.com\/rs\/usvojene-izmena-zakona-koje-omogucavaju-izgradnju-na-lokacijama-gde-su-izgorele-sume\/","title":{"rendered":"Usvojene izmena zakona koje omogu\u0107avaju izgradnju na lokacijama gde su izgorele \u0161ume"},"content":{"rendered":"<h2>Organizacije Transparentnost Srbija i Regulatorni institut za obnovljivu energiju i \u017eivotnu sredinu (RERI) saop\u0161tili su da je Narodna Skup\u0161tina usvojila izmene Zakona o planiranju i izgradnji kojim se propisuje da je namena \u0161umskog zemlji\u0161ta na kojem je \u0161uma o\u0161te\u0107ena ili uni\u0161tena po\u017earom mogu\u0107a u slu\u010daju izgradnje objekata javne infrastrukture.<\/h2>\n<p>Transparentnost Srbija i RERI obavestili su javnost da je 31. avgusta 2026. godine Narodna Skup\u0161tina usvojila izmene Zakona o planiranju i izgradnji, u objedinjenoj proceduri po \u010dak 59 ta\u010daka dnevnog reda i bez prethodno sprovedene javne rasprave.<\/p>\n<p>Tokom <a href=\"https:\/\/balkangreenenergynews.com\/rs\/vatreni-tornado-kod-grebenca-deliblatska-pescara-i-dalje-gori\/\">po\u017eara u Deliblatskoj pe\u0161\u010dari<\/a>, koji je od 21. jula zahvatio oko 4.000 hektara \u0161uma i rastinja, pojavile su se informacije da bi po\u017ear mogao da bude iskori\u0161\u0107en za gradnju zainteresovanih privatnih investitora.<\/p>\n<blockquote><p>U Albaniji zakazana javna rasprava o vetroelektrani dok je po\u017ear trajao<\/p><\/blockquote>\n<p>Ina\u010de, <a href=\"https:\/\/balkangreenenergynews.com\/rs\/albanija-planira-vetropark-na-mestu-tek-izgorele-sume\/\">zanimljiv slu\u010daj<\/a> se desio u avgustu u Albaniji. Tamo je op\u0161tina zakazala javnu raspravu o projektu vetroelektrane na zemlji\u0161tu kod mesta Puke gde je u tom trenutku besneo po\u017ear.<\/p>\n<p>Predsednik stranke Srbija centar (SRCE) Zdravko Pono\u0161 izjavio je da je po\u017ear efikasno sredstvo kojim mo\u017ee po\u010deti &#8222;podla prenamena \u0161umskog u gra\u0111evinsko zemlji\u0161te&#8220;.<\/p>\n<p>Pono\u0161 je dodao i da su neke zemlje zakonski obeshrabrile takve gra\u0111evinske poduhvate, koji ne mogu da se sprovedu bez &#8222;zagrljaja mra\u010dnih investitora sa izvr\u0161nom vla\u0161\u0107u&#8220;, preneo je sajt <a href=\"https:\/\/nova.rs\/vesti\/politika\/pozar-je-efikasno-sredstvo-kojim-moze-poceti-podla-prenamena-sumskog-u-gradjevinsko-zemljiste\/\">Nova<\/a>. Naime, kako je dodao, to su uradile, \u0160panija, Italija i Gr\u010dka.<\/p>\n<p>Ali, to su negirale ministarke za\u0161tite \u017eivotne sredine Sara Pavkov i ministarka energetike i rudarstva Dubravka \u0110edovi\u0107 Handanovi\u0107.<\/p>\n<blockquote><p>Pavkov: Deliblatska pe\u0161\u010dara je zakonom za\u0161ti\u0107eno prirodno dobro i njen status se ne\u0107e menjati<\/p><\/blockquote>\n<p>Pavkov je <a href=\"https:\/\/www.blic.rs\/biznis\/ministarka-pavkov-nema-gradnje-na-deliblatskoj-pescari-zakon-je-jasan\/1mgh31f\">izjavila<\/a> da pojedinci uznemiravaju javnost izmi\u0161ljenim pri\u010dama o navodnim planovima za gradnju i prenamenu zemlji\u0161ta na podru\u010dju Deliblatske pe\u0161\u010dare, preneo je Blic. Ona je naglasila da je <a href=\"https:\/\/www.blic.rs\/deliblatska-pescara\">Deliblatska pe\u0161\u010dara <\/a>zakonom za\u0161ti\u0107eno prirodno dobro i da se njen status ne menja zato \u0161to je deo podru\u010dja zahva\u0107en po\u017earom.<\/p>\n<p>\u0110edovi\u0107 Handanovi\u0107 je istakla da se ne planira izgradnja vetroparkova u Deliblatskoj pe\u0161\u010dari. Po\u017ear ne osloba\u0111a prostor za izgradnju, Deliblatska pe\u0161\u010dara ostaje za\u0161ti\u0107eno prirodno dobro, naglasila je ona, preneo je <a href=\"https:\/\/n1info.rs\/vesti\/djedovic-handanovic-deliblatska-pescara-vetropark\/\">N1<\/a>.<\/p>\n<p>Ina\u010de, pre dva dana, 31. avgusta, dr\u017eavna sekretarka Ministarstva za\u0161tite \u017eivotne sredine Dragana Ostoji\u0107 <a href=\"https:\/\/www.euronews.rs\/srbija\/aktuelno\/240455\/deliblatska-pescara-pred-potpunim-gasenjem\/vest\">izjavila<\/a> je da je po\u017ear u Deliblatskoj pe\u0161\u010dari lokalizovan i u stanju mirovanja. Ona je navela da se o\u010dekuje da uskoro bude progla\u0161eno potpuno likvidiranje po\u017eara.<\/p>\n<h3>O izmenama Zakona nije organizovana javna rasprava<\/h3>\n<p>Transparentnost Srbija i RERI sada obja\u0161njavaju da je usvojenim izmenama Zakona o planiranju i izgradnji predvi\u0111ena i izmena \u010dlana 88. postoje\u0107eg Zakona, kojom se propisuje da \u0161umsko zemlji\u0161te na kojem je \u0161uma o\u0161te\u0107ena ili uni\u0161tena po\u017earom zadr\u017eava namenu odre\u0111enu planskim dokumentom, koju je imalo pre nastanka po\u017eara.<\/p>\n<p>Me\u0111utim, ve\u0107 u slede\u0107em stavu istog \u010dlana propisan je izuzetak od ovog pravila, koji predvi\u0111a da je promena namene mogu\u0107a u slu\u010daju da je to neophodno radi realizacije projekta za koji je, u skladu sa zakonom, utvr\u0111en javni interes, odnosno radi izgradnje objekata javne infrastrukture, navode dve organizacije.<\/p>\n<blockquote><p>Odredbe o kori\u0161\u0107enju \u0161umskog zemlji\u0161ta nisu postojale ni u predlogu Vlade Srbije koji je dostavljen Skup\u0161tini<\/p><\/blockquote>\n<p>Oni nagla\u0161avaju da ne samo da Ministarstvo gra\u0111evinarstva, saobra\u0107aja i infrastrukture o ovim izmenama Zakona nije organizovalo javnu raspravu, ve\u0107 odredbe o kori\u0161\u0107enju \u0161umskog zemlji\u0161ta nisu postojale ni u originalnom predlogu Vlade Srbije koji je dostavljen Skup\u0161tini 7. avgusta 2026.<\/p>\n<p>Tek posredno se, dodaju, mo\u017ee zaklju\u010diti da su citirane izmene u finalnu verziju izmena zakona uvr\u0161tene tako \u0161to je skup\u0161tinski Odbor za prostorno planiranje, saobra\u0107aj, infrastrukturu i telekomunikacije predlo\u017eio amandman na sednici odr\u017eanoj 26. avgusta, sa kojim se, na istoj sednici, saglasila i resorna ministarka Aleksandra Sofronijevi\u0107.<\/p>\n<p>Posebno isti\u010du da na sajtu Narodne skup\u0161tine nisu bili dostupni tekst amandmana, njegovo obrazlo\u017eenje, kao ni bilo koja informacija o tome zbog \u010dega se ove izmene nisu na\u0161le u originalnom tekstu predlo\u017eenih izmena Zakona.<\/p>\n<blockquote><p>Netransparentnost postupanja vlasti otvara prostor za nove sumnje<\/p><\/blockquote>\n<p>Sve ovo se, podse\u0107aju, odvijalo tokom nezabele\u017eenih po\u017eara koji su zahvatili najve\u0107u pe\u0161\u010daru u Evropi &#8211; Deliblatsku pe\u0161\u010daru, koja je neprocenjivi rezervoar biolo\u0161ke raznovrsnosti i koja predstavlja za\u0161ti\u0107eno podru\u010dje od izuzetnog (I kategorija) i nacionalnog zna\u010daja i specijalni rezervat prirode.<\/p>\n<p>\u201cNetransparentnost postupanja vlasti prilikom ovih zakonskih izmena, umesto da umiri uznemirenu i zabrinutu javnost, otvara prostor za nove sumnje u pogledu dalje sudbine zemlji\u0161ta koje je bilo zahva\u0107eno po\u017earom\u201d, smatraju dve organizacije.<\/p>\n<p>Imaju\u0107i u vidu netransparentnost ovih zakonskih izmena, nedostupnost obrazlo\u017eenja, uznemirenost javnosti, one predla\u017eu novi postupak u kojem bi se sagledali i otklonili svi rizici.<\/p>\n","protected":false},"excerpt":{"rendered":"<p>Transparentnost Srbija i RERI su saop\u0161tili da je Narodna Skup\u0161tina usvojila izmene Zakona o planiranju i izgradnji<\/p>\n","protected":false},"author":23,"featured_media":95830,"comment_status":"open","ping_status":"open","sticky":false,"template":"","format":"standard","meta":{"_acf_changed":false,"_seopress_titles_title":"Usvojene izmena zakona koje omogu\u0107avaju izgradnju na lokacijama gde su izgorele \u0161ume","_seopress_titles_desc":"Transparentnost Srbija i RERI su saop\u0161tili da je Narodna Skup\u0161tina usvojila izmene Zakona o planiranju i izgradnji","_seopress_robots_index":"","_seopress_robots_follow":"","_seopress_robots_imageindex":"","_seopress_robots_snippet":"","_seopress_robots_primary_cat":"4","_seopress_robots_breadcrumbs":"","_seopress_robots_freeze_modified_date":"","_seopress_robots_custom_modified_date":"","_seopress_robots_canonical":"","_seopress_social_fb_title":"","_seopress_social_fb_desc":"","_seopress_social_fb_img":"","_seopress_social_fb_img_attachment_id":0,"_seopress_social_fb_img_width":0,"_seopress_social_fb_img_height":0,"_seopress_social_twitter_title":"","_seopress_social_twitter_desc":"","_seopress_social_twitter_img":"","_seopress_social_twitter_img_attachment_id":0,"_seopress_social_twitter_img_width":0,"_seopress_social_twitter_img_height":0,"_seopress_redirections_value":"","_seopress_redirections_enabled":"","_seopress_redirections_enabled_regex":"","_seopress_redirections_logged_status":"","_seopress_redirections_param":"","_seopress_redirections_type":0,"_seopress_analysis_target_kw":"izgorele \u0161ume","_seopress_news_disabled":"","_seopress_video_disabled":"","_seopress_video":[],"_seopress_pro_schemas_manual":[],"_seopress_pro_rich_snippets_disable_all":"","_seopress_pro_rich_snippets_disable":[],"_seopress_pro_schemas":[],"_monsterinsights_skip_tracking":false,"footnotes":""},"categories":[7465,1,4],"tags":[6953,652,6614,5804,7246,2341,5921],"class_list":["post-95827","post","type-post","status-publish","format-standard","has-post-thumbnail","hentry","category-energija-vetra","category-obnovljivi-izvori-energije","category-zivotna-sredina-i-klima","tag-dubravka-djedovic-handanovic","tag-investicije","tag-pozari","tag-reri","tag-sara-pavkov","tag-vetroelektrane","tag-zivotna-sredina","country-srbija"],"acf":[],"_links":{"self":[{"href":"https:\/\/balkangreenenergynews.com\/rs\/wp-json\/wp\/v2\/posts\/95827","targetHints":{"allow":["GET"]}}],"collection":[{"href":"https:\/\/balkangreenenergynews.com\/rs\/wp-json\/wp\/v2\/posts"}],"about":[{"href":"https:\/\/balkangreenenergynews.com\/rs\/wp-json\/wp\/v2\/types\/post"}],"author":[{"embeddable":true,"href":"https:\/\/balkangreenenergynews.com\/rs\/wp-json\/wp\/v2\/users\/23"}],"replies":[{"embeddable":true,"href":"https:\/\/balkangreenenergynews.com\/rs\/wp-json\/wp\/v2\/comments?post=95827"}],"version-history":[{"count":1,"href":"https:\/\/balkangreenenergynews.com\/rs\/wp-json\/wp\/v2\/posts\/95827\/revisions"}],"predecessor-version":[{"id":95832,"href":"https:\/\/balkangreenenergynews.com\/rs\/wp-json\/wp\/v2\/posts\/95827\/revisions\/95832"}],"wp:featuredmedia":[{"embeddable":true,"href":"https:\/\/balkangreenenergynews.com\/rs\/wp-json\/wp\/v2\/media\/95830"}],"wp:attachment":[{"href":"https:\/\/balkangreenenergynews.com\/rs\/wp-json\/wp\/v2\/media?parent=95827"}],"wp:term":[{"taxonomy":"category","embeddable":true,"href":"https:\/\/balkangreenenergynews.com\/rs\/wp-json\/wp\/v2\/categories?post=95827"},{"taxonomy":"post_tag","embeddable":true,"href":"https:\/\/balkangreenenergynews.com\/rs\/wp-json\/wp\/v2\/tags?post=95827"}],"curies":[{"name":"wp","href":"https:\/\/api.w.org\/{rel}","templated":true}]}}