{"id":95824,"date":"2026-09-02T15:46:04","date_gmt":"2026-09-02T13:46:04","guid":{"rendered":"https:\/\/balkangreenenergynews.com\/rs\/?p=95824"},"modified":"2026-09-02T15:49:02","modified_gmt":"2026-09-02T13:49:02","slug":"dvostruka-diverzija-uzdrmala-nemacku-elektroenergetsku-mrezu","status":"publish","type":"post","link":"https:\/\/balkangreenenergynews.com\/rs\/dvostruka-diverzija-uzdrmala-nemacku-elektroenergetsku-mrezu\/","title":{"rendered":"Dvostruka diverzija uzdrmala nema\u010dku elektroenergetsku mre\u017eu"},"content":{"rendered":"<h2>U Nema\u010dkoj su 1. septembra zabele\u017eena dva napada na elektroenergetsku mre\u017eu. Nakon diverzije kojom su prekinuti vodovi kod trafo-stanice Turnow-Preilack u Brandenburgu na istoku, namerno je izazvan kratak spoj i kod jedne va\u017ene trafo-stanice u Berghajmu, u zapadnoj pokrajini Severnoj Rajni\u2013Vestfaliji.<\/h2>\n<p data-start=\"458\" data-end=\"882\">Prvi napad na elektroenergetsku infrastrukturu Nema\u010dke se dogodio nedaleko od termoelektrane na lignit J\u00e4nschwalde na istoku zemlje, u saveznoj dr\u017eavi Brandenburg. Postrojenje se nalazi nedaleko od granice sa Poljskom.<\/p>\n<p data-start=\"458\" data-end=\"882\">Ipak, ona nije bila meta, ve\u0107 je napadnuta obli\u017enja trafo-stanica Turnow-Preilack, preko koje je elektrana povezana sa mre\u017eom operatora prenosne mre\u017ee 50Hertz. Re\u010d je o jednom od va\u017enijih \u010dvori\u0161ta elektroenergetske mre\u017ee u Brandenburgu.<\/p>\n<p data-start=\"884\" data-end=\"1361\">Vi\u0161e projektila ispaljeno je prema vodovima veoma visokog napona. U pitanju su predmeti ru\u010dne izrade, nalik novogodi\u0161njim raketama, saop\u0161tio je 50Hertz.<\/p>\n<blockquote>\n<p data-start=\"884\" data-end=\"1361\">Napad nije izazvao nestanak struje<\/p>\n<\/blockquote>\n<p data-start=\"884\" data-end=\"1361\">Prema re\u010dima ministra unutra\u0161njih poslova Brandenburga Jana Redmana, projektilima je ka vodovima ispaljen provodljivi materijal, kako bi se izazvao kratak spoj. Zabele\u017eena su dva takva prekida, a jedan blok termoelektrane J\u00e4nschwalde automatski je ispao iz pogona. Prona\u0111eno je vi\u0161e od deset ovakvih naprava, a neke od njih nisu bile ispaljene.<\/p>\n<p data-start=\"1363\" data-end=\"1449\">Napad nije izazvao \u0161iri nestanak struje, a svi vodovi ubrzo su vra\u0107eni u funkciju. Redman je ovaj doga\u0111aj nazvao sabota\u017eom. Po njegovim re\u010dima, <span dir=\"auto\">nije isklju\u010dena mogu\u0107nost da iza napada stoje strane sile ili<\/span><span dir=\"auto\"> levi\u010darski ekstremisti, koji su ranije sprovodili sli\u010dne akcije.<\/span><\/p>\n<p class=\"PDq2pG_selectionAnchorContainer\" data-start=\"287\" data-end=\"581\">Po\u010detkom godine, radikalna levi\u010darska grupa Vulkan preuzela je odgovornost za podmetanje po\u017eara na kablovskom mostu u blizini gasne elektrane Lichterfelde u jugozapadnom Berlinu. Bez struje je ostalo oko 45.000 doma\u0107instava i vi\u0161e od 2.200 firmi.<\/p>\n<p data-start=\"287\" data-end=\"581\">Neposredno nakon napada na mre\u017eu u Brandenburgu, eksplozija je odjeknula i u prolazu kod glavne \u017eelezni\u010dke stanice u Augsburgu. Dve osobe su lak\u0161e povre\u0111ene, a uzrok eksplozije za sada nije poznat. Nema\u010dke vlasti nisu utvrdile nikakvu vezu izme\u0111u ovog incidenta i sabota\u017ee na elektroenergetskoj mre\u017ei, niti je eksplozija u Augsburgu klasifikovana kao teroristi\u010dki napad.<\/p>\n<h3 class=\"PDq2pG_selectionAnchorContainer\" data-section-id=\"1ih4za3\" data-start=\"0\" data-end=\"43\">U drugom napadu o\u0161te\u0107ena trafo-stanica kod Berghajma<\/h3>\n<p>Drugi napad na elektroenergetsku infrastrukturu dogodio se istog dana kod Berghajma, u Severnoj Rajni\u2013Vestfaliji. Prema re\u010dima pokrajinskog ministra unutra\u0161njih poslova Herberta Rojla, nepoznati po\u010dinioci su prebacili kablove preko nadzemnog elektri\u010dnog voda i tako namerno izazvali kratak spoj.<\/p>\n<p class=\"isSelectedEnd\">Iz mre\u017ee je ispalo pet blokova na lignit kompanije RWE: tri u termoelektrani Niederau\u00dfem i dva u termoelektrani Neurath.<\/p>\n<p class=\"isSelectedEnd\">Njihova ukupna instalisana snaga iznosi 4,2 gigavata, ali su u trenutku incidenta radili na tri gigavata snage u zbiru.<\/p>\n<p>Potro\u0161a\u010di nisu ostali bez struje. Operator prenosne mre\u017ee Amprion saop\u0161tio je da snabdevanje elektri\u010dnom energijom nijednog trenutka nije bilo ugro\u017eeno i da je stabilnost sistema o\u010duvana.<\/p>\n<p>Napadi na elektroenergetsku mre\u017eu dogodili su se u vreme dok nema\u010dke vlasti razmatraju kako da bolje za\u0161tite kriti\u010dnu infrastrukturu od rastu\u0107e pretnje od <a href=\"https:\/\/balkangreenenergynews.com\/rs\/energetske-kompanije-se-naoruzavaju-protiv-sajbernapada\/\">sajbernapada i hibridnih dejstava.<\/a><\/p>\n<p>Ina\u010de, Nema\u010dka je ujutru pre ovih diverzija saop\u0161tila da Rusiju smatra odgovornom za poku\u0161aj napada na aerodrom Lajpcig\/Hale 4. avgusta. Dron sa eksplozivom prona\u0111en je u blizini ukrajinskog teretnog aviona. Kremlj je odbacio optu\u017ebe.<\/p>\n<p>Za sada nije poznato ko stoji iza ovih napada i da li su povezani.<\/p>\n","protected":false},"excerpt":{"rendered":"<p>U Nema\u010dkoj su 1. septembra zabele\u017eena dva napada na elektroenergetsku mre\u017eu<\/p>\n","protected":false},"author":34,"featured_media":95828,"comment_status":"open","ping_status":"open","sticky":false,"template":"","format":"standard","meta":{"_acf_changed":false,"_seopress_titles_title":"Dvostruka diverzija uzdrmala nema\u010dku elektroenergetsku mre\u017eu","_seopress_titles_desc":"U Nema\u010dkoj su 1. septembra zabele\u017eena dva napada na elektroenergetsku mre\u017eu","_seopress_robots_index":"","_seopress_robots_follow":"","_seopress_robots_imageindex":"","_seopress_robots_snippet":"","_seopress_robots_primary_cat":"7458","_seopress_robots_breadcrumbs":"","_seopress_robots_freeze_modified_date":"","_seopress_robots_custom_modified_date":"","_seopress_robots_canonical":"","_seopress_social_fb_title":"","_seopress_social_fb_desc":"","_seopress_social_fb_img":"","_seopress_social_fb_img_attachment_id":0,"_seopress_social_fb_img_width":0,"_seopress_social_fb_img_height":0,"_seopress_social_twitter_title":"","_seopress_social_twitter_desc":"","_seopress_social_twitter_img":"","_seopress_social_twitter_img_attachment_id":0,"_seopress_social_twitter_img_width":0,"_seopress_social_twitter_img_height":0,"_seopress_redirections_value":"","_seopress_redirections_enabled":"","_seopress_redirections_enabled_regex":"","_seopress_redirections_logged_status":"","_seopress_redirections_param":"","_seopress_redirections_type":0,"_seopress_analysis_target_kw":"elektroenergetsku infrastrukturu","_seopress_news_disabled":"","_seopress_video_disabled":"","_seopress_video":[],"_seopress_pro_schemas_manual":[],"_seopress_pro_rich_snippets_disable_all":"","_seopress_pro_rich_snippets_disable":[],"_seopress_pro_schemas":[],"_monsterinsights_skip_tracking":false,"footnotes":""},"categories":[504,7458],"tags":[725,7519,7033,4933,6252],"class_list":["post-95824","post","type-post","status-publish","format-standard","has-post-thumbnail","hentry","category-elektricna-energija","category-mreze","tag-elektrana","tag-elektricni-vod","tag-elektromreza","tag-termoelektrane","tag-trafostranica","country-regioneu"],"acf":[],"_links":{"self":[{"href":"https:\/\/balkangreenenergynews.com\/rs\/wp-json\/wp\/v2\/posts\/95824","targetHints":{"allow":["GET"]}}],"collection":[{"href":"https:\/\/balkangreenenergynews.com\/rs\/wp-json\/wp\/v2\/posts"}],"about":[{"href":"https:\/\/balkangreenenergynews.com\/rs\/wp-json\/wp\/v2\/types\/post"}],"author":[{"embeddable":true,"href":"https:\/\/balkangreenenergynews.com\/rs\/wp-json\/wp\/v2\/users\/34"}],"replies":[{"embeddable":true,"href":"https:\/\/balkangreenenergynews.com\/rs\/wp-json\/wp\/v2\/comments?post=95824"}],"version-history":[{"count":8,"href":"https:\/\/balkangreenenergynews.com\/rs\/wp-json\/wp\/v2\/posts\/95824\/revisions"}],"predecessor-version":[{"id":95840,"href":"https:\/\/balkangreenenergynews.com\/rs\/wp-json\/wp\/v2\/posts\/95824\/revisions\/95840"}],"wp:featuredmedia":[{"embeddable":true,"href":"https:\/\/balkangreenenergynews.com\/rs\/wp-json\/wp\/v2\/media\/95828"}],"wp:attachment":[{"href":"https:\/\/balkangreenenergynews.com\/rs\/wp-json\/wp\/v2\/media?parent=95824"}],"wp:term":[{"taxonomy":"category","embeddable":true,"href":"https:\/\/balkangreenenergynews.com\/rs\/wp-json\/wp\/v2\/categories?post=95824"},{"taxonomy":"post_tag","embeddable":true,"href":"https:\/\/balkangreenenergynews.com\/rs\/wp-json\/wp\/v2\/tags?post=95824"}],"curies":[{"name":"wp","href":"https:\/\/api.w.org\/{rel}","templated":true}]}}