{"id":95816,"date":"2026-09-02T09:35:01","date_gmt":"2026-09-02T07:35:01","guid":{"rendered":"https:\/\/balkangreenenergynews.com\/rs\/?p=95816"},"modified":"2026-09-02T09:35:01","modified_gmt":"2026-09-02T07:35:01","slug":"bivsi-ministar-andrej-vizjak-stupio-na-celo-slovenacke-gen-energije-a-i-gen-i-ima-novog-sefa","status":"publish","type":"post","link":"https:\/\/balkangreenenergynews.com\/rs\/bivsi-ministar-andrej-vizjak-stupio-na-celo-slovenacke-gen-energije-a-i-gen-i-ima-novog-sefa\/","title":{"rendered":"Biv\u0161i ministar Andrej Vizjak stupio na \u010delo slovena\u010dke GEN energije, a i GEN-I ima novog \u0161efa"},"content":{"rendered":"<h2>Nakon promene vlasti u Sloveniji, dr\u017eavna kompanija GEN energija i njena zavisna firma GEN-I dobile su nove generalne direktore. Na du\u017enost su stupili Andrej Vizjak i Jure Sokli\u010d. Vizjak, biv\u0161i ministar, obe\u0107ao je da \u0107e razmrsiti kompleksno unakrsno vlasni\u0161tvo me\u0111u ova dva entiteta. Dodao je da se nastavljaju projekti za nuklearnu elektranu Kr\u0161ko 2 i hidroelektranu Mokrice.<\/h2>\n<p>Nadzorni odbor <a href=\"https:\/\/balkangreenenergynews.com\/rs\/gen-grupa-ostvarila-profit-od-160-miliona-evra-u-2025\/\">GEN energije<\/a> smenio je generalnu direktorku <a href=\"https:\/\/balkangreenenergynews.com\/rs\/nada-drobne-popovic-nova-generalna-direktorka-kompanije-gen-energija\/\">Nadu Drobne Popovi\u0107<\/a> i na njeno mesto, sa \u010detvorogodi\u0161njim mandatom, postavio Andreja Vizjaka. Promena je usledila nakon povratka Janeza Jan\u0161e na vlast. U junu je \u010detvrti put postao premijer Slovenije.<\/p>\n<p>Andrej Vizjak je tri puta bio ministar u Jan\u0161inim vladama. Nedavno je do\u0161ao na \u010delo Nadzornog odbora <a href=\"https:\/\/balkangreenenergynews.com\/rs\/slovenija-subvencionisala-kupovinu-vise-od-18-000-elektricnih-bicikala\/\">Borzena,<\/a> slovena\u010dkog operatora tr\u017ei\u0161ta elektri\u010dne energije. Novi generalni direktor ranije je bio zadu\u017een za strate\u0161ki razvoj u kompaniji Hidroelektrarne na spodnji Savi (HESS), \u010dlanici GEN grupe, s vlasni\u010dkim udelom od 51%. Tako\u0111e je vodio HESS-ovu \u0107erku firmu Partner.<\/p>\n<h3>Vizjak prioritet stavlja na stabilnost proizvodnje elektri\u010dne energije<\/h3>\n<p>Iz GEN energije je saop\u0161teno da je Vizjak, predstavljaju\u0107i svoj program, izjavio da \u0107e brinuti da proizvodnja elektri\u010dne energije bude sigurna i stabilna, posebno u nuklearnoj elektrani Kr\u0161ko (NEK ili JEK), uz nastavak razvoja projekata <a href=\"https:\/\/balkangreenenergynews.com\/rs\/slovenija-sposobna-da-sama-finansira-gradnju-nuklearke-krsko-2\/\">Kr\u0161ko 2<\/a> i hidroelektrane Mokrice, kao i drugih planiranih proizvodnih kapaciteta.<\/p>\n<p>Bruno Glaser je ostao na poziciji poslovnog direktora.<\/p>\n<p>GEN energija dr\u017ei slovena\u010dku polovinu nuklearne elektrane Kr\u0161ko (NEK ili, na slovena\u010dkom, JEK), i firme Savske elektrarne Ljubljana (SEL) i HESS, kao i termoelektranu-toplanu na gas Brestanica \u2013 <a href=\"https:\/\/balkangreenenergynews.com\/rs\/gasna-elektrana-u-sloveniji-instalirala-solarne-elektrane-pa-investira-u-baterije\/\">TEB.<\/a><\/p>\n<p>Pored toga, novi generalni direktor je obe\u0107ao da \u0107e raditi na razmr\u0161avanju odnosa sa zavisnom kompanijom GEN-I. GEN energija je ve\u0107inski vlasnik, ali uz takozvanu kru\u017enu povezanost kapitala \u2013 slo\u017eenu petlju unakrsnog vlasni\u0161tva.<\/p>\n<h3>Jure Sokli\u010d preuzeo kormilo kompanije GEN-I<\/h3>\n<p>Predsednik Uprave GEN-I-ja Maks Helbl je tako\u0111e smenjen. Na \u010delu kompanije je sada preduzetnik i investitor Jure Sokli\u010d. Prema medijskim izve\u0161tajima, on je povezan sa Novom Slovenijom \u2013 Hri\u0161\u0107anskim demokratama (NSi), strankom koju predvodi ministar infrastrukture i energetike <a href=\"https:\/\/balkangreenenergynews.com\/rs\/novi-slovenacki-ministar-energetike-odbacuje-zelenu-aktivisticku-energetsku-politiku\/\">Jernej Vrtovec.<\/a><\/p>\n<p>Sokli\u010d je bio pionir blok\u010dejn tehnologije u Sloveniji. Osim kriptovaluta, u biznisu je iznajmljivanja luksuznih jahti. Novi generalni direktor je za vreme prethodne Jan\u0161ine vlade bio u Nadzornom odboru GEN energije.<\/p>\n","protected":false},"excerpt":{"rendered":"<p>Nakon promene vlasti u Sloveniji, dr\u017eavne kompanije GEN energija i GEN-I dobile su nove generalne direktore. Na du\u017enost su stupili Andrej Vizjak i Jure Sokli\u010d.<\/p>\n","protected":false},"author":27,"featured_media":95817,"comment_status":"open","ping_status":"open","sticky":false,"template":"","format":"standard","meta":{"_acf_changed":false,"_seopress_titles_title":"Biv\u0161i ministar Andrej Vizjak stupio na \u010delo slovena\u010dke GEN energije, a i GEN-I ima novog \u0161efa","_seopress_titles_desc":"Nakon promene vlasti u Sloveniji, dr\u017eavne kompanije GEN energija i GEN-I dobile su nove generalne direktore. Na du\u017enost su stupili Andrej Vizjak i Jure Sokli\u010d.","_seopress_robots_index":"","_seopress_robots_follow":"","_seopress_robots_imageindex":"","_seopress_robots_snippet":"","_seopress_robots_primary_cat":"504","_seopress_robots_breadcrumbs":"","_seopress_robots_freeze_modified_date":"","_seopress_robots_custom_modified_date":"","_seopress_robots_canonical":"","_seopress_social_fb_title":"","_seopress_social_fb_desc":"","_seopress_social_fb_img":"","_seopress_social_fb_img_attachment_id":0,"_seopress_social_fb_img_width":0,"_seopress_social_fb_img_height":0,"_seopress_social_twitter_title":"","_seopress_social_twitter_desc":"","_seopress_social_twitter_img":"","_seopress_social_twitter_img_attachment_id":0,"_seopress_social_twitter_img_width":0,"_seopress_social_twitter_img_height":0,"_seopress_redirections_value":"","_seopress_redirections_enabled":"","_seopress_redirections_enabled_regex":"","_seopress_redirections_logged_status":"","_seopress_redirections_param":"","_seopress_redirections_type":0,"_seopress_analysis_target_kw":"","_seopress_news_disabled":"","_seopress_video_disabled":"","_seopress_video":[],"_seopress_pro_schemas_manual":[],"_seopress_pro_rich_snippets_disable_all":"","_seopress_pro_rich_snippets_disable":[],"_seopress_pro_schemas":[],"_monsterinsights_skip_tracking":false,"footnotes":""},"categories":[504,7462,7472,7466,7460,1],"tags":[5920,669,779,2751,6241,6597,1173,4648,1264,1202,1265,6239,6710,6702,5627,6701,6063,6878,647,5490],"class_list":["post-95816","post","type-post","status-publish","format-standard","has-post-thumbnail","hentry","category-elektricna-energija","category-fosilna-goriva","category-gas","category-hidroenergija","category-nuklearna-energija","category-obnovljivi-izvori-energije","tag-andrej-vizjak","tag-elektricna-energija","tag-fosilna-goriva","tag-gas","tag-gen","tag-gen-energija","tag-gen-i","tag-he-mokrice","tag-hess","tag-hidroelektrane","tag-hidroelektrarne-na-spodnji-savi","tag-krsko","tag-krsko-2","tag-nek","tag-nuklearna-elektrana","tag-nuklearna-elektrana-krsko","tag-nuklearna-energija","tag-nuklearne-elektrane","tag-obnovljivi-izvori-energije","tag-prirodni-gas","country-slovenija"],"acf":[],"_links":{"self":[{"href":"https:\/\/balkangreenenergynews.com\/rs\/wp-json\/wp\/v2\/posts\/95816","targetHints":{"allow":["GET"]}}],"collection":[{"href":"https:\/\/balkangreenenergynews.com\/rs\/wp-json\/wp\/v2\/posts"}],"about":[{"href":"https:\/\/balkangreenenergynews.com\/rs\/wp-json\/wp\/v2\/types\/post"}],"author":[{"embeddable":true,"href":"https:\/\/balkangreenenergynews.com\/rs\/wp-json\/wp\/v2\/users\/27"}],"replies":[{"embeddable":true,"href":"https:\/\/balkangreenenergynews.com\/rs\/wp-json\/wp\/v2\/comments?post=95816"}],"version-history":[{"count":1,"href":"https:\/\/balkangreenenergynews.com\/rs\/wp-json\/wp\/v2\/posts\/95816\/revisions"}],"predecessor-version":[{"id":95818,"href":"https:\/\/balkangreenenergynews.com\/rs\/wp-json\/wp\/v2\/posts\/95816\/revisions\/95818"}],"wp:featuredmedia":[{"embeddable":true,"href":"https:\/\/balkangreenenergynews.com\/rs\/wp-json\/wp\/v2\/media\/95817"}],"wp:attachment":[{"href":"https:\/\/balkangreenenergynews.com\/rs\/wp-json\/wp\/v2\/media?parent=95816"}],"wp:term":[{"taxonomy":"category","embeddable":true,"href":"https:\/\/balkangreenenergynews.com\/rs\/wp-json\/wp\/v2\/categories?post=95816"},{"taxonomy":"post_tag","embeddable":true,"href":"https:\/\/balkangreenenergynews.com\/rs\/wp-json\/wp\/v2\/tags?post=95816"}],"curies":[{"name":"wp","href":"https:\/\/api.w.org\/{rel}","templated":true}]}}