{"id":95780,"date":"2026-09-01T09:16:00","date_gmt":"2026-09-01T07:16:00","guid":{"rendered":"https:\/\/balkangreenenergynews.com\/rs\/?p=95780"},"modified":"2026-09-01T09:16:00","modified_gmt":"2026-09-01T07:16:00","slug":"izgradnja-vetroelektrana-u-evropi-ce-2026-biti-rekordna-ali-zakonski-okvir-mora-da-se-unapredi","status":"publish","type":"post","link":"https:\/\/balkangreenenergynews.com\/rs\/izgradnja-vetroelektrana-u-evropi-ce-2026-biti-rekordna-ali-zakonski-okvir-mora-da-se-unapredi\/","title":{"rendered":"Izgradnja vetroelektrana u Evropi \u0107e 2026. biti rekordna, ali zakonski okvir mora da se unapredi"},"content":{"rendered":"<h2>Evropa je na putu da ostvari rekordnu godinu u pogledu pove\u0107anja kapaciteta vetroelektrana, zahvaljuju\u0107i pu\u0161tanju u rad 8,8 gigavata u prvih \u0161est meseci i intenzivnim aktivnostima u me\u0111uvremenu, saop\u0161tio je WindEurope. Procenjuje da bi ekspanzija 2026. mogla da dostigne neverovatnih 24,1 gigavat ukoliko donosioci odluka unaprede pravni okvir. Pored toga, ba\u0161 sredinom godine, Poljska se pridru\u017eila grupi zemalja koje imaju vetroelektrane na moru.<\/h2>\n<p>Najnoviji podaci pokazuju da su vetroelektrane u Evropi krajem juna dostigle ukupno 311 gigavata, od \u010dega je na kopnu 270,5 gigavata. U svom polugodi\u0161njem izve\u0161taju, WindEurope je otkrio da su novi pogoni imali 8,8 gigavata u zbiru, \u0161to je za 30 procenata vi\u0161e nego u prvih \u0161est meseci 2025. godine. Vetroelektrane na kopnu \u010dinile su 74 procenta, dok je u Evropskoj uniji izgra\u0111eno sedam gigavata.<\/p>\n<p>\u201eTo su dobre vesti za energetsku bezbednost i konkurentnost Evrope. Ali strukturni problemi i dalje postoje. Odluke o zakonima i propisima o izdavanju dozvola, mre\u017eama i elektrifikaciji odredi\u0107e da li \u0107e se ubrzani razvoj vetroparkova nastaviti\u201c, navodi se u dokumentu.<\/p>\n<p>Evropa je na putu da ostvari rekordnu godinu, s obzirom na intenzivne radove na moru tokom leta. Ova industrijska grupa o\u010dekuje 24,1 gigavat, neznatno manje od prethodne procene.<\/p>\n<h3>Nema\u010dka dominantna s novim kapacitetima<\/h3>\n<p>Izgradnju u prvih \u0161est meseci 2026. godine predvodila je Nema\u010dka, sa 3,4 gigavata. Fascinantno je \u0161to je Ukrajina instalirala vi\u0161e od 414 megavata uprkos ratu.<\/p>\n<p>Izve\u0161taj bele\u017ei novih 456 megavata u Poljskoj, u segmentu na kopnu. Me\u0111utim, upravo sredinom godine, ova zemlja je i zakora\u010dila u sektor priobalne energije vetra!<\/p>\n<p>Naime, sistem Baltic Power isporu\u010dio je prve koli\u010dine elektri\u010dne energije u mre\u017eu. To je zajedni\u010dki poduhvat poljske kompanije Orlen i kanadske Northland Power.<\/p>\n<p>Zavr\u0161etak ove vetroelektrane na Balti\u010dkom moru snage 1,2 gigavata o\u010dekuje se pre kraja godine. Sastoja\u0107e se od 76 turbina koje doprema Vestas. Poljska kontroli\u0161e Orlen preko dr\u017eavnog u\u010de\u0161\u0107a od 49,9 procenata.<\/p>\n<h3>Gr\u010dka na vrhu liste u Jugoisto\u010dnoj Evropi u prvoj polovini 2026.<\/h3>\n<p>\u0160to se ti\u010de regiona koji prati Balkan Green Energy News, Gr\u010dka je bila na vrhu liste u prvoj polovini godine, sa 321 megavatom, dostigav\u0161i ukupno 6,02 gigavata. Turska je pove\u0107ala svoj kapacitet za 297 megavata, na 16,2 gigavata. Srbija je zabele\u017eila rast od 150 megavata i dostigla 974 megavata.<\/p>\n<p>Evropski operatori su u ovom periodu naru\u010dili vetroturbine ukupne snage 10,6 gigavata. To je pad od 12 procenata na godi\u0161njem nivou. Udeo vetroelektrana na kopnu iznosi 7,8 gigavata.<\/p>\n<h3>Rekordni rezultati zabele\u017eeni i na aukcijama<\/h3>\n<p>Dr\u017eave su na aukcijama dodelile prava na izgradnju ukupno 17,2 gigavata: 8,8 gigavata na kopnu i 8,4 gigavata na moru. Pored toga, Danska i Moldavija su u julu i avgustu zajedno dodelile dva gigavata kapaciteta \u2013 1,8 gigavata na moru odnosno 170 megavata na kopnu.<\/p>\n<p>Evropa se sprema da u drugoj polovini godine ponudi jo\u0161 26 gigavata putem tendera, pa bi to bio najve\u0107i obim u jednoj godini do sada.<\/p>\n<h3>Pad u izdavanju dozvola na klju\u010dnim tr\u017ei\u0161tima<\/h3>\n<p>WindEurope sada o\u010dekuje ukupni instalirani kapacitet od 436 gigavata do 2030. godine, od \u010dega 342 gigavata u Evropskoj uniji.<\/p>\n<p>Nema\u010dka je odobrila vi\u0161e od devet gigavata vetroelektrana na kopnu u prvih \u0161est meseci 2026. godine. Tako je na putanji ka jo\u0161 jednoj rekordnoj godini. Sa druge strane, obimi su smanjeni u \u0160paniji, Francuskoj, Velikoj Britaniji, Italiji i Irskoj.<\/p>\n<blockquote><p>Kvalitetni projekti ne smeju da se utope u birokratiji<\/p><\/blockquote>\n<p>\u201eBa\u0161 kada nam je vetar najpotrebniji za podsticanje ekonomske istrajnosti Evrope, na klju\u010dnim tr\u017ei\u0161tima obim izdatih dozvola opada. Odluke vlada o dozvolama, aukcijama, mre\u017eama i elektrifikaciji u narednim mesecima \u0107e odr\u017eati ili prekinuti ovaj zamajac\u201c, izjavila je generalna direktorka organizacije WindEurope Tine van der Straten.<\/p>\n<p>Ova asocijacija je pozvala administraciju u Briselu i dr\u017eave \u010dlanice da pojednostave propise EU za izdavanje dozvola. To bi omogu\u0107ilo kvalitetnim projektima da dobiju priklju\u010dak na mre\u017eu, umesto da dave u birokratiji, istaknuto je. Me\u0111u ostalim preporukama, apeluje se na kona\u010dno usvajanje evropskog paketa propisa za elektroenergetske mre\u017ee.<\/p>\n<p>\u201ePrestanite sa eksperimentisanjem u ustrojstvu aukcija. Za dru\u0161tvo su najbolje re\u0161enje dvosmerni ugovori o razlici [CfD-ovi]. Oni pokre\u0107u masovne investicije time \u0161to smanjuju tro\u0161kove kapitala\u201c, podvla\u010di WindEurope.<\/p>\n","protected":false},"excerpt":{"rendered":"<p>Evropa je na putu da ostvari rekordnu godinu s novim vetroelektranama, s pu\u0161tanjem u rad 8,8 gigavata u prvih \u0161est meseci i intenzivnim aktivnostima u me\u0111uvremenu, tvrdi WindEurope<\/p>\n","protected":false},"author":27,"featured_media":95784,"comment_status":"open","ping_status":"open","sticky":false,"template":"","format":"standard","meta":{"_acf_changed":false,"_seopress_titles_title":"Izgradnja vetroelektrana u Evropi \u0107e 2026. biti rekordna, ali zakonski okvir mora da se unapredi","_seopress_titles_desc":"Evropa je na putu da ostvari rekordnu godinu s novim vetroelektranama, s pu\u0161tanjem u rad 8,8 gigavata u prvih \u0161est meseci i intenzivnim aktivnostima u me\u0111uvremenu, tvrdi WindEurope.","_seopress_robots_index":"","_seopress_robots_follow":"","_seopress_robots_imageindex":"","_seopress_robots_snippet":"","_seopress_robots_primary_cat":"7465","_seopress_robots_breadcrumbs":"","_seopress_robots_freeze_modified_date":"","_seopress_robots_custom_modified_date":"","_seopress_robots_canonical":"","_seopress_social_fb_title":"","_seopress_social_fb_desc":"","_seopress_social_fb_img":"","_seopress_social_fb_img_attachment_id":0,"_seopress_social_fb_img_width":0,"_seopress_social_fb_img_height":0,"_seopress_social_twitter_title":"","_seopress_social_twitter_desc":"","_seopress_social_twitter_img":"","_seopress_social_twitter_img_attachment_id":0,"_seopress_social_twitter_img_width":0,"_seopress_social_twitter_img_height":0,"_seopress_redirections_value":"","_seopress_redirections_enabled":"","_seopress_redirections_enabled_regex":"","_seopress_redirections_logged_status":"","_seopress_redirections_param":"","_seopress_redirections_type":0,"_seopress_analysis_target_kw":"WindEurope","_seopress_news_disabled":"","_seopress_video_disabled":"","_seopress_video":[],"_seopress_pro_schemas_manual":[],"_seopress_pro_rich_snippets_disable_all":"","_seopress_pro_rich_snippets_disable":[],"_seopress_pro_schemas":[],"_monsterinsights_skip_tracking":false,"footnotes":""},"categories":[504,7465,1],"tags":[4908,6139,669,647,1109,7400,441,2341,5932,2345],"class_list":["post-95780","post","type-post","status-publish","format-standard","has-post-thumbnail","hentry","category-elektricna-energija","category-energija-vetra","category-obnovljivi-izvori-energije","tag-aukcije-za-oie","tag-cfd","tag-elektricna-energija","tag-obnovljivi-izvori-energije","tag-subvencije","tag-tinne-van-der-straeten","tag-vestas","tag-vetroelektrane","tag-vetroelektrane-na-vodi","tag-windeurope","country-regioneu"],"acf":[],"_links":{"self":[{"href":"https:\/\/balkangreenenergynews.com\/rs\/wp-json\/wp\/v2\/posts\/95780","targetHints":{"allow":["GET"]}}],"collection":[{"href":"https:\/\/balkangreenenergynews.com\/rs\/wp-json\/wp\/v2\/posts"}],"about":[{"href":"https:\/\/balkangreenenergynews.com\/rs\/wp-json\/wp\/v2\/types\/post"}],"author":[{"embeddable":true,"href":"https:\/\/balkangreenenergynews.com\/rs\/wp-json\/wp\/v2\/users\/27"}],"replies":[{"embeddable":true,"href":"https:\/\/balkangreenenergynews.com\/rs\/wp-json\/wp\/v2\/comments?post=95780"}],"version-history":[{"count":2,"href":"https:\/\/balkangreenenergynews.com\/rs\/wp-json\/wp\/v2\/posts\/95780\/revisions"}],"predecessor-version":[{"id":95785,"href":"https:\/\/balkangreenenergynews.com\/rs\/wp-json\/wp\/v2\/posts\/95780\/revisions\/95785"}],"wp:featuredmedia":[{"embeddable":true,"href":"https:\/\/balkangreenenergynews.com\/rs\/wp-json\/wp\/v2\/media\/95784"}],"wp:attachment":[{"href":"https:\/\/balkangreenenergynews.com\/rs\/wp-json\/wp\/v2\/media?parent=95780"}],"wp:term":[{"taxonomy":"category","embeddable":true,"href":"https:\/\/balkangreenenergynews.com\/rs\/wp-json\/wp\/v2\/categories?post=95780"},{"taxonomy":"post_tag","embeddable":true,"href":"https:\/\/balkangreenenergynews.com\/rs\/wp-json\/wp\/v2\/tags?post=95780"}],"curies":[{"name":"wp","href":"https:\/\/api.w.org\/{rel}","templated":true}]}}