{"id":95762,"date":"2026-08-31T15:35:05","date_gmt":"2026-08-31T13:35:05","guid":{"rendered":"https:\/\/balkangreenenergynews.com\/rs\/?p=95762"},"modified":"2026-08-31T15:35:05","modified_gmt":"2026-08-31T13:35:05","slug":"albanija-planira-vetropark-na-mestu-tek-izgorele-sume","status":"publish","type":"post","link":"https:\/\/balkangreenenergynews.com\/rs\/albanija-planira-vetropark-na-mestu-tek-izgorele-sume\/","title":{"rendered":"Albanija planira vetropark na mestu tek izgorele \u0161ume"},"content":{"rendered":"<h2>Jo\u0161 dok je po\u017ear gutao \u0161umu kod Puke u severnoj Albaniji, ta op\u0161tina je zakazala javne rasprave za projekat vetroelektrane koja bi bila izgra\u0111ena upravo u pogo\u0111enom podru\u010dju. Ranije je ispostava kompanije Supernova Green Energy nameravala da izgradi takvo postrojenje.<\/h2>\n<p>Vi\u0161e desetina \u0161umskih po\u017eara opusto\u0161ilo je delove Albanije ovog leta. Zahvatili su i delove op\u0161tina Puka i Fu\u0161a-Arez na severu, primorav\u0161i jedan broj stanovnika da napuste svoje domove. Tokom \u0161umskih po\u017eara na obli\u017enjim planinama Terbun i Gojan, lokalna vlast u Puki najavila je javne rasprave o predlogu za vetropark upravo u pogo\u0111enom podru\u010dju, preneli su albanski mediji.<\/p>\n<p>Poziv je objavljen 20. avgusta, za seriju sastanaka sa stanovnicima zakazanih za 9. i 10. septembar. Pre ove najave, pojedini gra\u0111ani su se \u017ealili da su institucije prekasno reagovale na \u0161umski po\u017ear. Sada su ogor\u010deni odabirom trenutka, a i pojavile su se spekulacije da bi po\u017ear mogao biti povezan sa projektom.<\/p>\n<p>Me\u0111utim, jedna javna rasprava je ve\u0107 odr\u017eana, krajem aprila, bele\u017ei <a href=\"https:\/\/citizens.al\/en\/2026\/08\/20\/Puka-under-fire-from-four--evacuation-of-residents-begins-in-Gojan\/\">Citizens.al.<\/a> Za mogu\u0107u investiciju bi bilo potrebno 28,6 hektara lokalne \u0161ume. Obuhva\u0107ene su oblasti Terbun, Livad-Hamez, Ku\u017enen, Gojan-\u0160koza i Gomsiqe.<\/p>\n<h3>Kompanija planirala dva vetroparka u severnoj Albaniji<\/h3>\n<p>Firma pod nazivom Wind Stream, uga\u0161ena pre dve godine, radila je na svom projektu vetroparka T\u00ebrbun u istom podru\u010dju.<\/p>\n<p>Podaci Regulatorne agencije za energetiku (ERE) pokazuju da bi mu kapacitet iznosio 158,4 megavata. Preduze\u0107e je 2023. godine podnelo zahtev za priklju\u010dak na mre\u017eu. Vlasnik mu je bila Supernova Green Energy, pokazuju podaci iz privrednog registra QKB.<\/p>\n<p>Ova kompanija sa sedi\u0161tem u Austriji je preko istog dru\u0161tva sa posebnom namenom tako\u0111e radila na projektu vetroparka Sheldije od 50,4 megavata. Lokacija je tako\u0111e u okrugu Skadar.<\/p>\n<h3>Aktivista tvrdi da se planine pale zbog vetroelektrana, solara i gra\u0111evinskih projekata<\/h3>\n<p>Jedan kontroverzni projekat luksuznog odmarali\u0161ta u za\u0161ti\u0107enom obalskom podru\u010dju pokrenuo je ove godine takozvanu <a href=\"https:\/\/balkangreenenergynews.com\/rs\/flamingo-revolucija-u-albaniji-zbog-luksuznog-projekta-trampovog-zeta\/\">Flamingo revoluciju.<\/a> Protesti sa zahtevom da vlada podnese ostavku odr\u017eavaju se svakog dana ve\u0107 tri meseca.<\/p>\n<p>Na ju\u010dera\u0161njem okupljanju, aktivista Arben Kolja optu\u017eio je vlasti za prikrivanje finansijskih i oligarhijskih interesa po\u017earima. Po njegovoj tvrdnji, planine se pale zbog vetroagregata, solarnih elektrana i gra\u0111evinskih projekata.<\/p>\n<p>\u0160panija, Italija i <a href=\"https:\/\/balkangreenenergynews.com\/wildfire-in-greece-sparks-nation-wide-wind-farm-investigation\/\">Gr\u010dka<\/a> su uvele zabrane izgradnje vetroparkova na izgorelim podru\u010djima kako bi spre\u010dile namerno podmetanje po\u017eara u \u0161umama radi takvih projekata, a istovremeno da suzbiju teorije zavere.<\/p>\n<p>U Albaniji jo\u0161 uvek nema <a href=\"https:\/\/balkangreenenergynews.com\/rs\/albanija-dozvolila-elektrane-na-obnovljive-izvore-na-poljoprivrednom-zemljistu\/\">nijedne operativne vetroelektrane.<\/a><\/p>\n","protected":false},"excerpt":{"rendered":"<p>Dok je po\u017ear gutao \u0161umu kod Puke u severnoj Albaniji, ta op\u0161tina je zakazala javne rasprave za projekat vetroelektrane koja bi bila izgra\u0111ena upravo u pogo\u0111enom podru\u010dju<\/p>\n","protected":false},"author":27,"featured_media":95765,"comment_status":"open","ping_status":"open","sticky":false,"template":"","format":"standard","meta":{"_acf_changed":false,"_seopress_titles_title":"Albanija planira vetropark na mestu tek izgorele \u0161ume","_seopress_titles_desc":"Dok je po\u017ear gutao \u0161umu kod Puke u severnoj Albaniji, ta op\u0161tina je zakazala javne rasprave za projekat vetroelektrane koja bi bila izgra\u0111ena upravo u pogo\u0111enom podru\u010dju.","_seopress_robots_index":"","_seopress_robots_follow":"","_seopress_robots_imageindex":"","_seopress_robots_snippet":"","_seopress_robots_primary_cat":"4","_seopress_robots_breadcrumbs":"","_seopress_robots_freeze_modified_date":"","_seopress_robots_custom_modified_date":"","_seopress_robots_canonical":"","_seopress_social_fb_title":"","_seopress_social_fb_desc":"","_seopress_social_fb_img":"","_seopress_social_fb_img_attachment_id":0,"_seopress_social_fb_img_width":0,"_seopress_social_fb_img_height":0,"_seopress_social_twitter_title":"","_seopress_social_twitter_desc":"","_seopress_social_twitter_img":"","_seopress_social_twitter_img_attachment_id":0,"_seopress_social_twitter_img_width":0,"_seopress_social_twitter_img_height":0,"_seopress_redirections_value":"","_seopress_redirections_enabled":"","_seopress_redirections_enabled_regex":"","_seopress_redirections_logged_status":"","_seopress_redirections_param":"","_seopress_redirections_type":0,"_seopress_analysis_target_kw":"","_seopress_news_disabled":"","_seopress_video_disabled":"","_seopress_video":[],"_seopress_pro_schemas_manual":[],"_seopress_pro_rich_snippets_disable_all":"","_seopress_pro_rich_snippets_disable":[],"_seopress_pro_schemas":[],"_monsterinsights_skip_tracking":false,"footnotes":""},"categories":[504,7465,1,4],"tags":[669,647,6614,2341,5921],"class_list":["post-95762","post","type-post","status-publish","format-standard","has-post-thumbnail","hentry","category-elektricna-energija","category-energija-vetra","category-obnovljivi-izvori-energije","category-zivotna-sredina-i-klima","tag-elektricna-energija","tag-obnovljivi-izvori-energije","tag-pozari","tag-vetroelektrane","tag-zivotna-sredina","country-albanija"],"acf":[],"_links":{"self":[{"href":"https:\/\/balkangreenenergynews.com\/rs\/wp-json\/wp\/v2\/posts\/95762","targetHints":{"allow":["GET"]}}],"collection":[{"href":"https:\/\/balkangreenenergynews.com\/rs\/wp-json\/wp\/v2\/posts"}],"about":[{"href":"https:\/\/balkangreenenergynews.com\/rs\/wp-json\/wp\/v2\/types\/post"}],"author":[{"embeddable":true,"href":"https:\/\/balkangreenenergynews.com\/rs\/wp-json\/wp\/v2\/users\/27"}],"replies":[{"embeddable":true,"href":"https:\/\/balkangreenenergynews.com\/rs\/wp-json\/wp\/v2\/comments?post=95762"}],"version-history":[{"count":1,"href":"https:\/\/balkangreenenergynews.com\/rs\/wp-json\/wp\/v2\/posts\/95762\/revisions"}],"predecessor-version":[{"id":95766,"href":"https:\/\/balkangreenenergynews.com\/rs\/wp-json\/wp\/v2\/posts\/95762\/revisions\/95766"}],"wp:featuredmedia":[{"embeddable":true,"href":"https:\/\/balkangreenenergynews.com\/rs\/wp-json\/wp\/v2\/media\/95765"}],"wp:attachment":[{"href":"https:\/\/balkangreenenergynews.com\/rs\/wp-json\/wp\/v2\/media?parent=95762"}],"wp:term":[{"taxonomy":"category","embeddable":true,"href":"https:\/\/balkangreenenergynews.com\/rs\/wp-json\/wp\/v2\/categories?post=95762"},{"taxonomy":"post_tag","embeddable":true,"href":"https:\/\/balkangreenenergynews.com\/rs\/wp-json\/wp\/v2\/tags?post=95762"}],"curies":[{"name":"wp","href":"https:\/\/api.w.org\/{rel}","templated":true}]}}