{"id":9516,"date":"2016-10-14T23:33:10","date_gmt":"2016-10-14T21:33:10","guid":{"rendered":"http:\/\/balkangreenenergynews.com\/rs\/?p=9516"},"modified":"2018-12-05T10:35:33","modified_gmt":"2018-12-05T09:35:33","slug":"epcg-eps-razgovarali-o-nastavku-projekta-komarnica","status":"publish","type":"post","link":"https:\/\/balkangreenenergynews.com\/rs\/epcg-eps-razgovarali-o-nastavku-projekta-komarnica\/","title":{"rendered":"EPCG i EPS razgovarali o nastavku projekta HE Komarnica"},"content":{"rendered":"<p>U planu za srednji tok kanjona Komarnice u Crnoj Gori je da se izgradi hidroelektrana (HE) Komarnica od 170 MW. Projekat za postrojenje predvi\u0111a proizvodnju 200 GWh elektri\u010dne energije \u00a0godi\u0161nje. Predstavnici Elektroprivrede Crne Gore (EPCG) razgovarali su o realizaciji s predstavnicima Elektroprivrede Srbije (EPS), partnerske kompanije, pre nekoliko dana u Beogradu.<\/p>\n<p>Predsednik upravnog odbora crnogorskog energetskog sistema Sr\u0111an Kova\u010devi\u0107 i \u010dlan tela Ranko Milovi\u0107 sastali su se s vr\u0161iocem du\u017enosti generalnog direktora EPS-a Miloradem Gr\u010di\u0107em, direktorima sektor\u00e2 Aleksandarom Jakovljevi\u0107em i Vladimirom Markovi\u0107em i Marinom Andrija\u0161evi\u0107 iz Ministarstva rudarstva i energetike Srbije, saop\u0161tio je EPCG.<\/p>\n<p>Dogovoreno je formiranje radne grupe i da se se slede\u0107e godine usklade odredbe aneksa originalnog ugovora o implementaciji za Komarnicu kao i da se pripremi dokumentacija.<\/p>\n<p>Projekat HE &#8222;Komarnica&#8220; je prvobitno predstavljen 1972. godine sa osnovnom idejom da obezbedi vr\u0161nu energiju za elektri\u010dnu mre\u017eu. Rezultati istra\u017eivanja iz osamdesetih godina pro\u0161log veka pokazali su obe\u0107avaju\u0107i potencijal. Vlada Crne Gore je 2012. usvojila nacrt plana za reku Komarnicu kao deo \u0161ire Strategije razvoja energetike Crne Gore do 2025. godine.<\/p>\n<h3>\u00a0<strong>Zabrinutost za \u017eivotnu sredinu<\/strong><\/h3>\n<p>Prema ovoj strategiji, projekat ne bi trebalo da uti\u010de na naseljena podru\u010dja niti da ugrozi industrijske objekte, prirodne lepote i kulturnu ba\u0161tinu i treba da obezbedi \u010dist izvor energije i pomogne razvoj lokalne zajednice. Glavni argument je bio da bi u slu\u010daju poplave samo nepristupa\u010dni delovi kanjona Komarnice bili ugro\u017eeni. Lokalne vlasti su imale razli\u010dita mi\u0161ljenja, pa je Op\u0161tina Plu\u017eine podr\u017eavala projekat, dok se obli\u017enja Op\u0161tina \u0160avnik suprotstavila ideji. Pojedine nevladine organizacije iz Crne Gore kao \u0161to su Green Home i &#8222;Ozon&#8220; su se sna\u017eno protivile ideji jer je detaljni prostorni plan pretpostavljao izgradnju vi\u0161e od 17 brana, koje bi sigurno dovele do masovnog plavljenja podru\u010dja, mogu\u0107i gubitak pojedinih vrsta kao i nasilno preseljenje vi\u0161e od hiljadu ljudi. Nakon ovog pritiska, Vlada Crne Gore primorana je da izvr\u0161i temeljniju i dublju kvalitativnu procenu ekolo\u0161kog uticaja projekta na \u017eivotnu sredinu.<\/p>\n<h3><strong>Studije tek treba da potvrde izvodljivost projekta<\/strong><\/h3>\n<p>Godine 2013. vesti o potencijalnim geolo\u0161kim problemima navele su investitore koji su izrazili interesovanje da privremeno obustave planove: Sinohidro (Sinohydro Corp. Ltd.) i Norinko (Norinco International Cooperation Ltd.) iz Kine, kao i vlade Slovenije i Turske.<\/p>\n<p>EPCG i EPS su se obavezali da obezbede potencijalnim investitorima svu relevantnu dokumentaciju. Investitori \u0107e imati potpuni uvid u teku\u0107u dokumentaciju kao i u studije koje \u0107e uskoro biti kompletirane: istra\u017eiva\u010dku \u2013 o in\u017eenjerskoj geologiji i hidrogeologiji, i foto-geolo\u0161ku studiju. Nekoliko zna\u010dajnijih institucija iz regiona radilo je na analizi projekta. To su Elektroprojekt iz Ljubljane, Energoprojekt iz Beograda, Institut za gra\u0111evinski materijal, geotehniku i hemijske analize iz Nik\u0161i\u0107a, Institut za geolo\u0161ka istra\u017eivanja Crne Gore, Institut za vodoprivredu \u201eJaroslav \u010cerni\u201c iz Beograda, Hidrometeorolo\u0161ki zavod Crne Gore i Energoprojekt Hidroin\u017eenjering iz Beograda.<\/p>\n<p>Projekat HE &#8222;Komarnica&#8220; ima ogroman zna\u010daj za zemlju. Investicija bi mogla da dostigne vi\u0161e od 240 miliona evra, a ministar ekonomije Crne Gore Vladimir Kavari\u0107 objasnio je pro\u0161le godine da vlada ne\u0107e davati dr\u017eavne garancije, ali da ostaje otvorena za sve finansijske aran\u017emane.<\/p>\n","protected":false},"excerpt":{"rendered":"<p>U planu za srednji tok kanjona Komarnice u Crnoj Gori je da se izgradi hidroelektrana&#8230;<\/p>\n","protected":false},"author":25,"featured_media":7572,"comment_status":"open","ping_status":"closed","sticky":false,"template":"","format":"standard","meta":{"_acf_changed":false,"_monsterinsights_skip_tracking":false,"_monsterinsights_sitenote_active":false,"_monsterinsights_sitenote_note":"","_monsterinsights_sitenote_category":0,"footnotes":""},"categories":[504,1],"tags":[189,190,839,313],"class_list":["post-9516","post","type-post","status-publish","format-standard","has-post-thumbnail","hentry","category-elektricna-energija","category-obnovljivi-izvori-energije","tag-epcg","tag-eps","tag-he-komarnica","tag-milorad-grcic","country-crna-gora"],"acf":[],"yoast_head":"<!-- This site is optimized with the Yoast SEO plugin v27.4 - https:\/\/yoast.com\/product\/yoast-seo-wordpress\/ -->\n<title>EPCG i EPS razgovarali o nastavku projekta HE Komarnica - Balkan Green Energy News<\/title>\n<meta name=\"robots\" content=\"index, follow, max-snippet:-1, max-image-preview:large, max-video-preview:-1\" \/>\n<link rel=\"canonical\" href=\"https:\/\/balkangreenenergynews.com\/rs\/epcg-eps-razgovarali-o-nastavku-projekta-komarnica\/\" \/>\n<meta property=\"og:locale\" content=\"sr_RS\" \/>\n<meta property=\"og:type\" content=\"article\" \/>\n<meta property=\"og:title\" content=\"EPCG i EPS razgovarali o nastavku projekta HE Komarnica - Balkan Green Energy News\" \/>\n<meta property=\"og:description\" content=\"U planu za srednji tok kanjona Komarnice u Crnoj Gori je da se izgradi hidroelektrana...\" \/>\n<meta property=\"og:url\" content=\"https:\/\/balkangreenenergynews.com\/rs\/epcg-eps-razgovarali-o-nastavku-projekta-komarnica\/\" \/>\n<meta property=\"og:site_name\" content=\"Balkan Green Energy News\" \/>\n<meta property=\"article:published_time\" content=\"2016-10-14T21:33:10+00:00\" \/>\n<meta property=\"article:modified_time\" content=\"2018-12-05T09:35:33+00:00\" \/>\n<meta property=\"og:image\" content=\"https:\/\/balkangreenenergynews.com\/rs\/wp-content\/uploads\/2016\/10\/EPCG-2.jpg\" \/>\n\t<meta property=\"og:image:width\" content=\"795\" \/>\n\t<meta property=\"og:image:height\" content=\"407\" \/>\n\t<meta property=\"og:image:type\" content=\"image\/jpeg\" \/>\n<meta name=\"author\" content=\"Balkan Green Energy News\" \/>\n<meta name=\"twitter:card\" content=\"summary_large_image\" \/>\n<meta name=\"twitter:label1\" content=\"\u041d\u0430\u043f\u0438\u0441\u0430\u043d\u043e \u043e\u0434\" \/>\n\t<meta name=\"twitter:data1\" content=\"Balkan Green Energy News\" \/>\n\t<meta name=\"twitter:label2\" content=\"\u041f\u0440\u043e\u0446\u0435\u045a\u0435\u043d\u043e \u0432\u0440\u0435\u043c\u0435 \u0447\u0438\u0442\u0430\u045a\u0430\" \/>\n\t<meta name=\"twitter:data2\" content=\"3 \u043c\u0438\u043d\u0443\u0442\u0430\" \/>\n<script type=\"application\/ld+json\" class=\"yoast-schema-graph\">{\"@context\":\"https:\\\/\\\/schema.org\",\"@graph\":[{\"@type\":\"Article\",\"@id\":\"https:\\\/\\\/balkangreenenergynews.com\\\/rs\\\/epcg-eps-razgovarali-o-nastavku-projekta-komarnica\\\/#article\",\"isPartOf\":{\"@id\":\"https:\\\/\\\/balkangreenenergynews.com\\\/rs\\\/epcg-eps-razgovarali-o-nastavku-projekta-komarnica\\\/\"},\"author\":{\"name\":\"Balkan Green Energy News\",\"@id\":\"https:\\\/\\\/balkangreenenergynews.com\\\/rs\\\/#\\\/schema\\\/person\\\/dee275e6036b1a0f7ceaf956d79d4eff\"},\"headline\":\"EPCG i EPS razgovarali o nastavku projekta HE Komarnica\",\"datePublished\":\"2016-10-14T21:33:10+00:00\",\"dateModified\":\"2018-12-05T09:35:33+00:00\",\"mainEntityOfPage\":{\"@id\":\"https:\\\/\\\/balkangreenenergynews.com\\\/rs\\\/epcg-eps-razgovarali-o-nastavku-projekta-komarnica\\\/\"},\"wordCount\":551,\"commentCount\":0,\"image\":{\"@id\":\"https:\\\/\\\/balkangreenenergynews.com\\\/rs\\\/epcg-eps-razgovarali-o-nastavku-projekta-komarnica\\\/#primaryimage\"},\"thumbnailUrl\":\"https:\\\/\\\/balkangreenenergynews.com\\\/rs\\\/wp-content\\\/uploads\\\/2016\\\/10\\\/EPCG-2.jpg?wsr\",\"keywords\":[\"EPCG\",\"EPS\",\"HE Komarnica\",\"Milorad Gr\u010di\u0107\"],\"articleSection\":[\"Elektri\u010dna energija\",\"OIE\"],\"inLanguage\":\"sr-RS\",\"potentialAction\":[{\"@type\":\"CommentAction\",\"name\":\"Comment\",\"target\":[\"https:\\\/\\\/balkangreenenergynews.com\\\/rs\\\/epcg-eps-razgovarali-o-nastavku-projekta-komarnica\\\/#respond\"]}]},{\"@type\":\"WebPage\",\"@id\":\"https:\\\/\\\/balkangreenenergynews.com\\\/rs\\\/epcg-eps-razgovarali-o-nastavku-projekta-komarnica\\\/\",\"url\":\"https:\\\/\\\/balkangreenenergynews.com\\\/rs\\\/epcg-eps-razgovarali-o-nastavku-projekta-komarnica\\\/\",\"name\":\"EPCG i EPS razgovarali o nastavku projekta HE Komarnica - Balkan Green Energy News\",\"isPartOf\":{\"@id\":\"https:\\\/\\\/balkangreenenergynews.com\\\/rs\\\/#website\"},\"primaryImageOfPage\":{\"@id\":\"https:\\\/\\\/balkangreenenergynews.com\\\/rs\\\/epcg-eps-razgovarali-o-nastavku-projekta-komarnica\\\/#primaryimage\"},\"image\":{\"@id\":\"https:\\\/\\\/balkangreenenergynews.com\\\/rs\\\/epcg-eps-razgovarali-o-nastavku-projekta-komarnica\\\/#primaryimage\"},\"thumbnailUrl\":\"https:\\\/\\\/balkangreenenergynews.com\\\/rs\\\/wp-content\\\/uploads\\\/2016\\\/10\\\/EPCG-2.jpg?wsr\",\"datePublished\":\"2016-10-14T21:33:10+00:00\",\"dateModified\":\"2018-12-05T09:35:33+00:00\",\"author\":{\"@id\":\"https:\\\/\\\/balkangreenenergynews.com\\\/rs\\\/#\\\/schema\\\/person\\\/dee275e6036b1a0f7ceaf956d79d4eff\"},\"breadcrumb\":{\"@id\":\"https:\\\/\\\/balkangreenenergynews.com\\\/rs\\\/epcg-eps-razgovarali-o-nastavku-projekta-komarnica\\\/#breadcrumb\"},\"inLanguage\":\"sr-RS\",\"potentialAction\":[{\"@type\":\"ReadAction\",\"target\":[\"https:\\\/\\\/balkangreenenergynews.com\\\/rs\\\/epcg-eps-razgovarali-o-nastavku-projekta-komarnica\\\/\"]}]},{\"@type\":\"ImageObject\",\"inLanguage\":\"sr-RS\",\"@id\":\"https:\\\/\\\/balkangreenenergynews.com\\\/rs\\\/epcg-eps-razgovarali-o-nastavku-projekta-komarnica\\\/#primaryimage\",\"url\":\"https:\\\/\\\/balkangreenenergynews.com\\\/rs\\\/wp-content\\\/uploads\\\/2016\\\/10\\\/EPCG-2.jpg?wsr\",\"contentUrl\":\"https:\\\/\\\/balkangreenenergynews.com\\\/rs\\\/wp-content\\\/uploads\\\/2016\\\/10\\\/EPCG-2.jpg?wsr\",\"width\":795,\"height\":407},{\"@type\":\"BreadcrumbList\",\"@id\":\"https:\\\/\\\/balkangreenenergynews.com\\\/rs\\\/epcg-eps-razgovarali-o-nastavku-projekta-komarnica\\\/#breadcrumb\",\"itemListElement\":[{\"@type\":\"ListItem\",\"position\":1,\"name\":\"Po\u010detna\",\"item\":\"https:\\\/\\\/balkangreenenergynews.com\\\/rs\\\/\"},{\"@type\":\"ListItem\",\"position\":2,\"name\":\"Vesti\",\"item\":\"https:\\\/\\\/balkangreenenergynews.com\\\/rs\\\/kategorija\\\/vesti\\\/\"},{\"@type\":\"ListItem\",\"position\":3,\"name\":\"OIE\",\"item\":\"https:\\\/\\\/balkangreenenergynews.com\\\/rs\\\/kategorija\\\/vesti\\\/obnovljivi-izvori-energije\\\/\"},{\"@type\":\"ListItem\",\"position\":4,\"name\":\"EPCG i EPS razgovarali o nastavku projekta HE Komarnica\"}]},{\"@type\":\"WebSite\",\"@id\":\"https:\\\/\\\/balkangreenenergynews.com\\\/rs\\\/#website\",\"url\":\"https:\\\/\\\/balkangreenenergynews.com\\\/rs\\\/\",\"name\":\"Balkan Green Energy News\",\"description\":\"Naj\u0161iri izbor vesti sa Balkana o zelenoj energiji\",\"potentialAction\":[{\"@type\":\"SearchAction\",\"target\":{\"@type\":\"EntryPoint\",\"urlTemplate\":\"https:\\\/\\\/balkangreenenergynews.com\\\/rs\\\/?s={search_term_string}\"},\"query-input\":{\"@type\":\"PropertyValueSpecification\",\"valueRequired\":true,\"valueName\":\"search_term_string\"}}],\"inLanguage\":\"sr-RS\"},{\"@type\":\"Person\",\"@id\":\"https:\\\/\\\/balkangreenenergynews.com\\\/rs\\\/#\\\/schema\\\/person\\\/dee275e6036b1a0f7ceaf956d79d4eff\",\"name\":\"Balkan Green Energy News\",\"url\":\"https:\\\/\\\/balkangreenenergynews.com\\\/rs\\\/author\\\/balkangreenenergynews\\\/\"}]}<\/script>\n<!-- \/ Yoast SEO plugin. -->","yoast_head_json":{"title":"EPCG i EPS razgovarali o nastavku projekta HE Komarnica - Balkan Green Energy News","robots":{"index":"index","follow":"follow","max-snippet":"max-snippet:-1","max-image-preview":"max-image-preview:large","max-video-preview":"max-video-preview:-1"},"canonical":"https:\/\/balkangreenenergynews.com\/rs\/epcg-eps-razgovarali-o-nastavku-projekta-komarnica\/","og_locale":"sr_RS","og_type":"article","og_title":"EPCG i EPS razgovarali o nastavku projekta HE Komarnica - Balkan Green Energy News","og_description":"U planu za srednji tok kanjona Komarnice u Crnoj Gori je da se izgradi hidroelektrana...","og_url":"https:\/\/balkangreenenergynews.com\/rs\/epcg-eps-razgovarali-o-nastavku-projekta-komarnica\/","og_site_name":"Balkan Green Energy News","article_published_time":"2016-10-14T21:33:10+00:00","article_modified_time":"2018-12-05T09:35:33+00:00","og_image":[{"width":795,"height":407,"url":"https:\/\/balkangreenenergynews.com\/rs\/wp-content\/uploads\/2016\/10\/EPCG-2.jpg","type":"image\/jpeg"}],"author":"Balkan Green Energy News","twitter_card":"summary_large_image","twitter_misc":{"\u041d\u0430\u043f\u0438\u0441\u0430\u043d\u043e \u043e\u0434":"Balkan Green Energy News","\u041f\u0440\u043e\u0446\u0435\u045a\u0435\u043d\u043e \u0432\u0440\u0435\u043c\u0435 \u0447\u0438\u0442\u0430\u045a\u0430":"3 \u043c\u0438\u043d\u0443\u0442\u0430"},"schema":{"@context":"https:\/\/schema.org","@graph":[{"@type":"Article","@id":"https:\/\/balkangreenenergynews.com\/rs\/epcg-eps-razgovarali-o-nastavku-projekta-komarnica\/#article","isPartOf":{"@id":"https:\/\/balkangreenenergynews.com\/rs\/epcg-eps-razgovarali-o-nastavku-projekta-komarnica\/"},"author":{"name":"Balkan Green Energy News","@id":"https:\/\/balkangreenenergynews.com\/rs\/#\/schema\/person\/dee275e6036b1a0f7ceaf956d79d4eff"},"headline":"EPCG i EPS razgovarali o nastavku projekta HE Komarnica","datePublished":"2016-10-14T21:33:10+00:00","dateModified":"2018-12-05T09:35:33+00:00","mainEntityOfPage":{"@id":"https:\/\/balkangreenenergynews.com\/rs\/epcg-eps-razgovarali-o-nastavku-projekta-komarnica\/"},"wordCount":551,"commentCount":0,"image":{"@id":"https:\/\/balkangreenenergynews.com\/rs\/epcg-eps-razgovarali-o-nastavku-projekta-komarnica\/#primaryimage"},"thumbnailUrl":"https:\/\/balkangreenenergynews.com\/rs\/wp-content\/uploads\/2016\/10\/EPCG-2.jpg?wsr","keywords":["EPCG","EPS","HE Komarnica","Milorad Gr\u010di\u0107"],"articleSection":["Elektri\u010dna energija","OIE"],"inLanguage":"sr-RS","potentialAction":[{"@type":"CommentAction","name":"Comment","target":["https:\/\/balkangreenenergynews.com\/rs\/epcg-eps-razgovarali-o-nastavku-projekta-komarnica\/#respond"]}]},{"@type":"WebPage","@id":"https:\/\/balkangreenenergynews.com\/rs\/epcg-eps-razgovarali-o-nastavku-projekta-komarnica\/","url":"https:\/\/balkangreenenergynews.com\/rs\/epcg-eps-razgovarali-o-nastavku-projekta-komarnica\/","name":"EPCG i EPS razgovarali o nastavku projekta HE Komarnica - Balkan Green Energy News","isPartOf":{"@id":"https:\/\/balkangreenenergynews.com\/rs\/#website"},"primaryImageOfPage":{"@id":"https:\/\/balkangreenenergynews.com\/rs\/epcg-eps-razgovarali-o-nastavku-projekta-komarnica\/#primaryimage"},"image":{"@id":"https:\/\/balkangreenenergynews.com\/rs\/epcg-eps-razgovarali-o-nastavku-projekta-komarnica\/#primaryimage"},"thumbnailUrl":"https:\/\/balkangreenenergynews.com\/rs\/wp-content\/uploads\/2016\/10\/EPCG-2.jpg?wsr","datePublished":"2016-10-14T21:33:10+00:00","dateModified":"2018-12-05T09:35:33+00:00","author":{"@id":"https:\/\/balkangreenenergynews.com\/rs\/#\/schema\/person\/dee275e6036b1a0f7ceaf956d79d4eff"},"breadcrumb":{"@id":"https:\/\/balkangreenenergynews.com\/rs\/epcg-eps-razgovarali-o-nastavku-projekta-komarnica\/#breadcrumb"},"inLanguage":"sr-RS","potentialAction":[{"@type":"ReadAction","target":["https:\/\/balkangreenenergynews.com\/rs\/epcg-eps-razgovarali-o-nastavku-projekta-komarnica\/"]}]},{"@type":"ImageObject","inLanguage":"sr-RS","@id":"https:\/\/balkangreenenergynews.com\/rs\/epcg-eps-razgovarali-o-nastavku-projekta-komarnica\/#primaryimage","url":"https:\/\/balkangreenenergynews.com\/rs\/wp-content\/uploads\/2016\/10\/EPCG-2.jpg?wsr","contentUrl":"https:\/\/balkangreenenergynews.com\/rs\/wp-content\/uploads\/2016\/10\/EPCG-2.jpg?wsr","width":795,"height":407},{"@type":"BreadcrumbList","@id":"https:\/\/balkangreenenergynews.com\/rs\/epcg-eps-razgovarali-o-nastavku-projekta-komarnica\/#breadcrumb","itemListElement":[{"@type":"ListItem","position":1,"name":"Po\u010detna","item":"https:\/\/balkangreenenergynews.com\/rs\/"},{"@type":"ListItem","position":2,"name":"Vesti","item":"https:\/\/balkangreenenergynews.com\/rs\/kategorija\/vesti\/"},{"@type":"ListItem","position":3,"name":"OIE","item":"https:\/\/balkangreenenergynews.com\/rs\/kategorija\/vesti\/obnovljivi-izvori-energije\/"},{"@type":"ListItem","position":4,"name":"EPCG i EPS razgovarali o nastavku projekta HE Komarnica"}]},{"@type":"WebSite","@id":"https:\/\/balkangreenenergynews.com\/rs\/#website","url":"https:\/\/balkangreenenergynews.com\/rs\/","name":"Balkan Green Energy News","description":"Naj\u0161iri izbor vesti sa Balkana o zelenoj energiji","potentialAction":[{"@type":"SearchAction","target":{"@type":"EntryPoint","urlTemplate":"https:\/\/balkangreenenergynews.com\/rs\/?s={search_term_string}"},"query-input":{"@type":"PropertyValueSpecification","valueRequired":true,"valueName":"search_term_string"}}],"inLanguage":"sr-RS"},{"@type":"Person","@id":"https:\/\/balkangreenenergynews.com\/rs\/#\/schema\/person\/dee275e6036b1a0f7ceaf956d79d4eff","name":"Balkan Green Energy News","url":"https:\/\/balkangreenenergynews.com\/rs\/author\/balkangreenenergynews\/"}]}},"_links":{"self":[{"href":"https:\/\/balkangreenenergynews.com\/rs\/wp-json\/wp\/v2\/posts\/9516","targetHints":{"allow":["GET"]}}],"collection":[{"href":"https:\/\/balkangreenenergynews.com\/rs\/wp-json\/wp\/v2\/posts"}],"about":[{"href":"https:\/\/balkangreenenergynews.com\/rs\/wp-json\/wp\/v2\/types\/post"}],"author":[{"embeddable":true,"href":"https:\/\/balkangreenenergynews.com\/rs\/wp-json\/wp\/v2\/users\/25"}],"replies":[{"embeddable":true,"href":"https:\/\/balkangreenenergynews.com\/rs\/wp-json\/wp\/v2\/comments?post=9516"}],"version-history":[{"count":0,"href":"https:\/\/balkangreenenergynews.com\/rs\/wp-json\/wp\/v2\/posts\/9516\/revisions"}],"wp:featuredmedia":[{"embeddable":true,"href":"https:\/\/balkangreenenergynews.com\/rs\/wp-json\/wp\/v2\/media\/7572"}],"wp:attachment":[{"href":"https:\/\/balkangreenenergynews.com\/rs\/wp-json\/wp\/v2\/media?parent=9516"}],"wp:term":[{"taxonomy":"category","embeddable":true,"href":"https:\/\/balkangreenenergynews.com\/rs\/wp-json\/wp\/v2\/categories?post=9516"},{"taxonomy":"post_tag","embeddable":true,"href":"https:\/\/balkangreenenergynews.com\/rs\/wp-json\/wp\/v2\/tags?post=9516"}],"curies":[{"name":"wp","href":"https:\/\/api.w.org\/{rel}","templated":true}]}}