{"id":91516,"date":"2026-04-30T15:49:09","date_gmt":"2026-04-30T13:49:09","guid":{"rendered":"https:\/\/balkangreenenergynews.com\/rs\/?p=91516"},"modified":"2026-04-30T17:00:39","modified_gmt":"2026-04-30T15:00:39","slug":"hibridna-vozila-pretekla-benzince-na-trzistu-u-srbiji","status":"publish","type":"post","link":"https:\/\/balkangreenenergynews.com\/rs\/hibridna-vozila-pretekla-benzince-na-trzistu-u-srbiji\/","title":{"rendered":"Hibridna vozila pretekla benzince na tr\u017ei\u0161tu u Srbiji"},"content":{"rendered":"<h2>Prodaja novih hibridnih vozila u Srbiji u prvom kvartalu godine pretekla je benzince, pokazala je analiza najnovijih podataka.<\/h2>\n<p>Hibridi kao pogonsko gorivo koriste benzin ili dizel i elektri\u010dnu energiju. U Srbiji se i ove godine <a href=\"https:\/\/balkangreenenergynews.com\/rs\/vlada-srbije-propisala-uslove-za-dobijanje-subvencija-za-elektricna-vozila\/\">dodeljuju subvencije za elektri\u010dna vozila<\/a>, ali za hibride se od 2024. ne mo\u017ee dobiti pomo\u0107 dr\u017eave.<\/p>\n<p>Trend rasta kori\u0161\u0107enja vozila na struju je ve\u0107 prime\u0107en u Evropi, a analiti\u010dari kao razlog vide poskupljenje goriva zbog rata na Bliskom istoku. Cena nafte Brent je pre po\u010detka rata, krajem februara, bila oko 70 dolara, a trenutno je ve\u0107a od 110 dolara. Tako su registracije elektri\u010dnih vozila na baterije <a href=\"https:\/\/balkangreenenergynews.com\/rs\/rat-pogurao-prodaju-elektricnih-vozila-u-evropi-rast-51-odsto\/\">porasle 51 odsto<\/a> u martu na 15 klju\u010dnih evropskih tr\u017ei\u0161ta.<\/p>\n<p>Da li se stvari menjaju i u Srbiji pokaza\u0107e vreme.<\/p>\n<p>Srpska asocijacija uvoznika vozila i delova je sada saop\u0161tila da je u prva tri meseca 2026. godine rast tr\u017ei\u0161ta novih automobila i lakih komercijalnih vozila veoma sna\u017ean.<\/p>\n<blockquote><p>Hibridi su imali udeo od 43 odsto<\/p><\/blockquote>\n<p>U prvom kvartalu u Srbiji je ukupno prvi put registrovano zajedno 8.120 novih putni\u010dkih automobila i lakih komercijalnih vozila. To je za 1.145 vi\u0161e nego u istom periodu 2025, \u0161to predstavlja rast od 16,42 odsto.<\/p>\n<p>Prvi put je registrovano 7.000 novih putni\u010dkih automobila (M1) \u0161to je u pore\u0111enju sa istim periodom 2025. vi\u0161e za 948 i pove\u0107anje od 15,66 odsto. Rast kod lakih komercijalnih vozila je 21,34 procenta. U 2025. je registrovano 923, a u ovoj godini 1.120 vozila.<\/p>\n<p>Asocijacija navodi da su kod novih putni\u010dkih vozila, ona sa hibridnim pogonom preuzela primat od benzinskih.<\/p>\n<p>U prvom kvartalu ove godine vozila sa benzinskim motorom imaju udeo od 42,03 odsto, a sve vrste hibrida 43,2 procenta. U odnosu na isti period pro\u0161le godine prodaja benzinskih modela pove\u0107ana je 8,8 odsto, a hibridnih 34,35 odsto.<\/p>\n<blockquote><p>Rast prodaje elektri\u010dnih vozila od 221 odsto, uz simboli\u010dan udeo<\/p><\/blockquote>\n<p>\u010cisto elektri\u010dnih, novih putni\u010dkih automobila registrovano je 138 \u0161to iznosi 1,97 odsto tr\u017ei\u0161ta. To je rast od 220,93 odsto u odnosu na prvi kvartal 2025.godine.<\/p>\n<p>Ina\u010de,\u00a0<a href=\"https:\/\/balkangreenenergynews.com\/rs\/naftno-gasni-sok-kostace-pet-puta-vise-vozace-automobila-na-benzin-nego-vlasnike-elektricnih-vozila\/\">analiza<\/a> od pre mesec dana pokazala je da \u0107e dodatni tro\u0161kovi vlasnika vozila na benzin u Evropi biti pet puta ve\u0107i nego tro\u0161kovi voza\u010da \u010detvoroto\u010dka\u0161a na struju zbog rasta cena nafte iznad 100 dolara.<\/p>\n<p>&#8222;I na na\u0161em tr\u017ei\u0161tu novih putni\u010dkih vozila, ba\u0161 kao i u EU, dizela\u0161i polako nestaju. Prvi put je registrovano 810 vozila sa ovim pogonom \u0161to je 11,57% tr\u017ei\u0161ta i pad u odnosu na 2025. od 10,10 odsto&#8220;, navela je Asocijacija.<\/p>\n<p>Ali, kod novih lakih komercijalnih vozila najzastupljeniji je dizel pogon sa 804 registrovane jedinice \u0161to je 71,79 tr\u017ei\u0161nog udela i rast od 23,69 odsto u odnosu na 2025. Na drugom mestu su benzinci sa 145 vozila, udelom od 12,95 odsto i rastom od 8,21 procenta.<\/p>\n","protected":false},"excerpt":{"rendered":"<p>Srpska asocijacija uvoznika vozila i delova ka\u017ee da je u prvom kvartalu rast tr\u017ei\u0161ta novih automobila i lakih komercijalnih vozila sna\u017ean<\/p>\n","protected":false},"author":23,"featured_media":91525,"comment_status":"open","ping_status":"open","sticky":false,"template":"","format":"standard","meta":{"_acf_changed":false,"_monsterinsights_skip_tracking":false,"_monsterinsights_sitenote_active":false,"_monsterinsights_sitenote_note":"","_monsterinsights_sitenote_category":0,"footnotes":""},"categories":[7,4],"tags":[707,2632,6179,1109],"class_list":["post-91516","post","type-post","status-publish","format-standard","has-post-thumbnail","hentry","category-mobilnost","category-zivotna-sredina","tag-elektricna-vozila","tag-hibridna-vozila","tag-srbija","tag-subvencije","country-srbija"],"acf":[],"yoast_head":"<!-- This site is optimized with the Yoast SEO plugin v27.4 - https:\/\/yoast.com\/product\/yoast-seo-wordpress\/ -->\n<title>Hibridna vozila pretekla benzince na tr\u017ei\u0161tu u Srbiji<\/title>\n<meta name=\"description\" content=\"Srpska asocijacija uvoznika vozila i delova ka\u017ee da je u prvom kvartalu rast tr\u017ei\u0161ta novih automobila i lakih komercijalnih vozila sna\u017ean\" \/>\n<meta name=\"robots\" content=\"index, follow, max-snippet:-1, max-image-preview:large, max-video-preview:-1\" \/>\n<link rel=\"canonical\" href=\"https:\/\/balkangreenenergynews.com\/rs\/hibridna-vozila-pretekla-benzince-na-trzistu-u-srbiji\/\" \/>\n<meta property=\"og:locale\" content=\"sr_RS\" \/>\n<meta property=\"og:type\" content=\"article\" \/>\n<meta property=\"og:title\" content=\"Hibridna vozila pretekla benzince na tr\u017ei\u0161tu u Srbiji\" \/>\n<meta property=\"og:description\" content=\"Srpska asocijacija uvoznika vozila i delova ka\u017ee da je u prvom kvartalu rast tr\u017ei\u0161ta novih automobila i lakih komercijalnih vozila sna\u017ean\" \/>\n<meta property=\"og:url\" content=\"https:\/\/balkangreenenergynews.com\/rs\/hibridna-vozila-pretekla-benzince-na-trzistu-u-srbiji\/\" \/>\n<meta property=\"og:site_name\" content=\"Balkan Green Energy News\" \/>\n<meta property=\"article:published_time\" content=\"2026-04-30T13:49:09+00:00\" \/>\n<meta property=\"article:modified_time\" content=\"2026-04-30T15:00:39+00:00\" \/>\n<meta property=\"og:image\" content=\"https:\/\/balkangreenenergynews.com\/rs\/wp-content\/uploads\/2026\/04\/srbija-hibridi-benzinci-kriza.jpg?wsr\" \/>\n\t<meta property=\"og:image:width\" content=\"840\" \/>\n\t<meta property=\"og:image:height\" content=\"430\" \/>\n\t<meta property=\"og:image:type\" content=\"image\/jpeg\" \/>\n<meta name=\"author\" content=\"Vladimir Spasi\u0107\" \/>\n<meta name=\"twitter:card\" content=\"summary_large_image\" \/>\n<meta name=\"twitter:label1\" content=\"\u041d\u0430\u043f\u0438\u0441\u0430\u043d\u043e \u043e\u0434\" \/>\n\t<meta name=\"twitter:data1\" content=\"Vladimir Spasi\u0107\" \/>\n\t<meta name=\"twitter:label2\" content=\"\u041f\u0440\u043e\u0446\u0435\u045a\u0435\u043d\u043e \u0432\u0440\u0435\u043c\u0435 \u0447\u0438\u0442\u0430\u045a\u0430\" \/>\n\t<meta name=\"twitter:data2\" content=\"3 \u043c\u0438\u043d\u0443\u0442\u0430\" \/>\n<script type=\"application\/ld+json\" class=\"yoast-schema-graph\">{\"@context\":\"https:\\\/\\\/schema.org\",\"@graph\":[{\"@type\":\"Article\",\"@id\":\"https:\\\/\\\/balkangreenenergynews.com\\\/rs\\\/hibridna-vozila-pretekla-benzince-na-trzistu-u-srbiji\\\/#article\",\"isPartOf\":{\"@id\":\"https:\\\/\\\/balkangreenenergynews.com\\\/rs\\\/hibridna-vozila-pretekla-benzince-na-trzistu-u-srbiji\\\/\"},\"author\":{\"name\":\"Vladimir Spasi\u0107\",\"@id\":\"https:\\\/\\\/balkangreenenergynews.com\\\/rs\\\/#\\\/schema\\\/person\\\/99dc721c46113fea22caffad06ef7317\"},\"headline\":\"Hibridna vozila pretekla benzince na tr\u017ei\u0161tu u Srbiji\",\"datePublished\":\"2026-04-30T13:49:09+00:00\",\"dateModified\":\"2026-04-30T15:00:39+00:00\",\"mainEntityOfPage\":{\"@id\":\"https:\\\/\\\/balkangreenenergynews.com\\\/rs\\\/hibridna-vozila-pretekla-benzince-na-trzistu-u-srbiji\\\/\"},\"wordCount\":463,\"commentCount\":0,\"image\":{\"@id\":\"https:\\\/\\\/balkangreenenergynews.com\\\/rs\\\/hibridna-vozila-pretekla-benzince-na-trzistu-u-srbiji\\\/#primaryimage\"},\"thumbnailUrl\":\"https:\\\/\\\/balkangreenenergynews.com\\\/rs\\\/wp-content\\\/uploads\\\/2026\\\/04\\\/srbija-hibridi-benzinci-kriza.jpg?wsr\",\"keywords\":[\"elektri\u010dna vozila\",\"hibridna vozila\",\"Srbija\",\"subvencije\"],\"articleSection\":[\"Mobilnost\",\"\u017divotna sredina\"],\"inLanguage\":\"sr-RS\",\"potentialAction\":[{\"@type\":\"CommentAction\",\"name\":\"Comment\",\"target\":[\"https:\\\/\\\/balkangreenenergynews.com\\\/rs\\\/hibridna-vozila-pretekla-benzince-na-trzistu-u-srbiji\\\/#respond\"]}]},{\"@type\":\"WebPage\",\"@id\":\"https:\\\/\\\/balkangreenenergynews.com\\\/rs\\\/hibridna-vozila-pretekla-benzince-na-trzistu-u-srbiji\\\/\",\"url\":\"https:\\\/\\\/balkangreenenergynews.com\\\/rs\\\/hibridna-vozila-pretekla-benzince-na-trzistu-u-srbiji\\\/\",\"name\":\"Hibridna vozila pretekla benzince na tr\u017ei\u0161tu u Srbiji\",\"isPartOf\":{\"@id\":\"https:\\\/\\\/balkangreenenergynews.com\\\/rs\\\/#website\"},\"primaryImageOfPage\":{\"@id\":\"https:\\\/\\\/balkangreenenergynews.com\\\/rs\\\/hibridna-vozila-pretekla-benzince-na-trzistu-u-srbiji\\\/#primaryimage\"},\"image\":{\"@id\":\"https:\\\/\\\/balkangreenenergynews.com\\\/rs\\\/hibridna-vozila-pretekla-benzince-na-trzistu-u-srbiji\\\/#primaryimage\"},\"thumbnailUrl\":\"https:\\\/\\\/balkangreenenergynews.com\\\/rs\\\/wp-content\\\/uploads\\\/2026\\\/04\\\/srbija-hibridi-benzinci-kriza.jpg?wsr\",\"datePublished\":\"2026-04-30T13:49:09+00:00\",\"dateModified\":\"2026-04-30T15:00:39+00:00\",\"author\":{\"@id\":\"https:\\\/\\\/balkangreenenergynews.com\\\/rs\\\/#\\\/schema\\\/person\\\/99dc721c46113fea22caffad06ef7317\"},\"description\":\"Srpska asocijacija uvoznika vozila i delova ka\u017ee da je u prvom kvartalu rast tr\u017ei\u0161ta novih automobila i lakih komercijalnih vozila sna\u017ean\",\"breadcrumb\":{\"@id\":\"https:\\\/\\\/balkangreenenergynews.com\\\/rs\\\/hibridna-vozila-pretekla-benzince-na-trzistu-u-srbiji\\\/#breadcrumb\"},\"inLanguage\":\"sr-RS\",\"potentialAction\":[{\"@type\":\"ReadAction\",\"target\":[\"https:\\\/\\\/balkangreenenergynews.com\\\/rs\\\/hibridna-vozila-pretekla-benzince-na-trzistu-u-srbiji\\\/\"]}]},{\"@type\":\"ImageObject\",\"inLanguage\":\"sr-RS\",\"@id\":\"https:\\\/\\\/balkangreenenergynews.com\\\/rs\\\/hibridna-vozila-pretekla-benzince-na-trzistu-u-srbiji\\\/#primaryimage\",\"url\":\"https:\\\/\\\/balkangreenenergynews.com\\\/rs\\\/wp-content\\\/uploads\\\/2026\\\/04\\\/srbija-hibridi-benzinci-kriza.jpg?wsr\",\"contentUrl\":\"https:\\\/\\\/balkangreenenergynews.com\\\/rs\\\/wp-content\\\/uploads\\\/2026\\\/04\\\/srbija-hibridi-benzinci-kriza.jpg?wsr\",\"width\":840,\"height\":430,\"caption\":\"srbija hibridi benzinci kriza\"},{\"@type\":\"BreadcrumbList\",\"@id\":\"https:\\\/\\\/balkangreenenergynews.com\\\/rs\\\/hibridna-vozila-pretekla-benzince-na-trzistu-u-srbiji\\\/#breadcrumb\",\"itemListElement\":[{\"@type\":\"ListItem\",\"position\":1,\"name\":\"Po\u010detna\",\"item\":\"https:\\\/\\\/balkangreenenergynews.com\\\/rs\\\/\"},{\"@type\":\"ListItem\",\"position\":2,\"name\":\"Vesti\",\"item\":\"https:\\\/\\\/balkangreenenergynews.com\\\/rs\\\/kategorija\\\/vesti\\\/\"},{\"@type\":\"ListItem\",\"position\":3,\"name\":\"Mobilnost\",\"item\":\"https:\\\/\\\/balkangreenenergynews.com\\\/rs\\\/kategorija\\\/vesti\\\/mobilnost\\\/\"},{\"@type\":\"ListItem\",\"position\":4,\"name\":\"Hibridna vozila pretekla benzince na tr\u017ei\u0161tu u Srbiji\"}]},{\"@type\":\"WebSite\",\"@id\":\"https:\\\/\\\/balkangreenenergynews.com\\\/rs\\\/#website\",\"url\":\"https:\\\/\\\/balkangreenenergynews.com\\\/rs\\\/\",\"name\":\"Balkan Green Energy News\",\"description\":\"Naj\u0161iri izbor vesti sa Balkana o zelenoj energiji\",\"potentialAction\":[{\"@type\":\"SearchAction\",\"target\":{\"@type\":\"EntryPoint\",\"urlTemplate\":\"https:\\\/\\\/balkangreenenergynews.com\\\/rs\\\/?s={search_term_string}\"},\"query-input\":{\"@type\":\"PropertyValueSpecification\",\"valueRequired\":true,\"valueName\":\"search_term_string\"}}],\"inLanguage\":\"sr-RS\"},{\"@type\":\"Person\",\"@id\":\"https:\\\/\\\/balkangreenenergynews.com\\\/rs\\\/#\\\/schema\\\/person\\\/99dc721c46113fea22caffad06ef7317\",\"name\":\"Vladimir Spasi\u0107\",\"url\":\"https:\\\/\\\/balkangreenenergynews.com\\\/rs\\\/author\\\/vladimir-spasic\\\/\"}]}<\/script>\n<!-- \/ Yoast SEO plugin. -->","yoast_head_json":{"title":"Hibridna vozila pretekla benzince na tr\u017ei\u0161tu u Srbiji","description":"Srpska asocijacija uvoznika vozila i delova ka\u017ee da je u prvom kvartalu rast tr\u017ei\u0161ta novih automobila i lakih komercijalnih vozila sna\u017ean","robots":{"index":"index","follow":"follow","max-snippet":"max-snippet:-1","max-image-preview":"max-image-preview:large","max-video-preview":"max-video-preview:-1"},"canonical":"https:\/\/balkangreenenergynews.com\/rs\/hibridna-vozila-pretekla-benzince-na-trzistu-u-srbiji\/","og_locale":"sr_RS","og_type":"article","og_title":"Hibridna vozila pretekla benzince na tr\u017ei\u0161tu u Srbiji","og_description":"Srpska asocijacija uvoznika vozila i delova ka\u017ee da je u prvom kvartalu rast tr\u017ei\u0161ta novih automobila i lakih komercijalnih vozila sna\u017ean","og_url":"https:\/\/balkangreenenergynews.com\/rs\/hibridna-vozila-pretekla-benzince-na-trzistu-u-srbiji\/","og_site_name":"Balkan Green Energy News","article_published_time":"2026-04-30T13:49:09+00:00","article_modified_time":"2026-04-30T15:00:39+00:00","og_image":[{"width":840,"height":430,"url":"https:\/\/balkangreenenergynews.com\/rs\/wp-content\/uploads\/2026\/04\/srbija-hibridi-benzinci-kriza.jpg?wsr","type":"image\/jpeg"}],"author":"Vladimir Spasi\u0107","twitter_card":"summary_large_image","twitter_misc":{"\u041d\u0430\u043f\u0438\u0441\u0430\u043d\u043e \u043e\u0434":"Vladimir Spasi\u0107","\u041f\u0440\u043e\u0446\u0435\u045a\u0435\u043d\u043e \u0432\u0440\u0435\u043c\u0435 \u0447\u0438\u0442\u0430\u045a\u0430":"3 \u043c\u0438\u043d\u0443\u0442\u0430"},"schema":{"@context":"https:\/\/schema.org","@graph":[{"@type":"Article","@id":"https:\/\/balkangreenenergynews.com\/rs\/hibridna-vozila-pretekla-benzince-na-trzistu-u-srbiji\/#article","isPartOf":{"@id":"https:\/\/balkangreenenergynews.com\/rs\/hibridna-vozila-pretekla-benzince-na-trzistu-u-srbiji\/"},"author":{"name":"Vladimir Spasi\u0107","@id":"https:\/\/balkangreenenergynews.com\/rs\/#\/schema\/person\/99dc721c46113fea22caffad06ef7317"},"headline":"Hibridna vozila pretekla benzince na tr\u017ei\u0161tu u Srbiji","datePublished":"2026-04-30T13:49:09+00:00","dateModified":"2026-04-30T15:00:39+00:00","mainEntityOfPage":{"@id":"https:\/\/balkangreenenergynews.com\/rs\/hibridna-vozila-pretekla-benzince-na-trzistu-u-srbiji\/"},"wordCount":463,"commentCount":0,"image":{"@id":"https:\/\/balkangreenenergynews.com\/rs\/hibridna-vozila-pretekla-benzince-na-trzistu-u-srbiji\/#primaryimage"},"thumbnailUrl":"https:\/\/balkangreenenergynews.com\/rs\/wp-content\/uploads\/2026\/04\/srbija-hibridi-benzinci-kriza.jpg?wsr","keywords":["elektri\u010dna vozila","hibridna vozila","Srbija","subvencije"],"articleSection":["Mobilnost","\u017divotna sredina"],"inLanguage":"sr-RS","potentialAction":[{"@type":"CommentAction","name":"Comment","target":["https:\/\/balkangreenenergynews.com\/rs\/hibridna-vozila-pretekla-benzince-na-trzistu-u-srbiji\/#respond"]}]},{"@type":"WebPage","@id":"https:\/\/balkangreenenergynews.com\/rs\/hibridna-vozila-pretekla-benzince-na-trzistu-u-srbiji\/","url":"https:\/\/balkangreenenergynews.com\/rs\/hibridna-vozila-pretekla-benzince-na-trzistu-u-srbiji\/","name":"Hibridna vozila pretekla benzince na tr\u017ei\u0161tu u Srbiji","isPartOf":{"@id":"https:\/\/balkangreenenergynews.com\/rs\/#website"},"primaryImageOfPage":{"@id":"https:\/\/balkangreenenergynews.com\/rs\/hibridna-vozila-pretekla-benzince-na-trzistu-u-srbiji\/#primaryimage"},"image":{"@id":"https:\/\/balkangreenenergynews.com\/rs\/hibridna-vozila-pretekla-benzince-na-trzistu-u-srbiji\/#primaryimage"},"thumbnailUrl":"https:\/\/balkangreenenergynews.com\/rs\/wp-content\/uploads\/2026\/04\/srbija-hibridi-benzinci-kriza.jpg?wsr","datePublished":"2026-04-30T13:49:09+00:00","dateModified":"2026-04-30T15:00:39+00:00","author":{"@id":"https:\/\/balkangreenenergynews.com\/rs\/#\/schema\/person\/99dc721c46113fea22caffad06ef7317"},"description":"Srpska asocijacija uvoznika vozila i delova ka\u017ee da je u prvom kvartalu rast tr\u017ei\u0161ta novih automobila i lakih komercijalnih vozila sna\u017ean","breadcrumb":{"@id":"https:\/\/balkangreenenergynews.com\/rs\/hibridna-vozila-pretekla-benzince-na-trzistu-u-srbiji\/#breadcrumb"},"inLanguage":"sr-RS","potentialAction":[{"@type":"ReadAction","target":["https:\/\/balkangreenenergynews.com\/rs\/hibridna-vozila-pretekla-benzince-na-trzistu-u-srbiji\/"]}]},{"@type":"ImageObject","inLanguage":"sr-RS","@id":"https:\/\/balkangreenenergynews.com\/rs\/hibridna-vozila-pretekla-benzince-na-trzistu-u-srbiji\/#primaryimage","url":"https:\/\/balkangreenenergynews.com\/rs\/wp-content\/uploads\/2026\/04\/srbija-hibridi-benzinci-kriza.jpg?wsr","contentUrl":"https:\/\/balkangreenenergynews.com\/rs\/wp-content\/uploads\/2026\/04\/srbija-hibridi-benzinci-kriza.jpg?wsr","width":840,"height":430,"caption":"srbija hibridi benzinci kriza"},{"@type":"BreadcrumbList","@id":"https:\/\/balkangreenenergynews.com\/rs\/hibridna-vozila-pretekla-benzince-na-trzistu-u-srbiji\/#breadcrumb","itemListElement":[{"@type":"ListItem","position":1,"name":"Po\u010detna","item":"https:\/\/balkangreenenergynews.com\/rs\/"},{"@type":"ListItem","position":2,"name":"Vesti","item":"https:\/\/balkangreenenergynews.com\/rs\/kategorija\/vesti\/"},{"@type":"ListItem","position":3,"name":"Mobilnost","item":"https:\/\/balkangreenenergynews.com\/rs\/kategorija\/vesti\/mobilnost\/"},{"@type":"ListItem","position":4,"name":"Hibridna vozila pretekla benzince na tr\u017ei\u0161tu u Srbiji"}]},{"@type":"WebSite","@id":"https:\/\/balkangreenenergynews.com\/rs\/#website","url":"https:\/\/balkangreenenergynews.com\/rs\/","name":"Balkan Green Energy News","description":"Naj\u0161iri izbor vesti sa Balkana o zelenoj energiji","potentialAction":[{"@type":"SearchAction","target":{"@type":"EntryPoint","urlTemplate":"https:\/\/balkangreenenergynews.com\/rs\/?s={search_term_string}"},"query-input":{"@type":"PropertyValueSpecification","valueRequired":true,"valueName":"search_term_string"}}],"inLanguage":"sr-RS"},{"@type":"Person","@id":"https:\/\/balkangreenenergynews.com\/rs\/#\/schema\/person\/99dc721c46113fea22caffad06ef7317","name":"Vladimir Spasi\u0107","url":"https:\/\/balkangreenenergynews.com\/rs\/author\/vladimir-spasic\/"}]}},"_links":{"self":[{"href":"https:\/\/balkangreenenergynews.com\/rs\/wp-json\/wp\/v2\/posts\/91516","targetHints":{"allow":["GET"]}}],"collection":[{"href":"https:\/\/balkangreenenergynews.com\/rs\/wp-json\/wp\/v2\/posts"}],"about":[{"href":"https:\/\/balkangreenenergynews.com\/rs\/wp-json\/wp\/v2\/types\/post"}],"author":[{"embeddable":true,"href":"https:\/\/balkangreenenergynews.com\/rs\/wp-json\/wp\/v2\/users\/23"}],"replies":[{"embeddable":true,"href":"https:\/\/balkangreenenergynews.com\/rs\/wp-json\/wp\/v2\/comments?post=91516"}],"version-history":[{"count":6,"href":"https:\/\/balkangreenenergynews.com\/rs\/wp-json\/wp\/v2\/posts\/91516\/revisions"}],"predecessor-version":[{"id":91533,"href":"https:\/\/balkangreenenergynews.com\/rs\/wp-json\/wp\/v2\/posts\/91516\/revisions\/91533"}],"wp:featuredmedia":[{"embeddable":true,"href":"https:\/\/balkangreenenergynews.com\/rs\/wp-json\/wp\/v2\/media\/91525"}],"wp:attachment":[{"href":"https:\/\/balkangreenenergynews.com\/rs\/wp-json\/wp\/v2\/media?parent=91516"}],"wp:term":[{"taxonomy":"category","embeddable":true,"href":"https:\/\/balkangreenenergynews.com\/rs\/wp-json\/wp\/v2\/categories?post=91516"},{"taxonomy":"post_tag","embeddable":true,"href":"https:\/\/balkangreenenergynews.com\/rs\/wp-json\/wp\/v2\/tags?post=91516"}],"curies":[{"name":"wp","href":"https:\/\/api.w.org\/{rel}","templated":true}]}}