{"id":91438,"date":"2026-04-28T01:42:49","date_gmt":"2026-04-27T23:42:49","guid":{"rendered":"https:\/\/balkangreenenergynews.com\/rs\/?p=91438"},"modified":"2026-04-28T01:42:49","modified_gmt":"2026-04-27T23:42:49","slug":"rajka-odletela-do-afrike","status":"publish","type":"post","link":"https:\/\/balkangreenenergynews.com\/rs\/rajka-odletela-do-afrike\/","title":{"rendered":"Rajka odletela do Afrike"},"content":{"rendered":"<h2>Prostor Srbije nastanjuje oko 350 vrsta ptica, a vi\u0161e 100 vrsta boravi u na\u0161oj zemlji tokom seoba ili zimovanja. Najbr\u017ea ptica koja se gnezdi u Srbiji je sivi soko, strogo za\u0161ti\u0107ena vrsta, koja u obru\u0161avanju na plen mo\u017ee da dostigne brzinu od 380 kilometara na \u010das. Prema du\u017eini leta, izdvaja se jedna ptica, beloglavi sup Rajka, koja je postavila rekord u du\u017eini putovanja.<\/h2>\n<p>Rajka je kum\u010de zaposlenih <a href=\"https:\/\/www.raiffeisenbank.rs\/sr\/stanovnistvo.html\"><strong>Raiffeisen banke,<\/strong><\/a> koja je, u\u010destvuju\u0107i u USAID projektu Zajedno za prirodu i u saradnji sa Fondacijom za za\u0161titu ptica grabljivica, pomogla markiranju te ptice, nastoje\u0107i da podigne svest o va\u017enosti za\u0161tite ugro\u017eenih vrsta. Ovu inicijativu pokrenula je Ameri\u010dka privredna komora u Srbiji (AmCham), a ima za cilj o\u010duvanje bogatstva biodiverziteta i promociju primera dobre prakse.<\/p>\n<p><a href=\"https:\/\/www.raiffeisenbank.rs\/sr\/news\/2025\/vesti\/beloglavi-sup-rajka-neverovatne-cinjenice-o-jednoj-ptici.html\"><strong>Beloglavi sup Rajka<\/strong><\/a> je tipi\u010dan pripadnik vrste specifi\u010dne po rasponu kila od skoro tri metra, na\u010dinu hranjenja i pronala\u017eenja plena, o\u0161trom vidu i u\u010destvovanju u takozvanim nebeskim sahranama (ekskarnaciji) u pojedinim delovima sveta.<\/p>\n<p>Rajka se, me\u0111utim, od svoje vrste razlikuje po specifi\u010dnom rekordu. Ona je prva ptica beloglavog supa za koju se pouzdano zna da je od Uvca stigla do Afrike.<\/p>\n<figure id=\"attachment_91440\" aria-describedby=\"caption-attachment-91440\" style=\"width: 807px\" class=\"wp-caption aligncenter\"><img loading=\"lazy\" decoding=\"async\" class=\"wp-image-91440\" src=\"https:\/\/balkangreenenergynews.com\/rs\/wp-content\/uploads\/2026\/04\/Sasa-Preradovic-Fondacija-za-zastitu-ptica-grabljivica-Rajka.jpg\" alt=\"Sasa Preradovic Fondacija za za\u0161titu ptica grabljivica Rajka\" width=\"807\" height=\"476\" srcset=\"https:\/\/balkangreenenergynews.com\/rs\/wp-content\/uploads\/2026\/04\/Sasa-Preradovic-Fondacija-za-zastitu-ptica-grabljivica-Rajka.jpg 840w, https:\/\/balkangreenenergynews.com\/rs\/wp-content\/uploads\/2026\/04\/Sasa-Preradovic-Fondacija-za-zastitu-ptica-grabljivica-Rajka-500x295.jpg 500w, https:\/\/balkangreenenergynews.com\/rs\/wp-content\/uploads\/2026\/04\/Sasa-Preradovic-Fondacija-za-zastitu-ptica-grabljivica-Rajka-768x453.jpg 768w, https:\/\/balkangreenenergynews.com\/rs\/wp-content\/uploads\/2026\/04\/Sasa-Preradovic-Fondacija-za-zastitu-ptica-grabljivica-Rajka-300x177.jpg 300w\" sizes=\"auto, (max-width: 807px) 100vw, 807px\" \/><figcaption id=\"caption-attachment-91440\" class=\"wp-caption-text\">Foto: Sa\u0161a Preradovi\u0107 \/ Fondacija za za\u0161titu ptica grabljivica<\/figcaption><\/figure>\n<p>Rajkino putovanje od Uvca do Sudana bilo je puno obrta, o \u010demu saznajemo zahvaljuju\u0107i oda\u0161ilja\u010du za satelitsko pra\u0107enje \u201cinstaliranom\u201d na njenim le\u0111ima.<\/p>\n<p>Otkad je krenula na put, oda\u0161ilja\u010d je prikazivao rute kojima je letela, od Uvca preko Bugarske, Turske, Sirije, Iraka, Jordana, Saudijske Arabije, Izraela, Sudana, sve do 27. novembra pro\u0161le godine.<\/p>\n<p>Tog dana prestaje da \u0161alje signal, negde u ju\u017enom Egiptu. Pretpostavka je bila da je uginula i da je udarila u dalekovod, \u0161to se neretko de\u0161ava beloglavim supovima tokom putovanja.<\/p>\n<figure id=\"attachment_91441\" aria-describedby=\"caption-attachment-91441\" style=\"width: 765px\" class=\"wp-caption aligncenter\"><img loading=\"lazy\" decoding=\"async\" class=\"wp-image-91441\" src=\"https:\/\/balkangreenenergynews.com\/rs\/wp-content\/uploads\/2026\/04\/Preradovic-Fondacija-za-zastitu-ptica-grabljivica.jpg\" alt=\"Preradovic Fondacija za zastitu ptica grabljivica\" width=\"765\" height=\"441\" srcset=\"https:\/\/balkangreenenergynews.com\/rs\/wp-content\/uploads\/2026\/04\/Preradovic-Fondacija-za-zastitu-ptica-grabljivica.jpg 840w, https:\/\/balkangreenenergynews.com\/rs\/wp-content\/uploads\/2026\/04\/Preradovic-Fondacija-za-zastitu-ptica-grabljivica-500x288.jpg 500w, https:\/\/balkangreenenergynews.com\/rs\/wp-content\/uploads\/2026\/04\/Preradovic-Fondacija-za-zastitu-ptica-grabljivica-768x443.jpg 768w, https:\/\/balkangreenenergynews.com\/rs\/wp-content\/uploads\/2026\/04\/Preradovic-Fondacija-za-zastitu-ptica-grabljivica-300x173.jpg 300w\" sizes=\"auto, (max-width: 765px) 100vw, 765px\" \/><figcaption id=\"caption-attachment-91441\" class=\"wp-caption-text\">Foto: Sa\u0161a Preradovi\u0107 \/ Fondacija za za\u0161titu ptica grabljivica<\/figcaption><\/figure>\n<p>Po\u010detkom marta 2026, me\u0111utim, signal sa satelitskog predajnika, odjednom po\u010dinje da isporu\u010duje sve rute kojima je letela.<\/p>\n<p>Pretpostavlja se da je bila \u201cnevidljiva\u201d jer u predelima Sudana kojima je letela nije bilo stabilne mre\u017ee.<\/p>\n<blockquote><p><img loading=\"lazy\" decoding=\"async\" class=\" wp-image-91442 aligncenter\" src=\"https:\/\/balkangreenenergynews.com\/rs\/wp-content\/uploads\/2026\/04\/Rajka-mapa-april-2026-500x251.jpg\" alt=\"Rajka - mapa april 2026\" width=\"747\" height=\"375\" srcset=\"https:\/\/balkangreenenergynews.com\/rs\/wp-content\/uploads\/2026\/04\/Rajka-mapa-april-2026-500x251.jpg 500w, https:\/\/balkangreenenergynews.com\/rs\/wp-content\/uploads\/2026\/04\/Rajka-mapa-april-2026-768x386.jpg 768w, https:\/\/balkangreenenergynews.com\/rs\/wp-content\/uploads\/2026\/04\/Rajka-mapa-april-2026-300x151.jpg 300w, https:\/\/balkangreenenergynews.com\/rs\/wp-content\/uploads\/2026\/04\/Rajka-mapa-april-2026.jpg 840w\" sizes=\"auto, (max-width: 747px) 100vw, 747px\" \/><\/p><\/blockquote>\n<p>Na socijalnim platformama pojavio se i snimak na kome se vidi da je uhva\u0107ena. Prevodilac Fondacije za za\u0161titu ptica grabljivica potvrdio je da ljudi na snimku govore da \u0107e je nahraniti i pustiti. To se i dogodilo, nakon \u010dega Rajka nastavlja putovanje.<\/p>\n<p>Preletela je 10 zemalja i celo Arabijsko poluostrvo. Jedini je sup za kog znamo da je preleteo toliko kilometara i koji je toliko voleo putovanja.<\/p>\n<p>Rajka se sada vra\u0107a ku\u0107i, zajedno sa hiljadama belih roda i \u017edralova. O\u010dekujemo njen povratak u Uvac.<\/p>\n","protected":false},"excerpt":{"rendered":"<p>Beloglavi sup Rajka je tipi\u010dan pripadnik vrste specifi\u010dne po rasponu kila od skoro tri metra, na\u010dinu hranjenja i pronala\u017eenja plena, o\u0161trom vidu i u\u010destvovanju u takozvanim nebeskim sahranama<\/p>\n","protected":false},"author":25,"featured_media":91439,"comment_status":"open","ping_status":"open","sticky":false,"template":"","format":"standard","meta":{"_acf_changed":false,"_monsterinsights_skip_tracking":false,"_monsterinsights_sitenote_active":false,"_monsterinsights_sitenote_note":"","_monsterinsights_sitenote_category":0,"footnotes":""},"categories":[5253,4],"tags":[1739,5297,5921],"class_list":["post-91438","post","type-post","status-publish","format-standard","has-post-thumbnail","hentry","category-biodiverzitet","category-zivotna-sredina","tag-biodiverzitet","tag-ptice","tag-zivotna-sredina","country-regioneu","country-srbija"],"acf":[],"yoast_head":"<!-- This site is optimized with the Yoast SEO plugin v27.4 - https:\/\/yoast.com\/product\/yoast-seo-wordpress\/ -->\n<title>Rajka odletela do Afrike<\/title>\n<meta name=\"description\" content=\"Beloglavi sup Rajka je tipi\u010dan pripadnik vrste specifi\u010dne po rasponu kila od skoro tri metra, na\u010dinu hranjenja i pronala\u017eenja plena, o\u0161trom vidu i u\u010destvovanju u takozvanim nebeskim sahranama.\" \/>\n<meta name=\"robots\" content=\"index, follow, max-snippet:-1, max-image-preview:large, max-video-preview:-1\" \/>\n<link rel=\"canonical\" href=\"https:\/\/balkangreenenergynews.com\/rs\/rajka-odletela-do-afrike\/\" \/>\n<meta property=\"og:locale\" content=\"sr_RS\" \/>\n<meta property=\"og:type\" content=\"article\" \/>\n<meta property=\"og:title\" content=\"Rajka odletela do Afrike\" \/>\n<meta property=\"og:description\" content=\"Beloglavi sup Rajka je tipi\u010dan pripadnik vrste specifi\u010dne po rasponu kila od skoro tri metra, na\u010dinu hranjenja i pronala\u017eenja plena, o\u0161trom vidu i u\u010destvovanju u takozvanim nebeskim sahranama.\" \/>\n<meta property=\"og:url\" content=\"https:\/\/balkangreenenergynews.com\/rs\/rajka-odletela-do-afrike\/\" \/>\n<meta property=\"og:site_name\" content=\"Balkan Green Energy News\" \/>\n<meta property=\"article:published_time\" content=\"2026-04-27T23:42:49+00:00\" \/>\n<meta property=\"og:image\" content=\"https:\/\/balkangreenenergynews.com\/rs\/wp-content\/uploads\/2026\/04\/Rajka-odletela-do-Afrike-raiffeisen-AmCham-Fondacija-za-zastitu-ptica-grabljivica.jpg?wsr\" \/>\n\t<meta property=\"og:image:width\" content=\"840\" \/>\n\t<meta property=\"og:image:height\" content=\"430\" \/>\n\t<meta property=\"og:image:type\" content=\"image\/jpeg\" \/>\n<meta name=\"author\" content=\"Balkan Green Energy News\" \/>\n<meta name=\"twitter:card\" content=\"summary_large_image\" \/>\n<meta name=\"twitter:label1\" content=\"\u041d\u0430\u043f\u0438\u0441\u0430\u043d\u043e \u043e\u0434\" \/>\n\t<meta name=\"twitter:data1\" content=\"Balkan Green Energy News\" \/>\n\t<meta name=\"twitter:label2\" content=\"\u041f\u0440\u043e\u0446\u0435\u045a\u0435\u043d\u043e \u0432\u0440\u0435\u043c\u0435 \u0447\u0438\u0442\u0430\u045a\u0430\" \/>\n\t<meta name=\"twitter:data2\" content=\"3 \u043c\u0438\u043d\u0443\u0442\u0430\" \/>\n<script type=\"application\/ld+json\" class=\"yoast-schema-graph\">{\"@context\":\"https:\\\/\\\/schema.org\",\"@graph\":[{\"@type\":\"Article\",\"@id\":\"https:\\\/\\\/balkangreenenergynews.com\\\/rs\\\/rajka-odletela-do-afrike\\\/#article\",\"isPartOf\":{\"@id\":\"https:\\\/\\\/balkangreenenergynews.com\\\/rs\\\/rajka-odletela-do-afrike\\\/\"},\"author\":{\"name\":\"Balkan Green Energy News\",\"@id\":\"https:\\\/\\\/balkangreenenergynews.com\\\/rs\\\/#\\\/schema\\\/person\\\/dee275e6036b1a0f7ceaf956d79d4eff\"},\"headline\":\"Rajka odletela do Afrike\",\"datePublished\":\"2026-04-27T23:42:49+00:00\",\"mainEntityOfPage\":{\"@id\":\"https:\\\/\\\/balkangreenenergynews.com\\\/rs\\\/rajka-odletela-do-afrike\\\/\"},\"wordCount\":461,\"commentCount\":0,\"image\":{\"@id\":\"https:\\\/\\\/balkangreenenergynews.com\\\/rs\\\/rajka-odletela-do-afrike\\\/#primaryimage\"},\"thumbnailUrl\":\"https:\\\/\\\/balkangreenenergynews.com\\\/rs\\\/wp-content\\\/uploads\\\/2026\\\/04\\\/Rajka-odletela-do-Afrike-raiffeisen-AmCham-Fondacija-za-zastitu-ptica-grabljivica.jpg?wsr\",\"keywords\":[\"biodiverzitet\",\"ptice\",\"\u017eivotna sredina\"],\"articleSection\":[\"Biodiverzitet\",\"\u017divotna sredina\"],\"inLanguage\":\"sr-RS\",\"potentialAction\":[{\"@type\":\"CommentAction\",\"name\":\"Comment\",\"target\":[\"https:\\\/\\\/balkangreenenergynews.com\\\/rs\\\/rajka-odletela-do-afrike\\\/#respond\"]}]},{\"@type\":\"WebPage\",\"@id\":\"https:\\\/\\\/balkangreenenergynews.com\\\/rs\\\/rajka-odletela-do-afrike\\\/\",\"url\":\"https:\\\/\\\/balkangreenenergynews.com\\\/rs\\\/rajka-odletela-do-afrike\\\/\",\"name\":\"Rajka odletela do Afrike\",\"isPartOf\":{\"@id\":\"https:\\\/\\\/balkangreenenergynews.com\\\/rs\\\/#website\"},\"primaryImageOfPage\":{\"@id\":\"https:\\\/\\\/balkangreenenergynews.com\\\/rs\\\/rajka-odletela-do-afrike\\\/#primaryimage\"},\"image\":{\"@id\":\"https:\\\/\\\/balkangreenenergynews.com\\\/rs\\\/rajka-odletela-do-afrike\\\/#primaryimage\"},\"thumbnailUrl\":\"https:\\\/\\\/balkangreenenergynews.com\\\/rs\\\/wp-content\\\/uploads\\\/2026\\\/04\\\/Rajka-odletela-do-Afrike-raiffeisen-AmCham-Fondacija-za-zastitu-ptica-grabljivica.jpg?wsr\",\"datePublished\":\"2026-04-27T23:42:49+00:00\",\"author\":{\"@id\":\"https:\\\/\\\/balkangreenenergynews.com\\\/rs\\\/#\\\/schema\\\/person\\\/dee275e6036b1a0f7ceaf956d79d4eff\"},\"description\":\"Beloglavi sup Rajka je tipi\u010dan pripadnik vrste specifi\u010dne po rasponu kila od skoro tri metra, na\u010dinu hranjenja i pronala\u017eenja plena, o\u0161trom vidu i u\u010destvovanju u takozvanim nebeskim sahranama.\",\"breadcrumb\":{\"@id\":\"https:\\\/\\\/balkangreenenergynews.com\\\/rs\\\/rajka-odletela-do-afrike\\\/#breadcrumb\"},\"inLanguage\":\"sr-RS\",\"potentialAction\":[{\"@type\":\"ReadAction\",\"target\":[\"https:\\\/\\\/balkangreenenergynews.com\\\/rs\\\/rajka-odletela-do-afrike\\\/\"]}]},{\"@type\":\"ImageObject\",\"inLanguage\":\"sr-RS\",\"@id\":\"https:\\\/\\\/balkangreenenergynews.com\\\/rs\\\/rajka-odletela-do-afrike\\\/#primaryimage\",\"url\":\"https:\\\/\\\/balkangreenenergynews.com\\\/rs\\\/wp-content\\\/uploads\\\/2026\\\/04\\\/Rajka-odletela-do-Afrike-raiffeisen-AmCham-Fondacija-za-zastitu-ptica-grabljivica.jpg?wsr\",\"contentUrl\":\"https:\\\/\\\/balkangreenenergynews.com\\\/rs\\\/wp-content\\\/uploads\\\/2026\\\/04\\\/Rajka-odletela-do-Afrike-raiffeisen-AmCham-Fondacija-za-zastitu-ptica-grabljivica.jpg?wsr\",\"width\":840,\"height\":430,\"caption\":\"Rajka odletela do Afrike raiffeisen AmCham Fondacija za zastitu ptica grabljivica\"},{\"@type\":\"BreadcrumbList\",\"@id\":\"https:\\\/\\\/balkangreenenergynews.com\\\/rs\\\/rajka-odletela-do-afrike\\\/#breadcrumb\",\"itemListElement\":[{\"@type\":\"ListItem\",\"position\":1,\"name\":\"Po\u010detna\",\"item\":\"https:\\\/\\\/balkangreenenergynews.com\\\/rs\\\/\"},{\"@type\":\"ListItem\",\"position\":2,\"name\":\"Vesti\",\"item\":\"https:\\\/\\\/balkangreenenergynews.com\\\/rs\\\/kategorija\\\/vesti\\\/\"},{\"@type\":\"ListItem\",\"position\":3,\"name\":\"Biodiverzitet\",\"item\":\"https:\\\/\\\/balkangreenenergynews.com\\\/rs\\\/kategorija\\\/vesti\\\/biodiverzitet\\\/\"},{\"@type\":\"ListItem\",\"position\":4,\"name\":\"Rajka odletela do Afrike\"}]},{\"@type\":\"WebSite\",\"@id\":\"https:\\\/\\\/balkangreenenergynews.com\\\/rs\\\/#website\",\"url\":\"https:\\\/\\\/balkangreenenergynews.com\\\/rs\\\/\",\"name\":\"Balkan Green Energy News\",\"description\":\"Naj\u0161iri izbor vesti sa Balkana o zelenoj energiji\",\"potentialAction\":[{\"@type\":\"SearchAction\",\"target\":{\"@type\":\"EntryPoint\",\"urlTemplate\":\"https:\\\/\\\/balkangreenenergynews.com\\\/rs\\\/?s={search_term_string}\"},\"query-input\":{\"@type\":\"PropertyValueSpecification\",\"valueRequired\":true,\"valueName\":\"search_term_string\"}}],\"inLanguage\":\"sr-RS\"},{\"@type\":\"Person\",\"@id\":\"https:\\\/\\\/balkangreenenergynews.com\\\/rs\\\/#\\\/schema\\\/person\\\/dee275e6036b1a0f7ceaf956d79d4eff\",\"name\":\"Balkan Green Energy News\",\"url\":\"https:\\\/\\\/balkangreenenergynews.com\\\/rs\\\/author\\\/balkangreenenergynews\\\/\"}]}<\/script>\n<!-- \/ Yoast SEO plugin. -->","yoast_head_json":{"title":"Rajka odletela do Afrike","description":"Beloglavi sup Rajka je tipi\u010dan pripadnik vrste specifi\u010dne po rasponu kila od skoro tri metra, na\u010dinu hranjenja i pronala\u017eenja plena, o\u0161trom vidu i u\u010destvovanju u takozvanim nebeskim sahranama.","robots":{"index":"index","follow":"follow","max-snippet":"max-snippet:-1","max-image-preview":"max-image-preview:large","max-video-preview":"max-video-preview:-1"},"canonical":"https:\/\/balkangreenenergynews.com\/rs\/rajka-odletela-do-afrike\/","og_locale":"sr_RS","og_type":"article","og_title":"Rajka odletela do Afrike","og_description":"Beloglavi sup Rajka je tipi\u010dan pripadnik vrste specifi\u010dne po rasponu kila od skoro tri metra, na\u010dinu hranjenja i pronala\u017eenja plena, o\u0161trom vidu i u\u010destvovanju u takozvanim nebeskim sahranama.","og_url":"https:\/\/balkangreenenergynews.com\/rs\/rajka-odletela-do-afrike\/","og_site_name":"Balkan Green Energy News","article_published_time":"2026-04-27T23:42:49+00:00","og_image":[{"width":840,"height":430,"url":"https:\/\/balkangreenenergynews.com\/rs\/wp-content\/uploads\/2026\/04\/Rajka-odletela-do-Afrike-raiffeisen-AmCham-Fondacija-za-zastitu-ptica-grabljivica.jpg?wsr","type":"image\/jpeg"}],"author":"Balkan Green Energy News","twitter_card":"summary_large_image","twitter_misc":{"\u041d\u0430\u043f\u0438\u0441\u0430\u043d\u043e \u043e\u0434":"Balkan Green Energy News","\u041f\u0440\u043e\u0446\u0435\u045a\u0435\u043d\u043e \u0432\u0440\u0435\u043c\u0435 \u0447\u0438\u0442\u0430\u045a\u0430":"3 \u043c\u0438\u043d\u0443\u0442\u0430"},"schema":{"@context":"https:\/\/schema.org","@graph":[{"@type":"Article","@id":"https:\/\/balkangreenenergynews.com\/rs\/rajka-odletela-do-afrike\/#article","isPartOf":{"@id":"https:\/\/balkangreenenergynews.com\/rs\/rajka-odletela-do-afrike\/"},"author":{"name":"Balkan Green Energy News","@id":"https:\/\/balkangreenenergynews.com\/rs\/#\/schema\/person\/dee275e6036b1a0f7ceaf956d79d4eff"},"headline":"Rajka odletela do Afrike","datePublished":"2026-04-27T23:42:49+00:00","mainEntityOfPage":{"@id":"https:\/\/balkangreenenergynews.com\/rs\/rajka-odletela-do-afrike\/"},"wordCount":461,"commentCount":0,"image":{"@id":"https:\/\/balkangreenenergynews.com\/rs\/rajka-odletela-do-afrike\/#primaryimage"},"thumbnailUrl":"https:\/\/balkangreenenergynews.com\/rs\/wp-content\/uploads\/2026\/04\/Rajka-odletela-do-Afrike-raiffeisen-AmCham-Fondacija-za-zastitu-ptica-grabljivica.jpg?wsr","keywords":["biodiverzitet","ptice","\u017eivotna sredina"],"articleSection":["Biodiverzitet","\u017divotna sredina"],"inLanguage":"sr-RS","potentialAction":[{"@type":"CommentAction","name":"Comment","target":["https:\/\/balkangreenenergynews.com\/rs\/rajka-odletela-do-afrike\/#respond"]}]},{"@type":"WebPage","@id":"https:\/\/balkangreenenergynews.com\/rs\/rajka-odletela-do-afrike\/","url":"https:\/\/balkangreenenergynews.com\/rs\/rajka-odletela-do-afrike\/","name":"Rajka odletela do Afrike","isPartOf":{"@id":"https:\/\/balkangreenenergynews.com\/rs\/#website"},"primaryImageOfPage":{"@id":"https:\/\/balkangreenenergynews.com\/rs\/rajka-odletela-do-afrike\/#primaryimage"},"image":{"@id":"https:\/\/balkangreenenergynews.com\/rs\/rajka-odletela-do-afrike\/#primaryimage"},"thumbnailUrl":"https:\/\/balkangreenenergynews.com\/rs\/wp-content\/uploads\/2026\/04\/Rajka-odletela-do-Afrike-raiffeisen-AmCham-Fondacija-za-zastitu-ptica-grabljivica.jpg?wsr","datePublished":"2026-04-27T23:42:49+00:00","author":{"@id":"https:\/\/balkangreenenergynews.com\/rs\/#\/schema\/person\/dee275e6036b1a0f7ceaf956d79d4eff"},"description":"Beloglavi sup Rajka je tipi\u010dan pripadnik vrste specifi\u010dne po rasponu kila od skoro tri metra, na\u010dinu hranjenja i pronala\u017eenja plena, o\u0161trom vidu i u\u010destvovanju u takozvanim nebeskim sahranama.","breadcrumb":{"@id":"https:\/\/balkangreenenergynews.com\/rs\/rajka-odletela-do-afrike\/#breadcrumb"},"inLanguage":"sr-RS","potentialAction":[{"@type":"ReadAction","target":["https:\/\/balkangreenenergynews.com\/rs\/rajka-odletela-do-afrike\/"]}]},{"@type":"ImageObject","inLanguage":"sr-RS","@id":"https:\/\/balkangreenenergynews.com\/rs\/rajka-odletela-do-afrike\/#primaryimage","url":"https:\/\/balkangreenenergynews.com\/rs\/wp-content\/uploads\/2026\/04\/Rajka-odletela-do-Afrike-raiffeisen-AmCham-Fondacija-za-zastitu-ptica-grabljivica.jpg?wsr","contentUrl":"https:\/\/balkangreenenergynews.com\/rs\/wp-content\/uploads\/2026\/04\/Rajka-odletela-do-Afrike-raiffeisen-AmCham-Fondacija-za-zastitu-ptica-grabljivica.jpg?wsr","width":840,"height":430,"caption":"Rajka odletela do Afrike raiffeisen AmCham Fondacija za zastitu ptica grabljivica"},{"@type":"BreadcrumbList","@id":"https:\/\/balkangreenenergynews.com\/rs\/rajka-odletela-do-afrike\/#breadcrumb","itemListElement":[{"@type":"ListItem","position":1,"name":"Po\u010detna","item":"https:\/\/balkangreenenergynews.com\/rs\/"},{"@type":"ListItem","position":2,"name":"Vesti","item":"https:\/\/balkangreenenergynews.com\/rs\/kategorija\/vesti\/"},{"@type":"ListItem","position":3,"name":"Biodiverzitet","item":"https:\/\/balkangreenenergynews.com\/rs\/kategorija\/vesti\/biodiverzitet\/"},{"@type":"ListItem","position":4,"name":"Rajka odletela do Afrike"}]},{"@type":"WebSite","@id":"https:\/\/balkangreenenergynews.com\/rs\/#website","url":"https:\/\/balkangreenenergynews.com\/rs\/","name":"Balkan Green Energy News","description":"Naj\u0161iri izbor vesti sa Balkana o zelenoj energiji","potentialAction":[{"@type":"SearchAction","target":{"@type":"EntryPoint","urlTemplate":"https:\/\/balkangreenenergynews.com\/rs\/?s={search_term_string}"},"query-input":{"@type":"PropertyValueSpecification","valueRequired":true,"valueName":"search_term_string"}}],"inLanguage":"sr-RS"},{"@type":"Person","@id":"https:\/\/balkangreenenergynews.com\/rs\/#\/schema\/person\/dee275e6036b1a0f7ceaf956d79d4eff","name":"Balkan Green Energy News","url":"https:\/\/balkangreenenergynews.com\/rs\/author\/balkangreenenergynews\/"}]}},"_links":{"self":[{"href":"https:\/\/balkangreenenergynews.com\/rs\/wp-json\/wp\/v2\/posts\/91438","targetHints":{"allow":["GET"]}}],"collection":[{"href":"https:\/\/balkangreenenergynews.com\/rs\/wp-json\/wp\/v2\/posts"}],"about":[{"href":"https:\/\/balkangreenenergynews.com\/rs\/wp-json\/wp\/v2\/types\/post"}],"author":[{"embeddable":true,"href":"https:\/\/balkangreenenergynews.com\/rs\/wp-json\/wp\/v2\/users\/25"}],"replies":[{"embeddable":true,"href":"https:\/\/balkangreenenergynews.com\/rs\/wp-json\/wp\/v2\/comments?post=91438"}],"version-history":[{"count":1,"href":"https:\/\/balkangreenenergynews.com\/rs\/wp-json\/wp\/v2\/posts\/91438\/revisions"}],"predecessor-version":[{"id":91443,"href":"https:\/\/balkangreenenergynews.com\/rs\/wp-json\/wp\/v2\/posts\/91438\/revisions\/91443"}],"wp:featuredmedia":[{"embeddable":true,"href":"https:\/\/balkangreenenergynews.com\/rs\/wp-json\/wp\/v2\/media\/91439"}],"wp:attachment":[{"href":"https:\/\/balkangreenenergynews.com\/rs\/wp-json\/wp\/v2\/media?parent=91438"}],"wp:term":[{"taxonomy":"category","embeddable":true,"href":"https:\/\/balkangreenenergynews.com\/rs\/wp-json\/wp\/v2\/categories?post=91438"},{"taxonomy":"post_tag","embeddable":true,"href":"https:\/\/balkangreenenergynews.com\/rs\/wp-json\/wp\/v2\/tags?post=91438"}],"curies":[{"name":"wp","href":"https:\/\/api.w.org\/{rel}","templated":true}]}}