{"id":91422,"date":"2026-04-30T13:55:05","date_gmt":"2026-04-30T11:55:05","guid":{"rendered":"https:\/\/balkangreenenergynews.com\/rs\/?p=91422"},"modified":"2026-04-30T13:55:05","modified_gmt":"2026-04-30T11:55:05","slug":"energetska-tranzicija-kao-sistemska-transformacija","status":"publish","type":"post","link":"https:\/\/balkangreenenergynews.com\/rs\/energetska-tranzicija-kao-sistemska-transformacija\/","title":{"rendered":"Energetska tranzicija kao sistemska transformacija"},"content":{"rendered":"<h2>Sa Lazarom Miji\u0107em, rukovodiocem globalne poslovne strategije u Sektoru industrijske transformacije u kompaniji Siemens Energy, razgovarali smo o tome gde se region danas nalazi na mapi globalne energetske tranzicije. Istakli smo ulogu industrijske elektrifikacije i razloge za\u0161to su ljudi i in\u017eenjersko znanje presudni za narednu fazu razvoja.<\/h2>\n<h4>Kako vidite poziciju regionalnog tr\u017ei\u0161ta u odnosu na evropsko i globalno tr\u017ei\u0161te energetike sa stanovi\u0161ta potencijala i trenutnih kapaciteta obnovljivih izvora? Gde smo danas, a gde su prilike?<\/h4>\n<p>U oblasti proizvodnje elektri\u010dne energije, region jugoisto\u010dne Evrope ima bogat potencijal kada govorimo o obnovljivim izvorima energije poput sunca, vetra i biomase. Iako su prvi talasi investicija ve\u0107 prisutni, i dalje smo daleko od zna\u010dajnijeg nivoa iskori\u0161\u0107enja tih resursa. Klju\u010dni izazov nije samo u proizvodnji energije, ve\u0107 i u njenom iskori\u0161\u0107enju, a to podrazumeva dalji razvoj celog energetskog sistema \u2013 od infrastrukture za prenos i distribuciju do transformacije industrijske potro\u0161nje.<\/p>\n<p>Energetska tranzicija sve vi\u0161e podrazumeva saradnju izme\u0111u industrije, energetskih kompanija, digitalnih partnera i institucija. Razvoj takvih ekosistema i partnerstava presudan je za smanjenje zavisnosti regiona od fosilnih goriva, pove\u0107anje efikasnosti i izgradnju odr\u017eivijeg energetskog miksa.<\/p>\n<p>Razvojem novih izvora, ali i prenosnih sistema, region ima realnu \u0161ansu da u du\u017eem roku postane u\u010desnik u zajedni\u010dkom evropskom energetskom sistemu kao neto izvoznik energije. U tom procesu, Siemens Energy mo\u017ee da doprinese u svakom segmentu energetskog lanca vrednosti \u2013 od proizvodnje energije, preko transportnih mre\u017ea, do re\u0161enja za elektrifikaciju industrijskih pogona. Takav sveobuhvatni pristup omogu\u0107ava realizaciju kompleksnih projekata koji povezuju razli\u010dite tehnologije i tr\u017ei\u0161ta oslanjaju\u0107i se pre svega na inovacije i ekspertizu.<\/p>\n<figure id=\"attachment_91426\" aria-describedby=\"caption-attachment-91426\" style=\"width: 677px\" class=\"wp-caption aligncenter\"><img loading=\"lazy\" decoding=\"async\" class=\"wp-image-91426\" src=\"https:\/\/balkangreenenergynews.com\/rs\/wp-content\/uploads\/2026\/04\/Siemens-Energy-elektrifikuje-industrijske-procese.jpg\" alt=\"Siemens Energy elektrifikuje industrijske procese\" width=\"677\" height=\"414\" srcset=\"https:\/\/balkangreenenergynews.com\/rs\/wp-content\/uploads\/2026\/04\/Siemens-Energy-elektrifikuje-industrijske-procese.jpg 840w, https:\/\/balkangreenenergynews.com\/rs\/wp-content\/uploads\/2026\/04\/Siemens-Energy-elektrifikuje-industrijske-procese-500x306.jpg 500w, https:\/\/balkangreenenergynews.com\/rs\/wp-content\/uploads\/2026\/04\/Siemens-Energy-elektrifikuje-industrijske-procese-768x470.jpg 768w, https:\/\/balkangreenenergynews.com\/rs\/wp-content\/uploads\/2026\/04\/Siemens-Energy-elektrifikuje-industrijske-procese-300x184.jpg 300w\" sizes=\"auto, (max-width: 677px) 100vw, 677px\" \/><figcaption id=\"caption-attachment-91426\" class=\"wp-caption-text\">Predstavnici Siemens Energy tima anga\u017eovani na pu\u0161tanju projekta u rad (<em>fotografija ljubazno\u0161\u0107u Siemens Energy<\/em>)<\/figcaption><\/figure>\n<h4>Kakvi su pogledi na trend gde tema zelene energije gubi trku sa dominantnim zahtevom za energetskom bezbedno\u0161\u0107u i dostupno\u0161\u0107u energije?<\/h4>\n<p>Energetiku danas posmatramo kroz prizmu otpornosti energetskog sistema, odnosno njegove sposobnosti da istovremeno bude odr\u017eiv, bezbedan i ekonomski pristupa\u010dan. Poslednjih godina pokazalo se da dekarbonizacija ne mo\u017ee da se posmatra izolovano od pitanja energetske bezbednosti i stabilnosti snabdevanja. Industrijskom sektoru je potrebna pouzdana i cenovno prihvatljiva energija kako bi mogao nesmetano da funkcioni\u0161e i ostane konkurentan te je neophodan odr\u017eiv balans izme\u0111u ovih faktora.<\/p>\n<p>U praksi, to zna\u010di da energetska tranzicija mora biti i tehnolo\u0161ki i ekonomski odr\u017eiva. Va\u017ean korak o\u010dekuje se i kroz najavljeno a\u017euriranje regulative Evropske komisije u drugoj polovini 2026. godine, posebno u oblasti elektrifikacije proizvodnje toplotne energije u industriji, \u0161to bi trebalo da uspostavi jasniji okvir za dalju transformaciju.<\/p>\n<blockquote><p>Tr\u017ei\u0161te se pomera od product-driven ka solution-driven pristupu, gde se fokus sa pojedina\u010dne tehnologije prebacuje na ukupnu vrednost i dugoro\u010dnu odr\u017eivost<\/p><\/blockquote>\n<p>Istovremeno, tr\u017ei\u0161te se menja i sa poslovnog aspekta. Industrijski klijenti danas tra\u017ee integrisana re\u0161enja i dugoro\u010dne partnere koji mogu da sagledaju celokupan energetski sistem. Upravo zato se tr\u017ei\u0161te pomera od <em>product-driven<\/em> ka <em>solution-driven<\/em> pristupu, gde se fokus sa pojedina\u010dne tehnologije prebacuje na ukupnu vrednost i dugoro\u010dnu odr\u017eivost.<\/p>\n<p>Kao kompanija, trudimo se da inspiri\u0161emo. Globalni tim zaposlenih Siemens Energy od 100.000 ljudi u preko 90 zemalja kontinuirano razvija tehnologije sa ciljem da energija bude pouzdana, pristupa\u010dna i odr\u017eiva za sve. Upravo zahvaljuju\u0107i tehnologijama razvijenim u na\u0161im istra\u017eiva\u010dkim odeljenjima i fabrikama, 1\/6 svetske proizvodnje elektri\u010dne energije se proizvodi koriste\u0107i na\u0161u tehnologiju.<\/p>\n<h4>Kako projekti u oblasti elektrifikacije doprinose dekarbonizaciji i smanjenju emisija CO2?<\/h4>\n<p>Elektrifikacija industrijskih procesa predstavlja jedan od klju\u010dnih koraka u dekarbonizaciji industrije. Su\u0161tina ovog pristupa je zamena tehnologija koje koriste fosilna goriva njihovim elektri\u010dnim ekvivalentima \u2013 poput kori\u0161\u0107enja elektri\u010dnih pogona rotacionih ma\u0161ina ili induktivnih elektri\u010dnih sistema za proizvodnju toplotne energije. Ovi sistemi se pre svega odlikuju vi\u0161om efikasno\u0161\u0107u, a uz kori\u0161\u0107enje elektri\u010dne energije iz obnovljivih izvora u potpunosti menjaju karbonski otisak dana\u0161njih velikih industrijskih zaga\u0111iva\u010da.<\/p>\n<p>To je posebno va\u017eno jer je sektor industrije odgovoran za vi\u0161e od 30% emisija CO\u2082, te bez zna\u010dajne transformacije industrijskih procesa nije mogu\u0107e ostvariti ciljeve klimatske neutralnosti.<\/p>\n<p>Jedan dobar primer na kome radi na\u0161 tim iz Srbije zajedno sa kolegama iz Holandije je projekat modernizacije kompresorskih sistema u hemijskom kompleksu Shell u Moerdijk-u u Holandiji, gde se tradicionalni sistemi zasnovani na parnim pogonima kompresora zamenjuju srednjenaponskim elektri\u010dnim motorima. Ovo re\u0161enje doprine\u0107e smanjenju emisija za oko 230 kilotona CO\u2082 godi\u0161nje, \u0161to je pribli\u017eno jednako godi\u0161njim emisijama oko 50.000 putni\u010dkih automobila, kao i optimizaciji potro\u0161nje energije u samom postrojenju.<\/p>\n<p>Elektrifikacija industrije predstavlja jedan od najva\u017enijih i najizazovnijih koraka na putu ka dekarbonizaciji, ali i jedan od najkonkretnijih i tehnolo\u0161ki najdostupnijih na\u010dina da se taj cilj zaista ostvari u praksi.<\/p>\n<figure id=\"attachment_91427\" aria-describedby=\"caption-attachment-91427\" style=\"width: 699px\" class=\"wp-caption aligncenter\"><img loading=\"lazy\" decoding=\"async\" class=\"wp-image-91427\" src=\"https:\/\/balkangreenenergynews.com\/rs\/wp-content\/uploads\/2026\/04\/Shell-Chemicals-Park-Moerdijk.jpg\" alt=\"Shell Chemicals Park Moerdijk\" width=\"699\" height=\"402\" srcset=\"https:\/\/balkangreenenergynews.com\/rs\/wp-content\/uploads\/2026\/04\/Shell-Chemicals-Park-Moerdijk.jpg 840w, https:\/\/balkangreenenergynews.com\/rs\/wp-content\/uploads\/2026\/04\/Shell-Chemicals-Park-Moerdijk-500x288.jpg 500w, https:\/\/balkangreenenergynews.com\/rs\/wp-content\/uploads\/2026\/04\/Shell-Chemicals-Park-Moerdijk-768x442.jpg 768w, https:\/\/balkangreenenergynews.com\/rs\/wp-content\/uploads\/2026\/04\/Shell-Chemicals-Park-Moerdijk-300x173.jpg 300w\" sizes=\"auto, (max-width: 699px) 100vw, 699px\" \/><figcaption id=\"caption-attachment-91427\" class=\"wp-caption-text\">Elektrifikacija industrjjskih procesa u Shell Chemicals Park Moerdijk u Holandiji, <em>(fotografija ljubazno\u0161\u0107u: Shell Chemicals Park)<\/em><\/figcaption><\/figure>\n<h4>Kada govorimo o rastu konkurentnosti, \u010desto se isti\u010du tehnologija i investicije, ali koliko su zapravo ljudski resursi i razvoj specifi\u010dnih ve\u0161tina presudni za industrijsku transformaciju?<\/h4>\n<p>Ljudi i in\u017eenjersko znanje su pokreta\u010di industrijske transformacije. Iako je elektrifikacija u osnovi tehni\u010dko pitanje, njena realizacija zahteva multidisciplinarni pristup \u2013 od elektrotehnike i ma\u0161instva do automatike, digitalnih alata i dubokog razumevanja procesa.<\/p>\n<p>U praksi se najve\u0107i deo industrijskih promena de\u0161ava kroz takozvane <em>brownfield<\/em> projekte \u2013 gde nova re\u0161enja treba integrisati u postoje\u0107a tradicionalna postrojenja. U takvim projektima nije dovoljno implementirati re\u0161enja zasnovana na novim tehnologijama, ve\u0107 je potrebno uklopiti ih u postoje\u0107e sisteme, \u010desto bez ili sa minimalnim zastojima u radu. Upravo tu dolazi do izra\u017eaja visok nivo znanja i razli\u010dite ekspertize.<\/p>\n<blockquote><p>Regionalni Centar kompetencija za industrijsku elektrifikaciju, osnovan 2022. godine u okviru Siemens Energy u Beogradu, danas je prerastao u Globalni centar izvrsnosti<\/p><\/blockquote>\n<p>U Srbiji imamo izuzetne stru\u010dnjake koji projektuju i isporu\u010duju takva kompleksna industrijska re\u0161enja \u201eklju\u010d u ruke\u201c i rade na projektima \u0161irom sveta \u2013 od Zapadne i Severne Evrope do Bliskog istoka i Afrike. Regionalni Centar kompetencija za industrijsku elektrifikaciju, osnovan 2022. godine u okviru Siemens Energy u Beogradu, danas je prerastao u Globalni centar izvrsnosti koji okuplja vi\u0161e od 100 in\u017eenjera razli\u010ditih disciplina i radi na transformacijskim projektima u industriji za klijente \u0161irom sveta.<\/p>\n<p>Kontinuirano usavr\u0161avanje i saradnja izme\u0111u akademskog i industrijskog sektora su deo na\u0161e poslovne kulture. Upravo zato, veliku pa\u017enju posve\u0107ujemo i razvoju novih generacija stru\u010dnjaka kroz aktivnu saradnju sa univerzitetima, kroz programe praksi i kontinuiranu edukaciju mladih in\u017eenjera.<\/p>\n","protected":false},"excerpt":{"rendered":"<p>Sa Lazarom Miji\u0107em, rukovodiocem globalne poslovne strategije u Sektoru industrijske transformacije u kompaniji Siemens Energy, razgovarali smo o tome gde se region danas nalazi na mapi globalne energetske tranzicije<\/p>\n","protected":false},"author":25,"featured_media":91505,"comment_status":"open","ping_status":"open","sticky":false,"template":"","format":"standard","meta":{"_acf_changed":false,"_monsterinsights_skip_tracking":false,"_monsterinsights_sitenote_active":false,"_monsterinsights_sitenote_note":"","_monsterinsights_sitenote_category":0,"footnotes":""},"categories":[504,482,1],"tags":[3279,5502,669,6964,1854,7439,647,6792],"class_list":["post-91422","post","type-post","status-publish","format-standard","has-post-thumbnail","hentry","category-elektricna-energija","category-intervju","category-obnovljivi-izvori-energije","tag-dekarbonizacija","tag-digitalizacija","tag-elektricna-energija","tag-elektrifikacija","tag-energetska-tranzicija","tag-lazar-mijic","tag-obnovljivi-izvori-energije","tag-siemens-energy","country-regioneu","country-srbija"],"acf":[],"yoast_head":"<!-- This site is optimized with the Yoast SEO plugin v27.4 - https:\/\/yoast.com\/product\/yoast-seo-wordpress\/ -->\n<title>Energetska tranzicija kao sistemska transformacija<\/title>\n<meta name=\"description\" content=\"Sa Lazarom Miji\u0107em, rukovodiocem globalne poslovne strategije u Sektoru industrijske transformacije u kompaniji Siemens Energy, razgovarali smo o tome gde se region danas nalazi na mapi globalne energetske tranzicije.\" \/>\n<meta name=\"robots\" content=\"index, follow, max-snippet:-1, max-image-preview:large, max-video-preview:-1\" \/>\n<link rel=\"canonical\" href=\"https:\/\/balkangreenenergynews.com\/rs\/energetska-tranzicija-kao-sistemska-transformacija\/\" \/>\n<meta property=\"og:locale\" content=\"sr_RS\" \/>\n<meta property=\"og:type\" content=\"article\" \/>\n<meta property=\"og:title\" content=\"Energetska tranzicija kao sistemska transformacija\" \/>\n<meta property=\"og:description\" content=\"Sa Lazarom Miji\u0107em, rukovodiocem globalne poslovne strategije u Sektoru industrijske transformacije u kompaniji Siemens Energy, razgovarali smo o tome gde se region danas nalazi na mapi globalne energetske tranzicije.\" \/>\n<meta property=\"og:url\" content=\"https:\/\/balkangreenenergynews.com\/rs\/energetska-tranzicija-kao-sistemska-transformacija\/\" \/>\n<meta property=\"og:site_name\" content=\"Balkan Green Energy News\" \/>\n<meta property=\"article:published_time\" content=\"2026-04-30T11:55:05+00:00\" \/>\n<meta property=\"og:image\" content=\"https:\/\/balkangreenenergynews.com\/rs\/wp-content\/uploads\/2026\/04\/Energetska-tranzicija-sistemska-transformacija-Siemens-Energy-Lazar-Mijic-intervju.jpg?wsr\" \/>\n\t<meta property=\"og:image:width\" content=\"840\" \/>\n\t<meta property=\"og:image:height\" content=\"430\" \/>\n\t<meta property=\"og:image:type\" content=\"image\/jpeg\" \/>\n<meta name=\"author\" content=\"Balkan Green Energy News\" \/>\n<meta name=\"twitter:card\" content=\"summary_large_image\" \/>\n<meta name=\"twitter:label1\" content=\"\u041d\u0430\u043f\u0438\u0441\u0430\u043d\u043e \u043e\u0434\" \/>\n\t<meta name=\"twitter:data1\" content=\"Balkan Green Energy News\" \/>\n\t<meta name=\"twitter:label2\" content=\"\u041f\u0440\u043e\u0446\u0435\u045a\u0435\u043d\u043e \u0432\u0440\u0435\u043c\u0435 \u0447\u0438\u0442\u0430\u045a\u0430\" \/>\n\t<meta name=\"twitter:data2\" content=\"6 \u043c\u0438\u043d\u0443\u0442\u0430\" \/>\n<script type=\"application\/ld+json\" class=\"yoast-schema-graph\">{\"@context\":\"https:\\\/\\\/schema.org\",\"@graph\":[{\"@type\":\"Article\",\"@id\":\"https:\\\/\\\/balkangreenenergynews.com\\\/rs\\\/energetska-tranzicija-kao-sistemska-transformacija\\\/#article\",\"isPartOf\":{\"@id\":\"https:\\\/\\\/balkangreenenergynews.com\\\/rs\\\/energetska-tranzicija-kao-sistemska-transformacija\\\/\"},\"author\":{\"name\":\"Balkan Green Energy News\",\"@id\":\"https:\\\/\\\/balkangreenenergynews.com\\\/rs\\\/#\\\/schema\\\/person\\\/dee275e6036b1a0f7ceaf956d79d4eff\"},\"headline\":\"Energetska tranzicija kao sistemska transformacija\",\"datePublished\":\"2026-04-30T11:55:05+00:00\",\"mainEntityOfPage\":{\"@id\":\"https:\\\/\\\/balkangreenenergynews.com\\\/rs\\\/energetska-tranzicija-kao-sistemska-transformacija\\\/\"},\"wordCount\":1122,\"commentCount\":0,\"image\":{\"@id\":\"https:\\\/\\\/balkangreenenergynews.com\\\/rs\\\/energetska-tranzicija-kao-sistemska-transformacija\\\/#primaryimage\"},\"thumbnailUrl\":\"https:\\\/\\\/balkangreenenergynews.com\\\/rs\\\/wp-content\\\/uploads\\\/2026\\\/04\\\/Energetska-tranzicija-sistemska-transformacija-Siemens-Energy-Lazar-Mijic-intervju.jpg?wsr\",\"keywords\":[\"dekarbonizacija\",\"digitalizacija\",\"elektri\u010dna energija\",\"elektrifikacija\",\"energetska tranzicija\",\"Lazar Miji\u0107\",\"obnovljivi izvori energije\",\"Siemens Energy\"],\"articleSection\":[\"Elektri\u010dna energija\",\"Intervju\",\"OIE\"],\"inLanguage\":\"sr-RS\",\"potentialAction\":[{\"@type\":\"CommentAction\",\"name\":\"Comment\",\"target\":[\"https:\\\/\\\/balkangreenenergynews.com\\\/rs\\\/energetska-tranzicija-kao-sistemska-transformacija\\\/#respond\"]}]},{\"@type\":\"WebPage\",\"@id\":\"https:\\\/\\\/balkangreenenergynews.com\\\/rs\\\/energetska-tranzicija-kao-sistemska-transformacija\\\/\",\"url\":\"https:\\\/\\\/balkangreenenergynews.com\\\/rs\\\/energetska-tranzicija-kao-sistemska-transformacija\\\/\",\"name\":\"Energetska tranzicija kao sistemska transformacija\",\"isPartOf\":{\"@id\":\"https:\\\/\\\/balkangreenenergynews.com\\\/rs\\\/#website\"},\"primaryImageOfPage\":{\"@id\":\"https:\\\/\\\/balkangreenenergynews.com\\\/rs\\\/energetska-tranzicija-kao-sistemska-transformacija\\\/#primaryimage\"},\"image\":{\"@id\":\"https:\\\/\\\/balkangreenenergynews.com\\\/rs\\\/energetska-tranzicija-kao-sistemska-transformacija\\\/#primaryimage\"},\"thumbnailUrl\":\"https:\\\/\\\/balkangreenenergynews.com\\\/rs\\\/wp-content\\\/uploads\\\/2026\\\/04\\\/Energetska-tranzicija-sistemska-transformacija-Siemens-Energy-Lazar-Mijic-intervju.jpg?wsr\",\"datePublished\":\"2026-04-30T11:55:05+00:00\",\"author\":{\"@id\":\"https:\\\/\\\/balkangreenenergynews.com\\\/rs\\\/#\\\/schema\\\/person\\\/dee275e6036b1a0f7ceaf956d79d4eff\"},\"description\":\"Sa Lazarom Miji\u0107em, rukovodiocem globalne poslovne strategije u Sektoru industrijske transformacije u kompaniji Siemens Energy, razgovarali smo o tome gde se region danas nalazi na mapi globalne energetske tranzicije.\",\"breadcrumb\":{\"@id\":\"https:\\\/\\\/balkangreenenergynews.com\\\/rs\\\/energetska-tranzicija-kao-sistemska-transformacija\\\/#breadcrumb\"},\"inLanguage\":\"sr-RS\",\"potentialAction\":[{\"@type\":\"ReadAction\",\"target\":[\"https:\\\/\\\/balkangreenenergynews.com\\\/rs\\\/energetska-tranzicija-kao-sistemska-transformacija\\\/\"]}]},{\"@type\":\"ImageObject\",\"inLanguage\":\"sr-RS\",\"@id\":\"https:\\\/\\\/balkangreenenergynews.com\\\/rs\\\/energetska-tranzicija-kao-sistemska-transformacija\\\/#primaryimage\",\"url\":\"https:\\\/\\\/balkangreenenergynews.com\\\/rs\\\/wp-content\\\/uploads\\\/2026\\\/04\\\/Energetska-tranzicija-sistemska-transformacija-Siemens-Energy-Lazar-Mijic-intervju.jpg?wsr\",\"contentUrl\":\"https:\\\/\\\/balkangreenenergynews.com\\\/rs\\\/wp-content\\\/uploads\\\/2026\\\/04\\\/Energetska-tranzicija-sistemska-transformacija-Siemens-Energy-Lazar-Mijic-intervju.jpg?wsr\",\"width\":840,\"height\":430,\"caption\":\"Energetska tranzicija sistemska transformacija Siemens Energy Lazar Mijic intervju\"},{\"@type\":\"BreadcrumbList\",\"@id\":\"https:\\\/\\\/balkangreenenergynews.com\\\/rs\\\/energetska-tranzicija-kao-sistemska-transformacija\\\/#breadcrumb\",\"itemListElement\":[{\"@type\":\"ListItem\",\"position\":1,\"name\":\"Po\u010detna\",\"item\":\"https:\\\/\\\/balkangreenenergynews.com\\\/rs\\\/\"},{\"@type\":\"ListItem\",\"position\":2,\"name\":\"Intervju\",\"item\":\"https:\\\/\\\/balkangreenenergynews.com\\\/rs\\\/kategorija\\\/intervju\\\/\"},{\"@type\":\"ListItem\",\"position\":3,\"name\":\"Energetska tranzicija kao sistemska transformacija\"}]},{\"@type\":\"WebSite\",\"@id\":\"https:\\\/\\\/balkangreenenergynews.com\\\/rs\\\/#website\",\"url\":\"https:\\\/\\\/balkangreenenergynews.com\\\/rs\\\/\",\"name\":\"Balkan Green Energy News\",\"description\":\"Naj\u0161iri izbor vesti sa Balkana o zelenoj energiji\",\"potentialAction\":[{\"@type\":\"SearchAction\",\"target\":{\"@type\":\"EntryPoint\",\"urlTemplate\":\"https:\\\/\\\/balkangreenenergynews.com\\\/rs\\\/?s={search_term_string}\"},\"query-input\":{\"@type\":\"PropertyValueSpecification\",\"valueRequired\":true,\"valueName\":\"search_term_string\"}}],\"inLanguage\":\"sr-RS\"},{\"@type\":\"Person\",\"@id\":\"https:\\\/\\\/balkangreenenergynews.com\\\/rs\\\/#\\\/schema\\\/person\\\/dee275e6036b1a0f7ceaf956d79d4eff\",\"name\":\"Balkan Green Energy News\",\"url\":\"https:\\\/\\\/balkangreenenergynews.com\\\/rs\\\/author\\\/balkangreenenergynews\\\/\"}]}<\/script>\n<!-- \/ Yoast SEO plugin. -->","yoast_head_json":{"title":"Energetska tranzicija kao sistemska transformacija","description":"Sa Lazarom Miji\u0107em, rukovodiocem globalne poslovne strategije u Sektoru industrijske transformacije u kompaniji Siemens Energy, razgovarali smo o tome gde se region danas nalazi na mapi globalne energetske tranzicije.","robots":{"index":"index","follow":"follow","max-snippet":"max-snippet:-1","max-image-preview":"max-image-preview:large","max-video-preview":"max-video-preview:-1"},"canonical":"https:\/\/balkangreenenergynews.com\/rs\/energetska-tranzicija-kao-sistemska-transformacija\/","og_locale":"sr_RS","og_type":"article","og_title":"Energetska tranzicija kao sistemska transformacija","og_description":"Sa Lazarom Miji\u0107em, rukovodiocem globalne poslovne strategije u Sektoru industrijske transformacije u kompaniji Siemens Energy, razgovarali smo o tome gde se region danas nalazi na mapi globalne energetske tranzicije.","og_url":"https:\/\/balkangreenenergynews.com\/rs\/energetska-tranzicija-kao-sistemska-transformacija\/","og_site_name":"Balkan Green Energy News","article_published_time":"2026-04-30T11:55:05+00:00","og_image":[{"width":840,"height":430,"url":"https:\/\/balkangreenenergynews.com\/rs\/wp-content\/uploads\/2026\/04\/Energetska-tranzicija-sistemska-transformacija-Siemens-Energy-Lazar-Mijic-intervju.jpg?wsr","type":"image\/jpeg"}],"author":"Balkan Green Energy News","twitter_card":"summary_large_image","twitter_misc":{"\u041d\u0430\u043f\u0438\u0441\u0430\u043d\u043e \u043e\u0434":"Balkan Green Energy News","\u041f\u0440\u043e\u0446\u0435\u045a\u0435\u043d\u043e \u0432\u0440\u0435\u043c\u0435 \u0447\u0438\u0442\u0430\u045a\u0430":"6 \u043c\u0438\u043d\u0443\u0442\u0430"},"schema":{"@context":"https:\/\/schema.org","@graph":[{"@type":"Article","@id":"https:\/\/balkangreenenergynews.com\/rs\/energetska-tranzicija-kao-sistemska-transformacija\/#article","isPartOf":{"@id":"https:\/\/balkangreenenergynews.com\/rs\/energetska-tranzicija-kao-sistemska-transformacija\/"},"author":{"name":"Balkan Green Energy News","@id":"https:\/\/balkangreenenergynews.com\/rs\/#\/schema\/person\/dee275e6036b1a0f7ceaf956d79d4eff"},"headline":"Energetska tranzicija kao sistemska transformacija","datePublished":"2026-04-30T11:55:05+00:00","mainEntityOfPage":{"@id":"https:\/\/balkangreenenergynews.com\/rs\/energetska-tranzicija-kao-sistemska-transformacija\/"},"wordCount":1122,"commentCount":0,"image":{"@id":"https:\/\/balkangreenenergynews.com\/rs\/energetska-tranzicija-kao-sistemska-transformacija\/#primaryimage"},"thumbnailUrl":"https:\/\/balkangreenenergynews.com\/rs\/wp-content\/uploads\/2026\/04\/Energetska-tranzicija-sistemska-transformacija-Siemens-Energy-Lazar-Mijic-intervju.jpg?wsr","keywords":["dekarbonizacija","digitalizacija","elektri\u010dna energija","elektrifikacija","energetska tranzicija","Lazar Miji\u0107","obnovljivi izvori energije","Siemens Energy"],"articleSection":["Elektri\u010dna energija","Intervju","OIE"],"inLanguage":"sr-RS","potentialAction":[{"@type":"CommentAction","name":"Comment","target":["https:\/\/balkangreenenergynews.com\/rs\/energetska-tranzicija-kao-sistemska-transformacija\/#respond"]}]},{"@type":"WebPage","@id":"https:\/\/balkangreenenergynews.com\/rs\/energetska-tranzicija-kao-sistemska-transformacija\/","url":"https:\/\/balkangreenenergynews.com\/rs\/energetska-tranzicija-kao-sistemska-transformacija\/","name":"Energetska tranzicija kao sistemska transformacija","isPartOf":{"@id":"https:\/\/balkangreenenergynews.com\/rs\/#website"},"primaryImageOfPage":{"@id":"https:\/\/balkangreenenergynews.com\/rs\/energetska-tranzicija-kao-sistemska-transformacija\/#primaryimage"},"image":{"@id":"https:\/\/balkangreenenergynews.com\/rs\/energetska-tranzicija-kao-sistemska-transformacija\/#primaryimage"},"thumbnailUrl":"https:\/\/balkangreenenergynews.com\/rs\/wp-content\/uploads\/2026\/04\/Energetska-tranzicija-sistemska-transformacija-Siemens-Energy-Lazar-Mijic-intervju.jpg?wsr","datePublished":"2026-04-30T11:55:05+00:00","author":{"@id":"https:\/\/balkangreenenergynews.com\/rs\/#\/schema\/person\/dee275e6036b1a0f7ceaf956d79d4eff"},"description":"Sa Lazarom Miji\u0107em, rukovodiocem globalne poslovne strategije u Sektoru industrijske transformacije u kompaniji Siemens Energy, razgovarali smo o tome gde se region danas nalazi na mapi globalne energetske tranzicije.","breadcrumb":{"@id":"https:\/\/balkangreenenergynews.com\/rs\/energetska-tranzicija-kao-sistemska-transformacija\/#breadcrumb"},"inLanguage":"sr-RS","potentialAction":[{"@type":"ReadAction","target":["https:\/\/balkangreenenergynews.com\/rs\/energetska-tranzicija-kao-sistemska-transformacija\/"]}]},{"@type":"ImageObject","inLanguage":"sr-RS","@id":"https:\/\/balkangreenenergynews.com\/rs\/energetska-tranzicija-kao-sistemska-transformacija\/#primaryimage","url":"https:\/\/balkangreenenergynews.com\/rs\/wp-content\/uploads\/2026\/04\/Energetska-tranzicija-sistemska-transformacija-Siemens-Energy-Lazar-Mijic-intervju.jpg?wsr","contentUrl":"https:\/\/balkangreenenergynews.com\/rs\/wp-content\/uploads\/2026\/04\/Energetska-tranzicija-sistemska-transformacija-Siemens-Energy-Lazar-Mijic-intervju.jpg?wsr","width":840,"height":430,"caption":"Energetska tranzicija sistemska transformacija Siemens Energy Lazar Mijic intervju"},{"@type":"BreadcrumbList","@id":"https:\/\/balkangreenenergynews.com\/rs\/energetska-tranzicija-kao-sistemska-transformacija\/#breadcrumb","itemListElement":[{"@type":"ListItem","position":1,"name":"Po\u010detna","item":"https:\/\/balkangreenenergynews.com\/rs\/"},{"@type":"ListItem","position":2,"name":"Intervju","item":"https:\/\/balkangreenenergynews.com\/rs\/kategorija\/intervju\/"},{"@type":"ListItem","position":3,"name":"Energetska tranzicija kao sistemska transformacija"}]},{"@type":"WebSite","@id":"https:\/\/balkangreenenergynews.com\/rs\/#website","url":"https:\/\/balkangreenenergynews.com\/rs\/","name":"Balkan Green Energy News","description":"Naj\u0161iri izbor vesti sa Balkana o zelenoj energiji","potentialAction":[{"@type":"SearchAction","target":{"@type":"EntryPoint","urlTemplate":"https:\/\/balkangreenenergynews.com\/rs\/?s={search_term_string}"},"query-input":{"@type":"PropertyValueSpecification","valueRequired":true,"valueName":"search_term_string"}}],"inLanguage":"sr-RS"},{"@type":"Person","@id":"https:\/\/balkangreenenergynews.com\/rs\/#\/schema\/person\/dee275e6036b1a0f7ceaf956d79d4eff","name":"Balkan Green Energy News","url":"https:\/\/balkangreenenergynews.com\/rs\/author\/balkangreenenergynews\/"}]}},"_links":{"self":[{"href":"https:\/\/balkangreenenergynews.com\/rs\/wp-json\/wp\/v2\/posts\/91422","targetHints":{"allow":["GET"]}}],"collection":[{"href":"https:\/\/balkangreenenergynews.com\/rs\/wp-json\/wp\/v2\/posts"}],"about":[{"href":"https:\/\/balkangreenenergynews.com\/rs\/wp-json\/wp\/v2\/types\/post"}],"author":[{"embeddable":true,"href":"https:\/\/balkangreenenergynews.com\/rs\/wp-json\/wp\/v2\/users\/25"}],"replies":[{"embeddable":true,"href":"https:\/\/balkangreenenergynews.com\/rs\/wp-json\/wp\/v2\/comments?post=91422"}],"version-history":[{"count":8,"href":"https:\/\/balkangreenenergynews.com\/rs\/wp-json\/wp\/v2\/posts\/91422\/revisions"}],"predecessor-version":[{"id":91509,"href":"https:\/\/balkangreenenergynews.com\/rs\/wp-json\/wp\/v2\/posts\/91422\/revisions\/91509"}],"wp:featuredmedia":[{"embeddable":true,"href":"https:\/\/balkangreenenergynews.com\/rs\/wp-json\/wp\/v2\/media\/91505"}],"wp:attachment":[{"href":"https:\/\/balkangreenenergynews.com\/rs\/wp-json\/wp\/v2\/media?parent=91422"}],"wp:term":[{"taxonomy":"category","embeddable":true,"href":"https:\/\/balkangreenenergynews.com\/rs\/wp-json\/wp\/v2\/categories?post=91422"},{"taxonomy":"post_tag","embeddable":true,"href":"https:\/\/balkangreenenergynews.com\/rs\/wp-json\/wp\/v2\/tags?post=91422"}],"curies":[{"name":"wp","href":"https:\/\/api.w.org\/{rel}","templated":true}]}}