{"id":91395,"date":"2026-04-27T15:57:08","date_gmt":"2026-04-27T13:57:08","guid":{"rendered":"https:\/\/balkangreenenergynews.com\/rs\/?p=91395"},"modified":"2026-04-27T16:23:33","modified_gmt":"2026-04-27T14:23:33","slug":"akuo-jaca-zamah-u-jugoistocnoj-evropi-nakon-vlasnicke-transformacije","status":"publish","type":"post","link":"https:\/\/balkangreenenergynews.com\/rs\/akuo-jaca-zamah-u-jugoistocnoj-evropi-nakon-vlasnicke-transformacije\/","title":{"rendered":"Akuo ja\u010da zamah u Jugoisto\u010dnoj Evropi nakon vlasni\u010dke transformacije"},"content":{"rendered":"<h2>Energetska kriza apostrofira neophodnost obnovljivih izvora energije za o\u010duvanje energetske bezbednosti, pored klimatskih ciljeva i konkurentnosti, izjavio je za portal Balkan Green Energy News Brino Bansason, generalni direktor kompanije Akuo, uo\u010di svog prvog javnog nastupa u regionu \u2013 na Beogradskom energetskom forumu. Nakon \u0161to ju je preuzeo Ardian i uz strate\u0161ko izo\u0161travanje fokusa, ostala je posve\u0107ena Jugoisto\u010dnoj Evropi, istakao je. Akuo, koji je me\u0111u prvima prepoznao potencijal ovog regiona i lansirao investicije, razvija nekoliko velikih projekata na Zapadnom Balkanu.<\/h2>\n<p>Brino Bansason (Bruno Bensasson) je preuzeo kormilo kompanije Akuo pro\u0161le godine, kada je globalna privatna investiciona ku\u0107a <a href=\"https:\/\/balkangreenenergynews.com\/rs\/investiciona-firma-ardian-preuzima-akuo\/\">Ardian<\/a> preuzela ovog nezavisnog proizvo\u0111a\u010da obnovljive energije sa sedi\u0161tem u Francuskoj. On je sa sobom doneo iskustvo sa visokih rukovode\u0107ih pozicija u gigantima zelene energije kao \u0161to su Engie i EDF Renewables.<\/p>\n<p>Akuov operativni portfolio dostigao je 1,7 gigavata \u0161irom sveta, dok je jo\u0161 400 megavata u fazi izgradnje. Bansason je u intervjuu otkrio da o\u010dekuje da se realizacija ubrza, s obzirom na 10 gigavata projekata u razvoju. Dodao je da kompanija te\u017ei da do 2030. dostigne kapacitet od pet gigavata na mre\u017ei. \u0160iri svoje aktivnosti u Jugoisto\u010dnoj Evropi, sa predstoje\u0107im investicijama u Srbiji, Severnoj Makedoniji, na Kosovu*, u Crnoj Gori i <a href=\"https:\/\/balkangreenenergynews.com\/akuo-invites-eu-citizens-to-invest-in-its-solar-power-project-in-greece\/\">Gr\u010dkoj.<\/a> Kompanija u regionu razvija projekte zelene energije od 1,3 gigavata u zbiru, a dominiraju solarni parkovi i vetroelektrane.<\/p>\n<blockquote><p>Akuo je srebrni sponzor Beogradskog energetskog foruma<\/p><\/blockquote>\n<p>Generalni direktor Brino Bansason je me\u0111u najva\u017enijim govornicima na <a href=\"https:\/\/belgradeenergyforum.com\/sr\/\">Beogradskom energetskom forumu \u2013 BEF 2026,<\/a> koji se odr\u017eava 11. i 12. maja. Akuo je <a href=\"https:\/\/balkangreenenergynews.com\/rs\/spremna-agenda-za-bef-2026-buducnost-energetike-jugoistocne-evrope-u-fokusu-50-govornika\/\">srebrni sponzor<\/a> ovog doga\u0111aja, kojeg organizuje Balkan Green Energy News.<\/p>\n<p>&#8222;Bi\u0107e mi to prvi put na ovakvoj konferenciji u regionu. Od ranije imam nekog iskustva iz kompanija Engie i EDF, posebno u Gr\u010dkoj, ali manje u ostatku Balkana. Ovo je veoma obe\u0107avaju\u0107e podru\u010dje za nas. Zadovoljstvo je otkrivati nove zemlje i kulturu. I ovde se ose\u0107am kao Evropljanin, bilo da je to unutar ili van Evropske unije, i sre\u0107an sam \u0161to sa kompanijom Akuo mogu da doprinesem energetskoj tranziciji regiona\u201c, rekao je Bansason.<\/p>\n<h3>Lekcije iz jo\u0161 jedne energetske krize<\/h3>\n<p>Rat u Persijskom zalivu i oko njega ugro\u017eava energetsku stabilnost \u0161irom sveta, a kraj mu se ne nazire.<\/p>\n<p>Na pitanje o daljem kursu Evrope, Akuov \u010delnik je istakao strate\u0161ki zna\u010daj obnovljivih izvora energije za energetsku bezbednost. Napomenuo je da se na taj na\u010din koriste lokalni resursi koji smanjuju zavisnost od uvoza nafte i gasa i volatilnost njihovih cena, povrh borbe protiv klimatskih promena. \u0160tavi\u0161e, zelena energija postaje sve konkurentnija.<\/p>\n<p>\u201eTo je alarm, a i nije prvi. Nadam se da \u0107e se \u010duti glasno i jasno. Redovno otkrivamo i ponovo shvatamo da zavisimo od nafte i gasa, da cena mo\u017ee oti\u0107i u bilo kom smeru, da mo\u017eemo trpeti zbog veoma visokih cena, pa \u010dak i zbog nesta\u0161ice. Nadam se da \u0161ok ne\u0107e trajati predugo i biti previ\u0161e te\u017eak, ali nakon njega moramo izvu\u0107i zaklju\u010dke i pouke\u201c, naglasio je Bansason.<\/p>\n<p>To bi podrazumevalo javnu politiku i posve\u0107enost, a Akuo je deo re\u0161enja, rekao je. Bansason je dodao da je cilj kompanije da obezbedi elektri\u010dnu energiju koja nije dobijena iz fosilnih goriva, i to po najboljoj ceni i uz najmanji tro\u0161ak za sistem, doma\u0107instva, preduze\u0107a i industriju.<\/p>\n<figure id=\"attachment_91415\" aria-describedby=\"caption-attachment-91415\" style=\"width: 840px\" class=\"wp-caption aligncenter\"><img loading=\"lazy\" decoding=\"async\" class=\"wp-image-91415 size-full\" src=\"https:\/\/balkangreenenergynews.com\/rs\/wp-content\/uploads\/2026\/04\/Akuo-jaca-zamah-u-Jugoistocnoj-Evropi-nakon-vlasnicke-transformacije.jpg\" alt=\"Akuo jaca zamah u Jugoistocnoj Evropi nakon vlasnicke transformacije\" width=\"840\" height=\"382\" srcset=\"https:\/\/balkangreenenergynews.com\/rs\/wp-content\/uploads\/2026\/04\/Akuo-jaca-zamah-u-Jugoistocnoj-Evropi-nakon-vlasnicke-transformacije.jpg 840w, https:\/\/balkangreenenergynews.com\/rs\/wp-content\/uploads\/2026\/04\/Akuo-jaca-zamah-u-Jugoistocnoj-Evropi-nakon-vlasnicke-transformacije-500x227.jpg 500w, https:\/\/balkangreenenergynews.com\/rs\/wp-content\/uploads\/2026\/04\/Akuo-jaca-zamah-u-Jugoistocnoj-Evropi-nakon-vlasnicke-transformacije-768x349.jpg 768w, https:\/\/balkangreenenergynews.com\/rs\/wp-content\/uploads\/2026\/04\/Akuo-jaca-zamah-u-Jugoistocnoj-Evropi-nakon-vlasnicke-transformacije-300x136.jpg 300w\" sizes=\"auto, (max-width: 840px) 100vw, 840px\" \/><figcaption id=\"caption-attachment-91415\" class=\"wp-caption-text\">Akuov fotonaponski sistem Chalki na gr\u010dkom ostrvu Halki kod Rodosa<\/figcaption><\/figure>\n<h3>Izo\u0161travanje fokusa u tehnologijama, geografskom pokrivanju, uz mnogo vi\u0161e finansijske mo\u0107i<\/h3>\n<p>Akuo u Ardianovom okrilju ima mnogo ja\u010de finansijske sposobnosti. Mati\u010dna investiciona kompanija \u0161irom sveta za svoje klijente upravlja kapitalom vrednim 190 milijardi evra u zbiru.<\/p>\n<p>Novi Akuo se dr\u017ei kontinuiteta, uklju\u010duju\u0107i napore za izo\u0161travanje fokusa koji datiraju jo\u0161 od pre akvizicije, objasnio je Bansason. U tehnolo\u0161kom smislu, kompanija je sada isklju\u010divo proizvo\u0111a\u010d elektri\u010dne energije iz obnovljivih izvora, dok je ranije pravila i jedan deo opreme.<\/p>\n<p>Povukla se iz segmenata biomase i geotermalne energije, koncentri\u0161u\u0107i svoj delokrug na solarnu energiju, vetroelektrane na kopnu i baterije za skladi\u0161tenje energije. Kada je re\u010d o geografiji, kompanija se fokusira na odre\u0111ene evropske i zemlje Severne i Ju\u017ene Amerike.<\/p>\n<h3>Akuo smatra Balkan veoma obe\u0107avaju\u0107im<\/h3>\n<p>Pro\u0161la je ve\u0107 decenija otkad je Akuo zauzeo neke od prvih zna\u010dajnih pozicija na Balkanu.<\/p>\n<p>\u201eTo je veoma obe\u0107avaju\u0107i region Evrope i mi definitivno \u017eelimo da damo svoj doprinos. Francuska \u010dini 25 odsto na\u0161eg portfolija, tu je Portugal, a na istoku Poljska. Ipak, \u017eelim da se oslanjam na vi\u0161e stubova. Na Balkanu imamo jo\u0161 projekata: u Srbiji, na Kosovu*, u Severnoj Makedoniji. Sjajno je \u0161to na\u0161e timove \u010dine lokalci. Oni blisko sara\u0111uju sa vlastima i kompanijama\u201c, naglasio je Bansason.<\/p>\n<p>Akuo ima vetroelektrane Ogorje u Hrvatskoj i Krnovo u Crnoj Gori, i hidroelektranee u Bugarskoj.<\/p>\n<p>U Gr\u010dkoj kompanija upravlja fotonaponskim sistemima. Akuo je upravo potpisao memorandum o razumevanju sa kompanijama Jasper Wind i AirEnergy o ulasku u njihov konzorcijum koji razvija \u0161est projekata vetroelektrana. Re\u010d je o 145 megavata na lokacijama u oblasti Ftiotida u oblasti Centralne Gr\u010dke.<\/p>\n<p>Bruno Bansason bio deo delegacije Francuske u minuloj poseti predsednika Emanuela Makrona toj zemlji.<\/p>\n<blockquote><p>Kompanija namerava da kod \u0160tipa instalira solarni park of 300 megavata sa baterijama<\/p><\/blockquote>\n<p>U Srbiji, Akuo razvija projekat vetroelektrane Bela Anta 2, poznat i kao <a href=\"https:\/\/balkangreenenergynews.com\/rs\/akuo-energy-potpisao-ppa-ugovor-s-eps-om-za-projekat-vetroelektrane-bela-anta-2\/\">Matrix Power.<\/a> Ovaj projekat je osvojio tr\u017ei\u0161nu premiju na aukciji za energiju iz obnovljivih izvora. Drugi projekat je Ba\u0161aid, za 85 megavata. Tra\u017ei se na\u010din za plasman na tr\u017ei\u0161te, bilo u Srbiji ili u nekoj susednoj zemlji, otkrio je Bansason. Akuo je pro\u0161ao u drugi krug <a href=\"https:\/\/balkangreenenergynews.com\/applications-open-for-first-wind-power-auction-in-kosovo\/\">tendera za vetroelektrane na Kosovu*.<\/a> Projekat je poznat pod nazivom \u00c7i\u00e7avica \u2013 \u010ci\u010davica.<\/p>\n<p>Kompanija namerava da u Severnoj Makedoniji izgradi solarni park od 300 megavata sa baterijskim sistemom za skladi\u0161tenje energije (BESS). Bio bi najve\u0107i na Zapadnom Balkanu. Lokacija je u blizini \u0160tipa, na mestu koje je ranije bilo predvi\u0111eno za teretni aerodrom. Ovaj poduhvat se zove Stipion ili Ostro.<\/p>\n<p>\u201eImamo dobre odnose sa vlastima u tim zemljama i nadamo se da mo\u017eemo razviti ove projekte po predvi\u0111enim rokovima. Kao \u0161to sam rekao, tranzicija iz uglja ili gasa ne dolazi bez odre\u0111enih javnih obaveza. Radimo sa vladama na pronala\u017eenju najprikladnijeg mehanizma. Za nas je va\u017eno imati dobar mehanizam koji daje predvidljivost, po\u0161tuje interese svake strane i u skladu je sa lokalnim zakonodavstvom. A napredujemo dobro\u201c, rekao je Akuov generalni direktor.<\/p>\n<figure id=\"attachment_91416\" aria-describedby=\"caption-attachment-91416\" style=\"width: 840px\" class=\"wp-caption aligncenter\"><img loading=\"lazy\" decoding=\"async\" class=\"wp-image-91416 size-full\" src=\"https:\/\/balkangreenenergynews.com\/rs\/wp-content\/uploads\/2026\/04\/Ogorje-Hrvatska-vetroelektrana.jpg\" alt=\"Ogorje Hrvatska vetroelektrana\" width=\"840\" height=\"535\" srcset=\"https:\/\/balkangreenenergynews.com\/rs\/wp-content\/uploads\/2026\/04\/Ogorje-Hrvatska-vetroelektrana.jpg 840w, https:\/\/balkangreenenergynews.com\/rs\/wp-content\/uploads\/2026\/04\/Ogorje-Hrvatska-vetroelektrana-500x318.jpg 500w, https:\/\/balkangreenenergynews.com\/rs\/wp-content\/uploads\/2026\/04\/Ogorje-Hrvatska-vetroelektrana-768x489.jpg 768w, https:\/\/balkangreenenergynews.com\/rs\/wp-content\/uploads\/2026\/04\/Ogorje-Hrvatska-vetroelektrana-300x191.jpg 300w\" sizes=\"auto, (max-width: 840px) 100vw, 840px\" \/><figcaption id=\"caption-attachment-91416\" class=\"wp-caption-text\">Vetroelektrana Ogorje nedaleko od Splita u Hrvatskoj<\/figcaption><\/figure>\n<h3>Jugoisto\u010dna Evropa ima dodatni potencijal u plutaju\u0107im solarnim elektranama<\/h3>\n<p>Bansason je podsetio na pionirsku ulogu kompanije na Zapadnom Balkanu i u Evropi. Izrazio je optimizam u pogledu uvo\u0111enja pojedinih novih tehnologija u regionu i ukazao na mogu\u0107nost <a href=\"https:\/\/balkangreenenergynews.com\/rs\/epcg-dogovorio-razvoj-plutajuceg-solara-termalnih-baterija-i-vetroturbina-za-velike-visine\/\">prvog projekta plutaju\u0107e solarne elektrane,<\/a> u Crnoj Gori, gde je Akuo u oktobru potpisao memorandum o razumevanju za postrojenje od 36 megavata.<\/p>\n<p>Kompanija je tako\u0111e napredovala u na polju agrosolara, rekao je Bansason i dodao da ova dva koncepta imaju mnogo smisla na odre\u0111enim mestima, tamo gde nedostaje zemlji\u0161ta.<\/p>\n<p>\u201eVeoma podr\u017eavam agrovoltaiku. Radimo mnogo na tome i vidimo to kao na\u010din da do\u0111emo do zemlji\u0161ta i u korist proizvodnje energije i poljoprivredne proizvodnje. Dobijate za\u0161titu od vru\u0107ine, grada i mraza, jer su temperatura i vla\u017enost malo druga\u010diji ispod panela. Predlo\u017eili smo plutaju\u0107u solarnu elektranu u Crnoj Gori i napredujemo. Moramo to pa\u017eljivo da sagledamo. Ima svoje prednosti, ali i svoju slo\u017eenost, svoje tro\u0161kove. Dakle, pitanje je ravnote\u017ee\u201c, izjavio je.<\/p>\n<h3>Velik udeo fosilnih goriva je velik prostor za rast za obnovljive izvore<\/h3>\n<p>Upitan o prednostima Zapadnog Balkana iz ugla jednog od glavnih investitora u obnovljive izvore energije, Bansason je istakao potencijal energije sunca i vetra. Osim toga, oslonac na fosilna goriva je ostao sna\u017ean, uz relativno visoke cene. Odatle proizilazi potreba za ekspanziju energije iz obnovljivih izvora energije, radi postepenog odbacivanja uglja i gasa, napomenuo je.<\/p>\n<blockquote><p>Tenderi za dr\u017eavnu podr\u0161ku omogu\u0107avaju predvidljivost i daju siguran put za plasman na tr\u017ei\u0161te<\/p><\/blockquote>\n<p>\u201eTako\u0111e, tu su tenderi u okviru mehanizama javne podr\u0161ke. Mi cenimo dugoro\u010dne ugovore. Tenderi nam pru\u017eaju predvidljivost. Oni nam daju siguran put za plasman na tr\u017ei\u0161tu, za prodaju elektri\u010dne energije koju \u0107emo proizvoditi na duge staze. Alternativa je da idete na spot tr\u017ei\u0161te, koje je veoma likvidno i volatilno. Veoma je te\u0161ko prihvatiti takav rizik na 30 godina. Ili morate da na\u0111ete korporativni ugovor o otkupu elektri\u010dne energije (PPA). Me\u0111utim, ne nailazite na ba\u0161 mnogo ljudi koji su spremni da otkupljuju struju na veoma dug rok. Pa su tenderi veoma dobri\u201c, razjasnio je Bansason.<\/p>\n<h3>CBAM ote\u017eava proizvodnju elektri\u010dne energije na Zapadnom Balkanu<\/h3>\n<p>Deo pri\u010de u vezi s uskim grlima je malo slo\u017eeniji. Bansason je naglasio da \u0161irenje energije iz obnovljivih izvora mora biti pra\u0107eno investicijama u mre\u017eu, i ukazao na ulogu operatora prenosnog i distributivnog sistema \u2013 TSO-ova odnosno DSO-ova. To obuhvata i postupak izdavanje dozvola.<\/p>\n<p>\u201eKada govorimo o preprekama, moramo pomenuti Mehanizam za prekograni\u010dno prilago\u0111avanje ugljenika, koji je u potpunosti implementiran po\u010detkom ove godine. On ima jedan razumljiv efekat zbog svoje svrhe, ali je veoma nezgodno \u0161to, umesto da favorizuje proizvodnju elektri\u010dne energije iz obnovljivih izvora, on je ote\u017eava, a ovo posebno prime\u0107ujemo u Srbiji. To je dovelo do pada cena elektri\u010dne energije na spot tr\u017ei\u0161tu, \u0161to ko\u010di investicije\u201c, podvukao je prvi \u010dovek kompanije Akuo.<\/p>\n<p>Srbija bi mogla da uvede sistem naplate emisija ugljenika. Ili, ukoliko bi se ta zemlja pridru\u017eila Evropskoj uniji, pomenutog uticaja CBAM-a uop\u0161te ne bi bilo, po Bansasonovim re\u010dima.<\/p>\n<p>\u201eImali bismo odgovaraju\u0107u cenu ugljen-dioksida ura\u010dunatu u cene elektri\u010dne energije. Bez poreza. Industrija na Zapadnom Balkanu ne bi trpela ni zbog kakvog prekograni\u010dnog mehanizma. Sada, \u010dak i ukoliko neko ima elektri\u010dnu energiju iz obnovljivih izvora, na primer u Srbiji, nema naplate na ime emisija CO2. Naprotiv, ovaj mehanizam za ugljenik samo komplikuje tr\u017ei\u0161te\u201c, smatra.<\/p>\n","protected":false},"excerpt":{"rendered":"<p>Energetska kriza apostrofira neophodnost obnovljivih izvora energije za o\u010duvanje energetske bezbednosti, pored klime i konkurentnosti, kazao nam je Brino Bansason, generalni direktor kompanije Akuo<\/p>\n","protected":false},"author":27,"featured_media":91397,"comment_status":"open","ping_status":"open","sticky":false,"template":"","format":"standard","meta":{"_acf_changed":false,"_monsterinsights_skip_tracking":false,"_monsterinsights_sitenote_active":false,"_monsterinsights_sitenote_note":"","_monsterinsights_sitenote_category":0,"footnotes":""},"categories":[504,482,1],"tags":[6490,7323,68,807,6736,7438,6153,3279,669,1854,5637,7392,647,6612,5343,5908,3571,1890,5341,5342,2341],"class_list":["post-91395","post","type-post","status-publish","format-standard","has-post-thumbnail","hentry","category-elektricna-energija","category-intervju","category-obnovljivi-izvori-energije","tag-agrosolar","tag-akuo","tag-akuo-energy","tag-baterije","tag-baterije-za-skladistenje-energije","tag-bruno-bensasson","tag-cbam","tag-dekarbonizacija","tag-elektricna-energija","tag-energetska-tranzicija","tag-hibridne-elektrane","tag-mehanizam-za-prekogranicno-prilagodjavanje-ugljenika","tag-obnovljivi-izvori-energije","tag-plutajuce-solarne-elektrane","tag-porez-na-co2","tag-prekogranicna-taksa-na-co2","tag-skladistenje-energije","tag-solarne-elektrane","tag-taksa-na-co2","tag-taksa-na-emisije-ugljen-dioksida","tag-vetroelektrane","country-regioneu"],"acf":[],"yoast_head":"<!-- This site is optimized with the Yoast SEO plugin v27.4 - https:\/\/yoast.com\/product\/yoast-seo-wordpress\/ -->\n<title>Akuo ja\u010da zamah u Jugoisto\u010dnoj Evropi nakon vlasni\u010dke transformacije<\/title>\n<meta name=\"description\" content=\"Energetska kriza apostrofira neophodnost obnovljivih izvora energije za o\u010duvanje energetske bezbednosti, pored klime i konkurentnosti, kazao nam je Brino Bansason, generalni direktor kompanije Akuo.\" \/>\n<meta name=\"robots\" content=\"index, follow, max-snippet:-1, max-image-preview:large, max-video-preview:-1\" \/>\n<link rel=\"canonical\" href=\"https:\/\/balkangreenenergynews.com\/rs\/akuo-jaca-zamah-u-jugoistocnoj-evropi-nakon-vlasnicke-transformacije\/\" \/>\n<meta property=\"og:locale\" content=\"sr_RS\" \/>\n<meta property=\"og:type\" content=\"article\" \/>\n<meta property=\"og:title\" content=\"Akuo ja\u010da zamah u Jugoisto\u010dnoj Evropi nakon vlasni\u010dke transformacije\" \/>\n<meta property=\"og:description\" content=\"Energetska kriza apostrofira neophodnost obnovljivih izvora energije za o\u010duvanje energetske bezbednosti, pored klime i konkurentnosti, kazao nam je Brino Bansason, generalni direktor kompanije Akuo.\" \/>\n<meta property=\"og:url\" content=\"https:\/\/balkangreenenergynews.com\/rs\/akuo-jaca-zamah-u-jugoistocnoj-evropi-nakon-vlasnicke-transformacije\/\" \/>\n<meta property=\"og:site_name\" content=\"Balkan Green Energy News\" \/>\n<meta property=\"article:published_time\" content=\"2026-04-27T13:57:08+00:00\" \/>\n<meta property=\"article:modified_time\" content=\"2026-04-27T14:23:33+00:00\" \/>\n<meta property=\"og:image\" content=\"https:\/\/balkangreenenergynews.com\/rs\/wp-content\/uploads\/2026\/04\/New-Akuo-Southeastern-Europe-Bruno-Bensasson-Jugoistocnoj-Evropi-Brino-Bansason-intervju.jpg?wsr\" \/>\n\t<meta property=\"og:image:width\" content=\"840\" \/>\n\t<meta property=\"og:image:height\" content=\"430\" \/>\n\t<meta property=\"og:image:type\" content=\"image\/jpeg\" \/>\n<meta name=\"author\" content=\"Igor Todorovi\u0107\" \/>\n<meta name=\"twitter:card\" content=\"summary_large_image\" \/>\n<meta name=\"twitter:label1\" content=\"\u041d\u0430\u043f\u0438\u0441\u0430\u043d\u043e \u043e\u0434\" \/>\n\t<meta name=\"twitter:data1\" content=\"Igor Todorovi\u0107\" \/>\n\t<meta name=\"twitter:label2\" content=\"\u041f\u0440\u043e\u0446\u0435\u045a\u0435\u043d\u043e \u0432\u0440\u0435\u043c\u0435 \u0447\u0438\u0442\u0430\u045a\u0430\" \/>\n\t<meta name=\"twitter:data2\" content=\"9 \u043c\u0438\u043d\u0443\u0442\u0430\" \/>\n<script type=\"application\/ld+json\" class=\"yoast-schema-graph\">{\"@context\":\"https:\\\/\\\/schema.org\",\"@graph\":[{\"@type\":\"Article\",\"@id\":\"https:\\\/\\\/balkangreenenergynews.com\\\/rs\\\/akuo-jaca-zamah-u-jugoistocnoj-evropi-nakon-vlasnicke-transformacije\\\/#article\",\"isPartOf\":{\"@id\":\"https:\\\/\\\/balkangreenenergynews.com\\\/rs\\\/akuo-jaca-zamah-u-jugoistocnoj-evropi-nakon-vlasnicke-transformacije\\\/\"},\"author\":{\"name\":\"Igor Todorovi\u0107\",\"@id\":\"https:\\\/\\\/balkangreenenergynews.com\\\/rs\\\/#\\\/schema\\\/person\\\/d8f80a244c4e9f2b55e4f6968c253246\"},\"headline\":\"Akuo ja\u010da zamah u Jugoisto\u010dnoj Evropi nakon vlasni\u010dke transformacije\",\"datePublished\":\"2026-04-27T13:57:08+00:00\",\"dateModified\":\"2026-04-27T14:23:33+00:00\",\"mainEntityOfPage\":{\"@id\":\"https:\\\/\\\/balkangreenenergynews.com\\\/rs\\\/akuo-jaca-zamah-u-jugoistocnoj-evropi-nakon-vlasnicke-transformacije\\\/\"},\"wordCount\":1716,\"commentCount\":0,\"image\":{\"@id\":\"https:\\\/\\\/balkangreenenergynews.com\\\/rs\\\/akuo-jaca-zamah-u-jugoistocnoj-evropi-nakon-vlasnicke-transformacije\\\/#primaryimage\"},\"thumbnailUrl\":\"https:\\\/\\\/balkangreenenergynews.com\\\/rs\\\/wp-content\\\/uploads\\\/2026\\\/04\\\/New-Akuo-Southeastern-Europe-Bruno-Bensasson-Jugoistocnoj-Evropi-Brino-Bansason-intervju.jpg?wsr\",\"keywords\":[\"agrosolar\",\"Akuo\",\"Akuo Energy\",\"baterije\",\"baterije za skladi\u0161tenje energije\",\"Bruno Bensasson\",\"CBAM\",\"dekarbonizacija\",\"elektri\u010dna energija\",\"energetska tranzicija\",\"hibridne elektrane\",\"Mehanizam za prekograni\u010dno prilago\u0111avanje ugljenika\",\"obnovljivi izvori energije\",\"plutaju\u0107e solarne elektrane\",\"porez na CO2\",\"prekograni\u010dna taksa na CO2\",\"skladi\u0161tenje energije\",\"solarne elektrane\",\"taksa na CO2\",\"taksa na emisije ugljen-dioksida\",\"vetroelektrane\"],\"articleSection\":[\"Elektri\u010dna energija\",\"Intervju\",\"OIE\"],\"inLanguage\":\"sr-RS\",\"potentialAction\":[{\"@type\":\"CommentAction\",\"name\":\"Comment\",\"target\":[\"https:\\\/\\\/balkangreenenergynews.com\\\/rs\\\/akuo-jaca-zamah-u-jugoistocnoj-evropi-nakon-vlasnicke-transformacije\\\/#respond\"]}]},{\"@type\":\"WebPage\",\"@id\":\"https:\\\/\\\/balkangreenenergynews.com\\\/rs\\\/akuo-jaca-zamah-u-jugoistocnoj-evropi-nakon-vlasnicke-transformacije\\\/\",\"url\":\"https:\\\/\\\/balkangreenenergynews.com\\\/rs\\\/akuo-jaca-zamah-u-jugoistocnoj-evropi-nakon-vlasnicke-transformacije\\\/\",\"name\":\"Akuo ja\u010da zamah u Jugoisto\u010dnoj Evropi nakon vlasni\u010dke transformacije\",\"isPartOf\":{\"@id\":\"https:\\\/\\\/balkangreenenergynews.com\\\/rs\\\/#website\"},\"primaryImageOfPage\":{\"@id\":\"https:\\\/\\\/balkangreenenergynews.com\\\/rs\\\/akuo-jaca-zamah-u-jugoistocnoj-evropi-nakon-vlasnicke-transformacije\\\/#primaryimage\"},\"image\":{\"@id\":\"https:\\\/\\\/balkangreenenergynews.com\\\/rs\\\/akuo-jaca-zamah-u-jugoistocnoj-evropi-nakon-vlasnicke-transformacije\\\/#primaryimage\"},\"thumbnailUrl\":\"https:\\\/\\\/balkangreenenergynews.com\\\/rs\\\/wp-content\\\/uploads\\\/2026\\\/04\\\/New-Akuo-Southeastern-Europe-Bruno-Bensasson-Jugoistocnoj-Evropi-Brino-Bansason-intervju.jpg?wsr\",\"datePublished\":\"2026-04-27T13:57:08+00:00\",\"dateModified\":\"2026-04-27T14:23:33+00:00\",\"author\":{\"@id\":\"https:\\\/\\\/balkangreenenergynews.com\\\/rs\\\/#\\\/schema\\\/person\\\/d8f80a244c4e9f2b55e4f6968c253246\"},\"description\":\"Energetska kriza apostrofira neophodnost obnovljivih izvora energije za o\u010duvanje energetske bezbednosti, pored klime i konkurentnosti, kazao nam je Brino Bansason, generalni direktor kompanije Akuo.\",\"breadcrumb\":{\"@id\":\"https:\\\/\\\/balkangreenenergynews.com\\\/rs\\\/akuo-jaca-zamah-u-jugoistocnoj-evropi-nakon-vlasnicke-transformacije\\\/#breadcrumb\"},\"inLanguage\":\"sr-RS\",\"potentialAction\":[{\"@type\":\"ReadAction\",\"target\":[\"https:\\\/\\\/balkangreenenergynews.com\\\/rs\\\/akuo-jaca-zamah-u-jugoistocnoj-evropi-nakon-vlasnicke-transformacije\\\/\"]}]},{\"@type\":\"ImageObject\",\"inLanguage\":\"sr-RS\",\"@id\":\"https:\\\/\\\/balkangreenenergynews.com\\\/rs\\\/akuo-jaca-zamah-u-jugoistocnoj-evropi-nakon-vlasnicke-transformacije\\\/#primaryimage\",\"url\":\"https:\\\/\\\/balkangreenenergynews.com\\\/rs\\\/wp-content\\\/uploads\\\/2026\\\/04\\\/New-Akuo-Southeastern-Europe-Bruno-Bensasson-Jugoistocnoj-Evropi-Brino-Bansason-intervju.jpg?wsr\",\"contentUrl\":\"https:\\\/\\\/balkangreenenergynews.com\\\/rs\\\/wp-content\\\/uploads\\\/2026\\\/04\\\/New-Akuo-Southeastern-Europe-Bruno-Bensasson-Jugoistocnoj-Evropi-Brino-Bansason-intervju.jpg?wsr\",\"width\":840,\"height\":430,\"caption\":\"New Akuo Southeastern Europe Bruno Bensasson Jugoisto\u010dnoj Evropi Brino Bansason intervju\"},{\"@type\":\"BreadcrumbList\",\"@id\":\"https:\\\/\\\/balkangreenenergynews.com\\\/rs\\\/akuo-jaca-zamah-u-jugoistocnoj-evropi-nakon-vlasnicke-transformacije\\\/#breadcrumb\",\"itemListElement\":[{\"@type\":\"ListItem\",\"position\":1,\"name\":\"Po\u010detna\",\"item\":\"https:\\\/\\\/balkangreenenergynews.com\\\/rs\\\/\"},{\"@type\":\"ListItem\",\"position\":2,\"name\":\"Intervju\",\"item\":\"https:\\\/\\\/balkangreenenergynews.com\\\/rs\\\/kategorija\\\/intervju\\\/\"},{\"@type\":\"ListItem\",\"position\":3,\"name\":\"Akuo ja\u010da zamah u Jugoisto\u010dnoj Evropi nakon vlasni\u010dke transformacije\"}]},{\"@type\":\"WebSite\",\"@id\":\"https:\\\/\\\/balkangreenenergynews.com\\\/rs\\\/#website\",\"url\":\"https:\\\/\\\/balkangreenenergynews.com\\\/rs\\\/\",\"name\":\"Balkan Green Energy News\",\"description\":\"Naj\u0161iri izbor vesti sa Balkana o zelenoj energiji\",\"potentialAction\":[{\"@type\":\"SearchAction\",\"target\":{\"@type\":\"EntryPoint\",\"urlTemplate\":\"https:\\\/\\\/balkangreenenergynews.com\\\/rs\\\/?s={search_term_string}\"},\"query-input\":{\"@type\":\"PropertyValueSpecification\",\"valueRequired\":true,\"valueName\":\"search_term_string\"}}],\"inLanguage\":\"sr-RS\"},{\"@type\":\"Person\",\"@id\":\"https:\\\/\\\/balkangreenenergynews.com\\\/rs\\\/#\\\/schema\\\/person\\\/d8f80a244c4e9f2b55e4f6968c253246\",\"name\":\"Igor Todorovi\u0107\",\"url\":\"https:\\\/\\\/balkangreenenergynews.com\\\/rs\\\/author\\\/igor-todorovic\\\/\"}]}<\/script>\n<!-- \/ Yoast SEO plugin. -->","yoast_head_json":{"title":"Akuo ja\u010da zamah u Jugoisto\u010dnoj Evropi nakon vlasni\u010dke transformacije","description":"Energetska kriza apostrofira neophodnost obnovljivih izvora energije za o\u010duvanje energetske bezbednosti, pored klime i konkurentnosti, kazao nam je Brino Bansason, generalni direktor kompanije Akuo.","robots":{"index":"index","follow":"follow","max-snippet":"max-snippet:-1","max-image-preview":"max-image-preview:large","max-video-preview":"max-video-preview:-1"},"canonical":"https:\/\/balkangreenenergynews.com\/rs\/akuo-jaca-zamah-u-jugoistocnoj-evropi-nakon-vlasnicke-transformacije\/","og_locale":"sr_RS","og_type":"article","og_title":"Akuo ja\u010da zamah u Jugoisto\u010dnoj Evropi nakon vlasni\u010dke transformacije","og_description":"Energetska kriza apostrofira neophodnost obnovljivih izvora energije za o\u010duvanje energetske bezbednosti, pored klime i konkurentnosti, kazao nam je Brino Bansason, generalni direktor kompanije Akuo.","og_url":"https:\/\/balkangreenenergynews.com\/rs\/akuo-jaca-zamah-u-jugoistocnoj-evropi-nakon-vlasnicke-transformacije\/","og_site_name":"Balkan Green Energy News","article_published_time":"2026-04-27T13:57:08+00:00","article_modified_time":"2026-04-27T14:23:33+00:00","og_image":[{"width":840,"height":430,"url":"https:\/\/balkangreenenergynews.com\/rs\/wp-content\/uploads\/2026\/04\/New-Akuo-Southeastern-Europe-Bruno-Bensasson-Jugoistocnoj-Evropi-Brino-Bansason-intervju.jpg?wsr","type":"image\/jpeg"}],"author":"Igor Todorovi\u0107","twitter_card":"summary_large_image","twitter_misc":{"\u041d\u0430\u043f\u0438\u0441\u0430\u043d\u043e \u043e\u0434":"Igor Todorovi\u0107","\u041f\u0440\u043e\u0446\u0435\u045a\u0435\u043d\u043e \u0432\u0440\u0435\u043c\u0435 \u0447\u0438\u0442\u0430\u045a\u0430":"9 \u043c\u0438\u043d\u0443\u0442\u0430"},"schema":{"@context":"https:\/\/schema.org","@graph":[{"@type":"Article","@id":"https:\/\/balkangreenenergynews.com\/rs\/akuo-jaca-zamah-u-jugoistocnoj-evropi-nakon-vlasnicke-transformacije\/#article","isPartOf":{"@id":"https:\/\/balkangreenenergynews.com\/rs\/akuo-jaca-zamah-u-jugoistocnoj-evropi-nakon-vlasnicke-transformacije\/"},"author":{"name":"Igor Todorovi\u0107","@id":"https:\/\/balkangreenenergynews.com\/rs\/#\/schema\/person\/d8f80a244c4e9f2b55e4f6968c253246"},"headline":"Akuo ja\u010da zamah u Jugoisto\u010dnoj Evropi nakon vlasni\u010dke transformacije","datePublished":"2026-04-27T13:57:08+00:00","dateModified":"2026-04-27T14:23:33+00:00","mainEntityOfPage":{"@id":"https:\/\/balkangreenenergynews.com\/rs\/akuo-jaca-zamah-u-jugoistocnoj-evropi-nakon-vlasnicke-transformacije\/"},"wordCount":1716,"commentCount":0,"image":{"@id":"https:\/\/balkangreenenergynews.com\/rs\/akuo-jaca-zamah-u-jugoistocnoj-evropi-nakon-vlasnicke-transformacije\/#primaryimage"},"thumbnailUrl":"https:\/\/balkangreenenergynews.com\/rs\/wp-content\/uploads\/2026\/04\/New-Akuo-Southeastern-Europe-Bruno-Bensasson-Jugoistocnoj-Evropi-Brino-Bansason-intervju.jpg?wsr","keywords":["agrosolar","Akuo","Akuo Energy","baterije","baterije za skladi\u0161tenje energije","Bruno Bensasson","CBAM","dekarbonizacija","elektri\u010dna energija","energetska tranzicija","hibridne elektrane","Mehanizam za prekograni\u010dno prilago\u0111avanje ugljenika","obnovljivi izvori energije","plutaju\u0107e solarne elektrane","porez na CO2","prekograni\u010dna taksa na CO2","skladi\u0161tenje energije","solarne elektrane","taksa na CO2","taksa na emisije ugljen-dioksida","vetroelektrane"],"articleSection":["Elektri\u010dna energija","Intervju","OIE"],"inLanguage":"sr-RS","potentialAction":[{"@type":"CommentAction","name":"Comment","target":["https:\/\/balkangreenenergynews.com\/rs\/akuo-jaca-zamah-u-jugoistocnoj-evropi-nakon-vlasnicke-transformacije\/#respond"]}]},{"@type":"WebPage","@id":"https:\/\/balkangreenenergynews.com\/rs\/akuo-jaca-zamah-u-jugoistocnoj-evropi-nakon-vlasnicke-transformacije\/","url":"https:\/\/balkangreenenergynews.com\/rs\/akuo-jaca-zamah-u-jugoistocnoj-evropi-nakon-vlasnicke-transformacije\/","name":"Akuo ja\u010da zamah u Jugoisto\u010dnoj Evropi nakon vlasni\u010dke transformacije","isPartOf":{"@id":"https:\/\/balkangreenenergynews.com\/rs\/#website"},"primaryImageOfPage":{"@id":"https:\/\/balkangreenenergynews.com\/rs\/akuo-jaca-zamah-u-jugoistocnoj-evropi-nakon-vlasnicke-transformacije\/#primaryimage"},"image":{"@id":"https:\/\/balkangreenenergynews.com\/rs\/akuo-jaca-zamah-u-jugoistocnoj-evropi-nakon-vlasnicke-transformacije\/#primaryimage"},"thumbnailUrl":"https:\/\/balkangreenenergynews.com\/rs\/wp-content\/uploads\/2026\/04\/New-Akuo-Southeastern-Europe-Bruno-Bensasson-Jugoistocnoj-Evropi-Brino-Bansason-intervju.jpg?wsr","datePublished":"2026-04-27T13:57:08+00:00","dateModified":"2026-04-27T14:23:33+00:00","author":{"@id":"https:\/\/balkangreenenergynews.com\/rs\/#\/schema\/person\/d8f80a244c4e9f2b55e4f6968c253246"},"description":"Energetska kriza apostrofira neophodnost obnovljivih izvora energije za o\u010duvanje energetske bezbednosti, pored klime i konkurentnosti, kazao nam je Brino Bansason, generalni direktor kompanije Akuo.","breadcrumb":{"@id":"https:\/\/balkangreenenergynews.com\/rs\/akuo-jaca-zamah-u-jugoistocnoj-evropi-nakon-vlasnicke-transformacije\/#breadcrumb"},"inLanguage":"sr-RS","potentialAction":[{"@type":"ReadAction","target":["https:\/\/balkangreenenergynews.com\/rs\/akuo-jaca-zamah-u-jugoistocnoj-evropi-nakon-vlasnicke-transformacije\/"]}]},{"@type":"ImageObject","inLanguage":"sr-RS","@id":"https:\/\/balkangreenenergynews.com\/rs\/akuo-jaca-zamah-u-jugoistocnoj-evropi-nakon-vlasnicke-transformacije\/#primaryimage","url":"https:\/\/balkangreenenergynews.com\/rs\/wp-content\/uploads\/2026\/04\/New-Akuo-Southeastern-Europe-Bruno-Bensasson-Jugoistocnoj-Evropi-Brino-Bansason-intervju.jpg?wsr","contentUrl":"https:\/\/balkangreenenergynews.com\/rs\/wp-content\/uploads\/2026\/04\/New-Akuo-Southeastern-Europe-Bruno-Bensasson-Jugoistocnoj-Evropi-Brino-Bansason-intervju.jpg?wsr","width":840,"height":430,"caption":"New Akuo Southeastern Europe Bruno Bensasson Jugoisto\u010dnoj Evropi Brino Bansason intervju"},{"@type":"BreadcrumbList","@id":"https:\/\/balkangreenenergynews.com\/rs\/akuo-jaca-zamah-u-jugoistocnoj-evropi-nakon-vlasnicke-transformacije\/#breadcrumb","itemListElement":[{"@type":"ListItem","position":1,"name":"Po\u010detna","item":"https:\/\/balkangreenenergynews.com\/rs\/"},{"@type":"ListItem","position":2,"name":"Intervju","item":"https:\/\/balkangreenenergynews.com\/rs\/kategorija\/intervju\/"},{"@type":"ListItem","position":3,"name":"Akuo ja\u010da zamah u Jugoisto\u010dnoj Evropi nakon vlasni\u010dke transformacije"}]},{"@type":"WebSite","@id":"https:\/\/balkangreenenergynews.com\/rs\/#website","url":"https:\/\/balkangreenenergynews.com\/rs\/","name":"Balkan Green Energy News","description":"Naj\u0161iri izbor vesti sa Balkana o zelenoj energiji","potentialAction":[{"@type":"SearchAction","target":{"@type":"EntryPoint","urlTemplate":"https:\/\/balkangreenenergynews.com\/rs\/?s={search_term_string}"},"query-input":{"@type":"PropertyValueSpecification","valueRequired":true,"valueName":"search_term_string"}}],"inLanguage":"sr-RS"},{"@type":"Person","@id":"https:\/\/balkangreenenergynews.com\/rs\/#\/schema\/person\/d8f80a244c4e9f2b55e4f6968c253246","name":"Igor Todorovi\u0107","url":"https:\/\/balkangreenenergynews.com\/rs\/author\/igor-todorovic\/"}]}},"_links":{"self":[{"href":"https:\/\/balkangreenenergynews.com\/rs\/wp-json\/wp\/v2\/posts\/91395","targetHints":{"allow":["GET"]}}],"collection":[{"href":"https:\/\/balkangreenenergynews.com\/rs\/wp-json\/wp\/v2\/posts"}],"about":[{"href":"https:\/\/balkangreenenergynews.com\/rs\/wp-json\/wp\/v2\/types\/post"}],"author":[{"embeddable":true,"href":"https:\/\/balkangreenenergynews.com\/rs\/wp-json\/wp\/v2\/users\/27"}],"replies":[{"embeddable":true,"href":"https:\/\/balkangreenenergynews.com\/rs\/wp-json\/wp\/v2\/comments?post=91395"}],"version-history":[{"count":6,"href":"https:\/\/balkangreenenergynews.com\/rs\/wp-json\/wp\/v2\/posts\/91395\/revisions"}],"predecessor-version":[{"id":91421,"href":"https:\/\/balkangreenenergynews.com\/rs\/wp-json\/wp\/v2\/posts\/91395\/revisions\/91421"}],"wp:featuredmedia":[{"embeddable":true,"href":"https:\/\/balkangreenenergynews.com\/rs\/wp-json\/wp\/v2\/media\/91397"}],"wp:attachment":[{"href":"https:\/\/balkangreenenergynews.com\/rs\/wp-json\/wp\/v2\/media?parent=91395"}],"wp:term":[{"taxonomy":"category","embeddable":true,"href":"https:\/\/balkangreenenergynews.com\/rs\/wp-json\/wp\/v2\/categories?post=91395"},{"taxonomy":"post_tag","embeddable":true,"href":"https:\/\/balkangreenenergynews.com\/rs\/wp-json\/wp\/v2\/tags?post=91395"}],"curies":[{"name":"wp","href":"https:\/\/api.w.org\/{rel}","templated":true}]}}