{"id":90278,"date":"2026-03-12T17:22:43","date_gmt":"2026-03-12T16:22:43","guid":{"rendered":"https:\/\/balkangreenenergynews.com\/rs\/?p=90278"},"modified":"2026-03-12T17:24:50","modified_gmt":"2026-03-12T16:24:50","slug":"fon-der-lajen-eu-razmatra-ogranicenje-cene-gasa-kako-bi-sprecila-poskupljenje-struje","status":"publish","type":"post","link":"https:\/\/balkangreenenergynews.com\/rs\/fon-der-lajen-eu-razmatra-ogranicenje-cene-gasa-kako-bi-sprecila-poskupljenje-struje\/","title":{"rendered":"Fon der Lajen: EU razmatra ograni\u010denje cene gasa kako bi spre\u010dila poskupljenje struje"},"content":{"rendered":"<h2>Evropska komisija razmatra mere za kontrolu cena energije, uklju\u010dujuc\u0301i ograni\u010denje cene prirodnog gasa, kako bi se smanjili ra\u010duni za elektri\u010dnu energiju,\u00a0najavila je predsednica Ursula fon der Lajen.<\/h2>\n<p>Intervencije na tr\u017ei\u0161tu energenata ponovo postaju opcija jer su cene prirodnog gasa naglo porasle zbog napada SAD i Izraela na Iran. Sukob je zaustavio isporuke nafte i te\u010dnog prirodnog gasa (LN) kroz Ormuski moreuz, koji je klju\u010dan za svetsku trgovinu.<\/p>\n<p>Pre rata, krajem februara, evropska referentna cena prirodnog gasa TTF bila je 31 evro po MWh. Nakon eskalacije, <a href=\"https:\/\/balkangreenenergynews.com\/rs\/cene-nafte-gasa-uzletele-po-30-odsto-usled-panike-zbog-iranskog-rata\/\">cene su sko\u010dile<\/a>\u00a0100 odsto pre\u0161av\u0161i 62 evra po MWh po\u010detkom nedelje. Trenutna cena je iznad 51 evra po MWh.<\/p>\n<blockquote><p>Sama cena energije \u010dini vi\u0161e od 56 odsto ra\u010duna za struju<\/p><\/blockquote>\n<p>&#8222;Klju\u010dno je da smanjimo uticaj na tro\u0161kove u situaciji kada gas odre\u0111uje cenu elektri\u010dne energije. Pripremamo razli\u010dite opcije: bolje kori\u0161c\u0301enje ugovora o otkupu elektri\u010dne energije (PPA) i ugovora o razlici (CfD), mere dr\u017eavne pomoc\u0301i, subvencionisanje ili ograni\u010davanje cene gasa&#8220;, istakla je <a href=\"https:\/\/balkangreenenergynews.com\/rs\/fon-der-lajen-eu-zeli-da-bude-deo-globalne-nuklearne-renesanse\/\">Ursula fon der Lajen<\/a> u govoru na plenarnoj debati u Evropskom parlamentu.<\/p>\n<p>Fon der Lajen je podsetila da sama cena energije \u010dini vi\u0161e od 56 odsto ra\u010duna za struju, a ostatak su naknade za mre\u017eu -18 odsto, porezi i takse &#8211; 15 odsto i tro\u0161kovi CO2 &#8211; 11 odsto.<\/p>\n<blockquote><p>Komisija namerava da donese mere za sve komponente ra\u010duna za struju<\/p><\/blockquote>\n<p>Treba napomenuti da se u EU cene elektri\u010dne energije odre\u0111uju sistemom <a href=\"https:\/\/balkangreenenergynews.com\/rs\/evropa-u-pogledu-veleprodajnih-cena-struje-nije-u-krizi-analiza\/\">merit order<\/a>.<\/p>\n<p>Najskuplja elektrana potrebna za zadovoljavanje ukupne potra\u017enje na tr\u017ei\u0161tu\u00a0 odre\u0111uje kona\u010dnu cenu za sve proizvo\u0111a\u010de. Elektrane na prirodni gas su \u010desto poslednje koje &#8222;dolaze&#8220; na tr\u017ei\u0161te da zadovolje potrebe preostalih kupaca.<\/p>\n<p>Osim direktnog smanjenja cena, fon der Lajen je rekla da Komisija namerava da predlo\u017ei mere i za preostale komponente ra\u010duna za struju.<\/p>\n<p>Postoji prostor za povec\u0301anje produktivnosti mre\u017ea, kako bi se manje obnovljivih izvora energije tro\u0161ilo, kao i za smanjenje poreza i taksi i modernizaciju Sistema za trgovinu emisijama EU (EU ETS), objasnila je fon der Lajen.<\/p>\n","protected":false},"excerpt":{"rendered":"<p>Evropska komisija razmatra mere za kontrolu cena energije, uklju\u010dujuc\u0301i ograni\u010denje cene prirodnog gasa, kako bi&#8230;<\/p>\n","protected":false},"author":23,"featured_media":90279,"comment_status":"open","ping_status":"open","sticky":false,"template":"","format":"standard","meta":{"_acf_changed":false,"_monsterinsights_skip_tracking":false,"_monsterinsights_sitenote_active":false,"_monsterinsights_sitenote_note":"","_monsterinsights_sitenote_category":0,"footnotes":""},"categories":[6295],"tags":[2056,7296,6499,6498,6177,195,869,777,6663,6415,6304,5490,6695,6978],"class_list":["post-90278","post","type-post","status-publish","format-standard","has-post-thumbnail","hentry","category-energetska-kriza","tag-cena-elektricne-energije","tag-cene","tag-cene-gasa","tag-cene-struje","tag-energetska-kriza","tag-eu","tag-evropska-komisija","tag-evropska-unija","tag-gasne-elektrane","tag-izjava-dana","tag-lng","tag-prirodni-gas","tag-tecni-prirodni-gas","tag-ursula-fon-der-lajen","country-regioneu"],"acf":[],"yoast_head":"<!-- This site is optimized with the Yoast SEO plugin v27.4 - https:\/\/yoast.com\/product\/yoast-seo-wordpress\/ -->\n<title>Fon der Lajen: EU razmatra ograni\u010denje cene gasa kako bi spre\u010dila poskupljenje struje<\/title>\n<meta name=\"robots\" content=\"index, follow, max-snippet:-1, max-image-preview:large, max-video-preview:-1\" \/>\n<link rel=\"canonical\" href=\"https:\/\/balkangreenenergynews.com\/rs\/fon-der-lajen-eu-razmatra-ogranicenje-cene-gasa-kako-bi-sprecila-poskupljenje-struje\/\" \/>\n<meta property=\"og:locale\" content=\"sr_RS\" \/>\n<meta property=\"og:type\" content=\"article\" \/>\n<meta property=\"og:title\" content=\"Fon der Lajen: EU razmatra ograni\u010denje cene gasa kako bi spre\u010dila poskupljenje struje\" \/>\n<meta property=\"og:description\" content=\"Evropska komisija razmatra mere za kontrolu cena energije, uklju\u010dujuc\u0301i ograni\u010denje cene prirodnog gasa, kako bi...\" \/>\n<meta property=\"og:url\" content=\"https:\/\/balkangreenenergynews.com\/rs\/fon-der-lajen-eu-razmatra-ogranicenje-cene-gasa-kako-bi-sprecila-poskupljenje-struje\/\" \/>\n<meta property=\"og:site_name\" content=\"Balkan Green Energy News\" \/>\n<meta property=\"article:published_time\" content=\"2026-03-12T16:22:43+00:00\" \/>\n<meta property=\"article:modified_time\" content=\"2026-03-12T16:24:50+00:00\" \/>\n<meta property=\"og:image\" content=\"https:\/\/balkangreenenergynews.com\/rs\/wp-content\/uploads\/2026\/03\/eu-ursula-fon-der-lajen-cena-prirodni-gas-struja-energetska-kriza.jpg?wsr\" \/>\n\t<meta property=\"og:image:width\" content=\"840\" \/>\n\t<meta property=\"og:image:height\" content=\"430\" \/>\n\t<meta property=\"og:image:type\" content=\"image\/jpeg\" \/>\n<meta name=\"author\" content=\"Vladimir Spasi\u0107\" \/>\n<meta name=\"twitter:card\" content=\"summary_large_image\" \/>\n<meta name=\"twitter:label1\" content=\"\u041d\u0430\u043f\u0438\u0441\u0430\u043d\u043e \u043e\u0434\" \/>\n\t<meta name=\"twitter:data1\" content=\"Vladimir Spasi\u0107\" \/>\n\t<meta name=\"twitter:label2\" content=\"\u041f\u0440\u043e\u0446\u0435\u045a\u0435\u043d\u043e \u0432\u0440\u0435\u043c\u0435 \u0447\u0438\u0442\u0430\u045a\u0430\" \/>\n\t<meta name=\"twitter:data2\" content=\"2 \u043c\u0438\u043d\u0443\u0442\u0430\" \/>\n<script type=\"application\/ld+json\" class=\"yoast-schema-graph\">{\"@context\":\"https:\\\/\\\/schema.org\",\"@graph\":[{\"@type\":\"Article\",\"@id\":\"https:\\\/\\\/balkangreenenergynews.com\\\/rs\\\/fon-der-lajen-eu-razmatra-ogranicenje-cene-gasa-kako-bi-sprecila-poskupljenje-struje\\\/#article\",\"isPartOf\":{\"@id\":\"https:\\\/\\\/balkangreenenergynews.com\\\/rs\\\/fon-der-lajen-eu-razmatra-ogranicenje-cene-gasa-kako-bi-sprecila-poskupljenje-struje\\\/\"},\"author\":{\"name\":\"Vladimir Spasi\u0107\",\"@id\":\"https:\\\/\\\/balkangreenenergynews.com\\\/rs\\\/#\\\/schema\\\/person\\\/99dc721c46113fea22caffad06ef7317\"},\"headline\":\"Fon der Lajen: EU razmatra ograni\u010denje cene gasa kako bi spre\u010dila poskupljenje struje\",\"datePublished\":\"2026-03-12T16:22:43+00:00\",\"dateModified\":\"2026-03-12T16:24:50+00:00\",\"mainEntityOfPage\":{\"@id\":\"https:\\\/\\\/balkangreenenergynews.com\\\/rs\\\/fon-der-lajen-eu-razmatra-ogranicenje-cene-gasa-kako-bi-sprecila-poskupljenje-struje\\\/\"},\"wordCount\":373,\"commentCount\":0,\"image\":{\"@id\":\"https:\\\/\\\/balkangreenenergynews.com\\\/rs\\\/fon-der-lajen-eu-razmatra-ogranicenje-cene-gasa-kako-bi-sprecila-poskupljenje-struje\\\/#primaryimage\"},\"thumbnailUrl\":\"https:\\\/\\\/balkangreenenergynews.com\\\/rs\\\/wp-content\\\/uploads\\\/2026\\\/03\\\/eu-ursula-fon-der-lajen-cena-prirodni-gas-struja-energetska-kriza.jpg?wsr\",\"keywords\":[\"cena elektri\u010dne energije\",\"cene\",\"cene gasa\",\"cene struje\",\"energetska kriza\",\"EU\",\"Evropska komisija\",\"Evropska unija\",\"gasne elektrane\",\"Izjava dana\",\"LNG\",\"prirodni gas\",\"te\u010dni prirodni gas\",\"Ursula fon der Lajen\"],\"articleSection\":[\"Energetska kriza\"],\"inLanguage\":\"sr-RS\",\"potentialAction\":[{\"@type\":\"CommentAction\",\"name\":\"Comment\",\"target\":[\"https:\\\/\\\/balkangreenenergynews.com\\\/rs\\\/fon-der-lajen-eu-razmatra-ogranicenje-cene-gasa-kako-bi-sprecila-poskupljenje-struje\\\/#respond\"]}]},{\"@type\":\"WebPage\",\"@id\":\"https:\\\/\\\/balkangreenenergynews.com\\\/rs\\\/fon-der-lajen-eu-razmatra-ogranicenje-cene-gasa-kako-bi-sprecila-poskupljenje-struje\\\/\",\"url\":\"https:\\\/\\\/balkangreenenergynews.com\\\/rs\\\/fon-der-lajen-eu-razmatra-ogranicenje-cene-gasa-kako-bi-sprecila-poskupljenje-struje\\\/\",\"name\":\"Fon der Lajen: EU razmatra ograni\u010denje cene gasa kako bi spre\u010dila poskupljenje struje\",\"isPartOf\":{\"@id\":\"https:\\\/\\\/balkangreenenergynews.com\\\/rs\\\/#website\"},\"primaryImageOfPage\":{\"@id\":\"https:\\\/\\\/balkangreenenergynews.com\\\/rs\\\/fon-der-lajen-eu-razmatra-ogranicenje-cene-gasa-kako-bi-sprecila-poskupljenje-struje\\\/#primaryimage\"},\"image\":{\"@id\":\"https:\\\/\\\/balkangreenenergynews.com\\\/rs\\\/fon-der-lajen-eu-razmatra-ogranicenje-cene-gasa-kako-bi-sprecila-poskupljenje-struje\\\/#primaryimage\"},\"thumbnailUrl\":\"https:\\\/\\\/balkangreenenergynews.com\\\/rs\\\/wp-content\\\/uploads\\\/2026\\\/03\\\/eu-ursula-fon-der-lajen-cena-prirodni-gas-struja-energetska-kriza.jpg?wsr\",\"datePublished\":\"2026-03-12T16:22:43+00:00\",\"dateModified\":\"2026-03-12T16:24:50+00:00\",\"author\":{\"@id\":\"https:\\\/\\\/balkangreenenergynews.com\\\/rs\\\/#\\\/schema\\\/person\\\/99dc721c46113fea22caffad06ef7317\"},\"breadcrumb\":{\"@id\":\"https:\\\/\\\/balkangreenenergynews.com\\\/rs\\\/fon-der-lajen-eu-razmatra-ogranicenje-cene-gasa-kako-bi-sprecila-poskupljenje-struje\\\/#breadcrumb\"},\"inLanguage\":\"sr-RS\",\"potentialAction\":[{\"@type\":\"ReadAction\",\"target\":[\"https:\\\/\\\/balkangreenenergynews.com\\\/rs\\\/fon-der-lajen-eu-razmatra-ogranicenje-cene-gasa-kako-bi-sprecila-poskupljenje-struje\\\/\"]}]},{\"@type\":\"ImageObject\",\"inLanguage\":\"sr-RS\",\"@id\":\"https:\\\/\\\/balkangreenenergynews.com\\\/rs\\\/fon-der-lajen-eu-razmatra-ogranicenje-cene-gasa-kako-bi-sprecila-poskupljenje-struje\\\/#primaryimage\",\"url\":\"https:\\\/\\\/balkangreenenergynews.com\\\/rs\\\/wp-content\\\/uploads\\\/2026\\\/03\\\/eu-ursula-fon-der-lajen-cena-prirodni-gas-struja-energetska-kriza.jpg?wsr\",\"contentUrl\":\"https:\\\/\\\/balkangreenenergynews.com\\\/rs\\\/wp-content\\\/uploads\\\/2026\\\/03\\\/eu-ursula-fon-der-lajen-cena-prirodni-gas-struja-energetska-kriza.jpg?wsr\",\"width\":840,\"height\":430,\"caption\":\"eu ursula fon der lajen cena prirodni gas struja energetska kriza\"},{\"@type\":\"BreadcrumbList\",\"@id\":\"https:\\\/\\\/balkangreenenergynews.com\\\/rs\\\/fon-der-lajen-eu-razmatra-ogranicenje-cene-gasa-kako-bi-sprecila-poskupljenje-struje\\\/#breadcrumb\",\"itemListElement\":[{\"@type\":\"ListItem\",\"position\":1,\"name\":\"Po\u010detna\",\"item\":\"https:\\\/\\\/balkangreenenergynews.com\\\/rs\\\/\"},{\"@type\":\"ListItem\",\"position\":2,\"name\":\"Energetska kriza\",\"item\":\"https:\\\/\\\/balkangreenenergynews.com\\\/rs\\\/kategorija\\\/energetska-kriza\\\/\"},{\"@type\":\"ListItem\",\"position\":3,\"name\":\"Fon der Lajen: EU razmatra ograni\u010denje cene gasa kako bi spre\u010dila poskupljenje struje\"}]},{\"@type\":\"WebSite\",\"@id\":\"https:\\\/\\\/balkangreenenergynews.com\\\/rs\\\/#website\",\"url\":\"https:\\\/\\\/balkangreenenergynews.com\\\/rs\\\/\",\"name\":\"Balkan Green Energy News\",\"description\":\"Naj\u0161iri izbor vesti sa Balkana o zelenoj energiji\",\"potentialAction\":[{\"@type\":\"SearchAction\",\"target\":{\"@type\":\"EntryPoint\",\"urlTemplate\":\"https:\\\/\\\/balkangreenenergynews.com\\\/rs\\\/?s={search_term_string}\"},\"query-input\":{\"@type\":\"PropertyValueSpecification\",\"valueRequired\":true,\"valueName\":\"search_term_string\"}}],\"inLanguage\":\"sr-RS\"},{\"@type\":\"Person\",\"@id\":\"https:\\\/\\\/balkangreenenergynews.com\\\/rs\\\/#\\\/schema\\\/person\\\/99dc721c46113fea22caffad06ef7317\",\"name\":\"Vladimir Spasi\u0107\",\"url\":\"https:\\\/\\\/balkangreenenergynews.com\\\/rs\\\/author\\\/vladimir-spasic\\\/\"}]}<\/script>\n<!-- \/ Yoast SEO plugin. -->","yoast_head_json":{"title":"Fon der Lajen: EU razmatra ograni\u010denje cene gasa kako bi spre\u010dila poskupljenje struje","robots":{"index":"index","follow":"follow","max-snippet":"max-snippet:-1","max-image-preview":"max-image-preview:large","max-video-preview":"max-video-preview:-1"},"canonical":"https:\/\/balkangreenenergynews.com\/rs\/fon-der-lajen-eu-razmatra-ogranicenje-cene-gasa-kako-bi-sprecila-poskupljenje-struje\/","og_locale":"sr_RS","og_type":"article","og_title":"Fon der Lajen: EU razmatra ograni\u010denje cene gasa kako bi spre\u010dila poskupljenje struje","og_description":"Evropska komisija razmatra mere za kontrolu cena energije, uklju\u010dujuc\u0301i ograni\u010denje cene prirodnog gasa, kako bi...","og_url":"https:\/\/balkangreenenergynews.com\/rs\/fon-der-lajen-eu-razmatra-ogranicenje-cene-gasa-kako-bi-sprecila-poskupljenje-struje\/","og_site_name":"Balkan Green Energy News","article_published_time":"2026-03-12T16:22:43+00:00","article_modified_time":"2026-03-12T16:24:50+00:00","og_image":[{"width":840,"height":430,"url":"https:\/\/balkangreenenergynews.com\/rs\/wp-content\/uploads\/2026\/03\/eu-ursula-fon-der-lajen-cena-prirodni-gas-struja-energetska-kriza.jpg?wsr","type":"image\/jpeg"}],"author":"Vladimir Spasi\u0107","twitter_card":"summary_large_image","twitter_misc":{"\u041d\u0430\u043f\u0438\u0441\u0430\u043d\u043e \u043e\u0434":"Vladimir Spasi\u0107","\u041f\u0440\u043e\u0446\u0435\u045a\u0435\u043d\u043e \u0432\u0440\u0435\u043c\u0435 \u0447\u0438\u0442\u0430\u045a\u0430":"2 \u043c\u0438\u043d\u0443\u0442\u0430"},"schema":{"@context":"https:\/\/schema.org","@graph":[{"@type":"Article","@id":"https:\/\/balkangreenenergynews.com\/rs\/fon-der-lajen-eu-razmatra-ogranicenje-cene-gasa-kako-bi-sprecila-poskupljenje-struje\/#article","isPartOf":{"@id":"https:\/\/balkangreenenergynews.com\/rs\/fon-der-lajen-eu-razmatra-ogranicenje-cene-gasa-kako-bi-sprecila-poskupljenje-struje\/"},"author":{"name":"Vladimir Spasi\u0107","@id":"https:\/\/balkangreenenergynews.com\/rs\/#\/schema\/person\/99dc721c46113fea22caffad06ef7317"},"headline":"Fon der Lajen: EU razmatra ograni\u010denje cene gasa kako bi spre\u010dila poskupljenje struje","datePublished":"2026-03-12T16:22:43+00:00","dateModified":"2026-03-12T16:24:50+00:00","mainEntityOfPage":{"@id":"https:\/\/balkangreenenergynews.com\/rs\/fon-der-lajen-eu-razmatra-ogranicenje-cene-gasa-kako-bi-sprecila-poskupljenje-struje\/"},"wordCount":373,"commentCount":0,"image":{"@id":"https:\/\/balkangreenenergynews.com\/rs\/fon-der-lajen-eu-razmatra-ogranicenje-cene-gasa-kako-bi-sprecila-poskupljenje-struje\/#primaryimage"},"thumbnailUrl":"https:\/\/balkangreenenergynews.com\/rs\/wp-content\/uploads\/2026\/03\/eu-ursula-fon-der-lajen-cena-prirodni-gas-struja-energetska-kriza.jpg?wsr","keywords":["cena elektri\u010dne energije","cene","cene gasa","cene struje","energetska kriza","EU","Evropska komisija","Evropska unija","gasne elektrane","Izjava dana","LNG","prirodni gas","te\u010dni prirodni gas","Ursula fon der Lajen"],"articleSection":["Energetska kriza"],"inLanguage":"sr-RS","potentialAction":[{"@type":"CommentAction","name":"Comment","target":["https:\/\/balkangreenenergynews.com\/rs\/fon-der-lajen-eu-razmatra-ogranicenje-cene-gasa-kako-bi-sprecila-poskupljenje-struje\/#respond"]}]},{"@type":"WebPage","@id":"https:\/\/balkangreenenergynews.com\/rs\/fon-der-lajen-eu-razmatra-ogranicenje-cene-gasa-kako-bi-sprecila-poskupljenje-struje\/","url":"https:\/\/balkangreenenergynews.com\/rs\/fon-der-lajen-eu-razmatra-ogranicenje-cene-gasa-kako-bi-sprecila-poskupljenje-struje\/","name":"Fon der Lajen: EU razmatra ograni\u010denje cene gasa kako bi spre\u010dila poskupljenje struje","isPartOf":{"@id":"https:\/\/balkangreenenergynews.com\/rs\/#website"},"primaryImageOfPage":{"@id":"https:\/\/balkangreenenergynews.com\/rs\/fon-der-lajen-eu-razmatra-ogranicenje-cene-gasa-kako-bi-sprecila-poskupljenje-struje\/#primaryimage"},"image":{"@id":"https:\/\/balkangreenenergynews.com\/rs\/fon-der-lajen-eu-razmatra-ogranicenje-cene-gasa-kako-bi-sprecila-poskupljenje-struje\/#primaryimage"},"thumbnailUrl":"https:\/\/balkangreenenergynews.com\/rs\/wp-content\/uploads\/2026\/03\/eu-ursula-fon-der-lajen-cena-prirodni-gas-struja-energetska-kriza.jpg?wsr","datePublished":"2026-03-12T16:22:43+00:00","dateModified":"2026-03-12T16:24:50+00:00","author":{"@id":"https:\/\/balkangreenenergynews.com\/rs\/#\/schema\/person\/99dc721c46113fea22caffad06ef7317"},"breadcrumb":{"@id":"https:\/\/balkangreenenergynews.com\/rs\/fon-der-lajen-eu-razmatra-ogranicenje-cene-gasa-kako-bi-sprecila-poskupljenje-struje\/#breadcrumb"},"inLanguage":"sr-RS","potentialAction":[{"@type":"ReadAction","target":["https:\/\/balkangreenenergynews.com\/rs\/fon-der-lajen-eu-razmatra-ogranicenje-cene-gasa-kako-bi-sprecila-poskupljenje-struje\/"]}]},{"@type":"ImageObject","inLanguage":"sr-RS","@id":"https:\/\/balkangreenenergynews.com\/rs\/fon-der-lajen-eu-razmatra-ogranicenje-cene-gasa-kako-bi-sprecila-poskupljenje-struje\/#primaryimage","url":"https:\/\/balkangreenenergynews.com\/rs\/wp-content\/uploads\/2026\/03\/eu-ursula-fon-der-lajen-cena-prirodni-gas-struja-energetska-kriza.jpg?wsr","contentUrl":"https:\/\/balkangreenenergynews.com\/rs\/wp-content\/uploads\/2026\/03\/eu-ursula-fon-der-lajen-cena-prirodni-gas-struja-energetska-kriza.jpg?wsr","width":840,"height":430,"caption":"eu ursula fon der lajen cena prirodni gas struja energetska kriza"},{"@type":"BreadcrumbList","@id":"https:\/\/balkangreenenergynews.com\/rs\/fon-der-lajen-eu-razmatra-ogranicenje-cene-gasa-kako-bi-sprecila-poskupljenje-struje\/#breadcrumb","itemListElement":[{"@type":"ListItem","position":1,"name":"Po\u010detna","item":"https:\/\/balkangreenenergynews.com\/rs\/"},{"@type":"ListItem","position":2,"name":"Energetska kriza","item":"https:\/\/balkangreenenergynews.com\/rs\/kategorija\/energetska-kriza\/"},{"@type":"ListItem","position":3,"name":"Fon der Lajen: EU razmatra ograni\u010denje cene gasa kako bi spre\u010dila poskupljenje struje"}]},{"@type":"WebSite","@id":"https:\/\/balkangreenenergynews.com\/rs\/#website","url":"https:\/\/balkangreenenergynews.com\/rs\/","name":"Balkan Green Energy News","description":"Naj\u0161iri izbor vesti sa Balkana o zelenoj energiji","potentialAction":[{"@type":"SearchAction","target":{"@type":"EntryPoint","urlTemplate":"https:\/\/balkangreenenergynews.com\/rs\/?s={search_term_string}"},"query-input":{"@type":"PropertyValueSpecification","valueRequired":true,"valueName":"search_term_string"}}],"inLanguage":"sr-RS"},{"@type":"Person","@id":"https:\/\/balkangreenenergynews.com\/rs\/#\/schema\/person\/99dc721c46113fea22caffad06ef7317","name":"Vladimir Spasi\u0107","url":"https:\/\/balkangreenenergynews.com\/rs\/author\/vladimir-spasic\/"}]}},"_links":{"self":[{"href":"https:\/\/balkangreenenergynews.com\/rs\/wp-json\/wp\/v2\/posts\/90278","targetHints":{"allow":["GET"]}}],"collection":[{"href":"https:\/\/balkangreenenergynews.com\/rs\/wp-json\/wp\/v2\/posts"}],"about":[{"href":"https:\/\/balkangreenenergynews.com\/rs\/wp-json\/wp\/v2\/types\/post"}],"author":[{"embeddable":true,"href":"https:\/\/balkangreenenergynews.com\/rs\/wp-json\/wp\/v2\/users\/23"}],"replies":[{"embeddable":true,"href":"https:\/\/balkangreenenergynews.com\/rs\/wp-json\/wp\/v2\/comments?post=90278"}],"version-history":[{"count":5,"href":"https:\/\/balkangreenenergynews.com\/rs\/wp-json\/wp\/v2\/posts\/90278\/revisions"}],"predecessor-version":[{"id":90287,"href":"https:\/\/balkangreenenergynews.com\/rs\/wp-json\/wp\/v2\/posts\/90278\/revisions\/90287"}],"wp:featuredmedia":[{"embeddable":true,"href":"https:\/\/balkangreenenergynews.com\/rs\/wp-json\/wp\/v2\/media\/90279"}],"wp:attachment":[{"href":"https:\/\/balkangreenenergynews.com\/rs\/wp-json\/wp\/v2\/media?parent=90278"}],"wp:term":[{"taxonomy":"category","embeddable":true,"href":"https:\/\/balkangreenenergynews.com\/rs\/wp-json\/wp\/v2\/categories?post=90278"},{"taxonomy":"post_tag","embeddable":true,"href":"https:\/\/balkangreenenergynews.com\/rs\/wp-json\/wp\/v2\/tags?post=90278"}],"curies":[{"name":"wp","href":"https:\/\/api.w.org\/{rel}","templated":true}]}}