{"id":90276,"date":"2026-03-12T16:35:19","date_gmt":"2026-03-12T15:35:19","guid":{"rendered":"https:\/\/balkangreenenergynews.com\/rs\/?p=90276"},"modified":"2026-03-13T12:42:45","modified_gmt":"2026-03-13T11:42:45","slug":"stopa-globalnog-zagrevanja-naglo-porasla-posle-2015","status":"publish","type":"post","link":"https:\/\/balkangreenenergynews.com\/rs\/stopa-globalnog-zagrevanja-naglo-porasla-posle-2015\/","title":{"rendered":"Stopa globalnog zagrevanja naglo porasla posle 2015."},"content":{"rendered":"<h2>Stopa globalnog zagrevanja je naglo porasla od 2015. godine i sada je skoro dvostruko vec\u0301a nego \u0161to je bila 1970-ih, pokazala je jedna od poslednjih studija koja se bavi ovom vru\u0107om temom me\u0111u klimatolozima.<\/h2>\n<p>Po\u0161to su <a href=\"https:\/\/balkangreenenergynews.com\/rs\/najtoplija-godina-u-istoriji-merenja-2024-oborila-brojne-klimatske-rekorde\/\">poslednje tri godine oborile temperaturne rekorde<\/a> istra\u017eiva\u010di su u studiji pod nazivom <a href=\"https:\/\/agupubs.onlinelibrary.wiley.com\/doi\/abs\/10.1029\/2025GL118804\">Global warming has accelerated significantly<\/a> analizirali da li se globalno zagrevanje ubrzava i, ako se ubrzava, za\u0161to, preneo je \u010dasopis <a href=\"https:\/\/www.nature.com\/articles\/d41586-026-00745-z#ref-CR1\">Nature<\/a>.<\/p>\n<p>Mnogi nau\u010dnici su saglasni da se stopa kojom se globalno zagrevanje povec\u0301ava ubrzala. To se desilo uglavnom zbog smanjenja zaga\u0111enja vazduha nakon uvo\u0111enja propisa o gorivu za me\u0111unarodni brodarski saobrac\u0301aj.<\/p>\n<blockquote><p>Ramstorf: Imamo najja\u010de dokaze dosad da se globalno zagrevanje ubrzalo<\/p><\/blockquote>\n<p>Posledica je manji broj \u010destica zaga\u0111iva\u010da koje reflektuju sun\u010devu svetlost u svemir i stvaraju izolacione oblake. U podacima, prakti\u010dno mo\u017eete videti golim okom da se zagrevanje ubrzalo, ka\u017ee jedan od autora Stefan Ramstorf (Stefan Rahmstorf), klimatolog u Potsdamskom institutu za istra\u017eivanje uticaja na klimu u Nema\u010dkoj.<\/p>\n<p>Ramstorf i Grant Foster, statisti\u010dar i klimatski istra\u017eiva\u010d iz Oronoa u ameri\u010dkoj dr\u017eavi Mejn, tvrde da imaju najja\u010de dokaze dosad da se globalno zagrevanje ubrzalo, na stopu od oko 0,35 stepeni Celzijusa po deceniji. To je br\u017ee od nekih drugih procena.<\/p>\n<p>Me\u0111utim, par tvrdi da njihova analiza pru\u017ea ta\u010dniju sliku zbog na\u010dina na koji uzima u obzir i uklanja efekte prirodnih faktora, poput vremenskih doga\u0111aja i vulkanskih erupcija, koji uzrokuju klimatske fluktuacije.<\/p>\n<blockquote><p>Analiza isklju\u010duje uticaj sna\u017enog vremenskog fenomena El Ninjo<\/p><\/blockquote>\n<p>Studija je objavljena u \u010dasopisu Geophysical Research Letters.<\/p>\n<p>Analiza isklju\u010duje uticaj sna\u017enog vremenskog fenomena El Ninjo koji je doprineo rekordno visokim globalnim temperaturama 2023. i 2024. godine. Ali, \u010dak i kada se to oduzme od podataka, ubrzanje zagrevanja je jasno, ka\u017ee Ramstorf.<\/p>\n<p>Istra\u017eivanje je uzelo u obzir pet naj\u010de\u0161c\u0301e kori\u0161c\u0301enih skupova podataka o globalnoj temperaturi, uklju\u010dujuc\u0301i i onaj koji je proizvela NASA.<\/p>\n<p>Do 2030. godine, planeta je na putu da pre\u0111e, i ostane iznad praga Pariskog sporazuma iz 2015. godine od 1,5 stepeni iznad predindustrijskih nivoa, poru\u010duje Ramstorf.<\/p>\n<h3>Vec\u0301ina klimatologa saglasna da se zagrevanje ubrzava<\/h3>\n<p>Ina\u010de, jedna od studija u kojima se tako\u0111e tvrdi da se globalno zagrevanje ubrzava stopu je procenila na 0,27 stepeni po deceniji, u pore\u0111enju sa oko 0,20 stepeni u sedamdesetim godinama pro\u0161log veka.<\/p>\n<p>Klimatolog Zik Hausfater (Zeke Hausfather) iz Berkli Erta (Berkeley Earth), neprofitne organizacije iz kalifornije koja prati globalne temperature, ka\u017ee da su metode autora za uklanjanje prirodnih fluktuacija &#8222;nesavr\u0161ene i da c\u0301e ostaviti neke preostale posledice&#8220;.<\/p>\n<blockquote><p>Rode: Stopa je o,30 stepeni<\/p><\/blockquote>\n<p>Robert Rode, glavni nau\u010dnik u organizaciji, procenjuje da je trenutna stopa zagrevanja 0,30 stepeni po deceniji.<\/p>\n<p>Ipak, Hausfater i Rode primec\u0301uju da je vec\u0301ina klimatologa saglasna da se zagrevanje zaista ubrzava, nagla\u0161avajuc\u0301i hitnu potrebu za re\u0161avanjem klimatskih promena.<\/p>\n<p>Moramo zaista dati prioritet smanjenju emisija &#8211; imamo jo\u0161 manje vremena sada kada se stopa zagrevanja ubrzala, poru\u010dio je Ramstorf.<\/p>\n","protected":false},"excerpt":{"rendered":"<p>Stefan Ramstorf i Grant Foster tvrde da imaju najja\u010de dokaze dosad da se globalno zagrevanje ubrzalo, na stopu od oko 0,35 stepeni Celzijusa<\/p>\n","protected":false},"author":23,"featured_media":90296,"comment_status":"open","ping_status":"open","sticky":false,"template":"","format":"standard","meta":{"_acf_changed":false,"_monsterinsights_skip_tracking":false,"_monsterinsights_sitenote_active":false,"_monsterinsights_sitenote_note":"","_monsterinsights_sitenote_category":0,"footnotes":""},"categories":[5909,4],"tags":[2335,883,766],"class_list":["post-90276","post","type-post","status-publish","format-standard","has-post-thumbnail","hentry","category-klimatske-promene","category-zivotna-sredina","tag-emisije","tag-globalno-zagrevanje","tag-klimatske-promene","country-svet"],"acf":[],"yoast_head":"<!-- This site is optimized with the Yoast SEO plugin v27.4 - https:\/\/yoast.com\/product\/yoast-seo-wordpress\/ -->\n<title>Stopa globalnog zagrevanja naglo porasla posle 2015.<\/title>\n<meta name=\"description\" content=\"Stefan Ramstorf i Grant Foster tvrde da imaju najja\u010de dokaze dosad da se globalno zagrevanje ubrzalo, na stopu od oko 0,35 stepeni Celzijusa\" \/>\n<meta name=\"robots\" content=\"index, follow, max-snippet:-1, max-image-preview:large, max-video-preview:-1\" \/>\n<link rel=\"canonical\" href=\"https:\/\/balkangreenenergynews.com\/rs\/stopa-globalnog-zagrevanja-naglo-porasla-posle-2015\/\" \/>\n<meta property=\"og:locale\" content=\"sr_RS\" \/>\n<meta property=\"og:type\" content=\"article\" \/>\n<meta property=\"og:title\" content=\"Stopa globalnog zagrevanja naglo porasla posle 2015.\" \/>\n<meta property=\"og:description\" content=\"Stefan Ramstorf i Grant Foster tvrde da imaju najja\u010de dokaze dosad da se globalno zagrevanje ubrzalo, na stopu od oko 0,35 stepeni Celzijusa\" \/>\n<meta property=\"og:url\" content=\"https:\/\/balkangreenenergynews.com\/rs\/stopa-globalnog-zagrevanja-naglo-porasla-posle-2015\/\" \/>\n<meta property=\"og:site_name\" content=\"Balkan Green Energy News\" \/>\n<meta property=\"article:published_time\" content=\"2026-03-12T15:35:19+00:00\" \/>\n<meta property=\"article:modified_time\" content=\"2026-03-13T11:42:45+00:00\" \/>\n<meta property=\"og:image\" content=\"https:\/\/balkangreenenergynews.com\/rs\/wp-content\/uploads\/2026\/03\/svet-globalno-zagrevanje-temperatura-vrucine-klimatske-promene-1.jpg?wsr\" \/>\n\t<meta property=\"og:image:width\" content=\"840\" \/>\n\t<meta property=\"og:image:height\" content=\"430\" \/>\n\t<meta property=\"og:image:type\" content=\"image\/jpeg\" \/>\n<meta name=\"author\" content=\"Vladimir Spasi\u0107\" \/>\n<meta name=\"twitter:card\" content=\"summary_large_image\" \/>\n<meta name=\"twitter:label1\" content=\"\u041d\u0430\u043f\u0438\u0441\u0430\u043d\u043e \u043e\u0434\" \/>\n\t<meta name=\"twitter:data1\" content=\"Vladimir Spasi\u0107\" \/>\n\t<meta name=\"twitter:label2\" content=\"\u041f\u0440\u043e\u0446\u0435\u045a\u0435\u043d\u043e \u0432\u0440\u0435\u043c\u0435 \u0447\u0438\u0442\u0430\u045a\u0430\" \/>\n\t<meta name=\"twitter:data2\" content=\"3 \u043c\u0438\u043d\u0443\u0442\u0430\" \/>\n<script type=\"application\/ld+json\" class=\"yoast-schema-graph\">{\"@context\":\"https:\\\/\\\/schema.org\",\"@graph\":[{\"@type\":\"Article\",\"@id\":\"https:\\\/\\\/balkangreenenergynews.com\\\/rs\\\/stopa-globalnog-zagrevanja-naglo-porasla-posle-2015\\\/#article\",\"isPartOf\":{\"@id\":\"https:\\\/\\\/balkangreenenergynews.com\\\/rs\\\/stopa-globalnog-zagrevanja-naglo-porasla-posle-2015\\\/\"},\"author\":{\"name\":\"Vladimir Spasi\u0107\",\"@id\":\"https:\\\/\\\/balkangreenenergynews.com\\\/rs\\\/#\\\/schema\\\/person\\\/99dc721c46113fea22caffad06ef7317\"},\"headline\":\"Stopa globalnog zagrevanja naglo porasla posle 2015.\",\"datePublished\":\"2026-03-12T15:35:19+00:00\",\"dateModified\":\"2026-03-13T11:42:45+00:00\",\"mainEntityOfPage\":{\"@id\":\"https:\\\/\\\/balkangreenenergynews.com\\\/rs\\\/stopa-globalnog-zagrevanja-naglo-porasla-posle-2015\\\/\"},\"wordCount\":520,\"commentCount\":0,\"image\":{\"@id\":\"https:\\\/\\\/balkangreenenergynews.com\\\/rs\\\/stopa-globalnog-zagrevanja-naglo-porasla-posle-2015\\\/#primaryimage\"},\"thumbnailUrl\":\"https:\\\/\\\/balkangreenenergynews.com\\\/rs\\\/wp-content\\\/uploads\\\/2026\\\/03\\\/svet-globalno-zagrevanje-temperatura-vrucine-klimatske-promene-1.jpg?wsr\",\"keywords\":[\"emisije\",\"globalno zagrevanje\",\"klimatske promene\"],\"articleSection\":[\"Klimatske promene\",\"\u017divotna sredina\"],\"inLanguage\":\"sr-RS\",\"potentialAction\":[{\"@type\":\"CommentAction\",\"name\":\"Comment\",\"target\":[\"https:\\\/\\\/balkangreenenergynews.com\\\/rs\\\/stopa-globalnog-zagrevanja-naglo-porasla-posle-2015\\\/#respond\"]}]},{\"@type\":\"WebPage\",\"@id\":\"https:\\\/\\\/balkangreenenergynews.com\\\/rs\\\/stopa-globalnog-zagrevanja-naglo-porasla-posle-2015\\\/\",\"url\":\"https:\\\/\\\/balkangreenenergynews.com\\\/rs\\\/stopa-globalnog-zagrevanja-naglo-porasla-posle-2015\\\/\",\"name\":\"Stopa globalnog zagrevanja naglo porasla posle 2015.\",\"isPartOf\":{\"@id\":\"https:\\\/\\\/balkangreenenergynews.com\\\/rs\\\/#website\"},\"primaryImageOfPage\":{\"@id\":\"https:\\\/\\\/balkangreenenergynews.com\\\/rs\\\/stopa-globalnog-zagrevanja-naglo-porasla-posle-2015\\\/#primaryimage\"},\"image\":{\"@id\":\"https:\\\/\\\/balkangreenenergynews.com\\\/rs\\\/stopa-globalnog-zagrevanja-naglo-porasla-posle-2015\\\/#primaryimage\"},\"thumbnailUrl\":\"https:\\\/\\\/balkangreenenergynews.com\\\/rs\\\/wp-content\\\/uploads\\\/2026\\\/03\\\/svet-globalno-zagrevanje-temperatura-vrucine-klimatske-promene-1.jpg?wsr\",\"datePublished\":\"2026-03-12T15:35:19+00:00\",\"dateModified\":\"2026-03-13T11:42:45+00:00\",\"author\":{\"@id\":\"https:\\\/\\\/balkangreenenergynews.com\\\/rs\\\/#\\\/schema\\\/person\\\/99dc721c46113fea22caffad06ef7317\"},\"description\":\"Stefan Ramstorf i Grant Foster tvrde da imaju najja\u010de dokaze dosad da se globalno zagrevanje ubrzalo, na stopu od oko 0,35 stepeni Celzijusa\",\"breadcrumb\":{\"@id\":\"https:\\\/\\\/balkangreenenergynews.com\\\/rs\\\/stopa-globalnog-zagrevanja-naglo-porasla-posle-2015\\\/#breadcrumb\"},\"inLanguage\":\"sr-RS\",\"potentialAction\":[{\"@type\":\"ReadAction\",\"target\":[\"https:\\\/\\\/balkangreenenergynews.com\\\/rs\\\/stopa-globalnog-zagrevanja-naglo-porasla-posle-2015\\\/\"]}]},{\"@type\":\"ImageObject\",\"inLanguage\":\"sr-RS\",\"@id\":\"https:\\\/\\\/balkangreenenergynews.com\\\/rs\\\/stopa-globalnog-zagrevanja-naglo-porasla-posle-2015\\\/#primaryimage\",\"url\":\"https:\\\/\\\/balkangreenenergynews.com\\\/rs\\\/wp-content\\\/uploads\\\/2026\\\/03\\\/svet-globalno-zagrevanje-temperatura-vrucine-klimatske-promene-1.jpg?wsr\",\"contentUrl\":\"https:\\\/\\\/balkangreenenergynews.com\\\/rs\\\/wp-content\\\/uploads\\\/2026\\\/03\\\/svet-globalno-zagrevanje-temperatura-vrucine-klimatske-promene-1.jpg?wsr\",\"width\":840,\"height\":430,\"caption\":\"svet globalno zagrevanje temperatura vrucine klimatske promene\"},{\"@type\":\"BreadcrumbList\",\"@id\":\"https:\\\/\\\/balkangreenenergynews.com\\\/rs\\\/stopa-globalnog-zagrevanja-naglo-porasla-posle-2015\\\/#breadcrumb\",\"itemListElement\":[{\"@type\":\"ListItem\",\"position\":1,\"name\":\"Po\u010detna\",\"item\":\"https:\\\/\\\/balkangreenenergynews.com\\\/rs\\\/\"},{\"@type\":\"ListItem\",\"position\":2,\"name\":\"Klimatske promene\",\"item\":\"https:\\\/\\\/balkangreenenergynews.com\\\/rs\\\/kategorija\\\/klimatske-promene\\\/\"},{\"@type\":\"ListItem\",\"position\":3,\"name\":\"Stopa globalnog zagrevanja naglo porasla posle 2015.\"}]},{\"@type\":\"WebSite\",\"@id\":\"https:\\\/\\\/balkangreenenergynews.com\\\/rs\\\/#website\",\"url\":\"https:\\\/\\\/balkangreenenergynews.com\\\/rs\\\/\",\"name\":\"Balkan Green Energy News\",\"description\":\"Naj\u0161iri izbor vesti sa Balkana o zelenoj energiji\",\"potentialAction\":[{\"@type\":\"SearchAction\",\"target\":{\"@type\":\"EntryPoint\",\"urlTemplate\":\"https:\\\/\\\/balkangreenenergynews.com\\\/rs\\\/?s={search_term_string}\"},\"query-input\":{\"@type\":\"PropertyValueSpecification\",\"valueRequired\":true,\"valueName\":\"search_term_string\"}}],\"inLanguage\":\"sr-RS\"},{\"@type\":\"Person\",\"@id\":\"https:\\\/\\\/balkangreenenergynews.com\\\/rs\\\/#\\\/schema\\\/person\\\/99dc721c46113fea22caffad06ef7317\",\"name\":\"Vladimir Spasi\u0107\",\"url\":\"https:\\\/\\\/balkangreenenergynews.com\\\/rs\\\/author\\\/vladimir-spasic\\\/\"}]}<\/script>\n<!-- \/ Yoast SEO plugin. -->","yoast_head_json":{"title":"Stopa globalnog zagrevanja naglo porasla posle 2015.","description":"Stefan Ramstorf i Grant Foster tvrde da imaju najja\u010de dokaze dosad da se globalno zagrevanje ubrzalo, na stopu od oko 0,35 stepeni Celzijusa","robots":{"index":"index","follow":"follow","max-snippet":"max-snippet:-1","max-image-preview":"max-image-preview:large","max-video-preview":"max-video-preview:-1"},"canonical":"https:\/\/balkangreenenergynews.com\/rs\/stopa-globalnog-zagrevanja-naglo-porasla-posle-2015\/","og_locale":"sr_RS","og_type":"article","og_title":"Stopa globalnog zagrevanja naglo porasla posle 2015.","og_description":"Stefan Ramstorf i Grant Foster tvrde da imaju najja\u010de dokaze dosad da se globalno zagrevanje ubrzalo, na stopu od oko 0,35 stepeni Celzijusa","og_url":"https:\/\/balkangreenenergynews.com\/rs\/stopa-globalnog-zagrevanja-naglo-porasla-posle-2015\/","og_site_name":"Balkan Green Energy News","article_published_time":"2026-03-12T15:35:19+00:00","article_modified_time":"2026-03-13T11:42:45+00:00","og_image":[{"width":840,"height":430,"url":"https:\/\/balkangreenenergynews.com\/rs\/wp-content\/uploads\/2026\/03\/svet-globalno-zagrevanje-temperatura-vrucine-klimatske-promene-1.jpg?wsr","type":"image\/jpeg"}],"author":"Vladimir Spasi\u0107","twitter_card":"summary_large_image","twitter_misc":{"\u041d\u0430\u043f\u0438\u0441\u0430\u043d\u043e \u043e\u0434":"Vladimir Spasi\u0107","\u041f\u0440\u043e\u0446\u0435\u045a\u0435\u043d\u043e \u0432\u0440\u0435\u043c\u0435 \u0447\u0438\u0442\u0430\u045a\u0430":"3 \u043c\u0438\u043d\u0443\u0442\u0430"},"schema":{"@context":"https:\/\/schema.org","@graph":[{"@type":"Article","@id":"https:\/\/balkangreenenergynews.com\/rs\/stopa-globalnog-zagrevanja-naglo-porasla-posle-2015\/#article","isPartOf":{"@id":"https:\/\/balkangreenenergynews.com\/rs\/stopa-globalnog-zagrevanja-naglo-porasla-posle-2015\/"},"author":{"name":"Vladimir Spasi\u0107","@id":"https:\/\/balkangreenenergynews.com\/rs\/#\/schema\/person\/99dc721c46113fea22caffad06ef7317"},"headline":"Stopa globalnog zagrevanja naglo porasla posle 2015.","datePublished":"2026-03-12T15:35:19+00:00","dateModified":"2026-03-13T11:42:45+00:00","mainEntityOfPage":{"@id":"https:\/\/balkangreenenergynews.com\/rs\/stopa-globalnog-zagrevanja-naglo-porasla-posle-2015\/"},"wordCount":520,"commentCount":0,"image":{"@id":"https:\/\/balkangreenenergynews.com\/rs\/stopa-globalnog-zagrevanja-naglo-porasla-posle-2015\/#primaryimage"},"thumbnailUrl":"https:\/\/balkangreenenergynews.com\/rs\/wp-content\/uploads\/2026\/03\/svet-globalno-zagrevanje-temperatura-vrucine-klimatske-promene-1.jpg?wsr","keywords":["emisije","globalno zagrevanje","klimatske promene"],"articleSection":["Klimatske promene","\u017divotna sredina"],"inLanguage":"sr-RS","potentialAction":[{"@type":"CommentAction","name":"Comment","target":["https:\/\/balkangreenenergynews.com\/rs\/stopa-globalnog-zagrevanja-naglo-porasla-posle-2015\/#respond"]}]},{"@type":"WebPage","@id":"https:\/\/balkangreenenergynews.com\/rs\/stopa-globalnog-zagrevanja-naglo-porasla-posle-2015\/","url":"https:\/\/balkangreenenergynews.com\/rs\/stopa-globalnog-zagrevanja-naglo-porasla-posle-2015\/","name":"Stopa globalnog zagrevanja naglo porasla posle 2015.","isPartOf":{"@id":"https:\/\/balkangreenenergynews.com\/rs\/#website"},"primaryImageOfPage":{"@id":"https:\/\/balkangreenenergynews.com\/rs\/stopa-globalnog-zagrevanja-naglo-porasla-posle-2015\/#primaryimage"},"image":{"@id":"https:\/\/balkangreenenergynews.com\/rs\/stopa-globalnog-zagrevanja-naglo-porasla-posle-2015\/#primaryimage"},"thumbnailUrl":"https:\/\/balkangreenenergynews.com\/rs\/wp-content\/uploads\/2026\/03\/svet-globalno-zagrevanje-temperatura-vrucine-klimatske-promene-1.jpg?wsr","datePublished":"2026-03-12T15:35:19+00:00","dateModified":"2026-03-13T11:42:45+00:00","author":{"@id":"https:\/\/balkangreenenergynews.com\/rs\/#\/schema\/person\/99dc721c46113fea22caffad06ef7317"},"description":"Stefan Ramstorf i Grant Foster tvrde da imaju najja\u010de dokaze dosad da se globalno zagrevanje ubrzalo, na stopu od oko 0,35 stepeni Celzijusa","breadcrumb":{"@id":"https:\/\/balkangreenenergynews.com\/rs\/stopa-globalnog-zagrevanja-naglo-porasla-posle-2015\/#breadcrumb"},"inLanguage":"sr-RS","potentialAction":[{"@type":"ReadAction","target":["https:\/\/balkangreenenergynews.com\/rs\/stopa-globalnog-zagrevanja-naglo-porasla-posle-2015\/"]}]},{"@type":"ImageObject","inLanguage":"sr-RS","@id":"https:\/\/balkangreenenergynews.com\/rs\/stopa-globalnog-zagrevanja-naglo-porasla-posle-2015\/#primaryimage","url":"https:\/\/balkangreenenergynews.com\/rs\/wp-content\/uploads\/2026\/03\/svet-globalno-zagrevanje-temperatura-vrucine-klimatske-promene-1.jpg?wsr","contentUrl":"https:\/\/balkangreenenergynews.com\/rs\/wp-content\/uploads\/2026\/03\/svet-globalno-zagrevanje-temperatura-vrucine-klimatske-promene-1.jpg?wsr","width":840,"height":430,"caption":"svet globalno zagrevanje temperatura vrucine klimatske promene"},{"@type":"BreadcrumbList","@id":"https:\/\/balkangreenenergynews.com\/rs\/stopa-globalnog-zagrevanja-naglo-porasla-posle-2015\/#breadcrumb","itemListElement":[{"@type":"ListItem","position":1,"name":"Po\u010detna","item":"https:\/\/balkangreenenergynews.com\/rs\/"},{"@type":"ListItem","position":2,"name":"Klimatske promene","item":"https:\/\/balkangreenenergynews.com\/rs\/kategorija\/klimatske-promene\/"},{"@type":"ListItem","position":3,"name":"Stopa globalnog zagrevanja naglo porasla posle 2015."}]},{"@type":"WebSite","@id":"https:\/\/balkangreenenergynews.com\/rs\/#website","url":"https:\/\/balkangreenenergynews.com\/rs\/","name":"Balkan Green Energy News","description":"Naj\u0161iri izbor vesti sa Balkana o zelenoj energiji","potentialAction":[{"@type":"SearchAction","target":{"@type":"EntryPoint","urlTemplate":"https:\/\/balkangreenenergynews.com\/rs\/?s={search_term_string}"},"query-input":{"@type":"PropertyValueSpecification","valueRequired":true,"valueName":"search_term_string"}}],"inLanguage":"sr-RS"},{"@type":"Person","@id":"https:\/\/balkangreenenergynews.com\/rs\/#\/schema\/person\/99dc721c46113fea22caffad06ef7317","name":"Vladimir Spasi\u0107","url":"https:\/\/balkangreenenergynews.com\/rs\/author\/vladimir-spasic\/"}]}},"_links":{"self":[{"href":"https:\/\/balkangreenenergynews.com\/rs\/wp-json\/wp\/v2\/posts\/90276","targetHints":{"allow":["GET"]}}],"collection":[{"href":"https:\/\/balkangreenenergynews.com\/rs\/wp-json\/wp\/v2\/posts"}],"about":[{"href":"https:\/\/balkangreenenergynews.com\/rs\/wp-json\/wp\/v2\/types\/post"}],"author":[{"embeddable":true,"href":"https:\/\/balkangreenenergynews.com\/rs\/wp-json\/wp\/v2\/users\/23"}],"replies":[{"embeddable":true,"href":"https:\/\/balkangreenenergynews.com\/rs\/wp-json\/wp\/v2\/comments?post=90276"}],"version-history":[{"count":1,"href":"https:\/\/balkangreenenergynews.com\/rs\/wp-json\/wp\/v2\/posts\/90276\/revisions"}],"predecessor-version":[{"id":90277,"href":"https:\/\/balkangreenenergynews.com\/rs\/wp-json\/wp\/v2\/posts\/90276\/revisions\/90277"}],"wp:featuredmedia":[{"embeddable":true,"href":"https:\/\/balkangreenenergynews.com\/rs\/wp-json\/wp\/v2\/media\/90296"}],"wp:attachment":[{"href":"https:\/\/balkangreenenergynews.com\/rs\/wp-json\/wp\/v2\/media?parent=90276"}],"wp:term":[{"taxonomy":"category","embeddable":true,"href":"https:\/\/balkangreenenergynews.com\/rs\/wp-json\/wp\/v2\/categories?post=90276"},{"taxonomy":"post_tag","embeddable":true,"href":"https:\/\/balkangreenenergynews.com\/rs\/wp-json\/wp\/v2\/tags?post=90276"}],"curies":[{"name":"wp","href":"https:\/\/api.w.org\/{rel}","templated":true}]}}