{"id":90264,"date":"2026-03-12T15:44:25","date_gmt":"2026-03-12T14:44:25","guid":{"rendered":"https:\/\/balkangreenenergynews.com\/rs\/?p=90264"},"modified":"2026-03-12T15:45:04","modified_gmt":"2026-03-12T14:45:04","slug":"bugarsko-selo-starcevo-ustalo-da-spasi-sumu-od-projekta-solarne-elektrane","status":"publish","type":"post","link":"https:\/\/balkangreenenergynews.com\/rs\/bugarsko-selo-starcevo-ustalo-da-spasi-sumu-od-projekta-solarne-elektrane\/","title":{"rendered":"Bugarsko selo Star\u010devo ustalo da spasi \u0161umu od projekta solarne elektrane"},"content":{"rendered":"<h2>Trideset hektara \u0161ume je predodre\u0111eno za se\u010du projektom solarne elektrane u jugozapadnom uglu Bugarske. Ispod te lokacije je selo Star\u010devo, \u010diji su se stanovnici i stanovnice sa aktivistima okupili pred Op\u0161tinom Petri\u010d nakon jedne sudske odluke u korist investitora. Isti\u010du\u00a0 da je \u0161uma posa\u0111ena radi za\u0161tite od poplava i da je ovo jedno od najtoplijih podru\u010dja u zemlji. Demonstranti su tako\u0111e upozorili da bi deforestacija ugrozila ekosistem.<\/h2>\n<p>Star\u010devo ne da svoju \u0161umu \u2013 to je bio jedan od slogana pred zgradom op\u0161tine u Petri\u010du, gde su ljudi do\u0161li da protestuju protiv fotonaponskog projekta pri kojem bi bila uni\u0161tena \u0161uma iznad njihovog sela. Predlog datira iz 2022, kada ga je lokalna samouprava odobrila. Nedavno je donesena sudska odluka u korist investitora.<\/p>\n<p>Plan podrazumeva se\u010du \u0161ume na skoro trideset hektara. Me\u0111u okupljenima su bili njihovi politi\u010dki predstavnici, aktivisti i narodna poslanica Krasimira Katin\u010darova iz partije Veli\u010dije. To ime zna\u010di veli\u010dina ili slava. Ina\u010de, osnovana je u op\u0161tini <a href=\"https:\/\/balkangreenenergynews.com\/cwp-suspends-part-of-eur-610-million-wind-power-project-in-east-bulgaria\/\">Vetrino<\/a> na severoistoku Bugarske radi suprotstavljanja jednom <a href=\"https:\/\/balkangreenenergynews.com\/rs\/protesti-protiv-projekta-solarne-elektrane-u-bugarskoj-na-945-hektara\/\">kontroverznom<\/a> projektu vetroelektrane, a poslednjih godina ih je ve\u0107 nekoliko <a href=\"https:\/\/balkangreenenergynews.com\/rs\/gradjani-aktivisti-u-bugarskoj-se-protive-izgradnji-vetroelektrane-zbog-koje-bi-stradala-suma\/\">uzburkalo javnost.<\/a><\/p>\n<blockquote><p>U Bugarskoj je poslednjih godina nekoliko projekata solarnih i vetroelektrana izazvalo kontroverze zbog ugro\u017eavanja prirode i poljoprivrede<\/p><\/blockquote>\n<p>Na protestu je zatra\u017eena transparentnost kao i javna rasprava. Me\u0161tani i me\u0161tanke i za\u0161titnici \u017eivotne sredine upozoravaju i na opasnost po ekosistem i poljoprivredu. Star\u010devo se o\u010dajni\u010dki upire da spasi svoju \u0161umu i poru\u010duje da ne\u0107e odustati. Izme\u0111u ostalog, selo je za 15. mart najavilo akciju po\u0161umljavanja.<\/p>\n<p>Ovaj deo pokrajine Blagoevgrad kod granice sa Gr\u010dkom i Severnom Makedonijom jedan je od najtoplijih krajeva u Bugarskoj, kazao je za BNT jedan stanovnik, <a href=\"https:\/\/bntnews.bg\/news\/zhitelite-na-petrichkoto-selo-starchevo-protiv-izsichaneto-na-gora-i-izgrazhdaneto-na-fotovoltaichen-park-1382857news.html\">Kiril.<\/a> Takve \u0161ume nema nigde u celoj op\u0161tini, naglasio je. Me\u0161tani su je zasadili radi za\u0161tite od poplava, objasnio je i naglasio da gola zemlja ne bi mogla da upije vodu te da bi to ugrozilo ku\u0107e i plodnu zemlju.<\/p>\n<p>&#8222;Na\u0161e babe, dedovi, prababe, pradedovi radili su tamo satima i danima&#8230; Biznis treba da raste. Neka, mi nismo protiv izgradnje. Neka biznis raste. Prosto, tamo mu nije mesto&#8220;, kazao je jo\u0161 jedan Star\u010devac, Ivan, vidno potresen. Jedna njegova kom\u0161inica je navela da ona \u017eivi pedeset metara od lokacije gde bi se seklo drve\u0107e i postavljali solarni paneli.<\/p>\n","protected":false},"excerpt":{"rendered":"<p>Jedan fotonaponski projekat u jugozapadnoj Bugarskoj predvi\u0111a se\u010du 30 hektara \u0161ume. Ispod nje je selo Star\u010devo, koje je odlu\u010dno da je za\u0161titi. <\/p>\n","protected":false},"author":27,"featured_media":90271,"comment_status":"open","ping_status":"open","sticky":false,"template":"","format":"standard","meta":{"_acf_changed":false,"_monsterinsights_skip_tracking":false,"_monsterinsights_sitenote_active":false,"_monsterinsights_sitenote_note":"","_monsterinsights_sitenote_category":0,"footnotes":""},"categories":[504,1,4],"tags":[5113,669,647,5171,1890,5111,5921],"class_list":["post-90264","post","type-post","status-publish","format-standard","has-post-thumbnail","hentry","category-elektricna-energija","category-obnovljivi-izvori-energije","category-zivotna-sredina","tag-deforestacija","tag-elektricna-energija","tag-obnovljivi-izvori-energije","tag-posumljavanje","tag-solarne-elektrane","tag-sume","tag-zivotna-sredina","country-bugarska"],"acf":[],"yoast_head":"<!-- This site is optimized with the Yoast SEO plugin v27.4 - https:\/\/yoast.com\/product\/yoast-seo-wordpress\/ -->\n<title>Bugarsko selo Star\u010devo ustalo da spasi \u0161umu od projekta solarne elektrane<\/title>\n<meta name=\"description\" content=\"Jedan fotonaponski projekat u jugozapadnoj Bugarskoj predvi\u0111a se\u010du 30 hektara \u0161ume. Ispod nje je selo Star\u010devo, koje je odlu\u010dno da je za\u0161titi.\" \/>\n<meta name=\"robots\" content=\"index, follow, max-snippet:-1, max-image-preview:large, max-video-preview:-1\" \/>\n<link rel=\"canonical\" href=\"https:\/\/balkangreenenergynews.com\/rs\/bugarsko-selo-starcevo-ustalo-da-spasi-sumu-od-projekta-solarne-elektrane\/\" \/>\n<meta property=\"og:locale\" content=\"sr_RS\" \/>\n<meta property=\"og:type\" content=\"article\" \/>\n<meta property=\"og:title\" content=\"Bugarsko selo Star\u010devo ustalo da spasi \u0161umu od projekta solarne elektrane\" \/>\n<meta property=\"og:description\" content=\"Jedan fotonaponski projekat u jugozapadnoj Bugarskoj predvi\u0111a se\u010du 30 hektara \u0161ume. Ispod nje je selo Star\u010devo, koje je odlu\u010dno da je za\u0161titi.\" \/>\n<meta property=\"og:url\" content=\"https:\/\/balkangreenenergynews.com\/rs\/bugarsko-selo-starcevo-ustalo-da-spasi-sumu-od-projekta-solarne-elektrane\/\" \/>\n<meta property=\"og:site_name\" content=\"Balkan Green Energy News\" \/>\n<meta property=\"article:published_time\" content=\"2026-03-12T14:44:25+00:00\" \/>\n<meta property=\"article:modified_time\" content=\"2026-03-12T14:45:04+00:00\" \/>\n<meta property=\"og:image\" content=\"https:\/\/balkangreenenergynews.com\/rs\/wp-content\/uploads\/2026\/03\/Bugarsko-selo-Starcevo-ustalo-da-spasi-sumu-od-projekta-solarne-elektrane.jpg?wsr\" \/>\n\t<meta property=\"og:image:width\" content=\"840\" \/>\n\t<meta property=\"og:image:height\" content=\"430\" \/>\n\t<meta property=\"og:image:type\" content=\"image\/jpeg\" \/>\n<meta name=\"author\" content=\"Igor Todorovi\u0107\" \/>\n<meta name=\"twitter:card\" content=\"summary_large_image\" \/>\n<meta name=\"twitter:label1\" content=\"\u041d\u0430\u043f\u0438\u0441\u0430\u043d\u043e \u043e\u0434\" \/>\n\t<meta name=\"twitter:data1\" content=\"Igor Todorovi\u0107\" \/>\n\t<meta name=\"twitter:label2\" content=\"\u041f\u0440\u043e\u0446\u0435\u045a\u0435\u043d\u043e \u0432\u0440\u0435\u043c\u0435 \u0447\u0438\u0442\u0430\u045a\u0430\" \/>\n\t<meta name=\"twitter:data2\" content=\"3 \u043c\u0438\u043d\u0443\u0442\u0430\" \/>\n<script type=\"application\/ld+json\" class=\"yoast-schema-graph\">{\"@context\":\"https:\\\/\\\/schema.org\",\"@graph\":[{\"@type\":\"Article\",\"@id\":\"https:\\\/\\\/balkangreenenergynews.com\\\/rs\\\/bugarsko-selo-starcevo-ustalo-da-spasi-sumu-od-projekta-solarne-elektrane\\\/#article\",\"isPartOf\":{\"@id\":\"https:\\\/\\\/balkangreenenergynews.com\\\/rs\\\/bugarsko-selo-starcevo-ustalo-da-spasi-sumu-od-projekta-solarne-elektrane\\\/\"},\"author\":{\"name\":\"Igor Todorovi\u0107\",\"@id\":\"https:\\\/\\\/balkangreenenergynews.com\\\/rs\\\/#\\\/schema\\\/person\\\/d8f80a244c4e9f2b55e4f6968c253246\"},\"headline\":\"Bugarsko selo Star\u010devo ustalo da spasi \u0161umu od projekta solarne elektrane\",\"datePublished\":\"2026-03-12T14:44:25+00:00\",\"dateModified\":\"2026-03-12T14:45:04+00:00\",\"mainEntityOfPage\":{\"@id\":\"https:\\\/\\\/balkangreenenergynews.com\\\/rs\\\/bugarsko-selo-starcevo-ustalo-da-spasi-sumu-od-projekta-solarne-elektrane\\\/\"},\"wordCount\":412,\"commentCount\":0,\"image\":{\"@id\":\"https:\\\/\\\/balkangreenenergynews.com\\\/rs\\\/bugarsko-selo-starcevo-ustalo-da-spasi-sumu-od-projekta-solarne-elektrane\\\/#primaryimage\"},\"thumbnailUrl\":\"https:\\\/\\\/balkangreenenergynews.com\\\/rs\\\/wp-content\\\/uploads\\\/2026\\\/03\\\/Bugarsko-selo-Starcevo-ustalo-da-spasi-sumu-od-projekta-solarne-elektrane.jpg?wsr\",\"keywords\":[\"deforestacija\",\"elektri\u010dna energija\",\"obnovljivi izvori energije\",\"po\u0161umljavanje\",\"solarne elektrane\",\"\u0161ume\",\"\u017eivotna sredina\"],\"articleSection\":[\"Elektri\u010dna energija\",\"OIE\",\"\u017divotna sredina\"],\"inLanguage\":\"sr-RS\",\"potentialAction\":[{\"@type\":\"CommentAction\",\"name\":\"Comment\",\"target\":[\"https:\\\/\\\/balkangreenenergynews.com\\\/rs\\\/bugarsko-selo-starcevo-ustalo-da-spasi-sumu-od-projekta-solarne-elektrane\\\/#respond\"]}]},{\"@type\":\"WebPage\",\"@id\":\"https:\\\/\\\/balkangreenenergynews.com\\\/rs\\\/bugarsko-selo-starcevo-ustalo-da-spasi-sumu-od-projekta-solarne-elektrane\\\/\",\"url\":\"https:\\\/\\\/balkangreenenergynews.com\\\/rs\\\/bugarsko-selo-starcevo-ustalo-da-spasi-sumu-od-projekta-solarne-elektrane\\\/\",\"name\":\"Bugarsko selo Star\u010devo ustalo da spasi \u0161umu od projekta solarne elektrane\",\"isPartOf\":{\"@id\":\"https:\\\/\\\/balkangreenenergynews.com\\\/rs\\\/#website\"},\"primaryImageOfPage\":{\"@id\":\"https:\\\/\\\/balkangreenenergynews.com\\\/rs\\\/bugarsko-selo-starcevo-ustalo-da-spasi-sumu-od-projekta-solarne-elektrane\\\/#primaryimage\"},\"image\":{\"@id\":\"https:\\\/\\\/balkangreenenergynews.com\\\/rs\\\/bugarsko-selo-starcevo-ustalo-da-spasi-sumu-od-projekta-solarne-elektrane\\\/#primaryimage\"},\"thumbnailUrl\":\"https:\\\/\\\/balkangreenenergynews.com\\\/rs\\\/wp-content\\\/uploads\\\/2026\\\/03\\\/Bugarsko-selo-Starcevo-ustalo-da-spasi-sumu-od-projekta-solarne-elektrane.jpg?wsr\",\"datePublished\":\"2026-03-12T14:44:25+00:00\",\"dateModified\":\"2026-03-12T14:45:04+00:00\",\"author\":{\"@id\":\"https:\\\/\\\/balkangreenenergynews.com\\\/rs\\\/#\\\/schema\\\/person\\\/d8f80a244c4e9f2b55e4f6968c253246\"},\"description\":\"Jedan fotonaponski projekat u jugozapadnoj Bugarskoj predvi\u0111a se\u010du 30 hektara \u0161ume. Ispod nje je selo Star\u010devo, koje je odlu\u010dno da je za\u0161titi.\",\"breadcrumb\":{\"@id\":\"https:\\\/\\\/balkangreenenergynews.com\\\/rs\\\/bugarsko-selo-starcevo-ustalo-da-spasi-sumu-od-projekta-solarne-elektrane\\\/#breadcrumb\"},\"inLanguage\":\"sr-RS\",\"potentialAction\":[{\"@type\":\"ReadAction\",\"target\":[\"https:\\\/\\\/balkangreenenergynews.com\\\/rs\\\/bugarsko-selo-starcevo-ustalo-da-spasi-sumu-od-projekta-solarne-elektrane\\\/\"]}]},{\"@type\":\"ImageObject\",\"inLanguage\":\"sr-RS\",\"@id\":\"https:\\\/\\\/balkangreenenergynews.com\\\/rs\\\/bugarsko-selo-starcevo-ustalo-da-spasi-sumu-od-projekta-solarne-elektrane\\\/#primaryimage\",\"url\":\"https:\\\/\\\/balkangreenenergynews.com\\\/rs\\\/wp-content\\\/uploads\\\/2026\\\/03\\\/Bugarsko-selo-Starcevo-ustalo-da-spasi-sumu-od-projekta-solarne-elektrane.jpg?wsr\",\"contentUrl\":\"https:\\\/\\\/balkangreenenergynews.com\\\/rs\\\/wp-content\\\/uploads\\\/2026\\\/03\\\/Bugarsko-selo-Starcevo-ustalo-da-spasi-sumu-od-projekta-solarne-elektrane.jpg?wsr\",\"width\":840,\"height\":430,\"caption\":\"Bugarsko selo Starcevo ustalo da spasi sumu od projekta solarne elektrane\"},{\"@type\":\"BreadcrumbList\",\"@id\":\"https:\\\/\\\/balkangreenenergynews.com\\\/rs\\\/bugarsko-selo-starcevo-ustalo-da-spasi-sumu-od-projekta-solarne-elektrane\\\/#breadcrumb\",\"itemListElement\":[{\"@type\":\"ListItem\",\"position\":1,\"name\":\"Po\u010detna\",\"item\":\"https:\\\/\\\/balkangreenenergynews.com\\\/rs\\\/\"},{\"@type\":\"ListItem\",\"position\":2,\"name\":\"Vesti\",\"item\":\"https:\\\/\\\/balkangreenenergynews.com\\\/rs\\\/kategorija\\\/vesti\\\/\"},{\"@type\":\"ListItem\",\"position\":3,\"name\":\"\u017divotna sredina\",\"item\":\"https:\\\/\\\/balkangreenenergynews.com\\\/rs\\\/kategorija\\\/vesti\\\/zivotna-sredina\\\/\"},{\"@type\":\"ListItem\",\"position\":4,\"name\":\"Bugarsko selo Star\u010devo ustalo da spasi \u0161umu od projekta solarne elektrane\"}]},{\"@type\":\"WebSite\",\"@id\":\"https:\\\/\\\/balkangreenenergynews.com\\\/rs\\\/#website\",\"url\":\"https:\\\/\\\/balkangreenenergynews.com\\\/rs\\\/\",\"name\":\"Balkan Green Energy News\",\"description\":\"Naj\u0161iri izbor vesti sa Balkana o zelenoj energiji\",\"potentialAction\":[{\"@type\":\"SearchAction\",\"target\":{\"@type\":\"EntryPoint\",\"urlTemplate\":\"https:\\\/\\\/balkangreenenergynews.com\\\/rs\\\/?s={search_term_string}\"},\"query-input\":{\"@type\":\"PropertyValueSpecification\",\"valueRequired\":true,\"valueName\":\"search_term_string\"}}],\"inLanguage\":\"sr-RS\"},{\"@type\":\"Person\",\"@id\":\"https:\\\/\\\/balkangreenenergynews.com\\\/rs\\\/#\\\/schema\\\/person\\\/d8f80a244c4e9f2b55e4f6968c253246\",\"name\":\"Igor Todorovi\u0107\",\"url\":\"https:\\\/\\\/balkangreenenergynews.com\\\/rs\\\/author\\\/igor-todorovic\\\/\"}]}<\/script>\n<!-- \/ Yoast SEO plugin. -->","yoast_head_json":{"title":"Bugarsko selo Star\u010devo ustalo da spasi \u0161umu od projekta solarne elektrane","description":"Jedan fotonaponski projekat u jugozapadnoj Bugarskoj predvi\u0111a se\u010du 30 hektara \u0161ume. Ispod nje je selo Star\u010devo, koje je odlu\u010dno da je za\u0161titi.","robots":{"index":"index","follow":"follow","max-snippet":"max-snippet:-1","max-image-preview":"max-image-preview:large","max-video-preview":"max-video-preview:-1"},"canonical":"https:\/\/balkangreenenergynews.com\/rs\/bugarsko-selo-starcevo-ustalo-da-spasi-sumu-od-projekta-solarne-elektrane\/","og_locale":"sr_RS","og_type":"article","og_title":"Bugarsko selo Star\u010devo ustalo da spasi \u0161umu od projekta solarne elektrane","og_description":"Jedan fotonaponski projekat u jugozapadnoj Bugarskoj predvi\u0111a se\u010du 30 hektara \u0161ume. Ispod nje je selo Star\u010devo, koje je odlu\u010dno da je za\u0161titi.","og_url":"https:\/\/balkangreenenergynews.com\/rs\/bugarsko-selo-starcevo-ustalo-da-spasi-sumu-od-projekta-solarne-elektrane\/","og_site_name":"Balkan Green Energy News","article_published_time":"2026-03-12T14:44:25+00:00","article_modified_time":"2026-03-12T14:45:04+00:00","og_image":[{"width":840,"height":430,"url":"https:\/\/balkangreenenergynews.com\/rs\/wp-content\/uploads\/2026\/03\/Bugarsko-selo-Starcevo-ustalo-da-spasi-sumu-od-projekta-solarne-elektrane.jpg?wsr","type":"image\/jpeg"}],"author":"Igor Todorovi\u0107","twitter_card":"summary_large_image","twitter_misc":{"\u041d\u0430\u043f\u0438\u0441\u0430\u043d\u043e \u043e\u0434":"Igor Todorovi\u0107","\u041f\u0440\u043e\u0446\u0435\u045a\u0435\u043d\u043e \u0432\u0440\u0435\u043c\u0435 \u0447\u0438\u0442\u0430\u045a\u0430":"3 \u043c\u0438\u043d\u0443\u0442\u0430"},"schema":{"@context":"https:\/\/schema.org","@graph":[{"@type":"Article","@id":"https:\/\/balkangreenenergynews.com\/rs\/bugarsko-selo-starcevo-ustalo-da-spasi-sumu-od-projekta-solarne-elektrane\/#article","isPartOf":{"@id":"https:\/\/balkangreenenergynews.com\/rs\/bugarsko-selo-starcevo-ustalo-da-spasi-sumu-od-projekta-solarne-elektrane\/"},"author":{"name":"Igor Todorovi\u0107","@id":"https:\/\/balkangreenenergynews.com\/rs\/#\/schema\/person\/d8f80a244c4e9f2b55e4f6968c253246"},"headline":"Bugarsko selo Star\u010devo ustalo da spasi \u0161umu od projekta solarne elektrane","datePublished":"2026-03-12T14:44:25+00:00","dateModified":"2026-03-12T14:45:04+00:00","mainEntityOfPage":{"@id":"https:\/\/balkangreenenergynews.com\/rs\/bugarsko-selo-starcevo-ustalo-da-spasi-sumu-od-projekta-solarne-elektrane\/"},"wordCount":412,"commentCount":0,"image":{"@id":"https:\/\/balkangreenenergynews.com\/rs\/bugarsko-selo-starcevo-ustalo-da-spasi-sumu-od-projekta-solarne-elektrane\/#primaryimage"},"thumbnailUrl":"https:\/\/balkangreenenergynews.com\/rs\/wp-content\/uploads\/2026\/03\/Bugarsko-selo-Starcevo-ustalo-da-spasi-sumu-od-projekta-solarne-elektrane.jpg?wsr","keywords":["deforestacija","elektri\u010dna energija","obnovljivi izvori energije","po\u0161umljavanje","solarne elektrane","\u0161ume","\u017eivotna sredina"],"articleSection":["Elektri\u010dna energija","OIE","\u017divotna sredina"],"inLanguage":"sr-RS","potentialAction":[{"@type":"CommentAction","name":"Comment","target":["https:\/\/balkangreenenergynews.com\/rs\/bugarsko-selo-starcevo-ustalo-da-spasi-sumu-od-projekta-solarne-elektrane\/#respond"]}]},{"@type":"WebPage","@id":"https:\/\/balkangreenenergynews.com\/rs\/bugarsko-selo-starcevo-ustalo-da-spasi-sumu-od-projekta-solarne-elektrane\/","url":"https:\/\/balkangreenenergynews.com\/rs\/bugarsko-selo-starcevo-ustalo-da-spasi-sumu-od-projekta-solarne-elektrane\/","name":"Bugarsko selo Star\u010devo ustalo da spasi \u0161umu od projekta solarne elektrane","isPartOf":{"@id":"https:\/\/balkangreenenergynews.com\/rs\/#website"},"primaryImageOfPage":{"@id":"https:\/\/balkangreenenergynews.com\/rs\/bugarsko-selo-starcevo-ustalo-da-spasi-sumu-od-projekta-solarne-elektrane\/#primaryimage"},"image":{"@id":"https:\/\/balkangreenenergynews.com\/rs\/bugarsko-selo-starcevo-ustalo-da-spasi-sumu-od-projekta-solarne-elektrane\/#primaryimage"},"thumbnailUrl":"https:\/\/balkangreenenergynews.com\/rs\/wp-content\/uploads\/2026\/03\/Bugarsko-selo-Starcevo-ustalo-da-spasi-sumu-od-projekta-solarne-elektrane.jpg?wsr","datePublished":"2026-03-12T14:44:25+00:00","dateModified":"2026-03-12T14:45:04+00:00","author":{"@id":"https:\/\/balkangreenenergynews.com\/rs\/#\/schema\/person\/d8f80a244c4e9f2b55e4f6968c253246"},"description":"Jedan fotonaponski projekat u jugozapadnoj Bugarskoj predvi\u0111a se\u010du 30 hektara \u0161ume. Ispod nje je selo Star\u010devo, koje je odlu\u010dno da je za\u0161titi.","breadcrumb":{"@id":"https:\/\/balkangreenenergynews.com\/rs\/bugarsko-selo-starcevo-ustalo-da-spasi-sumu-od-projekta-solarne-elektrane\/#breadcrumb"},"inLanguage":"sr-RS","potentialAction":[{"@type":"ReadAction","target":["https:\/\/balkangreenenergynews.com\/rs\/bugarsko-selo-starcevo-ustalo-da-spasi-sumu-od-projekta-solarne-elektrane\/"]}]},{"@type":"ImageObject","inLanguage":"sr-RS","@id":"https:\/\/balkangreenenergynews.com\/rs\/bugarsko-selo-starcevo-ustalo-da-spasi-sumu-od-projekta-solarne-elektrane\/#primaryimage","url":"https:\/\/balkangreenenergynews.com\/rs\/wp-content\/uploads\/2026\/03\/Bugarsko-selo-Starcevo-ustalo-da-spasi-sumu-od-projekta-solarne-elektrane.jpg?wsr","contentUrl":"https:\/\/balkangreenenergynews.com\/rs\/wp-content\/uploads\/2026\/03\/Bugarsko-selo-Starcevo-ustalo-da-spasi-sumu-od-projekta-solarne-elektrane.jpg?wsr","width":840,"height":430,"caption":"Bugarsko selo Starcevo ustalo da spasi sumu od projekta solarne elektrane"},{"@type":"BreadcrumbList","@id":"https:\/\/balkangreenenergynews.com\/rs\/bugarsko-selo-starcevo-ustalo-da-spasi-sumu-od-projekta-solarne-elektrane\/#breadcrumb","itemListElement":[{"@type":"ListItem","position":1,"name":"Po\u010detna","item":"https:\/\/balkangreenenergynews.com\/rs\/"},{"@type":"ListItem","position":2,"name":"Vesti","item":"https:\/\/balkangreenenergynews.com\/rs\/kategorija\/vesti\/"},{"@type":"ListItem","position":3,"name":"\u017divotna sredina","item":"https:\/\/balkangreenenergynews.com\/rs\/kategorija\/vesti\/zivotna-sredina\/"},{"@type":"ListItem","position":4,"name":"Bugarsko selo Star\u010devo ustalo da spasi \u0161umu od projekta solarne elektrane"}]},{"@type":"WebSite","@id":"https:\/\/balkangreenenergynews.com\/rs\/#website","url":"https:\/\/balkangreenenergynews.com\/rs\/","name":"Balkan Green Energy News","description":"Naj\u0161iri izbor vesti sa Balkana o zelenoj energiji","potentialAction":[{"@type":"SearchAction","target":{"@type":"EntryPoint","urlTemplate":"https:\/\/balkangreenenergynews.com\/rs\/?s={search_term_string}"},"query-input":{"@type":"PropertyValueSpecification","valueRequired":true,"valueName":"search_term_string"}}],"inLanguage":"sr-RS"},{"@type":"Person","@id":"https:\/\/balkangreenenergynews.com\/rs\/#\/schema\/person\/d8f80a244c4e9f2b55e4f6968c253246","name":"Igor Todorovi\u0107","url":"https:\/\/balkangreenenergynews.com\/rs\/author\/igor-todorovic\/"}]}},"_links":{"self":[{"href":"https:\/\/balkangreenenergynews.com\/rs\/wp-json\/wp\/v2\/posts\/90264","targetHints":{"allow":["GET"]}}],"collection":[{"href":"https:\/\/balkangreenenergynews.com\/rs\/wp-json\/wp\/v2\/posts"}],"about":[{"href":"https:\/\/balkangreenenergynews.com\/rs\/wp-json\/wp\/v2\/types\/post"}],"author":[{"embeddable":true,"href":"https:\/\/balkangreenenergynews.com\/rs\/wp-json\/wp\/v2\/users\/27"}],"replies":[{"embeddable":true,"href":"https:\/\/balkangreenenergynews.com\/rs\/wp-json\/wp\/v2\/comments?post=90264"}],"version-history":[{"count":2,"href":"https:\/\/balkangreenenergynews.com\/rs\/wp-json\/wp\/v2\/posts\/90264\/revisions"}],"predecessor-version":[{"id":90272,"href":"https:\/\/balkangreenenergynews.com\/rs\/wp-json\/wp\/v2\/posts\/90264\/revisions\/90272"}],"wp:featuredmedia":[{"embeddable":true,"href":"https:\/\/balkangreenenergynews.com\/rs\/wp-json\/wp\/v2\/media\/90271"}],"wp:attachment":[{"href":"https:\/\/balkangreenenergynews.com\/rs\/wp-json\/wp\/v2\/media?parent=90264"}],"wp:term":[{"taxonomy":"category","embeddable":true,"href":"https:\/\/balkangreenenergynews.com\/rs\/wp-json\/wp\/v2\/categories?post=90264"},{"taxonomy":"post_tag","embeddable":true,"href":"https:\/\/balkangreenenergynews.com\/rs\/wp-json\/wp\/v2\/tags?post=90264"}],"curies":[{"name":"wp","href":"https:\/\/api.w.org\/{rel}","templated":true}]}}