{"id":90230,"date":"2026-03-11T15:47:17","date_gmt":"2026-03-11T14:47:17","guid":{"rendered":"https:\/\/balkangreenenergynews.com\/rs\/?p=90230"},"modified":"2026-03-11T15:47:17","modified_gmt":"2026-03-11T14:47:17","slug":"fon-der-lajen-eu-zeli-da-bude-deo-globalne-nuklearne-renesanse","status":"publish","type":"post","link":"https:\/\/balkangreenenergynews.com\/rs\/fon-der-lajen-eu-zeli-da-bude-deo-globalne-nuklearne-renesanse\/","title":{"rendered":"Fon der Lajen: EU \u017eeli da bude deo globalne nuklearne renesanse"},"content":{"rendered":"<h2>Smanjenje udela nuklearne energije bilo je \u201estrate\u0161ka gre\u0161ka\u201c koja je Evropu u\u010dinila zavisnom od skupog i nepouzdanog uvoza fosilnih goriva, smatra predsednica Evropske komisije Ursula fon der Lajen. Evropska unija sada \u017eeli da bude deo globalne nuklearne renesanse, a komisija je izradila strategiju za ubrzavanje uvo\u0111enja malih modularnih reaktora koji bi bili dopuna klasi\u010dnim nuklearnim elektranama, izjavila je na samitu o nuklearnoj energiji u Parizu.<\/h2>\n<p>Evropa je izabrala <a href=\"https:\/\/balkangreenenergynews.com\/rs\/zavrsena-era-nuklearne-energije-u-nemackoj\/\">smanjenje udela nuklearne energije<\/a> i tako okrenula le\u0111a pouzdanom i pristupa\u010dnom izvoru energije sa niskim emisijama, \u0161to je bila strate\u0161ka gre\u0161ka, rekla je Fon der Lajen u svom govoru na samitu, kojeg je organizovala Me\u0111unarodna agencija za atomsku energiju (IAEA).<\/p>\n<p>Ona je napomenula da je 1990. godine jedna tre\u0107ina elektri\u010dne energije u Evropi dolazila iz nuklearki, ali da se taj udeo smanjio na oko 15%.<\/p>\n<p>Budu\u0107i da Evropa nije proizvo\u0111a\u010d ni nafte ni gasa, njena potro\u0161nja fosilnih goriva u potpunosti zavisi od skupog i nepouzdanog uvoza, a trenutna <a href=\"https:\/\/balkangreenenergynews.com\/rs\/cene-nafte-gasa-uzletele-po-30-odsto-usled-panike-zbog-iranskog-rata\/\">kriza na Bliskom istoku<\/a> jasno pokazuje kakve probleme to mo\u017ee da stvori, rekla je.<\/p>\n<p>Najefikasniji energetski sistem, kako je navela, kombinuje nuklearnu energiju i obnovljive izvore, uz razvoj skladi\u0161tenja energije, fleksibilnosti i elektroenergetskih mre\u017ea.<\/p>\n<blockquote><p>EU se nada da \u0107e mali modularni reaktori biti instalirani u po\u010detkom slede\u0107e decenije<\/p><\/blockquote>\n<p>S ciljem da ponovo <a href=\"https:\/\/balkangreenenergynews.com\/rs\/francuska-i-nemacka-se-dogovorile-nuklearna-energija-je-izvor-sa-niskim-emisijama-co2\/\">o\u017eivi nuklearnu energiju<\/a>, EU je pro\u0161le godine izmenila pravila o dr\u017eavnoj pomo\u0107i kako bi poja\u010dala podr\u0161ku za nuklearnu fisiju i goriva. Tako\u0111e je pokrenula prvu industrijsku <a href=\"https:\/\/balkangreenenergynews.com\/rs\/grupa-drzava-u-eu-trazi-osnivanje-industrijske-alijanse-za-male-modularne-reaktore\/\">alijansu za male modularne reaktore<\/a> (SMR) u svetu i predlo\u017eila investicije od preko pet milijardi evra u istra\u017eivanja fuzije, navela je ona.<\/p>\n<p>Najnoviji korak u tom pravcu je usvajanje Evropske strategije za male modularne reaktore. Cilj je da ta tehnologija bude operativna u Evropi najkasnije u po\u010detkom slede\u0107e decenije, kako bi mogla da igra klju\u010dnu ulogu uz tradicionalne nuklearne reaktore, naglasila je Fon der Lajen.<\/p>\n<p>Evropska komisija je saop\u0161tila i da \u0107e razmotriti dodatnih 200 miliona evra garancija do 2028. godine kako bi podr\u017eala prva komercijalna postrojenja koja koriste inovativne nuklearne tehnologije.<\/p>\n<h3>Gr\u010dka razmatra male modularne reaktore<\/h3>\n<p>Gr\u010dka tako\u0111e razmatra uklju\u010divanje nuklearne energije u svoj energetski miks. Premijer Kirijakos Micotakis je na samitu ponovio re\u010di Ursule fon der Lajen, nazvav\u0161i udaljavanje EU od nuklearne energije strate\u0161kom gre\u0161kom.<\/p>\n<p>Izjavio je da je vreme da Gr\u010dka ispita da li se nuklearna energija, a posebno <a href=\"https:\/\/balkangreenenergynews.com\/rs\/grcka-ce-pristupiti-evropskom-nuklearnom-savezu\/\">mali modularni reaktori,<\/a> mogu integrisati u doma\u0107i energetski sistem i najavio da \u0107e biti formiran odbor koji \u0107e razmotriti ovu opciju i dati preporuke vladi.<\/p>\n<p>Micotakis je istakao veliki napredak Gr\u010dke u oblasti obnovljivih izvora energije, dodav\u0161i da \u0107e se nastaviti sa ulaganjima u baterije, reverzibilne hidroelektrane i prirodni gas kao prelazno gorivo.<\/p>\n<h3>Rumunija planira da utrostru\u010di nuklearne kapacitete<\/h3>\n<p>Rumunski ministar energetike Bogdan Ivan izjavio je da Rumunija namerava da u narednih deset godina gotovo utrostru\u010di svoje nuklearne kapacitete.<\/p>\n<p>Zajedno sa obnovljivim izvorima, nuklearna energija mo\u017ee obezbediti sna\u017eniji, izbalansiraniji i otporniji energetski sistem, \u010dak i u te\u0161kim vremenima, rekao je Ivan tokom samita.<\/p>\n<p>Zato Rumunija radi na modernizaciji i pro\u0161irenju nuklearne elektrane <a href=\"https:\/\/balkangreenenergynews.com\/rs\/rumunski-premijer-prosirenje-nuklearke-cernavoda-izvodljivije-nego-mali-modularni-reaktori\/\">Cernavod\u0103<\/a>, kao i na razvoju projekta malih modularnih reaktora u Doi\u010de\u0161tiju, dodao je.<\/p>\n<h3>Srbija se nada da \u0107e imati nuklearku na mre\u017ei oko 2040.<\/h3>\n<p>Ministarka rudarstva i energetike Srbije Dubravka \u0110edovi\u0107 Handanovi\u0107 rekla je da Srbija tako\u0111e \u017eeli da bude deo nuklearne renesanse, jer joj je potrebno vi\u0161e elektri\u010dne energije za razvoj privrede, novih tehnologija i ve\u0161ta\u010dke inteligencije.<\/p>\n<p>\u0110edovi\u0107 Handanovi\u0107 je na samitu rekla da je cilj da se do sredine 2027. godine zavr\u0161i prva faza nuklearnog programa.<\/p>\n<p>\u201cDo 2032. godine, trebalo bi da imamo dovoljno kapaciteta za izbor tehnologije i ulazak u proces izgradnje, tako da oko 2040. mo\u017eemo imati nuklearnu elektranu na mre\u017ei,\u201d dodala je.<\/p>\n<p>\u0110edovi\u0107 Handanovi\u0107 je pre toga izjavila da Srbija \u017eeli da <a href=\"https:\/\/balkangreenenergynews.com\/rs\/dubravka-djedovic-handanovic-moramo-da-zapocnemo-izgradnju-nuklearke-pre-2035\/\">zapo\u010dne izgradnju<\/a> svoje prve nuklearne elektrane pre 2035. godine.<\/p>\n","protected":false},"excerpt":{"rendered":"<p>Smanjenje udela nuklearne energije bilo je \u201estrate\u0161ka gre\u0161ka\u201c koja je Evropu u\u010dinila zavisnom od uvoza fosilnih goriva, ka\u017ee Ursula fon der Lajen<\/p>\n","protected":false},"author":26,"featured_media":90233,"comment_status":"open","ping_status":"open","sticky":false,"template":"","format":"standard","meta":{"_acf_changed":false,"_monsterinsights_skip_tracking":false,"_monsterinsights_sitenote_active":false,"_monsterinsights_sitenote_note":"","_monsterinsights_sitenote_category":0,"footnotes":""},"categories":[6295],"tags":[7305,6953,869,6483,6415,6399,7279,6063,7299,7298,6878,6626,6978],"class_list":["post-90230","post","type-post","status-publish","format-standard","has-post-thumbnail","hentry","category-energetska-kriza","tag-bogdan-ivan","tag-dubravka-djedovic-handanovic","tag-evropska-komisija","tag-iaea","tag-izjava-dana","tag-mali-modularni-reaktori","tag-micotakis","tag-nuklearna-energija","tag-nuklearna-fisija","tag-nuklearna-fuzija","tag-nuklearne-elektrane","tag-smr","tag-ursula-fon-der-lajen","country-regioneu"],"acf":[],"yoast_head":"<!-- This site is optimized with the Yoast SEO plugin v27.4 - https:\/\/yoast.com\/product\/yoast-seo-wordpress\/ -->\n<title>Fon der Lajen: EU \u017eeli da bude deo globalne nuklearne renesanse<\/title>\n<meta name=\"description\" content=\"Smanjenje udela nuklearne energije bilo je \u201estrate\u0161ka gre\u0161ka\u201c koja je Evropu u\u010dinila zavisnom od uvoza fosilnih goriva, ka\u017ee Ursula fon der Lajen\" \/>\n<meta name=\"robots\" content=\"index, follow, max-snippet:-1, max-image-preview:large, max-video-preview:-1\" \/>\n<link rel=\"canonical\" href=\"https:\/\/balkangreenenergynews.com\/rs\/fon-der-lajen-eu-zeli-da-bude-deo-globalne-nuklearne-renesanse\/\" \/>\n<meta property=\"og:locale\" content=\"sr_RS\" \/>\n<meta property=\"og:type\" content=\"article\" \/>\n<meta property=\"og:title\" content=\"Fon der Lajen: EU \u017eeli da bude deo globalne nuklearne renesanse\" \/>\n<meta property=\"og:description\" content=\"Smanjenje udela nuklearne energije bilo je \u201estrate\u0161ka gre\u0161ka\u201c koja je Evropu u\u010dinila zavisnom od uvoza fosilnih goriva, ka\u017ee Ursula fon der Lajen\" \/>\n<meta property=\"og:url\" content=\"https:\/\/balkangreenenergynews.com\/rs\/fon-der-lajen-eu-zeli-da-bude-deo-globalne-nuklearne-renesanse\/\" \/>\n<meta property=\"og:site_name\" content=\"Balkan Green Energy News\" \/>\n<meta property=\"article:published_time\" content=\"2026-03-11T14:47:17+00:00\" \/>\n<meta property=\"og:image\" content=\"https:\/\/balkangreenenergynews.com\/rs\/wp-content\/uploads\/2026\/03\/ursula-fon-der-lajen-eu-samit-nuklearna-energija-pariz.jpg?wsr\" \/>\n\t<meta property=\"og:image:width\" content=\"840\" \/>\n\t<meta property=\"og:image:height\" content=\"430\" \/>\n\t<meta property=\"og:image:type\" content=\"image\/jpeg\" \/>\n<meta name=\"author\" content=\"Vladimir Berbatovi\u0107\" \/>\n<meta name=\"twitter:card\" content=\"summary_large_image\" \/>\n<meta name=\"twitter:label1\" content=\"\u041d\u0430\u043f\u0438\u0441\u0430\u043d\u043e \u043e\u0434\" \/>\n\t<meta name=\"twitter:data1\" content=\"Vladimir Berbatovi\u0107\" \/>\n\t<meta name=\"twitter:label2\" content=\"\u041f\u0440\u043e\u0446\u0435\u045a\u0435\u043d\u043e \u0432\u0440\u0435\u043c\u0435 \u0447\u0438\u0442\u0430\u045a\u0430\" \/>\n\t<meta name=\"twitter:data2\" content=\"4 \u043c\u0438\u043d\u0443\u0442\u0430\" \/>\n<script type=\"application\/ld+json\" class=\"yoast-schema-graph\">{\"@context\":\"https:\\\/\\\/schema.org\",\"@graph\":[{\"@type\":\"Article\",\"@id\":\"https:\\\/\\\/balkangreenenergynews.com\\\/rs\\\/fon-der-lajen-eu-zeli-da-bude-deo-globalne-nuklearne-renesanse\\\/#article\",\"isPartOf\":{\"@id\":\"https:\\\/\\\/balkangreenenergynews.com\\\/rs\\\/fon-der-lajen-eu-zeli-da-bude-deo-globalne-nuklearne-renesanse\\\/\"},\"author\":{\"name\":\"Vladimir Berbatovi\u0107\",\"@id\":\"https:\\\/\\\/balkangreenenergynews.com\\\/rs\\\/#\\\/schema\\\/person\\\/d5ebbc091d544566bb305e434e429cbd\"},\"headline\":\"Fon der Lajen: EU \u017eeli da bude deo globalne nuklearne renesanse\",\"datePublished\":\"2026-03-11T14:47:17+00:00\",\"mainEntityOfPage\":{\"@id\":\"https:\\\/\\\/balkangreenenergynews.com\\\/rs\\\/fon-der-lajen-eu-zeli-da-bude-deo-globalne-nuklearne-renesanse\\\/\"},\"wordCount\":680,\"commentCount\":0,\"image\":{\"@id\":\"https:\\\/\\\/balkangreenenergynews.com\\\/rs\\\/fon-der-lajen-eu-zeli-da-bude-deo-globalne-nuklearne-renesanse\\\/#primaryimage\"},\"thumbnailUrl\":\"https:\\\/\\\/balkangreenenergynews.com\\\/rs\\\/wp-content\\\/uploads\\\/2026\\\/03\\\/ursula-fon-der-lajen-eu-samit-nuklearna-energija-pariz.jpg?wsr\",\"keywords\":[\"Bogdan Ivan\",\"Dubravka \u0110edovi\u0107 Handanovi\u0107\",\"Evropska komisija\",\"IAEA\",\"Izjava dana\",\"mali modularni reaktori\",\"Micotakis\",\"nuklearna energija\",\"nuklearna fisija\",\"nuklearna fuzija\",\"nuklearne elektrane\",\"SMR\",\"Ursula fon der Lajen\"],\"articleSection\":[\"Energetska kriza\"],\"inLanguage\":\"sr-RS\",\"potentialAction\":[{\"@type\":\"CommentAction\",\"name\":\"Comment\",\"target\":[\"https:\\\/\\\/balkangreenenergynews.com\\\/rs\\\/fon-der-lajen-eu-zeli-da-bude-deo-globalne-nuklearne-renesanse\\\/#respond\"]}]},{\"@type\":\"WebPage\",\"@id\":\"https:\\\/\\\/balkangreenenergynews.com\\\/rs\\\/fon-der-lajen-eu-zeli-da-bude-deo-globalne-nuklearne-renesanse\\\/\",\"url\":\"https:\\\/\\\/balkangreenenergynews.com\\\/rs\\\/fon-der-lajen-eu-zeli-da-bude-deo-globalne-nuklearne-renesanse\\\/\",\"name\":\"Fon der Lajen: EU \u017eeli da bude deo globalne nuklearne renesanse\",\"isPartOf\":{\"@id\":\"https:\\\/\\\/balkangreenenergynews.com\\\/rs\\\/#website\"},\"primaryImageOfPage\":{\"@id\":\"https:\\\/\\\/balkangreenenergynews.com\\\/rs\\\/fon-der-lajen-eu-zeli-da-bude-deo-globalne-nuklearne-renesanse\\\/#primaryimage\"},\"image\":{\"@id\":\"https:\\\/\\\/balkangreenenergynews.com\\\/rs\\\/fon-der-lajen-eu-zeli-da-bude-deo-globalne-nuklearne-renesanse\\\/#primaryimage\"},\"thumbnailUrl\":\"https:\\\/\\\/balkangreenenergynews.com\\\/rs\\\/wp-content\\\/uploads\\\/2026\\\/03\\\/ursula-fon-der-lajen-eu-samit-nuklearna-energija-pariz.jpg?wsr\",\"datePublished\":\"2026-03-11T14:47:17+00:00\",\"author\":{\"@id\":\"https:\\\/\\\/balkangreenenergynews.com\\\/rs\\\/#\\\/schema\\\/person\\\/d5ebbc091d544566bb305e434e429cbd\"},\"description\":\"Smanjenje udela nuklearne energije bilo je \u201estrate\u0161ka gre\u0161ka\u201c koja je Evropu u\u010dinila zavisnom od uvoza fosilnih goriva, ka\u017ee Ursula fon der Lajen\",\"breadcrumb\":{\"@id\":\"https:\\\/\\\/balkangreenenergynews.com\\\/rs\\\/fon-der-lajen-eu-zeli-da-bude-deo-globalne-nuklearne-renesanse\\\/#breadcrumb\"},\"inLanguage\":\"sr-RS\",\"potentialAction\":[{\"@type\":\"ReadAction\",\"target\":[\"https:\\\/\\\/balkangreenenergynews.com\\\/rs\\\/fon-der-lajen-eu-zeli-da-bude-deo-globalne-nuklearne-renesanse\\\/\"]}]},{\"@type\":\"ImageObject\",\"inLanguage\":\"sr-RS\",\"@id\":\"https:\\\/\\\/balkangreenenergynews.com\\\/rs\\\/fon-der-lajen-eu-zeli-da-bude-deo-globalne-nuklearne-renesanse\\\/#primaryimage\",\"url\":\"https:\\\/\\\/balkangreenenergynews.com\\\/rs\\\/wp-content\\\/uploads\\\/2026\\\/03\\\/ursula-fon-der-lajen-eu-samit-nuklearna-energija-pariz.jpg?wsr\",\"contentUrl\":\"https:\\\/\\\/balkangreenenergynews.com\\\/rs\\\/wp-content\\\/uploads\\\/2026\\\/03\\\/ursula-fon-der-lajen-eu-samit-nuklearna-energija-pariz.jpg?wsr\",\"width\":840,\"height\":430,\"caption\":\"ursula fon der lajen eu samit nuklearna energija pariz\"},{\"@type\":\"BreadcrumbList\",\"@id\":\"https:\\\/\\\/balkangreenenergynews.com\\\/rs\\\/fon-der-lajen-eu-zeli-da-bude-deo-globalne-nuklearne-renesanse\\\/#breadcrumb\",\"itemListElement\":[{\"@type\":\"ListItem\",\"position\":1,\"name\":\"Po\u010detna\",\"item\":\"https:\\\/\\\/balkangreenenergynews.com\\\/rs\\\/\"},{\"@type\":\"ListItem\",\"position\":2,\"name\":\"Energetska kriza\",\"item\":\"https:\\\/\\\/balkangreenenergynews.com\\\/rs\\\/kategorija\\\/energetska-kriza\\\/\"},{\"@type\":\"ListItem\",\"position\":3,\"name\":\"Fon der Lajen: EU \u017eeli da bude deo globalne nuklearne renesanse\"}]},{\"@type\":\"WebSite\",\"@id\":\"https:\\\/\\\/balkangreenenergynews.com\\\/rs\\\/#website\",\"url\":\"https:\\\/\\\/balkangreenenergynews.com\\\/rs\\\/\",\"name\":\"Balkan Green Energy News\",\"description\":\"Naj\u0161iri izbor vesti sa Balkana o zelenoj energiji\",\"potentialAction\":[{\"@type\":\"SearchAction\",\"target\":{\"@type\":\"EntryPoint\",\"urlTemplate\":\"https:\\\/\\\/balkangreenenergynews.com\\\/rs\\\/?s={search_term_string}\"},\"query-input\":{\"@type\":\"PropertyValueSpecification\",\"valueRequired\":true,\"valueName\":\"search_term_string\"}}],\"inLanguage\":\"sr-RS\"},{\"@type\":\"Person\",\"@id\":\"https:\\\/\\\/balkangreenenergynews.com\\\/rs\\\/#\\\/schema\\\/person\\\/d5ebbc091d544566bb305e434e429cbd\",\"name\":\"Vladimir Berbatovi\u0107\",\"url\":\"https:\\\/\\\/balkangreenenergynews.com\\\/rs\\\/author\\\/vladimir-berbatovic\\\/\"}]}<\/script>\n<!-- \/ Yoast SEO plugin. -->","yoast_head_json":{"title":"Fon der Lajen: EU \u017eeli da bude deo globalne nuklearne renesanse","description":"Smanjenje udela nuklearne energije bilo je \u201estrate\u0161ka gre\u0161ka\u201c koja je Evropu u\u010dinila zavisnom od uvoza fosilnih goriva, ka\u017ee Ursula fon der Lajen","robots":{"index":"index","follow":"follow","max-snippet":"max-snippet:-1","max-image-preview":"max-image-preview:large","max-video-preview":"max-video-preview:-1"},"canonical":"https:\/\/balkangreenenergynews.com\/rs\/fon-der-lajen-eu-zeli-da-bude-deo-globalne-nuklearne-renesanse\/","og_locale":"sr_RS","og_type":"article","og_title":"Fon der Lajen: EU \u017eeli da bude deo globalne nuklearne renesanse","og_description":"Smanjenje udela nuklearne energije bilo je \u201estrate\u0161ka gre\u0161ka\u201c koja je Evropu u\u010dinila zavisnom od uvoza fosilnih goriva, ka\u017ee Ursula fon der Lajen","og_url":"https:\/\/balkangreenenergynews.com\/rs\/fon-der-lajen-eu-zeli-da-bude-deo-globalne-nuklearne-renesanse\/","og_site_name":"Balkan Green Energy News","article_published_time":"2026-03-11T14:47:17+00:00","og_image":[{"width":840,"height":430,"url":"https:\/\/balkangreenenergynews.com\/rs\/wp-content\/uploads\/2026\/03\/ursula-fon-der-lajen-eu-samit-nuklearna-energija-pariz.jpg?wsr","type":"image\/jpeg"}],"author":"Vladimir Berbatovi\u0107","twitter_card":"summary_large_image","twitter_misc":{"\u041d\u0430\u043f\u0438\u0441\u0430\u043d\u043e \u043e\u0434":"Vladimir Berbatovi\u0107","\u041f\u0440\u043e\u0446\u0435\u045a\u0435\u043d\u043e \u0432\u0440\u0435\u043c\u0435 \u0447\u0438\u0442\u0430\u045a\u0430":"4 \u043c\u0438\u043d\u0443\u0442\u0430"},"schema":{"@context":"https:\/\/schema.org","@graph":[{"@type":"Article","@id":"https:\/\/balkangreenenergynews.com\/rs\/fon-der-lajen-eu-zeli-da-bude-deo-globalne-nuklearne-renesanse\/#article","isPartOf":{"@id":"https:\/\/balkangreenenergynews.com\/rs\/fon-der-lajen-eu-zeli-da-bude-deo-globalne-nuklearne-renesanse\/"},"author":{"name":"Vladimir Berbatovi\u0107","@id":"https:\/\/balkangreenenergynews.com\/rs\/#\/schema\/person\/d5ebbc091d544566bb305e434e429cbd"},"headline":"Fon der Lajen: EU \u017eeli da bude deo globalne nuklearne renesanse","datePublished":"2026-03-11T14:47:17+00:00","mainEntityOfPage":{"@id":"https:\/\/balkangreenenergynews.com\/rs\/fon-der-lajen-eu-zeli-da-bude-deo-globalne-nuklearne-renesanse\/"},"wordCount":680,"commentCount":0,"image":{"@id":"https:\/\/balkangreenenergynews.com\/rs\/fon-der-lajen-eu-zeli-da-bude-deo-globalne-nuklearne-renesanse\/#primaryimage"},"thumbnailUrl":"https:\/\/balkangreenenergynews.com\/rs\/wp-content\/uploads\/2026\/03\/ursula-fon-der-lajen-eu-samit-nuklearna-energija-pariz.jpg?wsr","keywords":["Bogdan Ivan","Dubravka \u0110edovi\u0107 Handanovi\u0107","Evropska komisija","IAEA","Izjava dana","mali modularni reaktori","Micotakis","nuklearna energija","nuklearna fisija","nuklearna fuzija","nuklearne elektrane","SMR","Ursula fon der Lajen"],"articleSection":["Energetska kriza"],"inLanguage":"sr-RS","potentialAction":[{"@type":"CommentAction","name":"Comment","target":["https:\/\/balkangreenenergynews.com\/rs\/fon-der-lajen-eu-zeli-da-bude-deo-globalne-nuklearne-renesanse\/#respond"]}]},{"@type":"WebPage","@id":"https:\/\/balkangreenenergynews.com\/rs\/fon-der-lajen-eu-zeli-da-bude-deo-globalne-nuklearne-renesanse\/","url":"https:\/\/balkangreenenergynews.com\/rs\/fon-der-lajen-eu-zeli-da-bude-deo-globalne-nuklearne-renesanse\/","name":"Fon der Lajen: EU \u017eeli da bude deo globalne nuklearne renesanse","isPartOf":{"@id":"https:\/\/balkangreenenergynews.com\/rs\/#website"},"primaryImageOfPage":{"@id":"https:\/\/balkangreenenergynews.com\/rs\/fon-der-lajen-eu-zeli-da-bude-deo-globalne-nuklearne-renesanse\/#primaryimage"},"image":{"@id":"https:\/\/balkangreenenergynews.com\/rs\/fon-der-lajen-eu-zeli-da-bude-deo-globalne-nuklearne-renesanse\/#primaryimage"},"thumbnailUrl":"https:\/\/balkangreenenergynews.com\/rs\/wp-content\/uploads\/2026\/03\/ursula-fon-der-lajen-eu-samit-nuklearna-energija-pariz.jpg?wsr","datePublished":"2026-03-11T14:47:17+00:00","author":{"@id":"https:\/\/balkangreenenergynews.com\/rs\/#\/schema\/person\/d5ebbc091d544566bb305e434e429cbd"},"description":"Smanjenje udela nuklearne energije bilo je \u201estrate\u0161ka gre\u0161ka\u201c koja je Evropu u\u010dinila zavisnom od uvoza fosilnih goriva, ka\u017ee Ursula fon der Lajen","breadcrumb":{"@id":"https:\/\/balkangreenenergynews.com\/rs\/fon-der-lajen-eu-zeli-da-bude-deo-globalne-nuklearne-renesanse\/#breadcrumb"},"inLanguage":"sr-RS","potentialAction":[{"@type":"ReadAction","target":["https:\/\/balkangreenenergynews.com\/rs\/fon-der-lajen-eu-zeli-da-bude-deo-globalne-nuklearne-renesanse\/"]}]},{"@type":"ImageObject","inLanguage":"sr-RS","@id":"https:\/\/balkangreenenergynews.com\/rs\/fon-der-lajen-eu-zeli-da-bude-deo-globalne-nuklearne-renesanse\/#primaryimage","url":"https:\/\/balkangreenenergynews.com\/rs\/wp-content\/uploads\/2026\/03\/ursula-fon-der-lajen-eu-samit-nuklearna-energija-pariz.jpg?wsr","contentUrl":"https:\/\/balkangreenenergynews.com\/rs\/wp-content\/uploads\/2026\/03\/ursula-fon-der-lajen-eu-samit-nuklearna-energija-pariz.jpg?wsr","width":840,"height":430,"caption":"ursula fon der lajen eu samit nuklearna energija pariz"},{"@type":"BreadcrumbList","@id":"https:\/\/balkangreenenergynews.com\/rs\/fon-der-lajen-eu-zeli-da-bude-deo-globalne-nuklearne-renesanse\/#breadcrumb","itemListElement":[{"@type":"ListItem","position":1,"name":"Po\u010detna","item":"https:\/\/balkangreenenergynews.com\/rs\/"},{"@type":"ListItem","position":2,"name":"Energetska kriza","item":"https:\/\/balkangreenenergynews.com\/rs\/kategorija\/energetska-kriza\/"},{"@type":"ListItem","position":3,"name":"Fon der Lajen: EU \u017eeli da bude deo globalne nuklearne renesanse"}]},{"@type":"WebSite","@id":"https:\/\/balkangreenenergynews.com\/rs\/#website","url":"https:\/\/balkangreenenergynews.com\/rs\/","name":"Balkan Green Energy News","description":"Naj\u0161iri izbor vesti sa Balkana o zelenoj energiji","potentialAction":[{"@type":"SearchAction","target":{"@type":"EntryPoint","urlTemplate":"https:\/\/balkangreenenergynews.com\/rs\/?s={search_term_string}"},"query-input":{"@type":"PropertyValueSpecification","valueRequired":true,"valueName":"search_term_string"}}],"inLanguage":"sr-RS"},{"@type":"Person","@id":"https:\/\/balkangreenenergynews.com\/rs\/#\/schema\/person\/d5ebbc091d544566bb305e434e429cbd","name":"Vladimir Berbatovi\u0107","url":"https:\/\/balkangreenenergynews.com\/rs\/author\/vladimir-berbatovic\/"}]}},"_links":{"self":[{"href":"https:\/\/balkangreenenergynews.com\/rs\/wp-json\/wp\/v2\/posts\/90230","targetHints":{"allow":["GET"]}}],"collection":[{"href":"https:\/\/balkangreenenergynews.com\/rs\/wp-json\/wp\/v2\/posts"}],"about":[{"href":"https:\/\/balkangreenenergynews.com\/rs\/wp-json\/wp\/v2\/types\/post"}],"author":[{"embeddable":true,"href":"https:\/\/balkangreenenergynews.com\/rs\/wp-json\/wp\/v2\/users\/26"}],"replies":[{"embeddable":true,"href":"https:\/\/balkangreenenergynews.com\/rs\/wp-json\/wp\/v2\/comments?post=90230"}],"version-history":[{"count":7,"href":"https:\/\/balkangreenenergynews.com\/rs\/wp-json\/wp\/v2\/posts\/90230\/revisions"}],"predecessor-version":[{"id":90241,"href":"https:\/\/balkangreenenergynews.com\/rs\/wp-json\/wp\/v2\/posts\/90230\/revisions\/90241"}],"wp:featuredmedia":[{"embeddable":true,"href":"https:\/\/balkangreenenergynews.com\/rs\/wp-json\/wp\/v2\/media\/90233"}],"wp:attachment":[{"href":"https:\/\/balkangreenenergynews.com\/rs\/wp-json\/wp\/v2\/media?parent=90230"}],"wp:term":[{"taxonomy":"category","embeddable":true,"href":"https:\/\/balkangreenenergynews.com\/rs\/wp-json\/wp\/v2\/categories?post=90230"},{"taxonomy":"post_tag","embeddable":true,"href":"https:\/\/balkangreenenergynews.com\/rs\/wp-json\/wp\/v2\/tags?post=90230"}],"curies":[{"name":"wp","href":"https:\/\/api.w.org\/{rel}","templated":true}]}}