{"id":89109,"date":"2026-01-28T15:55:11","date_gmt":"2026-01-28T14:55:11","guid":{"rendered":"https:\/\/balkangreenenergynews.com\/rs\/?p=89109"},"modified":"2026-01-28T15:55:11","modified_gmt":"2026-01-28T14:55:11","slug":"turska-cetvrta-u-evropi-2025-po-broju-prodatih-elektricnih-automobila","status":"publish","type":"post","link":"https:\/\/balkangreenenergynews.com\/rs\/turska-cetvrta-u-evropi-2025-po-broju-prodatih-elektricnih-automobila\/","title":{"rendered":"Turska \u010detvrta u Evropi 2025. po broju prodatih elektri\u010dnih automobila"},"content":{"rendered":"<h2 data-start=\"325\" data-end=\"633\">Prema najnovijoj analizi organizacije Ember, potpuno elektri\u010dni automobili \u010dinili su 2025. godine 17 odsto svih novoprodatih automobila u Turskoj. Sa skoro 187.000 prodatih elektri\u010dnih automobila, ova evroazijska dr\u017eava je postala \u010detvrto tr\u017ei\u0161te po veli\u010dini u Evropi, odmah iza Nema\u010dke, Ujedinjenog Kraljevstva i Francuske.<\/h2>\n<p data-start=\"635\" data-end=\"1077\">Elektrifikacija voznog parka jedan je od klju\u010dnih koraka ka dekarbonizaciji transportnog sektora i smanjenju zaga\u0111enja. Tokom 2024. godine, <a href=\"https:\/\/balkangreenenergynews.com\/rs\/globalna-prodaja-elektricnih-vozila-dostigla-rekordan-udeo-od-255-odsto\/\">elektri\u010dni automobili isklju\u010divo na baterijski pogon<\/a> (BEV) \u010dinili su 10 odsto prodaje novih automobila u Turskoj, dok je njihov udeo u Evropskoj uniji iznosio 14 odsto, pokazuje <a href=\"https:\/\/ember-energy.org\/app\/uploads\/2026\/01\/ENG-Turkiye-ranks-fourth-in-Europe-in-electric-car-sales-report.pdf\">najnoviji izve\u0161taj istra\u017eiva\u010dkog centra Ember<\/a>.<\/p>\n<p data-start=\"635\" data-end=\"1077\">Ve\u0107 naredne godine, prodaja ove vrste drumskih vozila u Turskoj zna\u010dajno je porasla, pa je njihov udeo dostigao 17 odsto. <a href=\"https:\/\/balkangreenenergynews.com\/rs\/evropska-komisija-predlaze-nizi-cilj-za-smanjenje-automobilskih-emisija-od-2035\/\">U EU je prodaja<\/a> tako\u0111e porasla i dostigla 17 odsto, \u0161to zna\u010di da se Turska po prvi put izjedna\u010dila sa prosekom EU.<\/p>\n<p data-start=\"1079\" data-end=\"1288\">Prodaja potpuno elektri\u010dnih kola je 2025. porasla za 80 odsto, na 187.000 komada, pokazuju najnovije brojke. Turska se tako prvi put na\u0161la pri vrhu evropske liste, na \u010detvrtom mestu. Ispred su Nema\u010dka, Ujedinjeno Kraljevstvo i Francuska.<\/p>\n<h3 data-start=\"1079\" data-end=\"1288\">Novi modeli i prilago\u0111avanje poreskom sistemu<\/h3>\n<p data-start=\"1599\" data-end=\"2052\">\u201eNaglo pove\u0107anje prodaje elektri\u010dnih vozila u Turskoj rezultat je dva glavna faktora. Prvo, uvo\u0111enje novih i relativno pristupa\u010dnih modela, uklju\u010duju\u0107i doma\u0107i brend elektri\u010dnog automobila, pobolj\u0161alo je dostupnost elektri\u010dnih vozila. Drugo, proizvo\u0111a\u010di automobila koji su razvijali modele prilago\u0111ene poreskom sistemu u Turskoj doprineli su ubrzanju prodaje u 2024. i 2025. godini\u201c, izjavio je Ufuk Alparslan, regionalni rukovodilac u Emberu za Tursku i Kavkaz.<\/p>\n<p data-start=\"2054\" data-end=\"2311\">Tokom 2023. godine, dva nova brenda elektri\u010dnih vozila prvi put su u\u0161la na tursko tr\u017ei\u0161te, me\u0111u kojima i doma\u0107i proizvo\u0111a\u010d <a href=\"https:\/\/balkangreenenergynews.com\/yeo-s-reap-battery-launches-joint-venture-in-turkey-with-china-based-great-power\/\">Togg.<\/a> Istovremeno, proizvo\u0111a\u010di elektri\u010dnih automobila po\u010deli su da prilago\u0111avaju modele poreskom sistemu.<\/p>\n<p data-start=\"2313\" data-end=\"2941\">Naime, pored poreza na dodatu vrednost, u Turskoj se na automobile primenjuje porez na potro\u0161nju (\u00d6TV), koji zavisi od osnovne cene vozila i snage motora. Potpuno elektri\u010dna vozila sa snagom motora ispod 160 kW i ispod odre\u0111enog cenovnog praga podle\u017eu najni\u017eoj poreskoj stopi. Kako bi se uklopili u povoljniji poreski razred, pojedini strani proizvo\u0111a\u010di smanjivali su snagu motora svojih modela.<\/p>\n<p data-start=\"2943\" data-end=\"3100\">Iako je u julu 2025. godine pove\u0107ana stopa poreza na potro\u0161nju, prema izve\u0161taju Embera, prodaja elektri\u010dnih vozila nije opala u preostalim mesecima godine.<\/p>\n<h3 data-start=\"2943\" data-end=\"3100\">Elektri\u010dni automobili \u010dine svega dva odsto voznog parka<\/h3>\n<p data-start=\"3102\" data-end=\"3420\">Uprkos padu prodaje automobila na fosilna goriva, ona i dalje \u010dine veliku ve\u0107inu voznog parka. U 2025. godini, svega oko dva odsto registrovanih automobila u Turskoj bilo je potpuno elektri\u010dno. Da vozila na fosilna goriva i dalje dominiraju potvr\u0111uju i podaci o potro\u0161nji energije, navodi se u izve\u0161taju.<\/p>\n<p data-start=\"3422\" data-end=\"3706\">U prvih 11 meseci 2025, potro\u0161nja benzina u Turskoj porasla je za oko 16 odsto od istog perioda prethodne godine, dok je uvoz sirove nafte pove\u0107an za 5,3 odsto. Rast prodaje elektri\u010dnih vozila jo\u0161 uvek nije dostigao nivo dovoljan da zna\u010dajno smanji uvoz energenata, pi\u0161e u izve\u0161taju.<\/p>\n<p data-start=\"3422\" data-end=\"3706\">Sa druge strane, u Turskoj se trenutno ne grade elektrane na fosilna goriva, dok gotovo sva nova postrojenja pu\u0161tena u rad tokom 2025. godine rade na obnovljive izvore energije. Plan Turske da do 2035. godine utrostru\u010di kapacitete vetra i sunca, koji su dostigli 40 GW, omogu\u0107i\u0107e da se rastu\u0107a potra\u017enja za elektri\u010dnom energijom zadovolji doma\u0107im i \u010distim izvorima. Zbog toga bi prelazak na elektri\u010dna vozila u saobra\u0107aju mogao dodatno da oja\u010da energetsku nezavisnost zemlje.<\/p>\n","protected":false},"excerpt":{"rendered":"<p>Prema najnovijoj analizi organizacije Ember, potpuno elektri\u010dni automobili su 2025. \u010dinili 17 odsto svih novoprodatih u Turskoj<\/p>\n","protected":false},"author":34,"featured_media":89122,"comment_status":"open","ping_status":"open","sticky":false,"template":"","format":"standard","meta":{"_acf_changed":false,"_monsterinsights_skip_tracking":false,"_monsterinsights_sitenote_active":false,"_monsterinsights_sitenote_note":"","_monsterinsights_sitenote_category":0,"footnotes":""},"categories":[7],"tags":[707,1337,6470,647],"class_list":["post-89109","post","type-post","status-publish","format-standard","has-post-thumbnail","hentry","category-mobilnost","tag-elektricna-vozila","tag-elektricni-automobili","tag-ember","tag-obnovljivi-izvori-energije","country-turska"],"acf":[],"yoast_head":"<!-- This site is optimized with the Yoast SEO plugin v27.4 - https:\/\/yoast.com\/product\/yoast-seo-wordpress\/ -->\n<title>Turska \u010detvrta u Evropi 2025. po broju prodatih elektri\u010dnih automobila<\/title>\n<meta name=\"description\" content=\"Prema najnovijoj analizi organizacije Ember, potpuno elektri\u010dni automobili su 2025. \u010dinili 17 odsto svih novoprodatih u Turskoj.\" \/>\n<meta name=\"robots\" content=\"index, follow, max-snippet:-1, max-image-preview:large, max-video-preview:-1\" \/>\n<link rel=\"canonical\" href=\"https:\/\/balkangreenenergynews.com\/rs\/turska-cetvrta-u-evropi-2025-po-broju-prodatih-elektricnih-automobila\/\" \/>\n<meta property=\"og:locale\" content=\"sr_RS\" \/>\n<meta property=\"og:type\" content=\"article\" \/>\n<meta property=\"og:title\" content=\"Turska \u010detvrta u Evropi 2025. po broju prodatih elektri\u010dnih automobila\" \/>\n<meta property=\"og:description\" content=\"Prema najnovijoj analizi organizacije Ember, potpuno elektri\u010dni automobili su 2025. \u010dinili 17 odsto svih novoprodatih u Turskoj.\" \/>\n<meta property=\"og:url\" content=\"https:\/\/balkangreenenergynews.com\/rs\/turska-cetvrta-u-evropi-2025-po-broju-prodatih-elektricnih-automobila\/\" \/>\n<meta property=\"og:site_name\" content=\"Balkan Green Energy News\" \/>\n<meta property=\"article:published_time\" content=\"2026-01-28T14:55:11+00:00\" \/>\n<meta property=\"og:image\" content=\"https:\/\/balkangreenenergynews.com\/rs\/wp-content\/uploads\/2026\/01\/Turska-cetvrta-u-Evropi-po-prodaji-elektricnih-automobila-u-2025.-godini.jpg?wsr\" \/>\n\t<meta property=\"og:image:width\" content=\"840\" \/>\n\t<meta property=\"og:image:height\" content=\"430\" \/>\n\t<meta property=\"og:image:type\" content=\"image\/jpeg\" \/>\n<meta name=\"author\" content=\"Jelisaveta Peri\u0161i\u0107\" \/>\n<meta name=\"twitter:card\" content=\"summary_large_image\" \/>\n<meta name=\"twitter:label1\" content=\"\u041d\u0430\u043f\u0438\u0441\u0430\u043d\u043e \u043e\u0434\" \/>\n\t<meta name=\"twitter:data1\" content=\"Jelisaveta Peri\u0161i\u0107\" \/>\n\t<meta name=\"twitter:label2\" content=\"\u041f\u0440\u043e\u0446\u0435\u045a\u0435\u043d\u043e \u0432\u0440\u0435\u043c\u0435 \u0447\u0438\u0442\u0430\u045a\u0430\" \/>\n\t<meta name=\"twitter:data2\" content=\"4 \u043c\u0438\u043d\u0443\u0442\u0430\" \/>\n<script type=\"application\/ld+json\" class=\"yoast-schema-graph\">{\"@context\":\"https:\\\/\\\/schema.org\",\"@graph\":[{\"@type\":\"Article\",\"@id\":\"https:\\\/\\\/balkangreenenergynews.com\\\/rs\\\/turska-cetvrta-u-evropi-2025-po-broju-prodatih-elektricnih-automobila\\\/#article\",\"isPartOf\":{\"@id\":\"https:\\\/\\\/balkangreenenergynews.com\\\/rs\\\/turska-cetvrta-u-evropi-2025-po-broju-prodatih-elektricnih-automobila\\\/\"},\"author\":{\"name\":\"Jelisaveta Peri\u0161i\u0107\",\"@id\":\"https:\\\/\\\/balkangreenenergynews.com\\\/rs\\\/#\\\/schema\\\/person\\\/4b3c5831bbc05a72630d12560df2b3f8\"},\"headline\":\"Turska \u010detvrta u Evropi 2025. po broju prodatih elektri\u010dnih automobila\",\"datePublished\":\"2026-01-28T14:55:11+00:00\",\"mainEntityOfPage\":{\"@id\":\"https:\\\/\\\/balkangreenenergynews.com\\\/rs\\\/turska-cetvrta-u-evropi-2025-po-broju-prodatih-elektricnih-automobila\\\/\"},\"wordCount\":598,\"commentCount\":0,\"image\":{\"@id\":\"https:\\\/\\\/balkangreenenergynews.com\\\/rs\\\/turska-cetvrta-u-evropi-2025-po-broju-prodatih-elektricnih-automobila\\\/#primaryimage\"},\"thumbnailUrl\":\"https:\\\/\\\/balkangreenenergynews.com\\\/rs\\\/wp-content\\\/uploads\\\/2026\\\/01\\\/Turska-cetvrta-u-Evropi-po-prodaji-elektricnih-automobila-u-2025.-godini.jpg?wsr\",\"keywords\":[\"elektri\u010dna vozila\",\"elektri\u010dni automobili\",\"Ember\",\"obnovljivi izvori energije\"],\"articleSection\":[\"Mobilnost\"],\"inLanguage\":\"sr-RS\",\"potentialAction\":[{\"@type\":\"CommentAction\",\"name\":\"Comment\",\"target\":[\"https:\\\/\\\/balkangreenenergynews.com\\\/rs\\\/turska-cetvrta-u-evropi-2025-po-broju-prodatih-elektricnih-automobila\\\/#respond\"]}]},{\"@type\":\"WebPage\",\"@id\":\"https:\\\/\\\/balkangreenenergynews.com\\\/rs\\\/turska-cetvrta-u-evropi-2025-po-broju-prodatih-elektricnih-automobila\\\/\",\"url\":\"https:\\\/\\\/balkangreenenergynews.com\\\/rs\\\/turska-cetvrta-u-evropi-2025-po-broju-prodatih-elektricnih-automobila\\\/\",\"name\":\"Turska \u010detvrta u Evropi 2025. po broju prodatih elektri\u010dnih automobila\",\"isPartOf\":{\"@id\":\"https:\\\/\\\/balkangreenenergynews.com\\\/rs\\\/#website\"},\"primaryImageOfPage\":{\"@id\":\"https:\\\/\\\/balkangreenenergynews.com\\\/rs\\\/turska-cetvrta-u-evropi-2025-po-broju-prodatih-elektricnih-automobila\\\/#primaryimage\"},\"image\":{\"@id\":\"https:\\\/\\\/balkangreenenergynews.com\\\/rs\\\/turska-cetvrta-u-evropi-2025-po-broju-prodatih-elektricnih-automobila\\\/#primaryimage\"},\"thumbnailUrl\":\"https:\\\/\\\/balkangreenenergynews.com\\\/rs\\\/wp-content\\\/uploads\\\/2026\\\/01\\\/Turska-cetvrta-u-Evropi-po-prodaji-elektricnih-automobila-u-2025.-godini.jpg?wsr\",\"datePublished\":\"2026-01-28T14:55:11+00:00\",\"author\":{\"@id\":\"https:\\\/\\\/balkangreenenergynews.com\\\/rs\\\/#\\\/schema\\\/person\\\/4b3c5831bbc05a72630d12560df2b3f8\"},\"description\":\"Prema najnovijoj analizi organizacije Ember, potpuno elektri\u010dni automobili su 2025. \u010dinili 17 odsto svih novoprodatih u Turskoj.\",\"breadcrumb\":{\"@id\":\"https:\\\/\\\/balkangreenenergynews.com\\\/rs\\\/turska-cetvrta-u-evropi-2025-po-broju-prodatih-elektricnih-automobila\\\/#breadcrumb\"},\"inLanguage\":\"sr-RS\",\"potentialAction\":[{\"@type\":\"ReadAction\",\"target\":[\"https:\\\/\\\/balkangreenenergynews.com\\\/rs\\\/turska-cetvrta-u-evropi-2025-po-broju-prodatih-elektricnih-automobila\\\/\"]}]},{\"@type\":\"ImageObject\",\"inLanguage\":\"sr-RS\",\"@id\":\"https:\\\/\\\/balkangreenenergynews.com\\\/rs\\\/turska-cetvrta-u-evropi-2025-po-broju-prodatih-elektricnih-automobila\\\/#primaryimage\",\"url\":\"https:\\\/\\\/balkangreenenergynews.com\\\/rs\\\/wp-content\\\/uploads\\\/2026\\\/01\\\/Turska-cetvrta-u-Evropi-po-prodaji-elektricnih-automobila-u-2025.-godini.jpg?wsr\",\"contentUrl\":\"https:\\\/\\\/balkangreenenergynews.com\\\/rs\\\/wp-content\\\/uploads\\\/2026\\\/01\\\/Turska-cetvrta-u-Evropi-po-prodaji-elektricnih-automobila-u-2025.-godini.jpg?wsr\",\"width\":840,\"height\":430,\"caption\":\"Turska cetvrta u Evropi po broju prodatih elektricnih automobila u 2025. godini\"},{\"@type\":\"BreadcrumbList\",\"@id\":\"https:\\\/\\\/balkangreenenergynews.com\\\/rs\\\/turska-cetvrta-u-evropi-2025-po-broju-prodatih-elektricnih-automobila\\\/#breadcrumb\",\"itemListElement\":[{\"@type\":\"ListItem\",\"position\":1,\"name\":\"Po\u010detna\",\"item\":\"https:\\\/\\\/balkangreenenergynews.com\\\/rs\\\/\"},{\"@type\":\"ListItem\",\"position\":2,\"name\":\"Vesti\",\"item\":\"https:\\\/\\\/balkangreenenergynews.com\\\/rs\\\/kategorija\\\/vesti\\\/\"},{\"@type\":\"ListItem\",\"position\":3,\"name\":\"Mobilnost\",\"item\":\"https:\\\/\\\/balkangreenenergynews.com\\\/rs\\\/kategorija\\\/vesti\\\/mobilnost\\\/\"},{\"@type\":\"ListItem\",\"position\":4,\"name\":\"Turska \u010detvrta u Evropi 2025. po broju prodatih elektri\u010dnih automobila\"}]},{\"@type\":\"WebSite\",\"@id\":\"https:\\\/\\\/balkangreenenergynews.com\\\/rs\\\/#website\",\"url\":\"https:\\\/\\\/balkangreenenergynews.com\\\/rs\\\/\",\"name\":\"Balkan Green Energy News\",\"description\":\"Naj\u0161iri izbor vesti sa Balkana o zelenoj energiji\",\"potentialAction\":[{\"@type\":\"SearchAction\",\"target\":{\"@type\":\"EntryPoint\",\"urlTemplate\":\"https:\\\/\\\/balkangreenenergynews.com\\\/rs\\\/?s={search_term_string}\"},\"query-input\":{\"@type\":\"PropertyValueSpecification\",\"valueRequired\":true,\"valueName\":\"search_term_string\"}}],\"inLanguage\":\"sr-RS\"},{\"@type\":\"Person\",\"@id\":\"https:\\\/\\\/balkangreenenergynews.com\\\/rs\\\/#\\\/schema\\\/person\\\/4b3c5831bbc05a72630d12560df2b3f8\",\"name\":\"Jelisaveta Peri\u0161i\u0107\",\"url\":\"https:\\\/\\\/balkangreenenergynews.com\\\/rs\\\/author\\\/jelisavet-perisic\\\/\"}]}<\/script>\n<!-- \/ Yoast SEO plugin. -->","yoast_head_json":{"title":"Turska \u010detvrta u Evropi 2025. po broju prodatih elektri\u010dnih automobila","description":"Prema najnovijoj analizi organizacije Ember, potpuno elektri\u010dni automobili su 2025. \u010dinili 17 odsto svih novoprodatih u Turskoj.","robots":{"index":"index","follow":"follow","max-snippet":"max-snippet:-1","max-image-preview":"max-image-preview:large","max-video-preview":"max-video-preview:-1"},"canonical":"https:\/\/balkangreenenergynews.com\/rs\/turska-cetvrta-u-evropi-2025-po-broju-prodatih-elektricnih-automobila\/","og_locale":"sr_RS","og_type":"article","og_title":"Turska \u010detvrta u Evropi 2025. po broju prodatih elektri\u010dnih automobila","og_description":"Prema najnovijoj analizi organizacije Ember, potpuno elektri\u010dni automobili su 2025. \u010dinili 17 odsto svih novoprodatih u Turskoj.","og_url":"https:\/\/balkangreenenergynews.com\/rs\/turska-cetvrta-u-evropi-2025-po-broju-prodatih-elektricnih-automobila\/","og_site_name":"Balkan Green Energy News","article_published_time":"2026-01-28T14:55:11+00:00","og_image":[{"width":840,"height":430,"url":"https:\/\/balkangreenenergynews.com\/rs\/wp-content\/uploads\/2026\/01\/Turska-cetvrta-u-Evropi-po-prodaji-elektricnih-automobila-u-2025.-godini.jpg?wsr","type":"image\/jpeg"}],"author":"Jelisaveta Peri\u0161i\u0107","twitter_card":"summary_large_image","twitter_misc":{"\u041d\u0430\u043f\u0438\u0441\u0430\u043d\u043e \u043e\u0434":"Jelisaveta Peri\u0161i\u0107","\u041f\u0440\u043e\u0446\u0435\u045a\u0435\u043d\u043e \u0432\u0440\u0435\u043c\u0435 \u0447\u0438\u0442\u0430\u045a\u0430":"4 \u043c\u0438\u043d\u0443\u0442\u0430"},"schema":{"@context":"https:\/\/schema.org","@graph":[{"@type":"Article","@id":"https:\/\/balkangreenenergynews.com\/rs\/turska-cetvrta-u-evropi-2025-po-broju-prodatih-elektricnih-automobila\/#article","isPartOf":{"@id":"https:\/\/balkangreenenergynews.com\/rs\/turska-cetvrta-u-evropi-2025-po-broju-prodatih-elektricnih-automobila\/"},"author":{"name":"Jelisaveta Peri\u0161i\u0107","@id":"https:\/\/balkangreenenergynews.com\/rs\/#\/schema\/person\/4b3c5831bbc05a72630d12560df2b3f8"},"headline":"Turska \u010detvrta u Evropi 2025. po broju prodatih elektri\u010dnih automobila","datePublished":"2026-01-28T14:55:11+00:00","mainEntityOfPage":{"@id":"https:\/\/balkangreenenergynews.com\/rs\/turska-cetvrta-u-evropi-2025-po-broju-prodatih-elektricnih-automobila\/"},"wordCount":598,"commentCount":0,"image":{"@id":"https:\/\/balkangreenenergynews.com\/rs\/turska-cetvrta-u-evropi-2025-po-broju-prodatih-elektricnih-automobila\/#primaryimage"},"thumbnailUrl":"https:\/\/balkangreenenergynews.com\/rs\/wp-content\/uploads\/2026\/01\/Turska-cetvrta-u-Evropi-po-prodaji-elektricnih-automobila-u-2025.-godini.jpg?wsr","keywords":["elektri\u010dna vozila","elektri\u010dni automobili","Ember","obnovljivi izvori energije"],"articleSection":["Mobilnost"],"inLanguage":"sr-RS","potentialAction":[{"@type":"CommentAction","name":"Comment","target":["https:\/\/balkangreenenergynews.com\/rs\/turska-cetvrta-u-evropi-2025-po-broju-prodatih-elektricnih-automobila\/#respond"]}]},{"@type":"WebPage","@id":"https:\/\/balkangreenenergynews.com\/rs\/turska-cetvrta-u-evropi-2025-po-broju-prodatih-elektricnih-automobila\/","url":"https:\/\/balkangreenenergynews.com\/rs\/turska-cetvrta-u-evropi-2025-po-broju-prodatih-elektricnih-automobila\/","name":"Turska \u010detvrta u Evropi 2025. po broju prodatih elektri\u010dnih automobila","isPartOf":{"@id":"https:\/\/balkangreenenergynews.com\/rs\/#website"},"primaryImageOfPage":{"@id":"https:\/\/balkangreenenergynews.com\/rs\/turska-cetvrta-u-evropi-2025-po-broju-prodatih-elektricnih-automobila\/#primaryimage"},"image":{"@id":"https:\/\/balkangreenenergynews.com\/rs\/turska-cetvrta-u-evropi-2025-po-broju-prodatih-elektricnih-automobila\/#primaryimage"},"thumbnailUrl":"https:\/\/balkangreenenergynews.com\/rs\/wp-content\/uploads\/2026\/01\/Turska-cetvrta-u-Evropi-po-prodaji-elektricnih-automobila-u-2025.-godini.jpg?wsr","datePublished":"2026-01-28T14:55:11+00:00","author":{"@id":"https:\/\/balkangreenenergynews.com\/rs\/#\/schema\/person\/4b3c5831bbc05a72630d12560df2b3f8"},"description":"Prema najnovijoj analizi organizacije Ember, potpuno elektri\u010dni automobili su 2025. \u010dinili 17 odsto svih novoprodatih u Turskoj.","breadcrumb":{"@id":"https:\/\/balkangreenenergynews.com\/rs\/turska-cetvrta-u-evropi-2025-po-broju-prodatih-elektricnih-automobila\/#breadcrumb"},"inLanguage":"sr-RS","potentialAction":[{"@type":"ReadAction","target":["https:\/\/balkangreenenergynews.com\/rs\/turska-cetvrta-u-evropi-2025-po-broju-prodatih-elektricnih-automobila\/"]}]},{"@type":"ImageObject","inLanguage":"sr-RS","@id":"https:\/\/balkangreenenergynews.com\/rs\/turska-cetvrta-u-evropi-2025-po-broju-prodatih-elektricnih-automobila\/#primaryimage","url":"https:\/\/balkangreenenergynews.com\/rs\/wp-content\/uploads\/2026\/01\/Turska-cetvrta-u-Evropi-po-prodaji-elektricnih-automobila-u-2025.-godini.jpg?wsr","contentUrl":"https:\/\/balkangreenenergynews.com\/rs\/wp-content\/uploads\/2026\/01\/Turska-cetvrta-u-Evropi-po-prodaji-elektricnih-automobila-u-2025.-godini.jpg?wsr","width":840,"height":430,"caption":"Turska cetvrta u Evropi po broju prodatih elektricnih automobila u 2025. godini"},{"@type":"BreadcrumbList","@id":"https:\/\/balkangreenenergynews.com\/rs\/turska-cetvrta-u-evropi-2025-po-broju-prodatih-elektricnih-automobila\/#breadcrumb","itemListElement":[{"@type":"ListItem","position":1,"name":"Po\u010detna","item":"https:\/\/balkangreenenergynews.com\/rs\/"},{"@type":"ListItem","position":2,"name":"Vesti","item":"https:\/\/balkangreenenergynews.com\/rs\/kategorija\/vesti\/"},{"@type":"ListItem","position":3,"name":"Mobilnost","item":"https:\/\/balkangreenenergynews.com\/rs\/kategorija\/vesti\/mobilnost\/"},{"@type":"ListItem","position":4,"name":"Turska \u010detvrta u Evropi 2025. po broju prodatih elektri\u010dnih automobila"}]},{"@type":"WebSite","@id":"https:\/\/balkangreenenergynews.com\/rs\/#website","url":"https:\/\/balkangreenenergynews.com\/rs\/","name":"Balkan Green Energy News","description":"Naj\u0161iri izbor vesti sa Balkana o zelenoj energiji","potentialAction":[{"@type":"SearchAction","target":{"@type":"EntryPoint","urlTemplate":"https:\/\/balkangreenenergynews.com\/rs\/?s={search_term_string}"},"query-input":{"@type":"PropertyValueSpecification","valueRequired":true,"valueName":"search_term_string"}}],"inLanguage":"sr-RS"},{"@type":"Person","@id":"https:\/\/balkangreenenergynews.com\/rs\/#\/schema\/person\/4b3c5831bbc05a72630d12560df2b3f8","name":"Jelisaveta Peri\u0161i\u0107","url":"https:\/\/balkangreenenergynews.com\/rs\/author\/jelisavet-perisic\/"}]}},"_links":{"self":[{"href":"https:\/\/balkangreenenergynews.com\/rs\/wp-json\/wp\/v2\/posts\/89109","targetHints":{"allow":["GET"]}}],"collection":[{"href":"https:\/\/balkangreenenergynews.com\/rs\/wp-json\/wp\/v2\/posts"}],"about":[{"href":"https:\/\/balkangreenenergynews.com\/rs\/wp-json\/wp\/v2\/types\/post"}],"author":[{"embeddable":true,"href":"https:\/\/balkangreenenergynews.com\/rs\/wp-json\/wp\/v2\/users\/34"}],"replies":[{"embeddable":true,"href":"https:\/\/balkangreenenergynews.com\/rs\/wp-json\/wp\/v2\/comments?post=89109"}],"version-history":[{"count":20,"href":"https:\/\/balkangreenenergynews.com\/rs\/wp-json\/wp\/v2\/posts\/89109\/revisions"}],"predecessor-version":[{"id":89130,"href":"https:\/\/balkangreenenergynews.com\/rs\/wp-json\/wp\/v2\/posts\/89109\/revisions\/89130"}],"wp:featuredmedia":[{"embeddable":true,"href":"https:\/\/balkangreenenergynews.com\/rs\/wp-json\/wp\/v2\/media\/89122"}],"wp:attachment":[{"href":"https:\/\/balkangreenenergynews.com\/rs\/wp-json\/wp\/v2\/media?parent=89109"}],"wp:term":[{"taxonomy":"category","embeddable":true,"href":"https:\/\/balkangreenenergynews.com\/rs\/wp-json\/wp\/v2\/categories?post=89109"},{"taxonomy":"post_tag","embeddable":true,"href":"https:\/\/balkangreenenergynews.com\/rs\/wp-json\/wp\/v2\/tags?post=89109"}],"curies":[{"name":"wp","href":"https:\/\/api.w.org\/{rel}","templated":true}]}}