{"id":89012,"date":"2026-01-26T15:18:03","date_gmt":"2026-01-26T14:18:03","guid":{"rendered":"https:\/\/balkangreenenergynews.com\/rs\/?p=89012"},"modified":"2026-01-27T09:05:46","modified_gmt":"2026-01-27T08:05:46","slug":"medjunarodni-dan-ciste-energije-za-ljude-i-za-planetu","status":"publish","type":"post","link":"https:\/\/balkangreenenergynews.com\/rs\/medjunarodni-dan-ciste-energije-za-ljude-i-za-planetu\/","title":{"rendered":"Me\u0111unarodni dan \u010diste energije \u2013 za ljude i za planetu"},"content":{"rendered":"<h2 data-start=\"424\" data-end=\"504\">Od 2023. godine, 26. januara se obele\u017eava Me\u0111unarodni dan \u010diste energije. Ustanovljen je rezolucijom Generalne skup\u0161tine Ujedinjenih nacija kao poziv na podizanje svesti i zalaganje za pravednu energetsku tranziciju \u010diji je cilj dobrobit ljudi i planete.<\/h2>\n<p>U svetu koji te\u017ei elektrifikaciji, ogroman broj stanovnika i dalje nema pristup elektri\u010dnoj energiji. Prema podacima Ujedinjenih nacija, 666 miliona ljudi <a href=\"https:\/\/balkangreenenergynews.com\/rs\/broj-ljudi-bez-pristupa-struji-porastao-prvi-put-posle-vise-od-jedne-decenije\/\">\u017eivi u mraku<\/a>. \u010cak 85 odsto je stanovni\u0161tvo Supsaharske Afrike.<\/p>\n<p>Svetska organizacija je procenila da milijarda i po ljudi u ruralnim podru\u010djima i dalje koristi nesigurne, nezdrave i neefikasne sisteme za <a href=\"https:\/\/balkangreenenergynews.com\/rs\/plastika-kao-energent-skrivena-praksa-u-siromasnim-domacinstvima\/\">kuvanje<\/a>, poput sagorevanja drveta ili \u017eivotinjskog \u0111ubriva.<\/p>\n<p>Veza izme\u0111u \u010diste energije, dru\u0161tveno-ekonomskog razvoja i odr\u017eivosti \u017eivotne sredine klju\u010dna je u re\u0161avanju problema sa kojima se suo\u010davaju ugro\u017eene zajednice \u0161irom sveta, poru\u010duju iz UN-a.<\/p>\n<p>U procesu prelaska na \u010diste izvore energije klju\u010dna su dva cilja: da svako ima pristup elektri\u010dnoj energiji i da se istovremeno za\u0161titi planeta. \u010cista energija nudi odgovor na oba izazova.<\/p>\n<p>Naime, najve\u0107i deo emisija gasova sa efektom staklene ba\u0161te poti\u010de od sagorevanja fosilnih goriva za proizvodnju elektri\u010dne i toplotne energije.<\/p>\n<p>Fosilna goriva \u010dine gotovo 60 odsto proizvodnje elektri\u010dne energije. U 2023. godini, elektroenergetski sektor bio je najve\u0107i <a href=\"https:\/\/balkangreenenergynews.com\/rs\/emisije-iz-energetike-i-upotreba-fosilnih-goriva-obaraju-rekorde\/\">izvor globalnih emisija<\/a> gasova sa efektom staklene ba\u0161te.<\/p>\n<h3>Energija kao problem i kao re\u0161enje klimatske krize<\/h3>\n<p>Me\u0111unarodna nau\u010dna zajednica se sla\u017ee da neto emisije moraju biti skoro prepolovljene najkasnije 2030. godine, a 2050. godine eliminisane, kako bi se izbegli najnegativniji uticaji klimatskih promena. Obnovljivi izvori energije uklju\u010duju sun\u010devu svetlost, vetar, vodu, organski otpad i toplotu iz Zemljine unutra\u0161njosti. Dostupni su u izobilju, prirodno se obnavljaju i pri njihovoj upotrebi su emisije gasova sa efektom staklene ba\u0161te i zaga\u0111uju\u0107ih materija u vazduh niske ili ih nema.<\/p>\n<p>\u010cista energija igra klju\u010dnu ulogu u smanjenju emisija, a istovremeno mo\u017ee pomo\u0107i zajednicama koje nemaju pristup energiji.<\/p>\n<p>Prema podacima UN-a, godi\u0161nji instalirani kapacitet obnovljivih izvora energije pove\u0107an je izme\u0111u 2015. i 2024. godine za oko 2,6 teravata ili 140 odsto. U istom periodu, kapacitet elektrana na fosilna goriva pove\u0107an je za oko 640 gigavata odnosno 16 odsto.<\/p>\n<blockquote>\n<p data-start=\"2554\" data-end=\"2670\">Instalirani kapacitet obnovljivih izvora energije po glavi stanovnika dostigao je rekordnih 478 vati u 2023. godini<\/p>\n<\/blockquote>\n<p>Me\u0111unarodna agencija za obnovljivu energiju (IRENA) je izra\u010dunala da je 2023. instalirani kapacitet obnovljivih izvora energije po glavi stanovnika dostigao rekordnih 478 vati na globalnom nivou. Ipak, taj tempo nije bio dovoljan da bi svet ostvario sedmi cilj odr\u017eivog razvoja (SDG 7), da se najkasnije 2030. svakome obezbede pristupa\u010dni, pouzdani, odr\u017eivi i moderni energenti.<\/p>\n<p>Sa druge strane, dobra vest je da je u Evropskoj uniji 2025. godine prvi put proizvedeno vi\u0161e elektri\u010dne energije <a href=\"https:\/\/balkangreenenergynews.com\/rs\/solar-prestigao-ugalj-u-proizvodnji-struje-u-eu\/\">iz vetra i sunca<\/a> nego iz svih fosilnih goriva zajedno. Cene opreme za obnovljivu energiju nastavljaju da opadaju. Vi\u0161e od 90 odsto novih projekata u toj oblasti danas je <a href=\"https:\/\/balkangreenenergynews.com\/rs\/irena-struja-iz-91-odsto-novog-kapaciteta-na-obnovljive-izvore-je-jeftinija-nego-iz-fosilnih-goriva\/\">jeftinije<\/a> od alternativa zasnovanih na fosilnim gorivima.<\/p>\n<p><a href=\"https:\/\/balkangreenenergynews.com\/rs\/rekordan-uvoz-solarnih-panela-u-africi-spas-za-kontinent-sa-600-miliona-ljudi-bez-struje\/\">Afrika<\/a> bi, na primer, do 2040. godine mogla da proizvodi \u010dak deset puta vi\u0161e elektri\u010dne energije nego \u0161to joj je potrebno i to u potpunosti iz obnovljivih izvora. Obnovljivi izvori energije mogu pomo\u0107i i u zadovoljavanju nove potra\u017enje za elektri\u010dnom energijom, posebno kada je re\u010d o razvoju ve\u0161ta\u010dke inteligencije i data centara.<\/p>\n<h3>Albanija \u017eeli da 2030. vetar i solar zajedno pokrivaju 45 odsto potro\u0161nje elektri\u010dne energije<\/h3>\n<p data-start=\"458\" data-end=\"822\">\u0160to se ti\u010de Jugoisto\u010dne Evrope i Zapadnog Balkana, <a href=\"https:\/\/balkangreenenergynews.com\/rs\/cwp-europe-dobio-odobrenje-u-albaniji-za-vetropark-od-600-mw\/\">Albanija<\/a> je povodom Me\u0111unarodnog dana \u010diste energije istakla dugoro\u010dne ciljeve energetske tranzicije. Glavna stavka je podizanje udela doma\u0107e potro\u0161nje elektri\u010dne energije iz vetra i solara na ukupno 45 procenata, sa 42 odsto.<\/p>\n<p data-start=\"458\" data-end=\"822\">Vlada u Tirani namerava da pre kraja decenije dostigne 1,5 gigavata fotonaponskog kapaciteta iznad nivoa iz 2020, kada je nivo zapravo bio neznatan. Cilj za energiju vetra je 700 megavata, a danas u zemlji nema nijedne takve turbine.<\/p>\n<p data-start=\"829\" data-end=\"1233\">Ambicija Albanije je da godi\u0161nja proizvodnja elektri\u010dne energije u solarnim elektranama 2030. dostigne dva teravat-sata, \u0161to \u010dini pribli\u017eno 25 odsto trenutne doma\u0107e potro\u0161nje, dok se proizvodnja iz energije vetra procenjuje na oko 1,4 teravat-sata.<\/p>\n","protected":false},"excerpt":{"rendered":"<p>Me\u0111unarodni dan \u010diste energije, koji se obele\u017eava 26. januara, poziva na podizanje svesti i zalaganje za pravednu energetsku tranziciju u korist ljudi i planete.<\/p>\n","protected":false},"author":34,"featured_media":89030,"comment_status":"open","ping_status":"open","sticky":false,"template":"","format":"standard","meta":{"_acf_changed":false,"_monsterinsights_skip_tracking":false,"_monsterinsights_sitenote_active":false,"_monsterinsights_sitenote_note":"","_monsterinsights_sitenote_category":0,"footnotes":""},"categories":[1],"tags":[669,4220,1041,647,403,813],"class_list":["post-89012","post","type-post","status-publish","format-standard","has-post-thumbnail","hentry","category-obnovljivi-izvori-energije","tag-elektricna-energija","tag-emisije-gasova-sa-efektom-staklene-baste","tag-hidroenergija","tag-obnovljivi-izvori-energije","tag-solar","tag-vetar","country-svet"],"acf":[],"yoast_head":"<!-- This site is optimized with the Yoast SEO plugin v27.4 - https:\/\/yoast.com\/product\/yoast-seo-wordpress\/ -->\n<title>Me\u0111unarodni dan \u010diste energije: \u010dista energija za ljude i za planetu<\/title>\n<meta name=\"description\" content=\"Me\u0111unarodni dan \u010diste energije, koji se obele\u017eava 26. januara, poziva na podizanje svesti i zalaganje za pravednu energetsku tranziciju u korist ljudi i planete.\" \/>\n<meta name=\"robots\" content=\"index, follow, max-snippet:-1, max-image-preview:large, max-video-preview:-1\" \/>\n<link rel=\"canonical\" href=\"https:\/\/balkangreenenergynews.com\/rs\/medjunarodni-dan-ciste-energije-za-ljude-i-za-planetu\/\" \/>\n<meta property=\"og:locale\" content=\"sr_RS\" \/>\n<meta property=\"og:type\" content=\"article\" \/>\n<meta property=\"og:title\" content=\"Me\u0111unarodni dan \u010diste energije: \u010dista energija za ljude i za planetu\" \/>\n<meta property=\"og:description\" content=\"Me\u0111unarodni dan \u010diste energije, koji se obele\u017eava 26. januara, poziva na podizanje svesti i zalaganje za pravednu energetsku tranziciju u korist ljudi i planete.\" \/>\n<meta property=\"og:url\" content=\"https:\/\/balkangreenenergynews.com\/rs\/medjunarodni-dan-ciste-energije-za-ljude-i-za-planetu\/\" \/>\n<meta property=\"og:site_name\" content=\"Balkan Green Energy News\" \/>\n<meta property=\"article:published_time\" content=\"2026-01-26T14:18:03+00:00\" \/>\n<meta property=\"article:modified_time\" content=\"2026-01-27T08:05:46+00:00\" \/>\n<meta property=\"og:image\" content=\"https:\/\/balkangreenenergynews.com\/rs\/wp-content\/uploads\/2026\/01\/Svetski-dan-ciste-energije-cista-energija-za-ljude-i-za-planetu.jpg?wsr\" \/>\n\t<meta property=\"og:image:width\" content=\"840\" \/>\n\t<meta property=\"og:image:height\" content=\"430\" \/>\n\t<meta property=\"og:image:type\" content=\"image\/jpeg\" \/>\n<meta name=\"author\" content=\"Jelisaveta Peri\u0161i\u0107\" \/>\n<meta name=\"twitter:card\" content=\"summary_large_image\" \/>\n<meta name=\"twitter:label1\" content=\"\u041d\u0430\u043f\u0438\u0441\u0430\u043d\u043e \u043e\u0434\" \/>\n\t<meta name=\"twitter:data1\" content=\"Jelisaveta Peri\u0161i\u0107\" \/>\n\t<meta name=\"twitter:label2\" content=\"\u041f\u0440\u043e\u0446\u0435\u045a\u0435\u043d\u043e \u0432\u0440\u0435\u043c\u0435 \u0447\u0438\u0442\u0430\u045a\u0430\" \/>\n\t<meta name=\"twitter:data2\" content=\"4 \u043c\u0438\u043d\u0443\u0442\u0430\" \/>\n<script type=\"application\/ld+json\" class=\"yoast-schema-graph\">{\"@context\":\"https:\\\/\\\/schema.org\",\"@graph\":[{\"@type\":\"Article\",\"@id\":\"https:\\\/\\\/balkangreenenergynews.com\\\/rs\\\/medjunarodni-dan-ciste-energije-za-ljude-i-za-planetu\\\/#article\",\"isPartOf\":{\"@id\":\"https:\\\/\\\/balkangreenenergynews.com\\\/rs\\\/medjunarodni-dan-ciste-energije-za-ljude-i-za-planetu\\\/\"},\"author\":{\"name\":\"Jelisaveta Peri\u0161i\u0107\",\"@id\":\"https:\\\/\\\/balkangreenenergynews.com\\\/rs\\\/#\\\/schema\\\/person\\\/4b3c5831bbc05a72630d12560df2b3f8\"},\"headline\":\"Me\u0111unarodni dan \u010diste energije \u2013 za ljude i za planetu\",\"datePublished\":\"2026-01-26T14:18:03+00:00\",\"dateModified\":\"2026-01-27T08:05:46+00:00\",\"mainEntityOfPage\":{\"@id\":\"https:\\\/\\\/balkangreenenergynews.com\\\/rs\\\/medjunarodni-dan-ciste-energije-za-ljude-i-za-planetu\\\/\"},\"wordCount\":681,\"commentCount\":0,\"image\":{\"@id\":\"https:\\\/\\\/balkangreenenergynews.com\\\/rs\\\/medjunarodni-dan-ciste-energije-za-ljude-i-za-planetu\\\/#primaryimage\"},\"thumbnailUrl\":\"https:\\\/\\\/balkangreenenergynews.com\\\/rs\\\/wp-content\\\/uploads\\\/2026\\\/01\\\/Svetski-dan-ciste-energije-cista-energija-za-ljude-i-za-planetu.jpg?wsr\",\"keywords\":[\"elektri\u010dna energija\",\"emisije gasova sa efektom staklene ba\u0161te\",\"hidroenergija\",\"obnovljivi izvori energije\",\"solar\",\"vetar\"],\"articleSection\":[\"OIE\"],\"inLanguage\":\"sr-RS\",\"potentialAction\":[{\"@type\":\"CommentAction\",\"name\":\"Comment\",\"target\":[\"https:\\\/\\\/balkangreenenergynews.com\\\/rs\\\/medjunarodni-dan-ciste-energije-za-ljude-i-za-planetu\\\/#respond\"]}]},{\"@type\":\"WebPage\",\"@id\":\"https:\\\/\\\/balkangreenenergynews.com\\\/rs\\\/medjunarodni-dan-ciste-energije-za-ljude-i-za-planetu\\\/\",\"url\":\"https:\\\/\\\/balkangreenenergynews.com\\\/rs\\\/medjunarodni-dan-ciste-energije-za-ljude-i-za-planetu\\\/\",\"name\":\"Me\u0111unarodni dan \u010diste energije: \u010dista energija za ljude i za planetu\",\"isPartOf\":{\"@id\":\"https:\\\/\\\/balkangreenenergynews.com\\\/rs\\\/#website\"},\"primaryImageOfPage\":{\"@id\":\"https:\\\/\\\/balkangreenenergynews.com\\\/rs\\\/medjunarodni-dan-ciste-energije-za-ljude-i-za-planetu\\\/#primaryimage\"},\"image\":{\"@id\":\"https:\\\/\\\/balkangreenenergynews.com\\\/rs\\\/medjunarodni-dan-ciste-energije-za-ljude-i-za-planetu\\\/#primaryimage\"},\"thumbnailUrl\":\"https:\\\/\\\/balkangreenenergynews.com\\\/rs\\\/wp-content\\\/uploads\\\/2026\\\/01\\\/Svetski-dan-ciste-energije-cista-energija-za-ljude-i-za-planetu.jpg?wsr\",\"datePublished\":\"2026-01-26T14:18:03+00:00\",\"dateModified\":\"2026-01-27T08:05:46+00:00\",\"author\":{\"@id\":\"https:\\\/\\\/balkangreenenergynews.com\\\/rs\\\/#\\\/schema\\\/person\\\/4b3c5831bbc05a72630d12560df2b3f8\"},\"description\":\"Me\u0111unarodni dan \u010diste energije, koji se obele\u017eava 26. januara, poziva na podizanje svesti i zalaganje za pravednu energetsku tranziciju u korist ljudi i planete.\",\"breadcrumb\":{\"@id\":\"https:\\\/\\\/balkangreenenergynews.com\\\/rs\\\/medjunarodni-dan-ciste-energije-za-ljude-i-za-planetu\\\/#breadcrumb\"},\"inLanguage\":\"sr-RS\",\"potentialAction\":[{\"@type\":\"ReadAction\",\"target\":[\"https:\\\/\\\/balkangreenenergynews.com\\\/rs\\\/medjunarodni-dan-ciste-energije-za-ljude-i-za-planetu\\\/\"]}]},{\"@type\":\"ImageObject\",\"inLanguage\":\"sr-RS\",\"@id\":\"https:\\\/\\\/balkangreenenergynews.com\\\/rs\\\/medjunarodni-dan-ciste-energije-za-ljude-i-za-planetu\\\/#primaryimage\",\"url\":\"https:\\\/\\\/balkangreenenergynews.com\\\/rs\\\/wp-content\\\/uploads\\\/2026\\\/01\\\/Svetski-dan-ciste-energije-cista-energija-za-ljude-i-za-planetu.jpg?wsr\",\"contentUrl\":\"https:\\\/\\\/balkangreenenergynews.com\\\/rs\\\/wp-content\\\/uploads\\\/2026\\\/01\\\/Svetski-dan-ciste-energije-cista-energija-za-ljude-i-za-planetu.jpg?wsr\",\"width\":840,\"height\":430,\"caption\":\"Svetski dan ciste energije, cista energija za ljude i za planetu\"},{\"@type\":\"BreadcrumbList\",\"@id\":\"https:\\\/\\\/balkangreenenergynews.com\\\/rs\\\/medjunarodni-dan-ciste-energije-za-ljude-i-za-planetu\\\/#breadcrumb\",\"itemListElement\":[{\"@type\":\"ListItem\",\"position\":1,\"name\":\"Po\u010detna\",\"item\":\"https:\\\/\\\/balkangreenenergynews.com\\\/rs\\\/\"},{\"@type\":\"ListItem\",\"position\":2,\"name\":\"Vesti\",\"item\":\"https:\\\/\\\/balkangreenenergynews.com\\\/rs\\\/kategorija\\\/vesti\\\/\"},{\"@type\":\"ListItem\",\"position\":3,\"name\":\"OIE\",\"item\":\"https:\\\/\\\/balkangreenenergynews.com\\\/rs\\\/kategorija\\\/vesti\\\/obnovljivi-izvori-energije\\\/\"},{\"@type\":\"ListItem\",\"position\":4,\"name\":\"Me\u0111unarodni dan \u010diste energije \u2013 za ljude i za planetu\"}]},{\"@type\":\"WebSite\",\"@id\":\"https:\\\/\\\/balkangreenenergynews.com\\\/rs\\\/#website\",\"url\":\"https:\\\/\\\/balkangreenenergynews.com\\\/rs\\\/\",\"name\":\"Balkan Green Energy News\",\"description\":\"Naj\u0161iri izbor vesti sa Balkana o zelenoj energiji\",\"potentialAction\":[{\"@type\":\"SearchAction\",\"target\":{\"@type\":\"EntryPoint\",\"urlTemplate\":\"https:\\\/\\\/balkangreenenergynews.com\\\/rs\\\/?s={search_term_string}\"},\"query-input\":{\"@type\":\"PropertyValueSpecification\",\"valueRequired\":true,\"valueName\":\"search_term_string\"}}],\"inLanguage\":\"sr-RS\"},{\"@type\":\"Person\",\"@id\":\"https:\\\/\\\/balkangreenenergynews.com\\\/rs\\\/#\\\/schema\\\/person\\\/4b3c5831bbc05a72630d12560df2b3f8\",\"name\":\"Jelisaveta Peri\u0161i\u0107\",\"url\":\"https:\\\/\\\/balkangreenenergynews.com\\\/rs\\\/author\\\/jelisavet-perisic\\\/\"}]}<\/script>\n<!-- \/ Yoast SEO plugin. -->","yoast_head_json":{"title":"Me\u0111unarodni dan \u010diste energije: \u010dista energija za ljude i za planetu","description":"Me\u0111unarodni dan \u010diste energije, koji se obele\u017eava 26. januara, poziva na podizanje svesti i zalaganje za pravednu energetsku tranziciju u korist ljudi i planete.","robots":{"index":"index","follow":"follow","max-snippet":"max-snippet:-1","max-image-preview":"max-image-preview:large","max-video-preview":"max-video-preview:-1"},"canonical":"https:\/\/balkangreenenergynews.com\/rs\/medjunarodni-dan-ciste-energije-za-ljude-i-za-planetu\/","og_locale":"sr_RS","og_type":"article","og_title":"Me\u0111unarodni dan \u010diste energije: \u010dista energija za ljude i za planetu","og_description":"Me\u0111unarodni dan \u010diste energije, koji se obele\u017eava 26. januara, poziva na podizanje svesti i zalaganje za pravednu energetsku tranziciju u korist ljudi i planete.","og_url":"https:\/\/balkangreenenergynews.com\/rs\/medjunarodni-dan-ciste-energije-za-ljude-i-za-planetu\/","og_site_name":"Balkan Green Energy News","article_published_time":"2026-01-26T14:18:03+00:00","article_modified_time":"2026-01-27T08:05:46+00:00","og_image":[{"width":840,"height":430,"url":"https:\/\/balkangreenenergynews.com\/rs\/wp-content\/uploads\/2026\/01\/Svetski-dan-ciste-energije-cista-energija-za-ljude-i-za-planetu.jpg?wsr","type":"image\/jpeg"}],"author":"Jelisaveta Peri\u0161i\u0107","twitter_card":"summary_large_image","twitter_misc":{"\u041d\u0430\u043f\u0438\u0441\u0430\u043d\u043e \u043e\u0434":"Jelisaveta Peri\u0161i\u0107","\u041f\u0440\u043e\u0446\u0435\u045a\u0435\u043d\u043e \u0432\u0440\u0435\u043c\u0435 \u0447\u0438\u0442\u0430\u045a\u0430":"4 \u043c\u0438\u043d\u0443\u0442\u0430"},"schema":{"@context":"https:\/\/schema.org","@graph":[{"@type":"Article","@id":"https:\/\/balkangreenenergynews.com\/rs\/medjunarodni-dan-ciste-energije-za-ljude-i-za-planetu\/#article","isPartOf":{"@id":"https:\/\/balkangreenenergynews.com\/rs\/medjunarodni-dan-ciste-energije-za-ljude-i-za-planetu\/"},"author":{"name":"Jelisaveta Peri\u0161i\u0107","@id":"https:\/\/balkangreenenergynews.com\/rs\/#\/schema\/person\/4b3c5831bbc05a72630d12560df2b3f8"},"headline":"Me\u0111unarodni dan \u010diste energije \u2013 za ljude i za planetu","datePublished":"2026-01-26T14:18:03+00:00","dateModified":"2026-01-27T08:05:46+00:00","mainEntityOfPage":{"@id":"https:\/\/balkangreenenergynews.com\/rs\/medjunarodni-dan-ciste-energije-za-ljude-i-za-planetu\/"},"wordCount":681,"commentCount":0,"image":{"@id":"https:\/\/balkangreenenergynews.com\/rs\/medjunarodni-dan-ciste-energije-za-ljude-i-za-planetu\/#primaryimage"},"thumbnailUrl":"https:\/\/balkangreenenergynews.com\/rs\/wp-content\/uploads\/2026\/01\/Svetski-dan-ciste-energije-cista-energija-za-ljude-i-za-planetu.jpg?wsr","keywords":["elektri\u010dna energija","emisije gasova sa efektom staklene ba\u0161te","hidroenergija","obnovljivi izvori energije","solar","vetar"],"articleSection":["OIE"],"inLanguage":"sr-RS","potentialAction":[{"@type":"CommentAction","name":"Comment","target":["https:\/\/balkangreenenergynews.com\/rs\/medjunarodni-dan-ciste-energije-za-ljude-i-za-planetu\/#respond"]}]},{"@type":"WebPage","@id":"https:\/\/balkangreenenergynews.com\/rs\/medjunarodni-dan-ciste-energije-za-ljude-i-za-planetu\/","url":"https:\/\/balkangreenenergynews.com\/rs\/medjunarodni-dan-ciste-energije-za-ljude-i-za-planetu\/","name":"Me\u0111unarodni dan \u010diste energije: \u010dista energija za ljude i za planetu","isPartOf":{"@id":"https:\/\/balkangreenenergynews.com\/rs\/#website"},"primaryImageOfPage":{"@id":"https:\/\/balkangreenenergynews.com\/rs\/medjunarodni-dan-ciste-energije-za-ljude-i-za-planetu\/#primaryimage"},"image":{"@id":"https:\/\/balkangreenenergynews.com\/rs\/medjunarodni-dan-ciste-energije-za-ljude-i-za-planetu\/#primaryimage"},"thumbnailUrl":"https:\/\/balkangreenenergynews.com\/rs\/wp-content\/uploads\/2026\/01\/Svetski-dan-ciste-energije-cista-energija-za-ljude-i-za-planetu.jpg?wsr","datePublished":"2026-01-26T14:18:03+00:00","dateModified":"2026-01-27T08:05:46+00:00","author":{"@id":"https:\/\/balkangreenenergynews.com\/rs\/#\/schema\/person\/4b3c5831bbc05a72630d12560df2b3f8"},"description":"Me\u0111unarodni dan \u010diste energije, koji se obele\u017eava 26. januara, poziva na podizanje svesti i zalaganje za pravednu energetsku tranziciju u korist ljudi i planete.","breadcrumb":{"@id":"https:\/\/balkangreenenergynews.com\/rs\/medjunarodni-dan-ciste-energije-za-ljude-i-za-planetu\/#breadcrumb"},"inLanguage":"sr-RS","potentialAction":[{"@type":"ReadAction","target":["https:\/\/balkangreenenergynews.com\/rs\/medjunarodni-dan-ciste-energije-za-ljude-i-za-planetu\/"]}]},{"@type":"ImageObject","inLanguage":"sr-RS","@id":"https:\/\/balkangreenenergynews.com\/rs\/medjunarodni-dan-ciste-energije-za-ljude-i-za-planetu\/#primaryimage","url":"https:\/\/balkangreenenergynews.com\/rs\/wp-content\/uploads\/2026\/01\/Svetski-dan-ciste-energije-cista-energija-za-ljude-i-za-planetu.jpg?wsr","contentUrl":"https:\/\/balkangreenenergynews.com\/rs\/wp-content\/uploads\/2026\/01\/Svetski-dan-ciste-energije-cista-energija-za-ljude-i-za-planetu.jpg?wsr","width":840,"height":430,"caption":"Svetski dan ciste energije, cista energija za ljude i za planetu"},{"@type":"BreadcrumbList","@id":"https:\/\/balkangreenenergynews.com\/rs\/medjunarodni-dan-ciste-energije-za-ljude-i-za-planetu\/#breadcrumb","itemListElement":[{"@type":"ListItem","position":1,"name":"Po\u010detna","item":"https:\/\/balkangreenenergynews.com\/rs\/"},{"@type":"ListItem","position":2,"name":"Vesti","item":"https:\/\/balkangreenenergynews.com\/rs\/kategorija\/vesti\/"},{"@type":"ListItem","position":3,"name":"OIE","item":"https:\/\/balkangreenenergynews.com\/rs\/kategorija\/vesti\/obnovljivi-izvori-energije\/"},{"@type":"ListItem","position":4,"name":"Me\u0111unarodni dan \u010diste energije \u2013 za ljude i za planetu"}]},{"@type":"WebSite","@id":"https:\/\/balkangreenenergynews.com\/rs\/#website","url":"https:\/\/balkangreenenergynews.com\/rs\/","name":"Balkan Green Energy News","description":"Naj\u0161iri izbor vesti sa Balkana o zelenoj energiji","potentialAction":[{"@type":"SearchAction","target":{"@type":"EntryPoint","urlTemplate":"https:\/\/balkangreenenergynews.com\/rs\/?s={search_term_string}"},"query-input":{"@type":"PropertyValueSpecification","valueRequired":true,"valueName":"search_term_string"}}],"inLanguage":"sr-RS"},{"@type":"Person","@id":"https:\/\/balkangreenenergynews.com\/rs\/#\/schema\/person\/4b3c5831bbc05a72630d12560df2b3f8","name":"Jelisaveta Peri\u0161i\u0107","url":"https:\/\/balkangreenenergynews.com\/rs\/author\/jelisavet-perisic\/"}]}},"_links":{"self":[{"href":"https:\/\/balkangreenenergynews.com\/rs\/wp-json\/wp\/v2\/posts\/89012","targetHints":{"allow":["GET"]}}],"collection":[{"href":"https:\/\/balkangreenenergynews.com\/rs\/wp-json\/wp\/v2\/posts"}],"about":[{"href":"https:\/\/balkangreenenergynews.com\/rs\/wp-json\/wp\/v2\/types\/post"}],"author":[{"embeddable":true,"href":"https:\/\/balkangreenenergynews.com\/rs\/wp-json\/wp\/v2\/users\/34"}],"replies":[{"embeddable":true,"href":"https:\/\/balkangreenenergynews.com\/rs\/wp-json\/wp\/v2\/comments?post=89012"}],"version-history":[{"count":28,"href":"https:\/\/balkangreenenergynews.com\/rs\/wp-json\/wp\/v2\/posts\/89012\/revisions"}],"predecessor-version":[{"id":89057,"href":"https:\/\/balkangreenenergynews.com\/rs\/wp-json\/wp\/v2\/posts\/89012\/revisions\/89057"}],"wp:featuredmedia":[{"embeddable":true,"href":"https:\/\/balkangreenenergynews.com\/rs\/wp-json\/wp\/v2\/media\/89030"}],"wp:attachment":[{"href":"https:\/\/balkangreenenergynews.com\/rs\/wp-json\/wp\/v2\/media?parent=89012"}],"wp:term":[{"taxonomy":"category","embeddable":true,"href":"https:\/\/balkangreenenergynews.com\/rs\/wp-json\/wp\/v2\/categories?post=89012"},{"taxonomy":"post_tag","embeddable":true,"href":"https:\/\/balkangreenenergynews.com\/rs\/wp-json\/wp\/v2\/tags?post=89012"}],"curies":[{"name":"wp","href":"https:\/\/api.w.org\/{rel}","templated":true}]}}