{"id":88942,"date":"2026-01-22T14:34:35","date_gmt":"2026-01-22T13:34:35","guid":{"rendered":"https:\/\/balkangreenenergynews.com\/rs\/?p=88942"},"modified":"2026-01-22T14:34:35","modified_gmt":"2026-01-22T13:34:35","slug":"davos-kina-potvrdila-posvecenost-zelenoj-tranziciji-sad-kritikuju-klimatske-ciljeve-eu","status":"publish","type":"post","link":"https:\/\/balkangreenenergynews.com\/rs\/davos-kina-potvrdila-posvecenost-zelenoj-tranziciji-sad-kritikuju-klimatske-ciljeve-eu\/","title":{"rendered":"Davos: Kina potvrdila posve\u0107enost zelenoj tranziciji, SAD kritikuju klimatske ciljeve EU"},"content":{"rendered":"<h2>Na Svetskom ekonomskom forumu u Davosu, Kina je ponovo potvrdila svoju posve\u0107enost zelenoj tranziciji, za razliku od Sjedinjenih Ameri\u010dkih Dr\u017eava, \u010diji je sekretar za trgovinu izjavio da bi Amerika trebalo da se oslanja na naftu i gas, pritom kritikuju\u0107i cilj Evropske unije (EU) da dostigne nulte neto emisije. Ameri\u010dki predsednik Donald Tramp je obnovljive izvore nazvao \u201cprevarom\u201c koja je, kako tvrdi, izazvala energetski kolaps u Evropi.<\/h2>\n<p>U govoru na godi\u0161njem sastanku WEF-a u Davosu, u \u0160vajcarskoj, kineski vicepremijer He Lifeng istakao je odlu\u010dnost Kine da smanji svoje emisije gasova sa efektom staklene ba\u0161te, dodav\u0161i da \u0107e predstoje\u0107i petogodi\u0161nji plan te zemlje zadr\u017eati fokus na zelenom rastu zasnovanom na solarnoj energiji, baterijama i elektri\u010dnim vozilima (EV).<\/p>\n<blockquote><p>Kineski vicepremijer pozvao je druge zemlje da pomognu u naporima za smanjenje emisija<\/p><\/blockquote>\n<p>He je tako\u0111e pozvao druge dr\u017eave i strane kompanije da sara\u0111uju sa Kinom na stvaranju \u201czelene i prosperitetne budu\u0107nosti.\u201d<\/p>\n<p>\u201cPozivamo kompanije iz celog sveta da iskoriste prilike koje donosi zelena i niskougljeni\u010dna tranzicija i da blisko sara\u0111uju sa Kinom u oblastima kao \u0161to su zelena infrastruktura, zelena energija, zeleni minerali i zeleno finansiranje,\u201d rekao je He u govoru u Davosu.<\/p>\n<p>Nasuprot tome, ameri\u010dki sekretar za trgovinu Hauard Latnik kritikovao je razvoj solarne i vetroenergije u EU, kao i njen cilj za dostizanje nultih neto emisija, dodav\u0161i da zelena tranzicija nije ne\u0161to \u010demu bi SAD trebalo da te\u017ee. Latnik je, prema navodima medija, tako\u0111e rekao da bi svet trebalo da se fokusira na ugalj kao izvor energije, a ne na obnovljive izvore.<\/p>\n<p>U januaru 2025. godine, <a href=\"https:\/\/balkangreenenergynews.com\/rs\/tramp-odbacio-klimatsku-politiku-blokirao-projekte-vetroparkova-na-moru-povlaci-sad-iz-pariskog-sporazuma\/\">ameri\u010dki predsednik Donald Tramp<\/a> potpisao je uredbe kojima je ukinuo veliki deo klimatske politike prethodne administracije i ponovo povukao zemlju iz Pariskog sporazuma.<\/p>\n<blockquote><p>Ameri\u010dki sekretar za trgovinu tvrdi da bi te\u017enja ka nultim neto emisijama bez proizvodnje baterija u\u010dinila EU zavisnom od Kine<\/p><\/blockquote>\n<p>\u201cZa\u0161to biste se bavili solarnom i vetroenergijom? Za\u0161to bi Evropa pristala da do 2030. dostigne nulte neto emisije kada ne proizvodi baterije? Dakle, ako idu na 2030. godinu, oni biraju da budu podre\u0111eni Kini, koja proizvodi baterije,\u201d rekao je Latnik.<\/p>\n<p>Prema njegovim re\u010dima, SAD ima naftu i prirodni gas i ne bi trebalo da ide na elektrifikaciju. \u201cKina nema naftu i prirodni gas &#8211; elektri\u010dna energija i elektri\u010dni automobili su potpuno logi\u010dni za njih,\u201d izjavio je Latnik na panelu u okviru Svetskog ekonomskog foruma.<\/p>\n<p>Prema navodima medija, Latnikova o\u0161tra kritika Evrope na VIP ve\u010deri u utorak je navela predsednicu Evropske centralne banke Kristin Lagard da napusti doga\u0111aj.<\/p>\n<blockquote><p>Tramp je zelenu tranziciju nazvao \u201cprevarom,\u201d uz tvrdnju da Kina prodaje vetroturbine drugima, a ne gradi sopstvene vetroparkove<\/p><\/blockquote>\n<p>Sa svoje strane, Tramp je tako\u0111e kritikovao tranziciju EU ka obnovljivim izvorima energije, tvrde\u0107i da su SAD izbegle \u201ckatastrofalni energetski kolaps koji je zadesio svaku evropsku zemlju koja je sledila zelenu novu prevaru.\u201d On je energetsku tranziciju opisao i kao \u201cmo\u017eda najve\u0107u prevaru u istoriji.\u201d<\/p>\n<p>U svom govoru u Davosu, ameri\u010dki predsednik je ustvrdio da vetroparkovi \u201cgube novac\u201c i da Kina prodaje vetroturbine, ali sama ne gradi vetroparkove.<\/p>\n<p>\u201cProdaju ih glupim ljudima koji ih kupuju. Sami ih ne koriste,\u201d rekao je Tramp, dodaju\u0107i da je Kina izgradila samo \u201cpar vetroparkova\u201d kako bi \u201cpokazala ljudima kako bi mogli da izgledaju.\u201d<\/p>\n<p>Prema dostupnim podacima, Kina ima najve\u0107i instalisani kapacitet vetroenergije na svetu, od oko 600 GW.<\/p>\n","protected":false},"excerpt":{"rendered":"<p>Kina je u Davosu ponovo potvrdila svoju posve\u0107enost zelenom razvoju, dok je sekretar za trgovinu SAD izjavio da bi Amerika trebalo da se oslanja na naftu i gas<\/p>\n","protected":false},"author":26,"featured_media":88948,"comment_status":"open","ping_status":"open","sticky":false,"template":"","format":"standard","meta":{"_acf_changed":false,"_monsterinsights_skip_tracking":false,"_monsterinsights_sitenote_active":false,"_monsterinsights_sitenote_note":"","_monsterinsights_sitenote_category":0,"footnotes":""},"categories":[5909,1],"tags":[6704,7363,2335,4220,779,1689,3301,6613,766,5992,5243,1019,5490,403,5571,691,813,4891,6689],"class_list":["post-88942","post","type-post","status-publish","format-standard","has-post-thumbnail","hentry","category-klimatske-promene","category-obnovljivi-izvori-energije","tag-davos","tag-donald-tramp","tag-emisije","tag-emisije-gasova-sa-efektom-staklene-baste","tag-fosilna-goriva","tag-gasovi-sa-efektom-staklene-baste","tag-klimatska-akcija","tag-klimatske-politike","tag-klimatske-promene","tag-nafta","tag-nulte-neto-emisije","tag-pariski-sporazum","tag-prirodni-gas","tag-solar","tag-svetski-ekonomski-forum","tag-ugalj","tag-vetar","tag-vetroparkovi","tag-wef","country-svet"],"acf":[],"yoast_head":"<!-- This site is optimized with the Yoast SEO plugin v27.4 - https:\/\/yoast.com\/product\/yoast-seo-wordpress\/ -->\n<title>Davos: Kina potvrdila posve\u0107enost zelenoj tranziciji, SAD kritikuju klimatske ciljeve EU<\/title>\n<meta name=\"description\" content=\"Kina je u Davosu ponovo potvrdila svoju posve\u0107enost zelenom razvoju, dok je sekretar za trgovinu SAD izjavio da bi Amerika trebalo da se oslanja na naftu i gas\" \/>\n<meta name=\"robots\" content=\"index, follow, max-snippet:-1, max-image-preview:large, max-video-preview:-1\" \/>\n<link rel=\"canonical\" href=\"https:\/\/balkangreenenergynews.com\/rs\/davos-kina-potvrdila-posvecenost-zelenoj-tranziciji-sad-kritikuju-klimatske-ciljeve-eu\/\" \/>\n<meta property=\"og:locale\" content=\"sr_RS\" \/>\n<meta property=\"og:type\" content=\"article\" \/>\n<meta property=\"og:title\" content=\"Davos: Kina potvrdila posve\u0107enost zelenoj tranziciji, SAD kritikuju klimatske ciljeve EU\" \/>\n<meta property=\"og:description\" content=\"Kina je u Davosu ponovo potvrdila svoju posve\u0107enost zelenom razvoju, dok je sekretar za trgovinu SAD izjavio da bi Amerika trebalo da se oslanja na naftu i gas\" \/>\n<meta property=\"og:url\" content=\"https:\/\/balkangreenenergynews.com\/rs\/davos-kina-potvrdila-posvecenost-zelenoj-tranziciji-sad-kritikuju-klimatske-ciljeve-eu\/\" \/>\n<meta property=\"og:site_name\" content=\"Balkan Green Energy News\" \/>\n<meta property=\"article:published_time\" content=\"2026-01-22T13:34:35+00:00\" \/>\n<meta property=\"og:image\" content=\"https:\/\/balkangreenenergynews.com\/rs\/wp-content\/uploads\/2026\/01\/davos-wef-kina-sad-zelena-tranzicija.jpg?wsr\" \/>\n\t<meta property=\"og:image:width\" content=\"840\" \/>\n\t<meta property=\"og:image:height\" content=\"430\" \/>\n\t<meta property=\"og:image:type\" content=\"image\/jpeg\" \/>\n<meta name=\"author\" content=\"Vladimir Berbatovi\u0107\" \/>\n<meta name=\"twitter:card\" content=\"summary_large_image\" \/>\n<meta name=\"twitter:label1\" content=\"\u041d\u0430\u043f\u0438\u0441\u0430\u043d\u043e \u043e\u0434\" \/>\n\t<meta name=\"twitter:data1\" content=\"Vladimir Berbatovi\u0107\" \/>\n\t<meta name=\"twitter:label2\" content=\"\u041f\u0440\u043e\u0446\u0435\u045a\u0435\u043d\u043e \u0432\u0440\u0435\u043c\u0435 \u0447\u0438\u0442\u0430\u045a\u0430\" \/>\n\t<meta name=\"twitter:data2\" content=\"3 \u043c\u0438\u043d\u0443\u0442\u0430\" \/>\n<script type=\"application\/ld+json\" class=\"yoast-schema-graph\">{\"@context\":\"https:\\\/\\\/schema.org\",\"@graph\":[{\"@type\":\"Article\",\"@id\":\"https:\\\/\\\/balkangreenenergynews.com\\\/rs\\\/davos-kina-potvrdila-posvecenost-zelenoj-tranziciji-sad-kritikuju-klimatske-ciljeve-eu\\\/#article\",\"isPartOf\":{\"@id\":\"https:\\\/\\\/balkangreenenergynews.com\\\/rs\\\/davos-kina-potvrdila-posvecenost-zelenoj-tranziciji-sad-kritikuju-klimatske-ciljeve-eu\\\/\"},\"author\":{\"name\":\"Vladimir Berbatovi\u0107\",\"@id\":\"https:\\\/\\\/balkangreenenergynews.com\\\/rs\\\/#\\\/schema\\\/person\\\/d5ebbc091d544566bb305e434e429cbd\"},\"headline\":\"Davos: Kina potvrdila posve\u0107enost zelenoj tranziciji, SAD kritikuju klimatske ciljeve EU\",\"datePublished\":\"2026-01-22T13:34:35+00:00\",\"mainEntityOfPage\":{\"@id\":\"https:\\\/\\\/balkangreenenergynews.com\\\/rs\\\/davos-kina-potvrdila-posvecenost-zelenoj-tranziciji-sad-kritikuju-klimatske-ciljeve-eu\\\/\"},\"wordCount\":588,\"commentCount\":0,\"image\":{\"@id\":\"https:\\\/\\\/balkangreenenergynews.com\\\/rs\\\/davos-kina-potvrdila-posvecenost-zelenoj-tranziciji-sad-kritikuju-klimatske-ciljeve-eu\\\/#primaryimage\"},\"thumbnailUrl\":\"https:\\\/\\\/balkangreenenergynews.com\\\/rs\\\/wp-content\\\/uploads\\\/2026\\\/01\\\/davos-wef-kina-sad-zelena-tranzicija.jpg?wsr\",\"keywords\":[\"Davos\",\"Donald Tramp\",\"emisije\",\"emisije gasova sa efektom staklene ba\u0161te\",\"fosilna goriva\",\"gasovi sa efektom staklene ba\u0161te\",\"klimatska akcija\",\"klimatske politike\",\"klimatske promene\",\"nafta\",\"nulte neto emisije\",\"Pariski sporazum\",\"prirodni gas\",\"solar\",\"Svetski ekonomski forum\",\"ugalj\",\"vetar\",\"vetroparkovi\",\"WEF\"],\"articleSection\":[\"Klimatske promene\",\"OIE\"],\"inLanguage\":\"sr-RS\",\"potentialAction\":[{\"@type\":\"CommentAction\",\"name\":\"Comment\",\"target\":[\"https:\\\/\\\/balkangreenenergynews.com\\\/rs\\\/davos-kina-potvrdila-posvecenost-zelenoj-tranziciji-sad-kritikuju-klimatske-ciljeve-eu\\\/#respond\"]}]},{\"@type\":\"WebPage\",\"@id\":\"https:\\\/\\\/balkangreenenergynews.com\\\/rs\\\/davos-kina-potvrdila-posvecenost-zelenoj-tranziciji-sad-kritikuju-klimatske-ciljeve-eu\\\/\",\"url\":\"https:\\\/\\\/balkangreenenergynews.com\\\/rs\\\/davos-kina-potvrdila-posvecenost-zelenoj-tranziciji-sad-kritikuju-klimatske-ciljeve-eu\\\/\",\"name\":\"Davos: Kina potvrdila posve\u0107enost zelenoj tranziciji, SAD kritikuju klimatske ciljeve EU\",\"isPartOf\":{\"@id\":\"https:\\\/\\\/balkangreenenergynews.com\\\/rs\\\/#website\"},\"primaryImageOfPage\":{\"@id\":\"https:\\\/\\\/balkangreenenergynews.com\\\/rs\\\/davos-kina-potvrdila-posvecenost-zelenoj-tranziciji-sad-kritikuju-klimatske-ciljeve-eu\\\/#primaryimage\"},\"image\":{\"@id\":\"https:\\\/\\\/balkangreenenergynews.com\\\/rs\\\/davos-kina-potvrdila-posvecenost-zelenoj-tranziciji-sad-kritikuju-klimatske-ciljeve-eu\\\/#primaryimage\"},\"thumbnailUrl\":\"https:\\\/\\\/balkangreenenergynews.com\\\/rs\\\/wp-content\\\/uploads\\\/2026\\\/01\\\/davos-wef-kina-sad-zelena-tranzicija.jpg?wsr\",\"datePublished\":\"2026-01-22T13:34:35+00:00\",\"author\":{\"@id\":\"https:\\\/\\\/balkangreenenergynews.com\\\/rs\\\/#\\\/schema\\\/person\\\/d5ebbc091d544566bb305e434e429cbd\"},\"description\":\"Kina je u Davosu ponovo potvrdila svoju posve\u0107enost zelenom razvoju, dok je sekretar za trgovinu SAD izjavio da bi Amerika trebalo da se oslanja na naftu i gas\",\"breadcrumb\":{\"@id\":\"https:\\\/\\\/balkangreenenergynews.com\\\/rs\\\/davos-kina-potvrdila-posvecenost-zelenoj-tranziciji-sad-kritikuju-klimatske-ciljeve-eu\\\/#breadcrumb\"},\"inLanguage\":\"sr-RS\",\"potentialAction\":[{\"@type\":\"ReadAction\",\"target\":[\"https:\\\/\\\/balkangreenenergynews.com\\\/rs\\\/davos-kina-potvrdila-posvecenost-zelenoj-tranziciji-sad-kritikuju-klimatske-ciljeve-eu\\\/\"]}]},{\"@type\":\"ImageObject\",\"inLanguage\":\"sr-RS\",\"@id\":\"https:\\\/\\\/balkangreenenergynews.com\\\/rs\\\/davos-kina-potvrdila-posvecenost-zelenoj-tranziciji-sad-kritikuju-klimatske-ciljeve-eu\\\/#primaryimage\",\"url\":\"https:\\\/\\\/balkangreenenergynews.com\\\/rs\\\/wp-content\\\/uploads\\\/2026\\\/01\\\/davos-wef-kina-sad-zelena-tranzicija.jpg?wsr\",\"contentUrl\":\"https:\\\/\\\/balkangreenenergynews.com\\\/rs\\\/wp-content\\\/uploads\\\/2026\\\/01\\\/davos-wef-kina-sad-zelena-tranzicija.jpg?wsr\",\"width\":840,\"height\":430,\"caption\":\"davos wef kina sad zelena tranzicija\"},{\"@type\":\"BreadcrumbList\",\"@id\":\"https:\\\/\\\/balkangreenenergynews.com\\\/rs\\\/davos-kina-potvrdila-posvecenost-zelenoj-tranziciji-sad-kritikuju-klimatske-ciljeve-eu\\\/#breadcrumb\",\"itemListElement\":[{\"@type\":\"ListItem\",\"position\":1,\"name\":\"Po\u010detna\",\"item\":\"https:\\\/\\\/balkangreenenergynews.com\\\/rs\\\/\"},{\"@type\":\"ListItem\",\"position\":2,\"name\":\"Klimatske promene\",\"item\":\"https:\\\/\\\/balkangreenenergynews.com\\\/rs\\\/kategorija\\\/klimatske-promene\\\/\"},{\"@type\":\"ListItem\",\"position\":3,\"name\":\"Davos: Kina potvrdila posve\u0107enost zelenoj tranziciji, SAD kritikuju klimatske ciljeve EU\"}]},{\"@type\":\"WebSite\",\"@id\":\"https:\\\/\\\/balkangreenenergynews.com\\\/rs\\\/#website\",\"url\":\"https:\\\/\\\/balkangreenenergynews.com\\\/rs\\\/\",\"name\":\"Balkan Green Energy News\",\"description\":\"Naj\u0161iri izbor vesti sa Balkana o zelenoj energiji\",\"potentialAction\":[{\"@type\":\"SearchAction\",\"target\":{\"@type\":\"EntryPoint\",\"urlTemplate\":\"https:\\\/\\\/balkangreenenergynews.com\\\/rs\\\/?s={search_term_string}\"},\"query-input\":{\"@type\":\"PropertyValueSpecification\",\"valueRequired\":true,\"valueName\":\"search_term_string\"}}],\"inLanguage\":\"sr-RS\"},{\"@type\":\"Person\",\"@id\":\"https:\\\/\\\/balkangreenenergynews.com\\\/rs\\\/#\\\/schema\\\/person\\\/d5ebbc091d544566bb305e434e429cbd\",\"name\":\"Vladimir Berbatovi\u0107\",\"url\":\"https:\\\/\\\/balkangreenenergynews.com\\\/rs\\\/author\\\/vladimir-berbatovic\\\/\"}]}<\/script>\n<!-- \/ Yoast SEO plugin. -->","yoast_head_json":{"title":"Davos: Kina potvrdila posve\u0107enost zelenoj tranziciji, SAD kritikuju klimatske ciljeve EU","description":"Kina je u Davosu ponovo potvrdila svoju posve\u0107enost zelenom razvoju, dok je sekretar za trgovinu SAD izjavio da bi Amerika trebalo da se oslanja na naftu i gas","robots":{"index":"index","follow":"follow","max-snippet":"max-snippet:-1","max-image-preview":"max-image-preview:large","max-video-preview":"max-video-preview:-1"},"canonical":"https:\/\/balkangreenenergynews.com\/rs\/davos-kina-potvrdila-posvecenost-zelenoj-tranziciji-sad-kritikuju-klimatske-ciljeve-eu\/","og_locale":"sr_RS","og_type":"article","og_title":"Davos: Kina potvrdila posve\u0107enost zelenoj tranziciji, SAD kritikuju klimatske ciljeve EU","og_description":"Kina je u Davosu ponovo potvrdila svoju posve\u0107enost zelenom razvoju, dok je sekretar za trgovinu SAD izjavio da bi Amerika trebalo da se oslanja na naftu i gas","og_url":"https:\/\/balkangreenenergynews.com\/rs\/davos-kina-potvrdila-posvecenost-zelenoj-tranziciji-sad-kritikuju-klimatske-ciljeve-eu\/","og_site_name":"Balkan Green Energy News","article_published_time":"2026-01-22T13:34:35+00:00","og_image":[{"width":840,"height":430,"url":"https:\/\/balkangreenenergynews.com\/rs\/wp-content\/uploads\/2026\/01\/davos-wef-kina-sad-zelena-tranzicija.jpg?wsr","type":"image\/jpeg"}],"author":"Vladimir Berbatovi\u0107","twitter_card":"summary_large_image","twitter_misc":{"\u041d\u0430\u043f\u0438\u0441\u0430\u043d\u043e \u043e\u0434":"Vladimir Berbatovi\u0107","\u041f\u0440\u043e\u0446\u0435\u045a\u0435\u043d\u043e \u0432\u0440\u0435\u043c\u0435 \u0447\u0438\u0442\u0430\u045a\u0430":"3 \u043c\u0438\u043d\u0443\u0442\u0430"},"schema":{"@context":"https:\/\/schema.org","@graph":[{"@type":"Article","@id":"https:\/\/balkangreenenergynews.com\/rs\/davos-kina-potvrdila-posvecenost-zelenoj-tranziciji-sad-kritikuju-klimatske-ciljeve-eu\/#article","isPartOf":{"@id":"https:\/\/balkangreenenergynews.com\/rs\/davos-kina-potvrdila-posvecenost-zelenoj-tranziciji-sad-kritikuju-klimatske-ciljeve-eu\/"},"author":{"name":"Vladimir Berbatovi\u0107","@id":"https:\/\/balkangreenenergynews.com\/rs\/#\/schema\/person\/d5ebbc091d544566bb305e434e429cbd"},"headline":"Davos: Kina potvrdila posve\u0107enost zelenoj tranziciji, SAD kritikuju klimatske ciljeve EU","datePublished":"2026-01-22T13:34:35+00:00","mainEntityOfPage":{"@id":"https:\/\/balkangreenenergynews.com\/rs\/davos-kina-potvrdila-posvecenost-zelenoj-tranziciji-sad-kritikuju-klimatske-ciljeve-eu\/"},"wordCount":588,"commentCount":0,"image":{"@id":"https:\/\/balkangreenenergynews.com\/rs\/davos-kina-potvrdila-posvecenost-zelenoj-tranziciji-sad-kritikuju-klimatske-ciljeve-eu\/#primaryimage"},"thumbnailUrl":"https:\/\/balkangreenenergynews.com\/rs\/wp-content\/uploads\/2026\/01\/davos-wef-kina-sad-zelena-tranzicija.jpg?wsr","keywords":["Davos","Donald Tramp","emisije","emisije gasova sa efektom staklene ba\u0161te","fosilna goriva","gasovi sa efektom staklene ba\u0161te","klimatska akcija","klimatske politike","klimatske promene","nafta","nulte neto emisije","Pariski sporazum","prirodni gas","solar","Svetski ekonomski forum","ugalj","vetar","vetroparkovi","WEF"],"articleSection":["Klimatske promene","OIE"],"inLanguage":"sr-RS","potentialAction":[{"@type":"CommentAction","name":"Comment","target":["https:\/\/balkangreenenergynews.com\/rs\/davos-kina-potvrdila-posvecenost-zelenoj-tranziciji-sad-kritikuju-klimatske-ciljeve-eu\/#respond"]}]},{"@type":"WebPage","@id":"https:\/\/balkangreenenergynews.com\/rs\/davos-kina-potvrdila-posvecenost-zelenoj-tranziciji-sad-kritikuju-klimatske-ciljeve-eu\/","url":"https:\/\/balkangreenenergynews.com\/rs\/davos-kina-potvrdila-posvecenost-zelenoj-tranziciji-sad-kritikuju-klimatske-ciljeve-eu\/","name":"Davos: Kina potvrdila posve\u0107enost zelenoj tranziciji, SAD kritikuju klimatske ciljeve EU","isPartOf":{"@id":"https:\/\/balkangreenenergynews.com\/rs\/#website"},"primaryImageOfPage":{"@id":"https:\/\/balkangreenenergynews.com\/rs\/davos-kina-potvrdila-posvecenost-zelenoj-tranziciji-sad-kritikuju-klimatske-ciljeve-eu\/#primaryimage"},"image":{"@id":"https:\/\/balkangreenenergynews.com\/rs\/davos-kina-potvrdila-posvecenost-zelenoj-tranziciji-sad-kritikuju-klimatske-ciljeve-eu\/#primaryimage"},"thumbnailUrl":"https:\/\/balkangreenenergynews.com\/rs\/wp-content\/uploads\/2026\/01\/davos-wef-kina-sad-zelena-tranzicija.jpg?wsr","datePublished":"2026-01-22T13:34:35+00:00","author":{"@id":"https:\/\/balkangreenenergynews.com\/rs\/#\/schema\/person\/d5ebbc091d544566bb305e434e429cbd"},"description":"Kina je u Davosu ponovo potvrdila svoju posve\u0107enost zelenom razvoju, dok je sekretar za trgovinu SAD izjavio da bi Amerika trebalo da se oslanja na naftu i gas","breadcrumb":{"@id":"https:\/\/balkangreenenergynews.com\/rs\/davos-kina-potvrdila-posvecenost-zelenoj-tranziciji-sad-kritikuju-klimatske-ciljeve-eu\/#breadcrumb"},"inLanguage":"sr-RS","potentialAction":[{"@type":"ReadAction","target":["https:\/\/balkangreenenergynews.com\/rs\/davos-kina-potvrdila-posvecenost-zelenoj-tranziciji-sad-kritikuju-klimatske-ciljeve-eu\/"]}]},{"@type":"ImageObject","inLanguage":"sr-RS","@id":"https:\/\/balkangreenenergynews.com\/rs\/davos-kina-potvrdila-posvecenost-zelenoj-tranziciji-sad-kritikuju-klimatske-ciljeve-eu\/#primaryimage","url":"https:\/\/balkangreenenergynews.com\/rs\/wp-content\/uploads\/2026\/01\/davos-wef-kina-sad-zelena-tranzicija.jpg?wsr","contentUrl":"https:\/\/balkangreenenergynews.com\/rs\/wp-content\/uploads\/2026\/01\/davos-wef-kina-sad-zelena-tranzicija.jpg?wsr","width":840,"height":430,"caption":"davos wef kina sad zelena tranzicija"},{"@type":"BreadcrumbList","@id":"https:\/\/balkangreenenergynews.com\/rs\/davos-kina-potvrdila-posvecenost-zelenoj-tranziciji-sad-kritikuju-klimatske-ciljeve-eu\/#breadcrumb","itemListElement":[{"@type":"ListItem","position":1,"name":"Po\u010detna","item":"https:\/\/balkangreenenergynews.com\/rs\/"},{"@type":"ListItem","position":2,"name":"Klimatske promene","item":"https:\/\/balkangreenenergynews.com\/rs\/kategorija\/klimatske-promene\/"},{"@type":"ListItem","position":3,"name":"Davos: Kina potvrdila posve\u0107enost zelenoj tranziciji, SAD kritikuju klimatske ciljeve EU"}]},{"@type":"WebSite","@id":"https:\/\/balkangreenenergynews.com\/rs\/#website","url":"https:\/\/balkangreenenergynews.com\/rs\/","name":"Balkan Green Energy News","description":"Naj\u0161iri izbor vesti sa Balkana o zelenoj energiji","potentialAction":[{"@type":"SearchAction","target":{"@type":"EntryPoint","urlTemplate":"https:\/\/balkangreenenergynews.com\/rs\/?s={search_term_string}"},"query-input":{"@type":"PropertyValueSpecification","valueRequired":true,"valueName":"search_term_string"}}],"inLanguage":"sr-RS"},{"@type":"Person","@id":"https:\/\/balkangreenenergynews.com\/rs\/#\/schema\/person\/d5ebbc091d544566bb305e434e429cbd","name":"Vladimir Berbatovi\u0107","url":"https:\/\/balkangreenenergynews.com\/rs\/author\/vladimir-berbatovic\/"}]}},"_links":{"self":[{"href":"https:\/\/balkangreenenergynews.com\/rs\/wp-json\/wp\/v2\/posts\/88942","targetHints":{"allow":["GET"]}}],"collection":[{"href":"https:\/\/balkangreenenergynews.com\/rs\/wp-json\/wp\/v2\/posts"}],"about":[{"href":"https:\/\/balkangreenenergynews.com\/rs\/wp-json\/wp\/v2\/types\/post"}],"author":[{"embeddable":true,"href":"https:\/\/balkangreenenergynews.com\/rs\/wp-json\/wp\/v2\/users\/26"}],"replies":[{"embeddable":true,"href":"https:\/\/balkangreenenergynews.com\/rs\/wp-json\/wp\/v2\/comments?post=88942"}],"version-history":[{"count":7,"href":"https:\/\/balkangreenenergynews.com\/rs\/wp-json\/wp\/v2\/posts\/88942\/revisions"}],"predecessor-version":[{"id":88952,"href":"https:\/\/balkangreenenergynews.com\/rs\/wp-json\/wp\/v2\/posts\/88942\/revisions\/88952"}],"wp:featuredmedia":[{"embeddable":true,"href":"https:\/\/balkangreenenergynews.com\/rs\/wp-json\/wp\/v2\/media\/88948"}],"wp:attachment":[{"href":"https:\/\/balkangreenenergynews.com\/rs\/wp-json\/wp\/v2\/media?parent=88942"}],"wp:term":[{"taxonomy":"category","embeddable":true,"href":"https:\/\/balkangreenenergynews.com\/rs\/wp-json\/wp\/v2\/categories?post=88942"},{"taxonomy":"post_tag","embeddable":true,"href":"https:\/\/balkangreenenergynews.com\/rs\/wp-json\/wp\/v2\/tags?post=88942"}],"curies":[{"name":"wp","href":"https:\/\/api.w.org\/{rel}","templated":true}]}}