{"id":87791,"date":"2025-12-11T19:21:19","date_gmt":"2025-12-11T18:21:19","guid":{"rendered":"https:\/\/balkangreenenergynews.com\/rs\/?p=87791"},"modified":"2025-12-12T15:26:16","modified_gmt":"2025-12-12T14:26:16","slug":"slovenija-izradila-prvu-procenu-klimatske-ranjivosti-i-rizika-energetskog-sektora","status":"publish","type":"post","link":"https:\/\/balkangreenenergynews.com\/rs\/slovenija-izradila-prvu-procenu-klimatske-ranjivosti-i-rizika-energetskog-sektora\/","title":{"rendered":"Slovenija izradila prvu procenu klimatske ranjivosti i rizika energetskog sektora"},"content":{"rendered":"<h2>Ministarstvo za \u017eivotnu sredinu, klimu i energetiku, u saradnji sa Institutom &#8222;Jo\u017eef Stefan&#8220;, pripremilo je prvu nacionalnu procenu klimatske ranjivosti i rizika za energetski sektor. Analiza pokazuje da je slovena\u010dki energetski sektor umereno ranjiv na nacionalnom nivou u trenutnim klimatskim uslovima.<\/h2>\n<p>Glavne pretnje energetskom sektoru su\u00a0 poplave, po\u017eari, oluje, klizi\u0161ta, susne\u017eica i vla\u017ean sneg, toplotni talasi i su\u0161a.<\/p>\n<p>Procena klimatske ranjivosti i rizika za energetski sektor pripremljena je prema metodologiji IPCC AR5 i u skladu sa nacionalnim uputstvima Biotehnolo\u0161kog fakulteta.<\/p>\n<p>Najvec\u0301a pretnja energetskom sektoru su poplave, koje ugro\u017eavaju skladi\u0161ta goriva, trafostanice, distributivne mre\u017ee za elektri\u010dnu energiju i druge elemente lanca snabdevanja, saop\u0161tilo je Ministarstvo.<\/p>\n<blockquote><p>Najva\u017eniji podsistem su te\u010dna goriva<\/p><\/blockquote>\n<p>Kori\u0161\u0107enjem ponderisanja procena je pokazala da su, s obzirom na trenutni energetski miks i stanje infrastrukture, najva\u017eniji podsistemi za funkcionisanje celokupnog sistema: te\u010dna goriva (34 odsto) i elektri\u010dna energija (33 odsto), zatim prirodni gas (18 odsto), \u010dvrsta goriva (deset odsto) i toplota (pet odsto).<\/p>\n<p>Ovo, kako se obja\u0161njava, odra\u017eava visoku zavisnost od uvoza te\u010dnih goriva i klju\u010dnu ulogu elektri\u010dne energije u svim sektorima potro\u0161nje.<\/p>\n<p>Ukupna ponderisana ocena ranjivosti za energetski sektor je pribli\u017eno 2,3 na skali 1-5, pri \u010demu podsektor elektri\u010dne energije ima najvec\u0301u ranjivost &#8211; oko 2,6. Sistemi distribucije elektri\u010dne energije, fotonaponske elektrane i putevi transporta i logistike goriva tako\u0111e pokazuju visoku ranjivost, pokazala je <a href=\"https:\/\/www.energetika-portal.si\/dokumenti\/strateski-razvojni-dokumenti\/nacionalni-energetski-in-podnebni-nacrt-2024\/posodobitev-strokovnih-podlag\/prva-ocena-podnebne-ranljivosti-in-tveganj-za-sektor-energetike-na-nacionalni-ravni\/\">analiza<\/a>.<\/p>\n<p>Ocene podsektora:<\/p>\n<ul>\n<li>podsektor elektri\u010dne energije (oko 2,6);<\/li>\n<li>snabdevanje te\u010dnim gorivima (oko 2,2),<\/li>\n<li>snabdevanje \u010dvrstim gorivima (oko 2,2),<\/li>\n<li>snabdevanje gasom (oko 2,0),<\/li>\n<li>snabdevanje toplotom (oko 1,9).<\/li>\n<\/ul>\n<p>Na nivou pojedina\u010dnih elemenata, najranjiviji su mre\u017ea za distribuciju elektri\u010dne energije (3,5), mre\u017ea za prenos elektri\u010dne energije i uvoz (3), priprema ogrevnog drveta, drvne se\u010dke i peleta, kao i fotonaponske elektrane (ne\u0161to manje od 3); vozila\/cisterne za te\u010dna i \u010dvrsta goriva, benzinske stanice, i ostali obnovljivi izvori energije (2.5).<\/p>\n<h3>Identifikovani rizici \u0107e se poja\u010dati u buduc\u0301nosti<\/h3>\n<p>Procena, kako se isti\u010de, pokazuje da slovena\u010dki energetski sektor sadr\u017ei kriti\u010dne elemente \u010diji bi kvar mogao izazvati prekide u snabdevanju velikih razmera.<\/p>\n<p>Procena pru\u017ea stru\u010dnu osnovu i polaznu ta\u010dku za pripremu strategije prilago\u0111avanja klimatskim promenama i za formulisanje mera kao \u0161to su ja\u010danje otpornosti infrastrukture (mere za\u0161tite od poplava), prilago\u0111avanje planiranja novih objekata i uklju\u010divanje klimatskih rizika u strate\u0161ka dokumenta i investicione planove.<\/p>\n<p>Scenariji klimatskih promena, kako se nagla\u0161ava, ukazuju na to da c\u0301e se vec\u0301 identifikovani rizici poja\u010dati u buduc\u0301nosti, posebno poplave, oluje i vruc\u0301ine. Zato c\u0301e biti neophodno sprovesti mere adaptacije kako bi se obezbedilo pouzdano snabdevanje energijom.<\/p>\n","protected":false},"excerpt":{"rendered":"<p>Procenu je uradilo Ministarstvo za \u017eivotnu sredinu, klimu i energetiku, u saradnji sa Institutom &#8222;Jo\u017eef Stefan&#8220;<\/p>\n","protected":false},"author":23,"featured_media":87793,"comment_status":"open","ping_status":"open","sticky":false,"template":"","format":"standard","meta":{"_acf_changed":false,"_monsterinsights_skip_tracking":false,"_monsterinsights_sitenote_active":false,"_monsterinsights_sitenote_note":"","_monsterinsights_sitenote_category":0,"footnotes":""},"categories":[504,5909,481],"tags":[1446,6442,669,766,7032,6502,6208,6684],"class_list":["post-87791","post","type-post","status-publish","format-standard","has-post-thumbnail","hentry","category-elektricna-energija","category-klimatske-promene","category-vesti","tag-distributivna-mreza","tag-ekstremne-vrucine","tag-elektricna-energija","tag-klimatske-promene","tag-klimatski-rizici","tag-poplave","tag-slovenija","tag-toplotni-talasi","country-slovenija"],"acf":[],"yoast_head":"<!-- This site is optimized with the Yoast SEO plugin v27.4 - https:\/\/yoast.com\/product\/yoast-seo-wordpress\/ -->\n<title>Slovenija izradila prvu procenu klimatske ranjivosti i rizika energetskog sektora<\/title>\n<meta name=\"description\" content=\"Procenu je uradilo Ministarstvo za \u017eivotnu sredinu, klimu i energetiku, u saradnji sa Institutom &quot;Jo\u017eef Stefan&quot;\" \/>\n<meta name=\"robots\" content=\"index, follow, max-snippet:-1, max-image-preview:large, max-video-preview:-1\" \/>\n<link rel=\"canonical\" href=\"https:\/\/balkangreenenergynews.com\/rs\/slovenija-izradila-prvu-procenu-klimatske-ranjivosti-i-rizika-energetskog-sektora\/\" \/>\n<meta property=\"og:locale\" content=\"sr_RS\" \/>\n<meta property=\"og:type\" content=\"article\" \/>\n<meta property=\"og:title\" content=\"Slovenija izradila prvu procenu klimatske ranjivosti i rizika energetskog sektora\" \/>\n<meta property=\"og:description\" content=\"Procenu je uradilo Ministarstvo za \u017eivotnu sredinu, klimu i energetiku, u saradnji sa Institutom &quot;Jo\u017eef Stefan&quot;\" \/>\n<meta property=\"og:url\" content=\"https:\/\/balkangreenenergynews.com\/rs\/slovenija-izradila-prvu-procenu-klimatske-ranjivosti-i-rizika-energetskog-sektora\/\" \/>\n<meta property=\"og:site_name\" content=\"Balkan Green Energy News\" \/>\n<meta property=\"article:published_time\" content=\"2025-12-11T18:21:19+00:00\" \/>\n<meta property=\"article:modified_time\" content=\"2025-12-12T14:26:16+00:00\" \/>\n<meta property=\"og:image\" content=\"https:\/\/balkangreenenergynews.com\/rs\/wp-content\/uploads\/2025\/12\/slovenija-klimatska-ranjivost-energetika-studija.jpg?wsr\" \/>\n\t<meta property=\"og:image:width\" content=\"840\" \/>\n\t<meta property=\"og:image:height\" content=\"430\" \/>\n\t<meta property=\"og:image:type\" content=\"image\/jpeg\" \/>\n<meta name=\"author\" content=\"Vladimir Spasi\u0107\" \/>\n<meta name=\"twitter:card\" content=\"summary_large_image\" \/>\n<meta name=\"twitter:label1\" content=\"\u041d\u0430\u043f\u0438\u0441\u0430\u043d\u043e \u043e\u0434\" \/>\n\t<meta name=\"twitter:data1\" content=\"Vladimir Spasi\u0107\" \/>\n\t<meta name=\"twitter:label2\" content=\"\u041f\u0440\u043e\u0446\u0435\u045a\u0435\u043d\u043e \u0432\u0440\u0435\u043c\u0435 \u0447\u0438\u0442\u0430\u045a\u0430\" \/>\n\t<meta name=\"twitter:data2\" content=\"3 \u043c\u0438\u043d\u0443\u0442\u0430\" \/>\n<script type=\"application\/ld+json\" class=\"yoast-schema-graph\">{\"@context\":\"https:\\\/\\\/schema.org\",\"@graph\":[{\"@type\":\"Article\",\"@id\":\"https:\\\/\\\/balkangreenenergynews.com\\\/rs\\\/slovenija-izradila-prvu-procenu-klimatske-ranjivosti-i-rizika-energetskog-sektora\\\/#article\",\"isPartOf\":{\"@id\":\"https:\\\/\\\/balkangreenenergynews.com\\\/rs\\\/slovenija-izradila-prvu-procenu-klimatske-ranjivosti-i-rizika-energetskog-sektora\\\/\"},\"author\":{\"name\":\"Vladimir Spasi\u0107\",\"@id\":\"https:\\\/\\\/balkangreenenergynews.com\\\/rs\\\/#\\\/schema\\\/person\\\/99dc721c46113fea22caffad06ef7317\"},\"headline\":\"Slovenija izradila prvu procenu klimatske ranjivosti i rizika energetskog sektora\",\"datePublished\":\"2025-12-11T18:21:19+00:00\",\"dateModified\":\"2025-12-12T14:26:16+00:00\",\"mainEntityOfPage\":{\"@id\":\"https:\\\/\\\/balkangreenenergynews.com\\\/rs\\\/slovenija-izradila-prvu-procenu-klimatske-ranjivosti-i-rizika-energetskog-sektora\\\/\"},\"wordCount\":456,\"commentCount\":0,\"image\":{\"@id\":\"https:\\\/\\\/balkangreenenergynews.com\\\/rs\\\/slovenija-izradila-prvu-procenu-klimatske-ranjivosti-i-rizika-energetskog-sektora\\\/#primaryimage\"},\"thumbnailUrl\":\"https:\\\/\\\/balkangreenenergynews.com\\\/rs\\\/wp-content\\\/uploads\\\/2025\\\/12\\\/slovenija-klimatska-ranjivost-energetika-studija.jpg?wsr\",\"keywords\":[\"distributivna mre\u017ea\",\"ekstremne vru\u0107ine\",\"elektri\u010dna energija\",\"klimatske promene\",\"klimatski rizici\",\"poplave\",\"Slovenija\",\"toplotni talasi\"],\"articleSection\":[\"Elektri\u010dna energija\",\"Klimatske promene\",\"Vesti\"],\"inLanguage\":\"sr-RS\",\"potentialAction\":[{\"@type\":\"CommentAction\",\"name\":\"Comment\",\"target\":[\"https:\\\/\\\/balkangreenenergynews.com\\\/rs\\\/slovenija-izradila-prvu-procenu-klimatske-ranjivosti-i-rizika-energetskog-sektora\\\/#respond\"]}]},{\"@type\":\"WebPage\",\"@id\":\"https:\\\/\\\/balkangreenenergynews.com\\\/rs\\\/slovenija-izradila-prvu-procenu-klimatske-ranjivosti-i-rizika-energetskog-sektora\\\/\",\"url\":\"https:\\\/\\\/balkangreenenergynews.com\\\/rs\\\/slovenija-izradila-prvu-procenu-klimatske-ranjivosti-i-rizika-energetskog-sektora\\\/\",\"name\":\"Slovenija izradila prvu procenu klimatske ranjivosti i rizika energetskog sektora\",\"isPartOf\":{\"@id\":\"https:\\\/\\\/balkangreenenergynews.com\\\/rs\\\/#website\"},\"primaryImageOfPage\":{\"@id\":\"https:\\\/\\\/balkangreenenergynews.com\\\/rs\\\/slovenija-izradila-prvu-procenu-klimatske-ranjivosti-i-rizika-energetskog-sektora\\\/#primaryimage\"},\"image\":{\"@id\":\"https:\\\/\\\/balkangreenenergynews.com\\\/rs\\\/slovenija-izradila-prvu-procenu-klimatske-ranjivosti-i-rizika-energetskog-sektora\\\/#primaryimage\"},\"thumbnailUrl\":\"https:\\\/\\\/balkangreenenergynews.com\\\/rs\\\/wp-content\\\/uploads\\\/2025\\\/12\\\/slovenija-klimatska-ranjivost-energetika-studija.jpg?wsr\",\"datePublished\":\"2025-12-11T18:21:19+00:00\",\"dateModified\":\"2025-12-12T14:26:16+00:00\",\"author\":{\"@id\":\"https:\\\/\\\/balkangreenenergynews.com\\\/rs\\\/#\\\/schema\\\/person\\\/99dc721c46113fea22caffad06ef7317\"},\"description\":\"Procenu je uradilo Ministarstvo za \u017eivotnu sredinu, klimu i energetiku, u saradnji sa Institutom \\\"Jo\u017eef Stefan\\\"\",\"breadcrumb\":{\"@id\":\"https:\\\/\\\/balkangreenenergynews.com\\\/rs\\\/slovenija-izradila-prvu-procenu-klimatske-ranjivosti-i-rizika-energetskog-sektora\\\/#breadcrumb\"},\"inLanguage\":\"sr-RS\",\"potentialAction\":[{\"@type\":\"ReadAction\",\"target\":[\"https:\\\/\\\/balkangreenenergynews.com\\\/rs\\\/slovenija-izradila-prvu-procenu-klimatske-ranjivosti-i-rizika-energetskog-sektora\\\/\"]}]},{\"@type\":\"ImageObject\",\"inLanguage\":\"sr-RS\",\"@id\":\"https:\\\/\\\/balkangreenenergynews.com\\\/rs\\\/slovenija-izradila-prvu-procenu-klimatske-ranjivosti-i-rizika-energetskog-sektora\\\/#primaryimage\",\"url\":\"https:\\\/\\\/balkangreenenergynews.com\\\/rs\\\/wp-content\\\/uploads\\\/2025\\\/12\\\/slovenija-klimatska-ranjivost-energetika-studija.jpg?wsr\",\"contentUrl\":\"https:\\\/\\\/balkangreenenergynews.com\\\/rs\\\/wp-content\\\/uploads\\\/2025\\\/12\\\/slovenija-klimatska-ranjivost-energetika-studija.jpg?wsr\",\"width\":840,\"height\":430,\"caption\":\"slovenija klimatska ranjivost energetika studija\"},{\"@type\":\"BreadcrumbList\",\"@id\":\"https:\\\/\\\/balkangreenenergynews.com\\\/rs\\\/slovenija-izradila-prvu-procenu-klimatske-ranjivosti-i-rizika-energetskog-sektora\\\/#breadcrumb\",\"itemListElement\":[{\"@type\":\"ListItem\",\"position\":1,\"name\":\"Po\u010detna\",\"item\":\"https:\\\/\\\/balkangreenenergynews.com\\\/rs\\\/\"},{\"@type\":\"ListItem\",\"position\":2,\"name\":\"Vesti\",\"item\":\"https:\\\/\\\/balkangreenenergynews.com\\\/rs\\\/kategorija\\\/vesti\\\/\"},{\"@type\":\"ListItem\",\"position\":3,\"name\":\"Slovenija izradila prvu procenu klimatske ranjivosti i rizika energetskog sektora\"}]},{\"@type\":\"WebSite\",\"@id\":\"https:\\\/\\\/balkangreenenergynews.com\\\/rs\\\/#website\",\"url\":\"https:\\\/\\\/balkangreenenergynews.com\\\/rs\\\/\",\"name\":\"Balkan Green Energy News\",\"description\":\"Naj\u0161iri izbor vesti sa Balkana o zelenoj energiji\",\"potentialAction\":[{\"@type\":\"SearchAction\",\"target\":{\"@type\":\"EntryPoint\",\"urlTemplate\":\"https:\\\/\\\/balkangreenenergynews.com\\\/rs\\\/?s={search_term_string}\"},\"query-input\":{\"@type\":\"PropertyValueSpecification\",\"valueRequired\":true,\"valueName\":\"search_term_string\"}}],\"inLanguage\":\"sr-RS\"},{\"@type\":\"Person\",\"@id\":\"https:\\\/\\\/balkangreenenergynews.com\\\/rs\\\/#\\\/schema\\\/person\\\/99dc721c46113fea22caffad06ef7317\",\"name\":\"Vladimir Spasi\u0107\",\"url\":\"https:\\\/\\\/balkangreenenergynews.com\\\/rs\\\/author\\\/vladimir-spasic\\\/\"}]}<\/script>\n<!-- \/ Yoast SEO plugin. -->","yoast_head_json":{"title":"Slovenija izradila prvu procenu klimatske ranjivosti i rizika energetskog sektora","description":"Procenu je uradilo Ministarstvo za \u017eivotnu sredinu, klimu i energetiku, u saradnji sa Institutom \"Jo\u017eef Stefan\"","robots":{"index":"index","follow":"follow","max-snippet":"max-snippet:-1","max-image-preview":"max-image-preview:large","max-video-preview":"max-video-preview:-1"},"canonical":"https:\/\/balkangreenenergynews.com\/rs\/slovenija-izradila-prvu-procenu-klimatske-ranjivosti-i-rizika-energetskog-sektora\/","og_locale":"sr_RS","og_type":"article","og_title":"Slovenija izradila prvu procenu klimatske ranjivosti i rizika energetskog sektora","og_description":"Procenu je uradilo Ministarstvo za \u017eivotnu sredinu, klimu i energetiku, u saradnji sa Institutom \"Jo\u017eef Stefan\"","og_url":"https:\/\/balkangreenenergynews.com\/rs\/slovenija-izradila-prvu-procenu-klimatske-ranjivosti-i-rizika-energetskog-sektora\/","og_site_name":"Balkan Green Energy News","article_published_time":"2025-12-11T18:21:19+00:00","article_modified_time":"2025-12-12T14:26:16+00:00","og_image":[{"width":840,"height":430,"url":"https:\/\/balkangreenenergynews.com\/rs\/wp-content\/uploads\/2025\/12\/slovenija-klimatska-ranjivost-energetika-studija.jpg?wsr","type":"image\/jpeg"}],"author":"Vladimir Spasi\u0107","twitter_card":"summary_large_image","twitter_misc":{"\u041d\u0430\u043f\u0438\u0441\u0430\u043d\u043e \u043e\u0434":"Vladimir Spasi\u0107","\u041f\u0440\u043e\u0446\u0435\u045a\u0435\u043d\u043e \u0432\u0440\u0435\u043c\u0435 \u0447\u0438\u0442\u0430\u045a\u0430":"3 \u043c\u0438\u043d\u0443\u0442\u0430"},"schema":{"@context":"https:\/\/schema.org","@graph":[{"@type":"Article","@id":"https:\/\/balkangreenenergynews.com\/rs\/slovenija-izradila-prvu-procenu-klimatske-ranjivosti-i-rizika-energetskog-sektora\/#article","isPartOf":{"@id":"https:\/\/balkangreenenergynews.com\/rs\/slovenija-izradila-prvu-procenu-klimatske-ranjivosti-i-rizika-energetskog-sektora\/"},"author":{"name":"Vladimir Spasi\u0107","@id":"https:\/\/balkangreenenergynews.com\/rs\/#\/schema\/person\/99dc721c46113fea22caffad06ef7317"},"headline":"Slovenija izradila prvu procenu klimatske ranjivosti i rizika energetskog sektora","datePublished":"2025-12-11T18:21:19+00:00","dateModified":"2025-12-12T14:26:16+00:00","mainEntityOfPage":{"@id":"https:\/\/balkangreenenergynews.com\/rs\/slovenija-izradila-prvu-procenu-klimatske-ranjivosti-i-rizika-energetskog-sektora\/"},"wordCount":456,"commentCount":0,"image":{"@id":"https:\/\/balkangreenenergynews.com\/rs\/slovenija-izradila-prvu-procenu-klimatske-ranjivosti-i-rizika-energetskog-sektora\/#primaryimage"},"thumbnailUrl":"https:\/\/balkangreenenergynews.com\/rs\/wp-content\/uploads\/2025\/12\/slovenija-klimatska-ranjivost-energetika-studija.jpg?wsr","keywords":["distributivna mre\u017ea","ekstremne vru\u0107ine","elektri\u010dna energija","klimatske promene","klimatski rizici","poplave","Slovenija","toplotni talasi"],"articleSection":["Elektri\u010dna energija","Klimatske promene","Vesti"],"inLanguage":"sr-RS","potentialAction":[{"@type":"CommentAction","name":"Comment","target":["https:\/\/balkangreenenergynews.com\/rs\/slovenija-izradila-prvu-procenu-klimatske-ranjivosti-i-rizika-energetskog-sektora\/#respond"]}]},{"@type":"WebPage","@id":"https:\/\/balkangreenenergynews.com\/rs\/slovenija-izradila-prvu-procenu-klimatske-ranjivosti-i-rizika-energetskog-sektora\/","url":"https:\/\/balkangreenenergynews.com\/rs\/slovenija-izradila-prvu-procenu-klimatske-ranjivosti-i-rizika-energetskog-sektora\/","name":"Slovenija izradila prvu procenu klimatske ranjivosti i rizika energetskog sektora","isPartOf":{"@id":"https:\/\/balkangreenenergynews.com\/rs\/#website"},"primaryImageOfPage":{"@id":"https:\/\/balkangreenenergynews.com\/rs\/slovenija-izradila-prvu-procenu-klimatske-ranjivosti-i-rizika-energetskog-sektora\/#primaryimage"},"image":{"@id":"https:\/\/balkangreenenergynews.com\/rs\/slovenija-izradila-prvu-procenu-klimatske-ranjivosti-i-rizika-energetskog-sektora\/#primaryimage"},"thumbnailUrl":"https:\/\/balkangreenenergynews.com\/rs\/wp-content\/uploads\/2025\/12\/slovenija-klimatska-ranjivost-energetika-studija.jpg?wsr","datePublished":"2025-12-11T18:21:19+00:00","dateModified":"2025-12-12T14:26:16+00:00","author":{"@id":"https:\/\/balkangreenenergynews.com\/rs\/#\/schema\/person\/99dc721c46113fea22caffad06ef7317"},"description":"Procenu je uradilo Ministarstvo za \u017eivotnu sredinu, klimu i energetiku, u saradnji sa Institutom \"Jo\u017eef Stefan\"","breadcrumb":{"@id":"https:\/\/balkangreenenergynews.com\/rs\/slovenija-izradila-prvu-procenu-klimatske-ranjivosti-i-rizika-energetskog-sektora\/#breadcrumb"},"inLanguage":"sr-RS","potentialAction":[{"@type":"ReadAction","target":["https:\/\/balkangreenenergynews.com\/rs\/slovenija-izradila-prvu-procenu-klimatske-ranjivosti-i-rizika-energetskog-sektora\/"]}]},{"@type":"ImageObject","inLanguage":"sr-RS","@id":"https:\/\/balkangreenenergynews.com\/rs\/slovenija-izradila-prvu-procenu-klimatske-ranjivosti-i-rizika-energetskog-sektora\/#primaryimage","url":"https:\/\/balkangreenenergynews.com\/rs\/wp-content\/uploads\/2025\/12\/slovenija-klimatska-ranjivost-energetika-studija.jpg?wsr","contentUrl":"https:\/\/balkangreenenergynews.com\/rs\/wp-content\/uploads\/2025\/12\/slovenija-klimatska-ranjivost-energetika-studija.jpg?wsr","width":840,"height":430,"caption":"slovenija klimatska ranjivost energetika studija"},{"@type":"BreadcrumbList","@id":"https:\/\/balkangreenenergynews.com\/rs\/slovenija-izradila-prvu-procenu-klimatske-ranjivosti-i-rizika-energetskog-sektora\/#breadcrumb","itemListElement":[{"@type":"ListItem","position":1,"name":"Po\u010detna","item":"https:\/\/balkangreenenergynews.com\/rs\/"},{"@type":"ListItem","position":2,"name":"Vesti","item":"https:\/\/balkangreenenergynews.com\/rs\/kategorija\/vesti\/"},{"@type":"ListItem","position":3,"name":"Slovenija izradila prvu procenu klimatske ranjivosti i rizika energetskog sektora"}]},{"@type":"WebSite","@id":"https:\/\/balkangreenenergynews.com\/rs\/#website","url":"https:\/\/balkangreenenergynews.com\/rs\/","name":"Balkan Green Energy News","description":"Naj\u0161iri izbor vesti sa Balkana o zelenoj energiji","potentialAction":[{"@type":"SearchAction","target":{"@type":"EntryPoint","urlTemplate":"https:\/\/balkangreenenergynews.com\/rs\/?s={search_term_string}"},"query-input":{"@type":"PropertyValueSpecification","valueRequired":true,"valueName":"search_term_string"}}],"inLanguage":"sr-RS"},{"@type":"Person","@id":"https:\/\/balkangreenenergynews.com\/rs\/#\/schema\/person\/99dc721c46113fea22caffad06ef7317","name":"Vladimir Spasi\u0107","url":"https:\/\/balkangreenenergynews.com\/rs\/author\/vladimir-spasic\/"}]}},"_links":{"self":[{"href":"https:\/\/balkangreenenergynews.com\/rs\/wp-json\/wp\/v2\/posts\/87791","targetHints":{"allow":["GET"]}}],"collection":[{"href":"https:\/\/balkangreenenergynews.com\/rs\/wp-json\/wp\/v2\/posts"}],"about":[{"href":"https:\/\/balkangreenenergynews.com\/rs\/wp-json\/wp\/v2\/types\/post"}],"author":[{"embeddable":true,"href":"https:\/\/balkangreenenergynews.com\/rs\/wp-json\/wp\/v2\/users\/23"}],"replies":[{"embeddable":true,"href":"https:\/\/balkangreenenergynews.com\/rs\/wp-json\/wp\/v2\/comments?post=87791"}],"version-history":[{"count":0,"href":"https:\/\/balkangreenenergynews.com\/rs\/wp-json\/wp\/v2\/posts\/87791\/revisions"}],"wp:featuredmedia":[{"embeddable":true,"href":"https:\/\/balkangreenenergynews.com\/rs\/wp-json\/wp\/v2\/media\/87793"}],"wp:attachment":[{"href":"https:\/\/balkangreenenergynews.com\/rs\/wp-json\/wp\/v2\/media?parent=87791"}],"wp:term":[{"taxonomy":"category","embeddable":true,"href":"https:\/\/balkangreenenergynews.com\/rs\/wp-json\/wp\/v2\/categories?post=87791"},{"taxonomy":"post_tag","embeddable":true,"href":"https:\/\/balkangreenenergynews.com\/rs\/wp-json\/wp\/v2\/tags?post=87791"}],"curies":[{"name":"wp","href":"https:\/\/api.w.org\/{rel}","templated":true}]}}