{"id":87778,"date":"2025-12-11T17:23:59","date_gmt":"2025-12-11T16:23:59","guid":{"rendered":"https:\/\/balkangreenenergynews.com\/rs\/?p=87778"},"modified":"2025-12-11T17:23:59","modified_gmt":"2025-12-11T16:23:59","slug":"vucic-se-nada-podrsci-eu-zbog-straha-oko-nafte","status":"publish","type":"post","link":"https:\/\/balkangreenenergynews.com\/rs\/vucic-se-nada-podrsci-eu-zbog-straha-oko-nafte\/","title":{"rendered":"Vu\u010di\u0107 se nada podr\u0161ci EU zbog straha oko nafte"},"content":{"rendered":"<h2>Odbrojavaju se dani i sati do obustave NIS-ovog poslovanja zbog sankcija Sjedinjenih Dr\u017eava, a predsednik Srbije Aleksandar Vu\u010di\u0107 se u Briselu sastao s liderima EU Antoniom Kostom i Ursulom fon der Lajen. &#8222;Nemam veliki strah oko gasa, koliki imam oko nafte&#8220;, otkrio je i kazao da su razgovarali o mogu\u0107nostima za uvoz derivata iz Rumunije, Bugarske i okolnih zemalja. Kosta i Fon der Lajen su poru\u010dili da Srbija treba vi\u0161e da se uskladi sa spoljnom i bezbednosnom politikom EU.<\/h2>\n<p>Srbija dva meseca nije primila ni kap nafte, podsetio je predsednik Srbije Aleksandar Vu\u010di\u0107, obra\u0107aju\u0107i se medijima u Briselu nakon \u0161to se sreo s predsednikom Evropskog saveta Antoniom Kostom i predsednicom Evropske komisije Ursulom fon der Lajen. Jedina rafinerija u zemlji je u vlasni\u0161tvu <a href=\"https:\/\/balkangreenenergynews.com\/rs\/mol-pregovara-o-kupovini-udela-u-nis-u\/\">NIS-a,<\/a> kojeg ruski dr\u017eavni Gazprom kontroli\u0161e preko dve svoje firme \u0107erke. Budu\u0107i da je prestao da dobija naftu kada su sankcije Sjedinjenih Dr\u017eava stupile na snagu, ovaj kompleks je nedavno obustavio proizvodnju.<\/p>\n<p>Po svemu sude\u0107i, nema napretka u razgovorima o prodaji Gazpromovog udela. Vlasti o\u010dekuju da \u0107e u roku od par dana morati potpuno da blokiraju NIS, kako finansijski sistem ne bi do\u0161ao pod udar sekundarnih sankcija.<\/p>\n<blockquote><p>NIS i Lukoil zajedno dr\u017ee vi\u0161e od \u010detvrtine benzinskih stanica u Srbiji<\/p><\/blockquote>\n<p>Ova kompanija, prisutna i u nekim susednim zemljama, isporu\u010divala je 80 odsto derivata na doma\u0107em tr\u017ei\u0161tu. Pored toga, petina benzinskih pumpi u zemlji je pod brendovima NIS i Gazprom. Zajedno sa ruskim Lukoilom, udeo je ve\u0107i od \u010detvrtine. Ta kompanija je tako\u0111e pod ameri\u010dkim sankcijama, mada \u0107e mo\u0107i da radi skoro do kraja aprila.<\/p>\n<h3>Vu\u010di\u0107: Samo \u0107e biti te\u017ee svakog narednog dana<\/h3>\n<p>Vu\u010di\u0107 je naveo da je sa Kostom i Ursulom fon der Lajen razgovarao o klju\u010dnim energetskim brigama Srbije. &#8222;Ve\u0107 danas nama nije lako, a samo \u0107e biti te\u017ee svakog narednog dana&#8230; Nemam veliki strah oko gasa, koliki imam oko nafte. Naravno da imam strah kao odgovoran \u010dovek. Uvek imam strah, ali tra\u017eili smo re\u0161enja i radili smo na tome i nadam se da \u0107emo imati podr\u0161ku EU u tim veoma va\u017enim stvarima&#8220;, izjavio je.<\/p>\n<p>Ina\u010de, Srbija je <a href=\"https:\/\/balkangreenenergynews.com\/rs\/srbija-odlucuje-da-li-ce-nacionalizovati-nis\/\">zavisna od ruskog gasa i njegovog tranzita kroz Bugarsku.<\/a> Plavo gorivo dolazi kroz cevovod Balkanski tok, koji se nastavlja na Turski tok. U slu\u010daju nacionalizacije NIS-a, Kremlj bi mogao da sre\u017ee ili \u010dak prekine isporuke. Srbija taj gas kupuje u kratkoro\u010dnim aran\u017emanima jo\u0161 od maja. U me\u0111uvremenu, EU je uvela mere za <a href=\"https:\/\/balkangreenenergynews.com\/rs\/evropska-komisija-zabrana-ruskog-gasa-u-eu-ne-odnosi-se-na-tranzit-za-srbiju-i-bih\/\">obustavu najve\u0107eg dela snabdevanja iz Rusije<\/a> ve\u0107 slede\u0107e godine.<\/p>\n<p>Po predsednikovim re\u010dima, na sastanku je diskutovano o mogu\u0107nostima uvoza derivata iz Rumunije, Bugarske i drugih okolnih zemalja.<\/p>\n<p>Tema je bila i gde Srbija da gradi gasovode i naftovode, dodao je Vu\u010di\u0107 i nagovestio da bi moglo biti projekata i za produktovode. Pomenuo je mogu\u0107nost da se na taj na\u010din doprema dizel-gorivo iz rumunskog lu\u010dkog grada Konstance. U njegovoj blizini je i rafinerija Petromidia kompanije Rompetrol, \u010diji je stoodstotni vlasnik kaza\u0161ki dr\u017eavni KazMunayGas (KMG).<\/p>\n<p>Vu\u010di\u0107 je kazao da je sa pomenuto dvoje najvi\u0161ih zvani\u010dnika govorio i o planu o gasnom interkonektoru sa Severnom Makedonijom.<\/p>\n<h3>Dvoje najvi\u0161ih zvani\u010dnika EU tvrde da je taj blok konzistentno solidaran sa Srbijom<\/h3>\n<p>Kosta i Fon der Lajen su o susretu s predsednikom Srbije objavili kratke i su\u0161tinski identi\u010dne poruke. Naveli su da je va\u017eno da se reforme u zemlji ubrzaju i to konkretno u domenu vladavine prava i slobodnih medija.<\/p>\n<p>&#8222;Naglasili smo da je pro\u0161irenje geostrate\u0161ki imperativ kao i potrebu da se Srbija dalje uskladi sa spoljnom i bezbednosnom politikom EU. Tako\u0111e smo pozdravili korake Srbije ka diverzifikaciji svojih izvora energije i umanjivanju zavisnosti od Rusije, \u010dija je nepouzdanost uzastopno demonstrirana. Evropa je do sada konzistentno pokazivala solidarnost sa Srbijom putem velikih investicija u energetsku infrastrukturu i podr\u0161ke ugro\u017eenim doma\u0107instvima&#8220;, napisali su na dru\u0161tvenim medijima.<\/p>\n<p>Fon der Lajen je pre dva meseca izjavila da je <a href=\"https:\/\/balkangreenenergynews.com\/rs\/fon-der-lajen-eu-je-garancija-da-porodicama-u-srbiji-zimi-bude-toplo\/\">EU garancija da \u0107e porodice u Srbiji biti sigurne i da \u0107e im zimi biti toplo<\/a> te da je ova zemlja dobrodo\u0161la da se priklju\u010di zajedni\u010dkom mehanizmu EU za nabavku gasa.<\/p>\n","protected":false},"excerpt":{"rendered":"<p>Predsednik Srbije Aleksandar Vu\u010di\u0107 se pred o\u010dekivanu blokadu rada NIS-a sastao s liderima EU Antoniom Kostom i Ursulom fon der Lajen<\/p>\n","protected":false},"author":27,"featured_media":87780,"comment_status":"open","ping_status":"open","sticky":false,"template":"","format":"standard","meta":{"_acf_changed":false,"_monsterinsights_skip_tracking":false,"_monsterinsights_sitenote_active":false,"_monsterinsights_sitenote_note":"","_monsterinsights_sitenote_category":0,"footnotes":""},"categories":[6295],"tags":[988,6177,779,2751,3670,6415,7331,5992,701,5490,5832],"class_list":["post-87778","post","type-post","status-publish","format-standard","has-post-thumbnail","hentry","category-energetska-kriza","tag-aleksandar-vucic","tag-energetska-kriza","tag-fosilna-goriva","tag-gas","tag-gazprom","tag-izjava-dana","tag-lukoil","tag-nafta","tag-nis","tag-prirodni-gas","tag-ursula-von-der-leyen","country-regioneu","country-srbija"],"acf":[],"yoast_head":"<!-- This site is optimized with the Yoast SEO plugin v27.4 - https:\/\/yoast.com\/product\/yoast-seo-wordpress\/ -->\n<title>Vu\u010di\u0107 se nada podr\u0161ci EU zbog straha oko nafte<\/title>\n<meta name=\"description\" content=\"Predsednik Srbije Aleksandar Vu\u010di\u0107 se pred o\u010dekivanu blokadu rada NIS-a sastao s liderima EU Antoniom Kostom i Ursulom fon der Lajen.\" \/>\n<meta name=\"robots\" content=\"index, follow, max-snippet:-1, max-image-preview:large, max-video-preview:-1\" \/>\n<link rel=\"canonical\" href=\"https:\/\/balkangreenenergynews.com\/rs\/vucic-se-nada-podrsci-eu-zbog-straha-oko-nafte\/\" \/>\n<meta property=\"og:locale\" content=\"sr_RS\" \/>\n<meta property=\"og:type\" content=\"article\" \/>\n<meta property=\"og:title\" content=\"Vu\u010di\u0107 se nada podr\u0161ci EU zbog straha oko nafte\" \/>\n<meta property=\"og:description\" content=\"Predsednik Srbije Aleksandar Vu\u010di\u0107 se pred o\u010dekivanu blokadu rada NIS-a sastao s liderima EU Antoniom Kostom i Ursulom fon der Lajen.\" \/>\n<meta property=\"og:url\" content=\"https:\/\/balkangreenenergynews.com\/rs\/vucic-se-nada-podrsci-eu-zbog-straha-oko-nafte\/\" \/>\n<meta property=\"og:site_name\" content=\"Balkan Green Energy News\" \/>\n<meta property=\"article:published_time\" content=\"2025-12-11T16:23:59+00:00\" \/>\n<meta property=\"og:image\" content=\"https:\/\/balkangreenenergynews.com\/rs\/wp-content\/uploads\/2025\/12\/Vucic-se-nada-podrsci-EU-zbog-straha-oko-nafte.jpg?wsr\" \/>\n\t<meta property=\"og:image:width\" content=\"840\" \/>\n\t<meta property=\"og:image:height\" content=\"430\" \/>\n\t<meta property=\"og:image:type\" content=\"image\/jpeg\" \/>\n<meta name=\"author\" content=\"Igor Todorovi\u0107\" \/>\n<meta name=\"twitter:card\" content=\"summary_large_image\" \/>\n<meta name=\"twitter:label1\" content=\"\u041d\u0430\u043f\u0438\u0441\u0430\u043d\u043e \u043e\u0434\" \/>\n\t<meta name=\"twitter:data1\" content=\"Igor Todorovi\u0107\" \/>\n\t<meta name=\"twitter:label2\" content=\"\u041f\u0440\u043e\u0446\u0435\u045a\u0435\u043d\u043e \u0432\u0440\u0435\u043c\u0435 \u0447\u0438\u0442\u0430\u045a\u0430\" \/>\n\t<meta name=\"twitter:data2\" content=\"4 \u043c\u0438\u043d\u0443\u0442\u0430\" \/>\n<script type=\"application\/ld+json\" class=\"yoast-schema-graph\">{\"@context\":\"https:\\\/\\\/schema.org\",\"@graph\":[{\"@type\":\"Article\",\"@id\":\"https:\\\/\\\/balkangreenenergynews.com\\\/rs\\\/vucic-se-nada-podrsci-eu-zbog-straha-oko-nafte\\\/#article\",\"isPartOf\":{\"@id\":\"https:\\\/\\\/balkangreenenergynews.com\\\/rs\\\/vucic-se-nada-podrsci-eu-zbog-straha-oko-nafte\\\/\"},\"author\":{\"name\":\"Igor Todorovi\u0107\",\"@id\":\"https:\\\/\\\/balkangreenenergynews.com\\\/rs\\\/#\\\/schema\\\/person\\\/d8f80a244c4e9f2b55e4f6968c253246\"},\"headline\":\"Vu\u010di\u0107 se nada podr\u0161ci EU zbog straha oko nafte\",\"datePublished\":\"2025-12-11T16:23:59+00:00\",\"mainEntityOfPage\":{\"@id\":\"https:\\\/\\\/balkangreenenergynews.com\\\/rs\\\/vucic-se-nada-podrsci-eu-zbog-straha-oko-nafte\\\/\"},\"wordCount\":732,\"commentCount\":0,\"image\":{\"@id\":\"https:\\\/\\\/balkangreenenergynews.com\\\/rs\\\/vucic-se-nada-podrsci-eu-zbog-straha-oko-nafte\\\/#primaryimage\"},\"thumbnailUrl\":\"https:\\\/\\\/balkangreenenergynews.com\\\/rs\\\/wp-content\\\/uploads\\\/2025\\\/12\\\/Vucic-se-nada-podrsci-EU-zbog-straha-oko-nafte.jpg?wsr\",\"keywords\":[\"Aleksandar Vu\u010di\u0107\",\"energetska kriza\",\"fosilna goriva\",\"gas\",\"Gazprom\",\"Izjava dana\",\"Lukoil\",\"nafta\",\"NIS\",\"prirodni gas\",\"Ursula von der Leyen\"],\"articleSection\":[\"Energetska kriza\"],\"inLanguage\":\"sr-RS\",\"potentialAction\":[{\"@type\":\"CommentAction\",\"name\":\"Comment\",\"target\":[\"https:\\\/\\\/balkangreenenergynews.com\\\/rs\\\/vucic-se-nada-podrsci-eu-zbog-straha-oko-nafte\\\/#respond\"]}]},{\"@type\":\"WebPage\",\"@id\":\"https:\\\/\\\/balkangreenenergynews.com\\\/rs\\\/vucic-se-nada-podrsci-eu-zbog-straha-oko-nafte\\\/\",\"url\":\"https:\\\/\\\/balkangreenenergynews.com\\\/rs\\\/vucic-se-nada-podrsci-eu-zbog-straha-oko-nafte\\\/\",\"name\":\"Vu\u010di\u0107 se nada podr\u0161ci EU zbog straha oko nafte\",\"isPartOf\":{\"@id\":\"https:\\\/\\\/balkangreenenergynews.com\\\/rs\\\/#website\"},\"primaryImageOfPage\":{\"@id\":\"https:\\\/\\\/balkangreenenergynews.com\\\/rs\\\/vucic-se-nada-podrsci-eu-zbog-straha-oko-nafte\\\/#primaryimage\"},\"image\":{\"@id\":\"https:\\\/\\\/balkangreenenergynews.com\\\/rs\\\/vucic-se-nada-podrsci-eu-zbog-straha-oko-nafte\\\/#primaryimage\"},\"thumbnailUrl\":\"https:\\\/\\\/balkangreenenergynews.com\\\/rs\\\/wp-content\\\/uploads\\\/2025\\\/12\\\/Vucic-se-nada-podrsci-EU-zbog-straha-oko-nafte.jpg?wsr\",\"datePublished\":\"2025-12-11T16:23:59+00:00\",\"author\":{\"@id\":\"https:\\\/\\\/balkangreenenergynews.com\\\/rs\\\/#\\\/schema\\\/person\\\/d8f80a244c4e9f2b55e4f6968c253246\"},\"description\":\"Predsednik Srbije Aleksandar Vu\u010di\u0107 se pred o\u010dekivanu blokadu rada NIS-a sastao s liderima EU Antoniom Kostom i Ursulom fon der Lajen.\",\"breadcrumb\":{\"@id\":\"https:\\\/\\\/balkangreenenergynews.com\\\/rs\\\/vucic-se-nada-podrsci-eu-zbog-straha-oko-nafte\\\/#breadcrumb\"},\"inLanguage\":\"sr-RS\",\"potentialAction\":[{\"@type\":\"ReadAction\",\"target\":[\"https:\\\/\\\/balkangreenenergynews.com\\\/rs\\\/vucic-se-nada-podrsci-eu-zbog-straha-oko-nafte\\\/\"]}]},{\"@type\":\"ImageObject\",\"inLanguage\":\"sr-RS\",\"@id\":\"https:\\\/\\\/balkangreenenergynews.com\\\/rs\\\/vucic-se-nada-podrsci-eu-zbog-straha-oko-nafte\\\/#primaryimage\",\"url\":\"https:\\\/\\\/balkangreenenergynews.com\\\/rs\\\/wp-content\\\/uploads\\\/2025\\\/12\\\/Vucic-se-nada-podrsci-EU-zbog-straha-oko-nafte.jpg?wsr\",\"contentUrl\":\"https:\\\/\\\/balkangreenenergynews.com\\\/rs\\\/wp-content\\\/uploads\\\/2025\\\/12\\\/Vucic-se-nada-podrsci-EU-zbog-straha-oko-nafte.jpg?wsr\",\"width\":840,\"height\":430,\"caption\":\"Vucic se nada podrsci EU zbog straha oko nafte\"},{\"@type\":\"BreadcrumbList\",\"@id\":\"https:\\\/\\\/balkangreenenergynews.com\\\/rs\\\/vucic-se-nada-podrsci-eu-zbog-straha-oko-nafte\\\/#breadcrumb\",\"itemListElement\":[{\"@type\":\"ListItem\",\"position\":1,\"name\":\"Po\u010detna\",\"item\":\"https:\\\/\\\/balkangreenenergynews.com\\\/rs\\\/\"},{\"@type\":\"ListItem\",\"position\":2,\"name\":\"Energetska kriza\",\"item\":\"https:\\\/\\\/balkangreenenergynews.com\\\/rs\\\/kategorija\\\/energetska-kriza\\\/\"},{\"@type\":\"ListItem\",\"position\":3,\"name\":\"Vu\u010di\u0107 se nada podr\u0161ci EU zbog straha oko nafte\"}]},{\"@type\":\"WebSite\",\"@id\":\"https:\\\/\\\/balkangreenenergynews.com\\\/rs\\\/#website\",\"url\":\"https:\\\/\\\/balkangreenenergynews.com\\\/rs\\\/\",\"name\":\"Balkan Green Energy News\",\"description\":\"Naj\u0161iri izbor vesti sa Balkana o zelenoj energiji\",\"potentialAction\":[{\"@type\":\"SearchAction\",\"target\":{\"@type\":\"EntryPoint\",\"urlTemplate\":\"https:\\\/\\\/balkangreenenergynews.com\\\/rs\\\/?s={search_term_string}\"},\"query-input\":{\"@type\":\"PropertyValueSpecification\",\"valueRequired\":true,\"valueName\":\"search_term_string\"}}],\"inLanguage\":\"sr-RS\"},{\"@type\":\"Person\",\"@id\":\"https:\\\/\\\/balkangreenenergynews.com\\\/rs\\\/#\\\/schema\\\/person\\\/d8f80a244c4e9f2b55e4f6968c253246\",\"name\":\"Igor Todorovi\u0107\",\"url\":\"https:\\\/\\\/balkangreenenergynews.com\\\/rs\\\/author\\\/igor-todorovic\\\/\"}]}<\/script>\n<!-- \/ Yoast SEO plugin. -->","yoast_head_json":{"title":"Vu\u010di\u0107 se nada podr\u0161ci EU zbog straha oko nafte","description":"Predsednik Srbije Aleksandar Vu\u010di\u0107 se pred o\u010dekivanu blokadu rada NIS-a sastao s liderima EU Antoniom Kostom i Ursulom fon der Lajen.","robots":{"index":"index","follow":"follow","max-snippet":"max-snippet:-1","max-image-preview":"max-image-preview:large","max-video-preview":"max-video-preview:-1"},"canonical":"https:\/\/balkangreenenergynews.com\/rs\/vucic-se-nada-podrsci-eu-zbog-straha-oko-nafte\/","og_locale":"sr_RS","og_type":"article","og_title":"Vu\u010di\u0107 se nada podr\u0161ci EU zbog straha oko nafte","og_description":"Predsednik Srbije Aleksandar Vu\u010di\u0107 se pred o\u010dekivanu blokadu rada NIS-a sastao s liderima EU Antoniom Kostom i Ursulom fon der Lajen.","og_url":"https:\/\/balkangreenenergynews.com\/rs\/vucic-se-nada-podrsci-eu-zbog-straha-oko-nafte\/","og_site_name":"Balkan Green Energy News","article_published_time":"2025-12-11T16:23:59+00:00","og_image":[{"width":840,"height":430,"url":"https:\/\/balkangreenenergynews.com\/rs\/wp-content\/uploads\/2025\/12\/Vucic-se-nada-podrsci-EU-zbog-straha-oko-nafte.jpg?wsr","type":"image\/jpeg"}],"author":"Igor Todorovi\u0107","twitter_card":"summary_large_image","twitter_misc":{"\u041d\u0430\u043f\u0438\u0441\u0430\u043d\u043e \u043e\u0434":"Igor Todorovi\u0107","\u041f\u0440\u043e\u0446\u0435\u045a\u0435\u043d\u043e \u0432\u0440\u0435\u043c\u0435 \u0447\u0438\u0442\u0430\u045a\u0430":"4 \u043c\u0438\u043d\u0443\u0442\u0430"},"schema":{"@context":"https:\/\/schema.org","@graph":[{"@type":"Article","@id":"https:\/\/balkangreenenergynews.com\/rs\/vucic-se-nada-podrsci-eu-zbog-straha-oko-nafte\/#article","isPartOf":{"@id":"https:\/\/balkangreenenergynews.com\/rs\/vucic-se-nada-podrsci-eu-zbog-straha-oko-nafte\/"},"author":{"name":"Igor Todorovi\u0107","@id":"https:\/\/balkangreenenergynews.com\/rs\/#\/schema\/person\/d8f80a244c4e9f2b55e4f6968c253246"},"headline":"Vu\u010di\u0107 se nada podr\u0161ci EU zbog straha oko nafte","datePublished":"2025-12-11T16:23:59+00:00","mainEntityOfPage":{"@id":"https:\/\/balkangreenenergynews.com\/rs\/vucic-se-nada-podrsci-eu-zbog-straha-oko-nafte\/"},"wordCount":732,"commentCount":0,"image":{"@id":"https:\/\/balkangreenenergynews.com\/rs\/vucic-se-nada-podrsci-eu-zbog-straha-oko-nafte\/#primaryimage"},"thumbnailUrl":"https:\/\/balkangreenenergynews.com\/rs\/wp-content\/uploads\/2025\/12\/Vucic-se-nada-podrsci-EU-zbog-straha-oko-nafte.jpg?wsr","keywords":["Aleksandar Vu\u010di\u0107","energetska kriza","fosilna goriva","gas","Gazprom","Izjava dana","Lukoil","nafta","NIS","prirodni gas","Ursula von der Leyen"],"articleSection":["Energetska kriza"],"inLanguage":"sr-RS","potentialAction":[{"@type":"CommentAction","name":"Comment","target":["https:\/\/balkangreenenergynews.com\/rs\/vucic-se-nada-podrsci-eu-zbog-straha-oko-nafte\/#respond"]}]},{"@type":"WebPage","@id":"https:\/\/balkangreenenergynews.com\/rs\/vucic-se-nada-podrsci-eu-zbog-straha-oko-nafte\/","url":"https:\/\/balkangreenenergynews.com\/rs\/vucic-se-nada-podrsci-eu-zbog-straha-oko-nafte\/","name":"Vu\u010di\u0107 se nada podr\u0161ci EU zbog straha oko nafte","isPartOf":{"@id":"https:\/\/balkangreenenergynews.com\/rs\/#website"},"primaryImageOfPage":{"@id":"https:\/\/balkangreenenergynews.com\/rs\/vucic-se-nada-podrsci-eu-zbog-straha-oko-nafte\/#primaryimage"},"image":{"@id":"https:\/\/balkangreenenergynews.com\/rs\/vucic-se-nada-podrsci-eu-zbog-straha-oko-nafte\/#primaryimage"},"thumbnailUrl":"https:\/\/balkangreenenergynews.com\/rs\/wp-content\/uploads\/2025\/12\/Vucic-se-nada-podrsci-EU-zbog-straha-oko-nafte.jpg?wsr","datePublished":"2025-12-11T16:23:59+00:00","author":{"@id":"https:\/\/balkangreenenergynews.com\/rs\/#\/schema\/person\/d8f80a244c4e9f2b55e4f6968c253246"},"description":"Predsednik Srbije Aleksandar Vu\u010di\u0107 se pred o\u010dekivanu blokadu rada NIS-a sastao s liderima EU Antoniom Kostom i Ursulom fon der Lajen.","breadcrumb":{"@id":"https:\/\/balkangreenenergynews.com\/rs\/vucic-se-nada-podrsci-eu-zbog-straha-oko-nafte\/#breadcrumb"},"inLanguage":"sr-RS","potentialAction":[{"@type":"ReadAction","target":["https:\/\/balkangreenenergynews.com\/rs\/vucic-se-nada-podrsci-eu-zbog-straha-oko-nafte\/"]}]},{"@type":"ImageObject","inLanguage":"sr-RS","@id":"https:\/\/balkangreenenergynews.com\/rs\/vucic-se-nada-podrsci-eu-zbog-straha-oko-nafte\/#primaryimage","url":"https:\/\/balkangreenenergynews.com\/rs\/wp-content\/uploads\/2025\/12\/Vucic-se-nada-podrsci-EU-zbog-straha-oko-nafte.jpg?wsr","contentUrl":"https:\/\/balkangreenenergynews.com\/rs\/wp-content\/uploads\/2025\/12\/Vucic-se-nada-podrsci-EU-zbog-straha-oko-nafte.jpg?wsr","width":840,"height":430,"caption":"Vucic se nada podrsci EU zbog straha oko nafte"},{"@type":"BreadcrumbList","@id":"https:\/\/balkangreenenergynews.com\/rs\/vucic-se-nada-podrsci-eu-zbog-straha-oko-nafte\/#breadcrumb","itemListElement":[{"@type":"ListItem","position":1,"name":"Po\u010detna","item":"https:\/\/balkangreenenergynews.com\/rs\/"},{"@type":"ListItem","position":2,"name":"Energetska kriza","item":"https:\/\/balkangreenenergynews.com\/rs\/kategorija\/energetska-kriza\/"},{"@type":"ListItem","position":3,"name":"Vu\u010di\u0107 se nada podr\u0161ci EU zbog straha oko nafte"}]},{"@type":"WebSite","@id":"https:\/\/balkangreenenergynews.com\/rs\/#website","url":"https:\/\/balkangreenenergynews.com\/rs\/","name":"Balkan Green Energy News","description":"Naj\u0161iri izbor vesti sa Balkana o zelenoj energiji","potentialAction":[{"@type":"SearchAction","target":{"@type":"EntryPoint","urlTemplate":"https:\/\/balkangreenenergynews.com\/rs\/?s={search_term_string}"},"query-input":{"@type":"PropertyValueSpecification","valueRequired":true,"valueName":"search_term_string"}}],"inLanguage":"sr-RS"},{"@type":"Person","@id":"https:\/\/balkangreenenergynews.com\/rs\/#\/schema\/person\/d8f80a244c4e9f2b55e4f6968c253246","name":"Igor Todorovi\u0107","url":"https:\/\/balkangreenenergynews.com\/rs\/author\/igor-todorovic\/"}]}},"_links":{"self":[{"href":"https:\/\/balkangreenenergynews.com\/rs\/wp-json\/wp\/v2\/posts\/87778","targetHints":{"allow":["GET"]}}],"collection":[{"href":"https:\/\/balkangreenenergynews.com\/rs\/wp-json\/wp\/v2\/posts"}],"about":[{"href":"https:\/\/balkangreenenergynews.com\/rs\/wp-json\/wp\/v2\/types\/post"}],"author":[{"embeddable":true,"href":"https:\/\/balkangreenenergynews.com\/rs\/wp-json\/wp\/v2\/users\/27"}],"replies":[{"embeddable":true,"href":"https:\/\/balkangreenenergynews.com\/rs\/wp-json\/wp\/v2\/comments?post=87778"}],"version-history":[{"count":0,"href":"https:\/\/balkangreenenergynews.com\/rs\/wp-json\/wp\/v2\/posts\/87778\/revisions"}],"wp:featuredmedia":[{"embeddable":true,"href":"https:\/\/balkangreenenergynews.com\/rs\/wp-json\/wp\/v2\/media\/87780"}],"wp:attachment":[{"href":"https:\/\/balkangreenenergynews.com\/rs\/wp-json\/wp\/v2\/media?parent=87778"}],"wp:term":[{"taxonomy":"category","embeddable":true,"href":"https:\/\/balkangreenenergynews.com\/rs\/wp-json\/wp\/v2\/categories?post=87778"},{"taxonomy":"post_tag","embeddable":true,"href":"https:\/\/balkangreenenergynews.com\/rs\/wp-json\/wp\/v2\/tags?post=87778"}],"curies":[{"name":"wp","href":"https:\/\/api.w.org\/{rel}","templated":true}]}}