{"id":87774,"date":"2025-12-11T14:28:35","date_gmt":"2025-12-11T13:28:35","guid":{"rendered":"https:\/\/balkangreenenergynews.com\/rs\/?p=87774"},"modified":"2025-12-15T11:19:20","modified_gmt":"2025-12-15T10:19:20","slug":"nemacka-pokrece-trziste-usluga-inercije-baterije-zamenjuju-termoelektrane-u-stabilizaciji-sistema","status":"publish","type":"post","link":"https:\/\/balkangreenenergynews.com\/rs\/nemacka-pokrece-trziste-usluga-inercije-baterije-zamenjuju-termoelektrane-u-stabilizaciji-sistema\/","title":{"rendered":"Nema\u010dka pokre\u0107e tr\u017ei\u0161te usluga inercije &#8211; baterije zamenjuju termoelektrane u stabilizaciji sistema"},"content":{"rendered":"<h2>Nema\u010dka \u0107e slede\u0107e godine pokrenuti tr\u017ei\u0161te usluga inercije, \u0161to \u0107e biti prilika za dodatne prihode vlasnika baterijskih sistema za skladi\u0161tenje energije, ali i za stabilizaciju elektroenergetskog sistema u kojem ve\u0107inu elektri\u010dne energije proizvode varijabilni obnovljivi izvori.<\/h2>\n<p>Nema\u010dka \u0107e tako biti me\u0111u retkim zemljama u Evropi i svetu koje su krenule u uvo\u0111enje tr\u017ei\u0161ta usluga inercije. To su ve\u0107 po\u010dele da rade Irska, Velika Britanija i Sjedinjene Ameri\u010dke Dr\u017eave (SAD).<\/p>\n<p>Sve one suo\u010dene su sa sve ve\u0107im u\u010de\u0161\u0107em vetroparkova i solarnih elektrana u proizvodnji struje i smanjenjem proizvodnje iz termoelektrana, nuklearki, hidroelektrana, ili njihovim aztvaranjem. Jedna od posledica toga je smanjenje inercije u sistemu koju obezbe\u0111uju velike ma\u0161ine u termoelektranama, nuklearkama, hidroelektranama.<\/p>\n<blockquote><p>Nema\u010dka je ove godine vi\u0161e od polovine potro\u0161nje struje obezbedila iz obnovljivih izvora energije<\/p><\/blockquote>\n<p>Inercija je va\u017ena jer amortizuje iznenadne poreme\u0107aje u sistemu, kao \u0161to je ispadanje velikog proizvodnog kapaciteta ili rast potro\u0161nje. Na taj na\u010din usporava stopu promene frekvencije i omogu\u0107ava operatorima da aktiviraju druge mehanizme za stabilizaciju sistema.<\/p>\n<p>Nema\u010dka je iz elektrana na obnovljive izvore energije ove godine obezbedila rekordnih skoro 56 odsto bruto potro\u0161nje elektri\u010dne energije, prema preliminarnim podacima udru\u017eenja BDEW i istra\u017eiva\u010dkog instituta ZSW, preneo je <a href=\"https:\/\/www.cleanenergywire.org\/news\/germany-covers-nearly-56-percent-2025-electricity-use-renewables\">Clean Energy Wire<\/a>.<\/p>\n<p>Pre samo deset godina &#8211; 2015. taj udeo je bio oko 32 odsto.<\/p>\n<p><img loading=\"lazy\" decoding=\"async\" class=\" wp-image-87775 aligncenter\" src=\"https:\/\/balkangreenenergynews.com\/rs\/wp-content\/uploads\/2025\/12\/eu-evropa-nemacka-inercija-trziste-sistem-vetroelektrane-solar-termoelektrane.jpg\" alt=\"eu evropa nemacka inercija trziste sistem vetroelektrane solar termoelektrane\" width=\"632\" height=\"447\" srcset=\"https:\/\/balkangreenenergynews.com\/rs\/wp-content\/uploads\/2025\/12\/eu-evropa-nemacka-inercija-trziste-sistem-vetroelektrane-solar-termoelektrane.jpg 840w, https:\/\/balkangreenenergynews.com\/rs\/wp-content\/uploads\/2025\/12\/eu-evropa-nemacka-inercija-trziste-sistem-vetroelektrane-solar-termoelektrane-500x354.jpg 500w, https:\/\/balkangreenenergynews.com\/rs\/wp-content\/uploads\/2025\/12\/eu-evropa-nemacka-inercija-trziste-sistem-vetroelektrane-solar-termoelektrane-768x543.jpg 768w, https:\/\/balkangreenenergynews.com\/rs\/wp-content\/uploads\/2025\/12\/eu-evropa-nemacka-inercija-trziste-sistem-vetroelektrane-solar-termoelektrane-300x212.jpg 300w\" sizes=\"auto, (max-width: 632px) 100vw, 632px\" \/><\/p>\n<p>Svi pri\u010daju o inerciji, ali Nema\u010dka ne\u0161to preduzima povodom toga, naveo je <a href=\"https:\/\/modoenergy.com\/research\/en\/inertia-germany-market-prices-grid-forming-inverters-grid-frequency-stability-november-2025\">Modo Energy<\/a>, firma koja pru\u017ea podatke i informacije za sektor elektri\u010dne energije.<\/p>\n<p>Operatori prenosnih sistema c\u0301e od januara 2026. godine nuditi naknadu u vrednosti do 20 hiljada evra po MW godi\u0161nje, navodi firma.<\/p>\n<p>Ovo, smatraju, \u010dini Nema\u010dku zemljom koja me\u0111u prvima ulazi u razvoj ovog tr\u017ei\u0161ta i potencijalnim uzorom kako bi i druge dr\u017eave mogle da anga\u017euju baterije da obezebde stabilnost koju su nekada obezbe\u0111ivali termogeneratori.<\/p>\n<h3>Naknada \u0107e na po\u010detku biti visoka, a onda \u0107e se smanjivati<\/h3>\n<p>Advokatska kancelarija Herbert Smith Freehills Kramer nedavno je <a href=\"https:\/\/www.hsfkramer.com\/notes\/energy\/2025-posts\/germany-to-launch-inertia-service-market-in-2026-new-revenue-stream-for-grid-forming-bess\">objasnila<\/a> da \u0107e \u010detiri nema\u010dka operatera prenosnog sistema po\u010deti da nabavljaju usluge inercije usluge po modelu naknade sa fiksnom cenom. Time se, kako su dodali, otvara nova prilika za prihode baterijskih sistema za skladi\u0161tenje energije koji su sertifikovani kao sistemi koji formiraju mre\u017eu odnosno poseduju grid forming invertere.<\/p>\n<p>Nema\u010dki operatori prenosnih sistema 50Hertz Transmission, Amprion, TenneT TSO i TransnetBW c\u0301e sada pla\u0107ati postrojenjima, me\u0111u kojima su i baterije, za obezbe\u0111ivanje sinteti\u010dke inercije, naveo je Herbert Smith Freehills Kramer.<\/p>\n<p>O\u010dekuje se da c\u0301e prvi cenovnik biti objavljen do 28. januara 2026. godine, i va\u017ei\u0107e dve godine. Naknada \u0107e na po\u010detku biti visoka, a onda \u0107e se smanjivati kako bi se podstakao \u0161to ve\u0107i odziv na po\u010detku.<\/p>\n","protected":false},"excerpt":{"rendered":"<p>Nema\u010dka \u0107e tako biti me\u0111u retkim zemljama u Evropi i svetu koje su krenule u uvo\u0111enje tr\u017ei\u0161ta usluga inercije<\/p>\n","protected":false},"author":23,"featured_media":87776,"comment_status":"open","ping_status":"open","sticky":false,"template":"","format":"standard","meta":{"_acf_changed":false,"_monsterinsights_skip_tracking":false,"_monsterinsights_sitenote_active":false,"_monsterinsights_sitenote_note":"","_monsterinsights_sitenote_category":0,"footnotes":""},"categories":[504,1],"tags":[669,7342,7359,6799,647,7136],"class_list":["post-87774","post","type-post","status-publish","format-standard","has-post-thumbnail","hentry","category-elektricna-energija","category-obnovljivi-izvori-energije","tag-elektricna-energija","tag-energija","tag-inercija","tag-nemacka","tag-obnovljivi-izvori-energije","tag-pomocne-usluge","country-regioneu"],"acf":[],"yoast_head":"<!-- This site is optimized with the Yoast SEO plugin v27.4 - https:\/\/yoast.com\/product\/yoast-seo-wordpress\/ -->\n<title>Nema\u010dka pokre\u0107e tr\u017ei\u0161te usluga inercije - baterije zamenjuju termoelektrane u stabilizaciji sistema<\/title>\n<meta name=\"description\" content=\"Nema\u010dka \u0107e tako biti me\u0111u retkim zemljama u Evropi i svetu koje su krenule u uvo\u0111enje tr\u017ei\u0161ta usluga inercije\" \/>\n<meta name=\"robots\" content=\"index, follow, max-snippet:-1, max-image-preview:large, max-video-preview:-1\" \/>\n<link rel=\"canonical\" href=\"https:\/\/balkangreenenergynews.com\/rs\/nemacka-pokrece-trziste-usluga-inercije-baterije-zamenjuju-termoelektrane-u-stabilizaciji-sistema\/\" \/>\n<meta property=\"og:locale\" content=\"sr_RS\" \/>\n<meta property=\"og:type\" content=\"article\" \/>\n<meta property=\"og:title\" content=\"Nema\u010dka pokre\u0107e tr\u017ei\u0161te usluga inercije - baterije zamenjuju termoelektrane u stabilizaciji sistema\" \/>\n<meta property=\"og:description\" content=\"Nema\u010dka \u0107e tako biti me\u0111u retkim zemljama u Evropi i svetu koje su krenule u uvo\u0111enje tr\u017ei\u0161ta usluga inercije\" \/>\n<meta property=\"og:url\" content=\"https:\/\/balkangreenenergynews.com\/rs\/nemacka-pokrece-trziste-usluga-inercije-baterije-zamenjuju-termoelektrane-u-stabilizaciji-sistema\/\" \/>\n<meta property=\"og:site_name\" content=\"Balkan Green Energy News\" \/>\n<meta property=\"article:published_time\" content=\"2025-12-11T13:28:35+00:00\" \/>\n<meta property=\"article:modified_time\" content=\"2025-12-15T10:19:20+00:00\" \/>\n<meta property=\"og:image\" content=\"https:\/\/balkangreenenergynews.com\/rs\/wp-content\/uploads\/2025\/12\/eu-evropa-nemacka-inercija-usluge-trziste-sistem-vetroelektrane-solar-termoelektrane.jpg?wsr\" \/>\n\t<meta property=\"og:image:width\" content=\"840\" \/>\n\t<meta property=\"og:image:height\" content=\"430\" \/>\n\t<meta property=\"og:image:type\" content=\"image\/jpeg\" \/>\n<meta name=\"author\" content=\"Vladimir Spasi\u0107\" \/>\n<meta name=\"twitter:card\" content=\"summary_large_image\" \/>\n<meta name=\"twitter:label1\" content=\"\u041d\u0430\u043f\u0438\u0441\u0430\u043d\u043e \u043e\u0434\" \/>\n\t<meta name=\"twitter:data1\" content=\"Vladimir Spasi\u0107\" \/>\n\t<meta name=\"twitter:label2\" content=\"\u041f\u0440\u043e\u0446\u0435\u045a\u0435\u043d\u043e \u0432\u0440\u0435\u043c\u0435 \u0447\u0438\u0442\u0430\u045a\u0430\" \/>\n\t<meta name=\"twitter:data2\" content=\"3 \u043c\u0438\u043d\u0443\u0442\u0430\" \/>\n<script type=\"application\/ld+json\" class=\"yoast-schema-graph\">{\"@context\":\"https:\\\/\\\/schema.org\",\"@graph\":[{\"@type\":\"Article\",\"@id\":\"https:\\\/\\\/balkangreenenergynews.com\\\/rs\\\/nemacka-pokrece-trziste-usluga-inercije-baterije-zamenjuju-termoelektrane-u-stabilizaciji-sistema\\\/#article\",\"isPartOf\":{\"@id\":\"https:\\\/\\\/balkangreenenergynews.com\\\/rs\\\/nemacka-pokrece-trziste-usluga-inercije-baterije-zamenjuju-termoelektrane-u-stabilizaciji-sistema\\\/\"},\"author\":{\"name\":\"Vladimir Spasi\u0107\",\"@id\":\"https:\\\/\\\/balkangreenenergynews.com\\\/rs\\\/#\\\/schema\\\/person\\\/99dc721c46113fea22caffad06ef7317\"},\"headline\":\"Nema\u010dka pokre\u0107e tr\u017ei\u0161te usluga inercije &#8211; baterije zamenjuju termoelektrane u stabilizaciji sistema\",\"datePublished\":\"2025-12-11T13:28:35+00:00\",\"dateModified\":\"2025-12-15T10:19:20+00:00\",\"mainEntityOfPage\":{\"@id\":\"https:\\\/\\\/balkangreenenergynews.com\\\/rs\\\/nemacka-pokrece-trziste-usluga-inercije-baterije-zamenjuju-termoelektrane-u-stabilizaciji-sistema\\\/\"},\"wordCount\":495,\"commentCount\":0,\"image\":{\"@id\":\"https:\\\/\\\/balkangreenenergynews.com\\\/rs\\\/nemacka-pokrece-trziste-usluga-inercije-baterije-zamenjuju-termoelektrane-u-stabilizaciji-sistema\\\/#primaryimage\"},\"thumbnailUrl\":\"https:\\\/\\\/balkangreenenergynews.com\\\/rs\\\/wp-content\\\/uploads\\\/2025\\\/12\\\/eu-evropa-nemacka-inercija-usluge-trziste-sistem-vetroelektrane-solar-termoelektrane.jpg?wsr\",\"keywords\":[\"elektri\u010dna energija\",\"energija\",\"inercija\",\"Nema\u010dka\",\"obnovljivi izvori energije\",\"pomo\u0107ne usluge\"],\"articleSection\":[\"Elektri\u010dna energija\",\"OIE\"],\"inLanguage\":\"sr-RS\",\"potentialAction\":[{\"@type\":\"CommentAction\",\"name\":\"Comment\",\"target\":[\"https:\\\/\\\/balkangreenenergynews.com\\\/rs\\\/nemacka-pokrece-trziste-usluga-inercije-baterije-zamenjuju-termoelektrane-u-stabilizaciji-sistema\\\/#respond\"]}]},{\"@type\":\"WebPage\",\"@id\":\"https:\\\/\\\/balkangreenenergynews.com\\\/rs\\\/nemacka-pokrece-trziste-usluga-inercije-baterije-zamenjuju-termoelektrane-u-stabilizaciji-sistema\\\/\",\"url\":\"https:\\\/\\\/balkangreenenergynews.com\\\/rs\\\/nemacka-pokrece-trziste-usluga-inercije-baterije-zamenjuju-termoelektrane-u-stabilizaciji-sistema\\\/\",\"name\":\"Nema\u010dka pokre\u0107e tr\u017ei\u0161te usluga inercije - baterije zamenjuju termoelektrane u stabilizaciji sistema\",\"isPartOf\":{\"@id\":\"https:\\\/\\\/balkangreenenergynews.com\\\/rs\\\/#website\"},\"primaryImageOfPage\":{\"@id\":\"https:\\\/\\\/balkangreenenergynews.com\\\/rs\\\/nemacka-pokrece-trziste-usluga-inercije-baterije-zamenjuju-termoelektrane-u-stabilizaciji-sistema\\\/#primaryimage\"},\"image\":{\"@id\":\"https:\\\/\\\/balkangreenenergynews.com\\\/rs\\\/nemacka-pokrece-trziste-usluga-inercije-baterije-zamenjuju-termoelektrane-u-stabilizaciji-sistema\\\/#primaryimage\"},\"thumbnailUrl\":\"https:\\\/\\\/balkangreenenergynews.com\\\/rs\\\/wp-content\\\/uploads\\\/2025\\\/12\\\/eu-evropa-nemacka-inercija-usluge-trziste-sistem-vetroelektrane-solar-termoelektrane.jpg?wsr\",\"datePublished\":\"2025-12-11T13:28:35+00:00\",\"dateModified\":\"2025-12-15T10:19:20+00:00\",\"author\":{\"@id\":\"https:\\\/\\\/balkangreenenergynews.com\\\/rs\\\/#\\\/schema\\\/person\\\/99dc721c46113fea22caffad06ef7317\"},\"description\":\"Nema\u010dka \u0107e tako biti me\u0111u retkim zemljama u Evropi i svetu koje su krenule u uvo\u0111enje tr\u017ei\u0161ta usluga inercije\",\"breadcrumb\":{\"@id\":\"https:\\\/\\\/balkangreenenergynews.com\\\/rs\\\/nemacka-pokrece-trziste-usluga-inercije-baterije-zamenjuju-termoelektrane-u-stabilizaciji-sistema\\\/#breadcrumb\"},\"inLanguage\":\"sr-RS\",\"potentialAction\":[{\"@type\":\"ReadAction\",\"target\":[\"https:\\\/\\\/balkangreenenergynews.com\\\/rs\\\/nemacka-pokrece-trziste-usluga-inercije-baterije-zamenjuju-termoelektrane-u-stabilizaciji-sistema\\\/\"]}]},{\"@type\":\"ImageObject\",\"inLanguage\":\"sr-RS\",\"@id\":\"https:\\\/\\\/balkangreenenergynews.com\\\/rs\\\/nemacka-pokrece-trziste-usluga-inercije-baterije-zamenjuju-termoelektrane-u-stabilizaciji-sistema\\\/#primaryimage\",\"url\":\"https:\\\/\\\/balkangreenenergynews.com\\\/rs\\\/wp-content\\\/uploads\\\/2025\\\/12\\\/eu-evropa-nemacka-inercija-usluge-trziste-sistem-vetroelektrane-solar-termoelektrane.jpg?wsr\",\"contentUrl\":\"https:\\\/\\\/balkangreenenergynews.com\\\/rs\\\/wp-content\\\/uploads\\\/2025\\\/12\\\/eu-evropa-nemacka-inercija-usluge-trziste-sistem-vetroelektrane-solar-termoelektrane.jpg?wsr\",\"width\":840,\"height\":430,\"caption\":\"eu evropa nemacka inercija usluge trziste sistem vetroelektrane solar termoelektrane\"},{\"@type\":\"BreadcrumbList\",\"@id\":\"https:\\\/\\\/balkangreenenergynews.com\\\/rs\\\/nemacka-pokrece-trziste-usluga-inercije-baterije-zamenjuju-termoelektrane-u-stabilizaciji-sistema\\\/#breadcrumb\",\"itemListElement\":[{\"@type\":\"ListItem\",\"position\":1,\"name\":\"Po\u010detna\",\"item\":\"https:\\\/\\\/balkangreenenergynews.com\\\/rs\\\/\"},{\"@type\":\"ListItem\",\"position\":2,\"name\":\"Vesti\",\"item\":\"https:\\\/\\\/balkangreenenergynews.com\\\/rs\\\/kategorija\\\/vesti\\\/\"},{\"@type\":\"ListItem\",\"position\":3,\"name\":\"Elektri\u010dna energija\",\"item\":\"https:\\\/\\\/balkangreenenergynews.com\\\/rs\\\/kategorija\\\/vesti\\\/elektricna-energija\\\/\"},{\"@type\":\"ListItem\",\"position\":4,\"name\":\"Nema\u010dka pokre\u0107e tr\u017ei\u0161te usluga inercije &#8211; baterije zamenjuju termoelektrane u stabilizaciji sistema\"}]},{\"@type\":\"WebSite\",\"@id\":\"https:\\\/\\\/balkangreenenergynews.com\\\/rs\\\/#website\",\"url\":\"https:\\\/\\\/balkangreenenergynews.com\\\/rs\\\/\",\"name\":\"Balkan Green Energy News\",\"description\":\"Naj\u0161iri izbor vesti sa Balkana o zelenoj energiji\",\"potentialAction\":[{\"@type\":\"SearchAction\",\"target\":{\"@type\":\"EntryPoint\",\"urlTemplate\":\"https:\\\/\\\/balkangreenenergynews.com\\\/rs\\\/?s={search_term_string}\"},\"query-input\":{\"@type\":\"PropertyValueSpecification\",\"valueRequired\":true,\"valueName\":\"search_term_string\"}}],\"inLanguage\":\"sr-RS\"},{\"@type\":\"Person\",\"@id\":\"https:\\\/\\\/balkangreenenergynews.com\\\/rs\\\/#\\\/schema\\\/person\\\/99dc721c46113fea22caffad06ef7317\",\"name\":\"Vladimir Spasi\u0107\",\"url\":\"https:\\\/\\\/balkangreenenergynews.com\\\/rs\\\/author\\\/vladimir-spasic\\\/\"}]}<\/script>\n<!-- \/ Yoast SEO plugin. -->","yoast_head_json":{"title":"Nema\u010dka pokre\u0107e tr\u017ei\u0161te usluga inercije - baterije zamenjuju termoelektrane u stabilizaciji sistema","description":"Nema\u010dka \u0107e tako biti me\u0111u retkim zemljama u Evropi i svetu koje su krenule u uvo\u0111enje tr\u017ei\u0161ta usluga inercije","robots":{"index":"index","follow":"follow","max-snippet":"max-snippet:-1","max-image-preview":"max-image-preview:large","max-video-preview":"max-video-preview:-1"},"canonical":"https:\/\/balkangreenenergynews.com\/rs\/nemacka-pokrece-trziste-usluga-inercije-baterije-zamenjuju-termoelektrane-u-stabilizaciji-sistema\/","og_locale":"sr_RS","og_type":"article","og_title":"Nema\u010dka pokre\u0107e tr\u017ei\u0161te usluga inercije - baterije zamenjuju termoelektrane u stabilizaciji sistema","og_description":"Nema\u010dka \u0107e tako biti me\u0111u retkim zemljama u Evropi i svetu koje su krenule u uvo\u0111enje tr\u017ei\u0161ta usluga inercije","og_url":"https:\/\/balkangreenenergynews.com\/rs\/nemacka-pokrece-trziste-usluga-inercije-baterije-zamenjuju-termoelektrane-u-stabilizaciji-sistema\/","og_site_name":"Balkan Green Energy News","article_published_time":"2025-12-11T13:28:35+00:00","article_modified_time":"2025-12-15T10:19:20+00:00","og_image":[{"width":840,"height":430,"url":"https:\/\/balkangreenenergynews.com\/rs\/wp-content\/uploads\/2025\/12\/eu-evropa-nemacka-inercija-usluge-trziste-sistem-vetroelektrane-solar-termoelektrane.jpg?wsr","type":"image\/jpeg"}],"author":"Vladimir Spasi\u0107","twitter_card":"summary_large_image","twitter_misc":{"\u041d\u0430\u043f\u0438\u0441\u0430\u043d\u043e \u043e\u0434":"Vladimir Spasi\u0107","\u041f\u0440\u043e\u0446\u0435\u045a\u0435\u043d\u043e \u0432\u0440\u0435\u043c\u0435 \u0447\u0438\u0442\u0430\u045a\u0430":"3 \u043c\u0438\u043d\u0443\u0442\u0430"},"schema":{"@context":"https:\/\/schema.org","@graph":[{"@type":"Article","@id":"https:\/\/balkangreenenergynews.com\/rs\/nemacka-pokrece-trziste-usluga-inercije-baterije-zamenjuju-termoelektrane-u-stabilizaciji-sistema\/#article","isPartOf":{"@id":"https:\/\/balkangreenenergynews.com\/rs\/nemacka-pokrece-trziste-usluga-inercije-baterije-zamenjuju-termoelektrane-u-stabilizaciji-sistema\/"},"author":{"name":"Vladimir Spasi\u0107","@id":"https:\/\/balkangreenenergynews.com\/rs\/#\/schema\/person\/99dc721c46113fea22caffad06ef7317"},"headline":"Nema\u010dka pokre\u0107e tr\u017ei\u0161te usluga inercije &#8211; baterije zamenjuju termoelektrane u stabilizaciji sistema","datePublished":"2025-12-11T13:28:35+00:00","dateModified":"2025-12-15T10:19:20+00:00","mainEntityOfPage":{"@id":"https:\/\/balkangreenenergynews.com\/rs\/nemacka-pokrece-trziste-usluga-inercije-baterije-zamenjuju-termoelektrane-u-stabilizaciji-sistema\/"},"wordCount":495,"commentCount":0,"image":{"@id":"https:\/\/balkangreenenergynews.com\/rs\/nemacka-pokrece-trziste-usluga-inercije-baterije-zamenjuju-termoelektrane-u-stabilizaciji-sistema\/#primaryimage"},"thumbnailUrl":"https:\/\/balkangreenenergynews.com\/rs\/wp-content\/uploads\/2025\/12\/eu-evropa-nemacka-inercija-usluge-trziste-sistem-vetroelektrane-solar-termoelektrane.jpg?wsr","keywords":["elektri\u010dna energija","energija","inercija","Nema\u010dka","obnovljivi izvori energije","pomo\u0107ne usluge"],"articleSection":["Elektri\u010dna energija","OIE"],"inLanguage":"sr-RS","potentialAction":[{"@type":"CommentAction","name":"Comment","target":["https:\/\/balkangreenenergynews.com\/rs\/nemacka-pokrece-trziste-usluga-inercije-baterije-zamenjuju-termoelektrane-u-stabilizaciji-sistema\/#respond"]}]},{"@type":"WebPage","@id":"https:\/\/balkangreenenergynews.com\/rs\/nemacka-pokrece-trziste-usluga-inercije-baterije-zamenjuju-termoelektrane-u-stabilizaciji-sistema\/","url":"https:\/\/balkangreenenergynews.com\/rs\/nemacka-pokrece-trziste-usluga-inercije-baterije-zamenjuju-termoelektrane-u-stabilizaciji-sistema\/","name":"Nema\u010dka pokre\u0107e tr\u017ei\u0161te usluga inercije - baterije zamenjuju termoelektrane u stabilizaciji sistema","isPartOf":{"@id":"https:\/\/balkangreenenergynews.com\/rs\/#website"},"primaryImageOfPage":{"@id":"https:\/\/balkangreenenergynews.com\/rs\/nemacka-pokrece-trziste-usluga-inercije-baterije-zamenjuju-termoelektrane-u-stabilizaciji-sistema\/#primaryimage"},"image":{"@id":"https:\/\/balkangreenenergynews.com\/rs\/nemacka-pokrece-trziste-usluga-inercije-baterije-zamenjuju-termoelektrane-u-stabilizaciji-sistema\/#primaryimage"},"thumbnailUrl":"https:\/\/balkangreenenergynews.com\/rs\/wp-content\/uploads\/2025\/12\/eu-evropa-nemacka-inercija-usluge-trziste-sistem-vetroelektrane-solar-termoelektrane.jpg?wsr","datePublished":"2025-12-11T13:28:35+00:00","dateModified":"2025-12-15T10:19:20+00:00","author":{"@id":"https:\/\/balkangreenenergynews.com\/rs\/#\/schema\/person\/99dc721c46113fea22caffad06ef7317"},"description":"Nema\u010dka \u0107e tako biti me\u0111u retkim zemljama u Evropi i svetu koje su krenule u uvo\u0111enje tr\u017ei\u0161ta usluga inercije","breadcrumb":{"@id":"https:\/\/balkangreenenergynews.com\/rs\/nemacka-pokrece-trziste-usluga-inercije-baterije-zamenjuju-termoelektrane-u-stabilizaciji-sistema\/#breadcrumb"},"inLanguage":"sr-RS","potentialAction":[{"@type":"ReadAction","target":["https:\/\/balkangreenenergynews.com\/rs\/nemacka-pokrece-trziste-usluga-inercije-baterije-zamenjuju-termoelektrane-u-stabilizaciji-sistema\/"]}]},{"@type":"ImageObject","inLanguage":"sr-RS","@id":"https:\/\/balkangreenenergynews.com\/rs\/nemacka-pokrece-trziste-usluga-inercije-baterije-zamenjuju-termoelektrane-u-stabilizaciji-sistema\/#primaryimage","url":"https:\/\/balkangreenenergynews.com\/rs\/wp-content\/uploads\/2025\/12\/eu-evropa-nemacka-inercija-usluge-trziste-sistem-vetroelektrane-solar-termoelektrane.jpg?wsr","contentUrl":"https:\/\/balkangreenenergynews.com\/rs\/wp-content\/uploads\/2025\/12\/eu-evropa-nemacka-inercija-usluge-trziste-sistem-vetroelektrane-solar-termoelektrane.jpg?wsr","width":840,"height":430,"caption":"eu evropa nemacka inercija usluge trziste sistem vetroelektrane solar termoelektrane"},{"@type":"BreadcrumbList","@id":"https:\/\/balkangreenenergynews.com\/rs\/nemacka-pokrece-trziste-usluga-inercije-baterije-zamenjuju-termoelektrane-u-stabilizaciji-sistema\/#breadcrumb","itemListElement":[{"@type":"ListItem","position":1,"name":"Po\u010detna","item":"https:\/\/balkangreenenergynews.com\/rs\/"},{"@type":"ListItem","position":2,"name":"Vesti","item":"https:\/\/balkangreenenergynews.com\/rs\/kategorija\/vesti\/"},{"@type":"ListItem","position":3,"name":"Elektri\u010dna energija","item":"https:\/\/balkangreenenergynews.com\/rs\/kategorija\/vesti\/elektricna-energija\/"},{"@type":"ListItem","position":4,"name":"Nema\u010dka pokre\u0107e tr\u017ei\u0161te usluga inercije &#8211; baterije zamenjuju termoelektrane u stabilizaciji sistema"}]},{"@type":"WebSite","@id":"https:\/\/balkangreenenergynews.com\/rs\/#website","url":"https:\/\/balkangreenenergynews.com\/rs\/","name":"Balkan Green Energy News","description":"Naj\u0161iri izbor vesti sa Balkana o zelenoj energiji","potentialAction":[{"@type":"SearchAction","target":{"@type":"EntryPoint","urlTemplate":"https:\/\/balkangreenenergynews.com\/rs\/?s={search_term_string}"},"query-input":{"@type":"PropertyValueSpecification","valueRequired":true,"valueName":"search_term_string"}}],"inLanguage":"sr-RS"},{"@type":"Person","@id":"https:\/\/balkangreenenergynews.com\/rs\/#\/schema\/person\/99dc721c46113fea22caffad06ef7317","name":"Vladimir Spasi\u0107","url":"https:\/\/balkangreenenergynews.com\/rs\/author\/vladimir-spasic\/"}]}},"_links":{"self":[{"href":"https:\/\/balkangreenenergynews.com\/rs\/wp-json\/wp\/v2\/posts\/87774","targetHints":{"allow":["GET"]}}],"collection":[{"href":"https:\/\/balkangreenenergynews.com\/rs\/wp-json\/wp\/v2\/posts"}],"about":[{"href":"https:\/\/balkangreenenergynews.com\/rs\/wp-json\/wp\/v2\/types\/post"}],"author":[{"embeddable":true,"href":"https:\/\/balkangreenenergynews.com\/rs\/wp-json\/wp\/v2\/users\/23"}],"replies":[{"embeddable":true,"href":"https:\/\/balkangreenenergynews.com\/rs\/wp-json\/wp\/v2\/comments?post=87774"}],"version-history":[{"count":0,"href":"https:\/\/balkangreenenergynews.com\/rs\/wp-json\/wp\/v2\/posts\/87774\/revisions"}],"wp:featuredmedia":[{"embeddable":true,"href":"https:\/\/balkangreenenergynews.com\/rs\/wp-json\/wp\/v2\/media\/87776"}],"wp:attachment":[{"href":"https:\/\/balkangreenenergynews.com\/rs\/wp-json\/wp\/v2\/media?parent=87774"}],"wp:term":[{"taxonomy":"category","embeddable":true,"href":"https:\/\/balkangreenenergynews.com\/rs\/wp-json\/wp\/v2\/categories?post=87774"},{"taxonomy":"post_tag","embeddable":true,"href":"https:\/\/balkangreenenergynews.com\/rs\/wp-json\/wp\/v2\/tags?post=87774"}],"curies":[{"name":"wp","href":"https:\/\/api.w.org\/{rel}","templated":true}]}}