{"id":87741,"date":"2025-12-10T18:01:11","date_gmt":"2025-12-10T17:01:11","guid":{"rendered":"https:\/\/balkangreenenergynews.com\/rs\/?p=87741"},"modified":"2025-12-10T18:48:46","modified_gmt":"2025-12-10T17:48:46","slug":"crna-gora-usvojila-nacionalni-energetski-i-klimatski-i-plan","status":"publish","type":"post","link":"https:\/\/balkangreenenergynews.com\/rs\/crna-gora-usvojila-nacionalni-energetski-i-klimatski-i-plan\/","title":{"rendered":"Crna Gora usvojila Nacionalni energetski i klimatski i plan"},"content":{"rendered":"<h2>Vlada Crne Gore usvojila je Nacionalni energetski i klimatski plan i Predlog zakona o prekograni\u010dnoj razmeni elektri\u010dne energije i prirodnog gasa.<\/h2>\n<p><a href=\"https:\/\/www.gov.me\/clanak\/saopstenje-sa-107-sjednice-vlade-crne-gore\">Nacionalni energetski i klimatski plan (NEKP)<\/a> je krovna strategija koja jasno odre\u0111uje gde bi <a href=\"https:\/\/balkangreenenergynews.com\/rs\/eu-razmatra-predloge-crne-gore-za-izmene-cbam-a\/\">Crna Gora<\/a> trebalo da bude 2030. godine: 55 odsto manje emisija, najmanje 50 odsto obnovljivih izvora energije i sna\u017ean napredak u energetskoj efikasnosti, saop\u0161tilo je Ministarstvo energetike i rudarstva.<\/p>\n<p>&#8222;U proteklih osam mjeseci ulo\u017eili smo ogroman trud da privedemo kraju dva klju\u010dna dokumenta na koja se \u010deka godinama i koja su od presudnog zna\u010daja za na\u0161e evropske obaveze&#8220;, izjavio je ministar Admir \u0160ahmanovi\u0107.<\/p>\n<p>Ovo je <a href=\"https:\/\/balkangreenenergynews.com\/rs\/crna-gora-spremila-nekp-termoelektrana-pljevlja-se-gasi-do-2041\/\">plan<\/a> koji, kako je dodao, omogu\u0107ava nove investicije, nove elektrane na obnovljivu energiju, modernu mre\u017enu infrastrukturu i sigurnu tranziciju Pljevalja.<\/p>\n<blockquote><p>\u0160ahmanovi\u0107: Najnoviji izve\u0161taj Evropske komisije potvrdio je da smo ostvarili napredak<\/p><\/blockquote>\n<p>U Ministarstvu su istakli da je Predlog <a href=\"https:\/\/www.gov.me\/clanak\/saopstenje-sa-107-sjednice-vlade-crne-gore\">zakona o prekograni\u010dnoj razmjeni elektri\u010dne energije i prirodnog gasa<\/a>, jedan od najva\u017enijih zakona u oblasti energetike u ovom mandatu.\u00a0Sahmanovi\u0107 je podsetio da ovo nije samo tehni\u010dko pitanje.<\/p>\n<p>Zakon, prema njegovim re\u010dima, otvara vrata jedinstvenom evropskom tr\u017ei\u0161tu, direktno uti\u010de na zatvaranje Poglavlja 15 i daje puni smisao povezivanju sa Italijom i tr\u017ei\u0161tem Evropske unije.<\/p>\n<p>To zna\u010di ve\u0107u sigurnost snabdevanja, bolju konkurenciju, stabilnije cene i bolju poziciju\u00a0 privrede, istakao je ministar.<\/p>\n<p>&#8222;Posebno mi je va\u017eno \u0161to je najnoviji Izvje\u0161taj Evropske komisije potvrdio da smo ostvarili napredak, a dana\u0161nje odluke Vlade to najbolje potvr\u0111uju. Ovo su temelji energetski sigurnije, modernije i evropske Crne Gore i imamo razloga da budemo zadovoljni napretkom koji smo ostvarili&#8220;, poru\u010dio je \u0160ahmanovi\u0107.<\/p>\n<blockquote><p>Zakon o prekograni\u010dnoj razmeni elektri\u010dne energije i gasa predstavlja najobimniju reformu energetskog zakonodavstva u poslednjoj deceniji<\/p><\/blockquote>\n<p>Ministarstvo je dodalo da usvajanjem ova dva strate\u0161ka dokumenta, Crna Gora pravi sna\u017ean iskorak u procesu uskla\u0111ivanja sa evropskim energetskim pravilima.<\/p>\n<p>NEKP po prvi put integri\u0161e energetske, klimatske i razvojne politike u jedinstven okvir, daje jasne ciljeve i merljive rezultate, te postavlja temelje dugoro\u010dne energetske tranzicije Crne Gore.<\/p>\n<p>Zakon o prekograni\u010dnoj razmjeni elektri\u010dne energije i gasa predstavlja najobimniju reformu energetskog zakonodavstva u poslednjoj deceniji, prelazak sa osnovnog regulatornog okvira na puni evropski sistem tr\u017ei\u0161nih, tehni\u010dkih i bezbednosnih pravila.<\/p>\n<p>Ova dva dokumenta zajedno predstavljaju najva\u017eniji reformski paket u sektoru energetike u posljednjim godinama, potpuno uskla\u0111en sa evropskom legislativom i strate\u0161kim prioritetima EU, zaklju\u010dilo je Ministarstvo.<\/p>\n","protected":false},"excerpt":{"rendered":"<p>Vlada je usvojila Nacionalni energetski i klimatski plan i Predlog zakona o prekograni\u010dnoj razmeni elektri\u010dne energije i prirodnog gasa<\/p>\n","protected":false},"author":23,"featured_media":87740,"comment_status":"open","ping_status":"open","sticky":false,"template":"","format":"standard","meta":{"_acf_changed":false,"_monsterinsights_skip_tracking":false,"_monsterinsights_sitenote_active":false,"_monsterinsights_sitenote_note":"","_monsterinsights_sitenote_category":0,"footnotes":""},"categories":[504,1],"tags":[7239,6976,669,6649,1854,7342,869,5024,5490,4699,1243],"class_list":["post-87741","post","type-post","status-publish","format-standard","has-post-thumbnail","hentry","category-elektricna-energija","category-obnovljivi-izvori-energije","tag-admir-sahmanovic","tag-crna-gora","tag-elektricna-energija","tag-energetska-sigurnost","tag-energetska-tranzicija","tag-energija","tag-evropska-komisija","tag-nekp","tag-prirodni-gas","tag-spajanje-trzista-elektricne-energije","tag-trziste-elektricne-energije","country-crna-gora"],"acf":[],"yoast_head":"<!-- This site is optimized with the Yoast SEO plugin v27.4 - https:\/\/yoast.com\/product\/yoast-seo-wordpress\/ -->\n<title>Crna Gora usvojila Nacionalni energetski i klimatski i plan<\/title>\n<meta name=\"description\" content=\"Vlada je usvojila Nacionalni energetski i klimatski plan i Predlog zakona o prekograni\u010dnoj razmeni elektri\u010dne energije i prirodnog gasa\" \/>\n<meta name=\"robots\" content=\"index, follow, max-snippet:-1, max-image-preview:large, max-video-preview:-1\" \/>\n<link rel=\"canonical\" href=\"https:\/\/balkangreenenergynews.com\/rs\/crna-gora-usvojila-nacionalni-energetski-i-klimatski-i-plan\/\" \/>\n<meta property=\"og:locale\" content=\"sr_RS\" \/>\n<meta property=\"og:type\" content=\"article\" \/>\n<meta property=\"og:title\" content=\"Crna Gora usvojila Nacionalni energetski i klimatski i plan\" \/>\n<meta property=\"og:description\" content=\"Vlada je usvojila Nacionalni energetski i klimatski plan i Predlog zakona o prekograni\u010dnoj razmeni elektri\u010dne energije i prirodnog gasa\" \/>\n<meta property=\"og:url\" content=\"https:\/\/balkangreenenergynews.com\/rs\/crna-gora-usvojila-nacionalni-energetski-i-klimatski-i-plan\/\" \/>\n<meta property=\"og:site_name\" content=\"Balkan Green Energy News\" \/>\n<meta property=\"article:published_time\" content=\"2025-12-10T17:01:11+00:00\" \/>\n<meta property=\"article:modified_time\" content=\"2025-12-10T17:48:46+00:00\" \/>\n<meta property=\"og:image\" content=\"https:\/\/balkangreenenergynews.com\/rs\/wp-content\/uploads\/2025\/12\/crna-gora-nekp-zakon-o-pregranicnoj-razmeni-elektricne-energije-i-prirodnog-gasa-sahmanovic.jpg?wsr\" \/>\n\t<meta property=\"og:image:width\" content=\"840\" \/>\n\t<meta property=\"og:image:height\" content=\"430\" \/>\n\t<meta property=\"og:image:type\" content=\"image\/jpeg\" \/>\n<meta name=\"author\" content=\"Vladimir Spasi\u0107\" \/>\n<meta name=\"twitter:card\" content=\"summary_large_image\" \/>\n<meta name=\"twitter:label1\" content=\"\u041d\u0430\u043f\u0438\u0441\u0430\u043d\u043e \u043e\u0434\" \/>\n\t<meta name=\"twitter:data1\" content=\"Vladimir Spasi\u0107\" \/>\n\t<meta name=\"twitter:label2\" content=\"\u041f\u0440\u043e\u0446\u0435\u045a\u0435\u043d\u043e \u0432\u0440\u0435\u043c\u0435 \u0447\u0438\u0442\u0430\u045a\u0430\" \/>\n\t<meta name=\"twitter:data2\" content=\"3 \u043c\u0438\u043d\u0443\u0442\u0430\" \/>\n<script type=\"application\/ld+json\" class=\"yoast-schema-graph\">{\"@context\":\"https:\\\/\\\/schema.org\",\"@graph\":[{\"@type\":\"Article\",\"@id\":\"https:\\\/\\\/balkangreenenergynews.com\\\/rs\\\/crna-gora-usvojila-nacionalni-energetski-i-klimatski-i-plan\\\/#article\",\"isPartOf\":{\"@id\":\"https:\\\/\\\/balkangreenenergynews.com\\\/rs\\\/crna-gora-usvojila-nacionalni-energetski-i-klimatski-i-plan\\\/\"},\"author\":{\"name\":\"Vladimir Spasi\u0107\",\"@id\":\"https:\\\/\\\/balkangreenenergynews.com\\\/rs\\\/#\\\/schema\\\/person\\\/99dc721c46113fea22caffad06ef7317\"},\"headline\":\"Crna Gora usvojila Nacionalni energetski i klimatski i plan\",\"datePublished\":\"2025-12-10T17:01:11+00:00\",\"dateModified\":\"2025-12-10T17:48:46+00:00\",\"mainEntityOfPage\":{\"@id\":\"https:\\\/\\\/balkangreenenergynews.com\\\/rs\\\/crna-gora-usvojila-nacionalni-energetski-i-klimatski-i-plan\\\/\"},\"wordCount\":423,\"commentCount\":0,\"image\":{\"@id\":\"https:\\\/\\\/balkangreenenergynews.com\\\/rs\\\/crna-gora-usvojila-nacionalni-energetski-i-klimatski-i-plan\\\/#primaryimage\"},\"thumbnailUrl\":\"https:\\\/\\\/balkangreenenergynews.com\\\/rs\\\/wp-content\\\/uploads\\\/2025\\\/12\\\/crna-gora-nekp-zakon-o-pregranicnoj-razmeni-elektricne-energije-i-prirodnog-gasa-sahmanovic.jpg?wsr\",\"keywords\":[\"Admir \u0160ahmanovi\u0107\",\"Crna Gora\",\"elektri\u010dna energija\",\"energetska sigurnost\",\"energetska tranzicija\",\"energija\",\"Evropska komisija\",\"NEKP\",\"prirodni gas\",\"spajanje tr\u017ei\u0161ta elektri\u010dne energije\",\"tr\u017ei\u0161te elektri\u010dne energije\"],\"articleSection\":[\"Elektri\u010dna energija\",\"OIE\"],\"inLanguage\":\"sr-RS\",\"potentialAction\":[{\"@type\":\"CommentAction\",\"name\":\"Comment\",\"target\":[\"https:\\\/\\\/balkangreenenergynews.com\\\/rs\\\/crna-gora-usvojila-nacionalni-energetski-i-klimatski-i-plan\\\/#respond\"]}]},{\"@type\":\"WebPage\",\"@id\":\"https:\\\/\\\/balkangreenenergynews.com\\\/rs\\\/crna-gora-usvojila-nacionalni-energetski-i-klimatski-i-plan\\\/\",\"url\":\"https:\\\/\\\/balkangreenenergynews.com\\\/rs\\\/crna-gora-usvojila-nacionalni-energetski-i-klimatski-i-plan\\\/\",\"name\":\"Crna Gora usvojila Nacionalni energetski i klimatski i plan\",\"isPartOf\":{\"@id\":\"https:\\\/\\\/balkangreenenergynews.com\\\/rs\\\/#website\"},\"primaryImageOfPage\":{\"@id\":\"https:\\\/\\\/balkangreenenergynews.com\\\/rs\\\/crna-gora-usvojila-nacionalni-energetski-i-klimatski-i-plan\\\/#primaryimage\"},\"image\":{\"@id\":\"https:\\\/\\\/balkangreenenergynews.com\\\/rs\\\/crna-gora-usvojila-nacionalni-energetski-i-klimatski-i-plan\\\/#primaryimage\"},\"thumbnailUrl\":\"https:\\\/\\\/balkangreenenergynews.com\\\/rs\\\/wp-content\\\/uploads\\\/2025\\\/12\\\/crna-gora-nekp-zakon-o-pregranicnoj-razmeni-elektricne-energije-i-prirodnog-gasa-sahmanovic.jpg?wsr\",\"datePublished\":\"2025-12-10T17:01:11+00:00\",\"dateModified\":\"2025-12-10T17:48:46+00:00\",\"author\":{\"@id\":\"https:\\\/\\\/balkangreenenergynews.com\\\/rs\\\/#\\\/schema\\\/person\\\/99dc721c46113fea22caffad06ef7317\"},\"description\":\"Vlada je usvojila Nacionalni energetski i klimatski plan i Predlog zakona o prekograni\u010dnoj razmeni elektri\u010dne energije i prirodnog gasa\",\"breadcrumb\":{\"@id\":\"https:\\\/\\\/balkangreenenergynews.com\\\/rs\\\/crna-gora-usvojila-nacionalni-energetski-i-klimatski-i-plan\\\/#breadcrumb\"},\"inLanguage\":\"sr-RS\",\"potentialAction\":[{\"@type\":\"ReadAction\",\"target\":[\"https:\\\/\\\/balkangreenenergynews.com\\\/rs\\\/crna-gora-usvojila-nacionalni-energetski-i-klimatski-i-plan\\\/\"]}]},{\"@type\":\"ImageObject\",\"inLanguage\":\"sr-RS\",\"@id\":\"https:\\\/\\\/balkangreenenergynews.com\\\/rs\\\/crna-gora-usvojila-nacionalni-energetski-i-klimatski-i-plan\\\/#primaryimage\",\"url\":\"https:\\\/\\\/balkangreenenergynews.com\\\/rs\\\/wp-content\\\/uploads\\\/2025\\\/12\\\/crna-gora-nekp-zakon-o-pregranicnoj-razmeni-elektricne-energije-i-prirodnog-gasa-sahmanovic.jpg?wsr\",\"contentUrl\":\"https:\\\/\\\/balkangreenenergynews.com\\\/rs\\\/wp-content\\\/uploads\\\/2025\\\/12\\\/crna-gora-nekp-zakon-o-pregranicnoj-razmeni-elektricne-energije-i-prirodnog-gasa-sahmanovic.jpg?wsr\",\"width\":840,\"height\":430,\"caption\":\"crna gora nekp zakon o pregranicnoj razmeni elektricne energije i prirodnog gasa sahmanovic\"},{\"@type\":\"BreadcrumbList\",\"@id\":\"https:\\\/\\\/balkangreenenergynews.com\\\/rs\\\/crna-gora-usvojila-nacionalni-energetski-i-klimatski-i-plan\\\/#breadcrumb\",\"itemListElement\":[{\"@type\":\"ListItem\",\"position\":1,\"name\":\"Po\u010detna\",\"item\":\"https:\\\/\\\/balkangreenenergynews.com\\\/rs\\\/\"},{\"@type\":\"ListItem\",\"position\":2,\"name\":\"Vesti\",\"item\":\"https:\\\/\\\/balkangreenenergynews.com\\\/rs\\\/kategorija\\\/vesti\\\/\"},{\"@type\":\"ListItem\",\"position\":3,\"name\":\"Elektri\u010dna energija\",\"item\":\"https:\\\/\\\/balkangreenenergynews.com\\\/rs\\\/kategorija\\\/vesti\\\/elektricna-energija\\\/\"},{\"@type\":\"ListItem\",\"position\":4,\"name\":\"Crna Gora usvojila Nacionalni energetski i klimatski i plan\"}]},{\"@type\":\"WebSite\",\"@id\":\"https:\\\/\\\/balkangreenenergynews.com\\\/rs\\\/#website\",\"url\":\"https:\\\/\\\/balkangreenenergynews.com\\\/rs\\\/\",\"name\":\"Balkan Green Energy News\",\"description\":\"Naj\u0161iri izbor vesti sa Balkana o zelenoj energiji\",\"potentialAction\":[{\"@type\":\"SearchAction\",\"target\":{\"@type\":\"EntryPoint\",\"urlTemplate\":\"https:\\\/\\\/balkangreenenergynews.com\\\/rs\\\/?s={search_term_string}\"},\"query-input\":{\"@type\":\"PropertyValueSpecification\",\"valueRequired\":true,\"valueName\":\"search_term_string\"}}],\"inLanguage\":\"sr-RS\"},{\"@type\":\"Person\",\"@id\":\"https:\\\/\\\/balkangreenenergynews.com\\\/rs\\\/#\\\/schema\\\/person\\\/99dc721c46113fea22caffad06ef7317\",\"name\":\"Vladimir Spasi\u0107\",\"url\":\"https:\\\/\\\/balkangreenenergynews.com\\\/rs\\\/author\\\/vladimir-spasic\\\/\"}]}<\/script>\n<!-- \/ Yoast SEO plugin. -->","yoast_head_json":{"title":"Crna Gora usvojila Nacionalni energetski i klimatski i plan","description":"Vlada je usvojila Nacionalni energetski i klimatski plan i Predlog zakona o prekograni\u010dnoj razmeni elektri\u010dne energije i prirodnog gasa","robots":{"index":"index","follow":"follow","max-snippet":"max-snippet:-1","max-image-preview":"max-image-preview:large","max-video-preview":"max-video-preview:-1"},"canonical":"https:\/\/balkangreenenergynews.com\/rs\/crna-gora-usvojila-nacionalni-energetski-i-klimatski-i-plan\/","og_locale":"sr_RS","og_type":"article","og_title":"Crna Gora usvojila Nacionalni energetski i klimatski i plan","og_description":"Vlada je usvojila Nacionalni energetski i klimatski plan i Predlog zakona o prekograni\u010dnoj razmeni elektri\u010dne energije i prirodnog gasa","og_url":"https:\/\/balkangreenenergynews.com\/rs\/crna-gora-usvojila-nacionalni-energetski-i-klimatski-i-plan\/","og_site_name":"Balkan Green Energy News","article_published_time":"2025-12-10T17:01:11+00:00","article_modified_time":"2025-12-10T17:48:46+00:00","og_image":[{"width":840,"height":430,"url":"https:\/\/balkangreenenergynews.com\/rs\/wp-content\/uploads\/2025\/12\/crna-gora-nekp-zakon-o-pregranicnoj-razmeni-elektricne-energije-i-prirodnog-gasa-sahmanovic.jpg?wsr","type":"image\/jpeg"}],"author":"Vladimir Spasi\u0107","twitter_card":"summary_large_image","twitter_misc":{"\u041d\u0430\u043f\u0438\u0441\u0430\u043d\u043e \u043e\u0434":"Vladimir Spasi\u0107","\u041f\u0440\u043e\u0446\u0435\u045a\u0435\u043d\u043e \u0432\u0440\u0435\u043c\u0435 \u0447\u0438\u0442\u0430\u045a\u0430":"3 \u043c\u0438\u043d\u0443\u0442\u0430"},"schema":{"@context":"https:\/\/schema.org","@graph":[{"@type":"Article","@id":"https:\/\/balkangreenenergynews.com\/rs\/crna-gora-usvojila-nacionalni-energetski-i-klimatski-i-plan\/#article","isPartOf":{"@id":"https:\/\/balkangreenenergynews.com\/rs\/crna-gora-usvojila-nacionalni-energetski-i-klimatski-i-plan\/"},"author":{"name":"Vladimir Spasi\u0107","@id":"https:\/\/balkangreenenergynews.com\/rs\/#\/schema\/person\/99dc721c46113fea22caffad06ef7317"},"headline":"Crna Gora usvojila Nacionalni energetski i klimatski i plan","datePublished":"2025-12-10T17:01:11+00:00","dateModified":"2025-12-10T17:48:46+00:00","mainEntityOfPage":{"@id":"https:\/\/balkangreenenergynews.com\/rs\/crna-gora-usvojila-nacionalni-energetski-i-klimatski-i-plan\/"},"wordCount":423,"commentCount":0,"image":{"@id":"https:\/\/balkangreenenergynews.com\/rs\/crna-gora-usvojila-nacionalni-energetski-i-klimatski-i-plan\/#primaryimage"},"thumbnailUrl":"https:\/\/balkangreenenergynews.com\/rs\/wp-content\/uploads\/2025\/12\/crna-gora-nekp-zakon-o-pregranicnoj-razmeni-elektricne-energije-i-prirodnog-gasa-sahmanovic.jpg?wsr","keywords":["Admir \u0160ahmanovi\u0107","Crna Gora","elektri\u010dna energija","energetska sigurnost","energetska tranzicija","energija","Evropska komisija","NEKP","prirodni gas","spajanje tr\u017ei\u0161ta elektri\u010dne energije","tr\u017ei\u0161te elektri\u010dne energije"],"articleSection":["Elektri\u010dna energija","OIE"],"inLanguage":"sr-RS","potentialAction":[{"@type":"CommentAction","name":"Comment","target":["https:\/\/balkangreenenergynews.com\/rs\/crna-gora-usvojila-nacionalni-energetski-i-klimatski-i-plan\/#respond"]}]},{"@type":"WebPage","@id":"https:\/\/balkangreenenergynews.com\/rs\/crna-gora-usvojila-nacionalni-energetski-i-klimatski-i-plan\/","url":"https:\/\/balkangreenenergynews.com\/rs\/crna-gora-usvojila-nacionalni-energetski-i-klimatski-i-plan\/","name":"Crna Gora usvojila Nacionalni energetski i klimatski i plan","isPartOf":{"@id":"https:\/\/balkangreenenergynews.com\/rs\/#website"},"primaryImageOfPage":{"@id":"https:\/\/balkangreenenergynews.com\/rs\/crna-gora-usvojila-nacionalni-energetski-i-klimatski-i-plan\/#primaryimage"},"image":{"@id":"https:\/\/balkangreenenergynews.com\/rs\/crna-gora-usvojila-nacionalni-energetski-i-klimatski-i-plan\/#primaryimage"},"thumbnailUrl":"https:\/\/balkangreenenergynews.com\/rs\/wp-content\/uploads\/2025\/12\/crna-gora-nekp-zakon-o-pregranicnoj-razmeni-elektricne-energije-i-prirodnog-gasa-sahmanovic.jpg?wsr","datePublished":"2025-12-10T17:01:11+00:00","dateModified":"2025-12-10T17:48:46+00:00","author":{"@id":"https:\/\/balkangreenenergynews.com\/rs\/#\/schema\/person\/99dc721c46113fea22caffad06ef7317"},"description":"Vlada je usvojila Nacionalni energetski i klimatski plan i Predlog zakona o prekograni\u010dnoj razmeni elektri\u010dne energije i prirodnog gasa","breadcrumb":{"@id":"https:\/\/balkangreenenergynews.com\/rs\/crna-gora-usvojila-nacionalni-energetski-i-klimatski-i-plan\/#breadcrumb"},"inLanguage":"sr-RS","potentialAction":[{"@type":"ReadAction","target":["https:\/\/balkangreenenergynews.com\/rs\/crna-gora-usvojila-nacionalni-energetski-i-klimatski-i-plan\/"]}]},{"@type":"ImageObject","inLanguage":"sr-RS","@id":"https:\/\/balkangreenenergynews.com\/rs\/crna-gora-usvojila-nacionalni-energetski-i-klimatski-i-plan\/#primaryimage","url":"https:\/\/balkangreenenergynews.com\/rs\/wp-content\/uploads\/2025\/12\/crna-gora-nekp-zakon-o-pregranicnoj-razmeni-elektricne-energije-i-prirodnog-gasa-sahmanovic.jpg?wsr","contentUrl":"https:\/\/balkangreenenergynews.com\/rs\/wp-content\/uploads\/2025\/12\/crna-gora-nekp-zakon-o-pregranicnoj-razmeni-elektricne-energije-i-prirodnog-gasa-sahmanovic.jpg?wsr","width":840,"height":430,"caption":"crna gora nekp zakon o pregranicnoj razmeni elektricne energije i prirodnog gasa sahmanovic"},{"@type":"BreadcrumbList","@id":"https:\/\/balkangreenenergynews.com\/rs\/crna-gora-usvojila-nacionalni-energetski-i-klimatski-i-plan\/#breadcrumb","itemListElement":[{"@type":"ListItem","position":1,"name":"Po\u010detna","item":"https:\/\/balkangreenenergynews.com\/rs\/"},{"@type":"ListItem","position":2,"name":"Vesti","item":"https:\/\/balkangreenenergynews.com\/rs\/kategorija\/vesti\/"},{"@type":"ListItem","position":3,"name":"Elektri\u010dna energija","item":"https:\/\/balkangreenenergynews.com\/rs\/kategorija\/vesti\/elektricna-energija\/"},{"@type":"ListItem","position":4,"name":"Crna Gora usvojila Nacionalni energetski i klimatski i plan"}]},{"@type":"WebSite","@id":"https:\/\/balkangreenenergynews.com\/rs\/#website","url":"https:\/\/balkangreenenergynews.com\/rs\/","name":"Balkan Green Energy News","description":"Naj\u0161iri izbor vesti sa Balkana o zelenoj energiji","potentialAction":[{"@type":"SearchAction","target":{"@type":"EntryPoint","urlTemplate":"https:\/\/balkangreenenergynews.com\/rs\/?s={search_term_string}"},"query-input":{"@type":"PropertyValueSpecification","valueRequired":true,"valueName":"search_term_string"}}],"inLanguage":"sr-RS"},{"@type":"Person","@id":"https:\/\/balkangreenenergynews.com\/rs\/#\/schema\/person\/99dc721c46113fea22caffad06ef7317","name":"Vladimir Spasi\u0107","url":"https:\/\/balkangreenenergynews.com\/rs\/author\/vladimir-spasic\/"}]}},"_links":{"self":[{"href":"https:\/\/balkangreenenergynews.com\/rs\/wp-json\/wp\/v2\/posts\/87741","targetHints":{"allow":["GET"]}}],"collection":[{"href":"https:\/\/balkangreenenergynews.com\/rs\/wp-json\/wp\/v2\/posts"}],"about":[{"href":"https:\/\/balkangreenenergynews.com\/rs\/wp-json\/wp\/v2\/types\/post"}],"author":[{"embeddable":true,"href":"https:\/\/balkangreenenergynews.com\/rs\/wp-json\/wp\/v2\/users\/23"}],"replies":[{"embeddable":true,"href":"https:\/\/balkangreenenergynews.com\/rs\/wp-json\/wp\/v2\/comments?post=87741"}],"version-history":[{"count":0,"href":"https:\/\/balkangreenenergynews.com\/rs\/wp-json\/wp\/v2\/posts\/87741\/revisions"}],"wp:featuredmedia":[{"embeddable":true,"href":"https:\/\/balkangreenenergynews.com\/rs\/wp-json\/wp\/v2\/media\/87740"}],"wp:attachment":[{"href":"https:\/\/balkangreenenergynews.com\/rs\/wp-json\/wp\/v2\/media?parent=87741"}],"wp:term":[{"taxonomy":"category","embeddable":true,"href":"https:\/\/balkangreenenergynews.com\/rs\/wp-json\/wp\/v2\/categories?post=87741"},{"taxonomy":"post_tag","embeddable":true,"href":"https:\/\/balkangreenenergynews.com\/rs\/wp-json\/wp\/v2\/tags?post=87741"}],"curies":[{"name":"wp","href":"https:\/\/api.w.org\/{rel}","templated":true}]}}