{"id":87694,"date":"2025-12-10T11:06:29","date_gmt":"2025-12-10T10:06:29","guid":{"rendered":"https:\/\/balkangreenenergynews.com\/rs\/?p=87694"},"modified":"2025-12-11T09:40:27","modified_gmt":"2025-12-11T08:40:27","slug":"energetska-zajednica-srbija-najbolja-na-zapadnom-balkanu-u-uskladjivanju-propisa-sa-eu","status":"publish","type":"post","link":"https:\/\/balkangreenenergynews.com\/rs\/energetska-zajednica-srbija-najbolja-na-zapadnom-balkanu-u-uskladjivanju-propisa-sa-eu\/","title":{"rendered":"Energetska zajednica: Srbija najbolja na Zapadnom Balkanu u uskla\u0111ivanju propisa sa EU"},"content":{"rendered":"<h2>Integracija s Evropskom unijom napreduje, u praksi, a u predstoje\u0107ih deset godina taj zamajac mora da bude odr\u017ean uz usredsre\u0111enost i odlu\u010dnost, naglasio je direktor Sekretarijata Energetske zajednice Artur Lorkovski u Godi\u0161njem izve\u0161taju o implementaciji.<\/h2>\n<h2>Na Zapadnom Balkanu se najbolje kotira Srbija, jer je pove\u0107ala stepen uskla\u0111enosti sa 55 na 63 odsto. Bosna i Hercegovina je na dnu lestvice za celu Energetsku zajednicu, budu\u0107i da je spala na tek 26 procenata.<\/h2>\n<p>Nakon dokumenta <a href=\"https:\/\/balkangreenenergynews.com\/rs\/zapadni-balkan-probio-rokove-za-izuzece-struje-iz-prekogranicne-takse-eu-na-co2\/\">Pra\u0107enje pripremljenosti za CBAM<\/a> za 2025, <a href=\"https:\/\/balkangreenenergynews.com\/rs\/energetska-zajednica-prima-nominacije-za-peci-projekte-energetske-infrastrukture\/\">Sekretarijat Energetske zajednice<\/a> je objavio i svoj <a href=\"https:\/\/www.energy-community.org\/news\/Energy-Community-News\/2025\/12\/11.html\"><em>Godi\u0161nji izve\u0161taj o implementaciji (Annual Implementation Report 2025).<\/em><\/a> Ta me\u0111unarodna organizacija je ove godine obele\u017eila dve decenije od osnivanja.<\/p>\n<p><a href=\"https:\/\/balkangreenenergynews.com\/rs\/energetska-zajednica-obelezila-20-godisnjicu-postala-je-stub-integracije-jugoistocne-evrope\/\">&#8222;Poruka iz Atine je jasna:<\/a> integracija s Evropskom unijom napreduje, u praksi, a u predstoje\u0107ih deset godina taj zamajac mora da bude odr\u017ean uz usredsre\u0111enost i odlu\u010dnost. Izve\u0161taj o implementaciji 2025. odra\u017eava ovaj pravac. Prikazuje jedan region koji stupa odlu\u010dnim koracima ka uskla\u0111ivanju sa pravnim tekovinama EU i oja\u010dava temelje potrebne za ubrzanu integraciju. Tako\u0111e je istaknuto gde su potrebni dodatni napori za postepenu integraciju sa tr\u017ei\u0161tima energenata EU \u2013 za dovr\u0161avanje spajanja tr\u017ei\u0161ta elektri\u010dne energije, poja\u010davanje prekograni\u010dnog trgovanja u domenu obnovljivih izvora, eliminisanje zagu\u0161enja po pitanju protoka gasa, sinhronizovanje razvoja energetske infrastrukture i postepeno uskla\u0111ivanje sa mehanizmima odre\u0111ivanja cene ugljenika&#8220;, istakao je direktor Sekretarijata Energetske zajednice <a href=\"https:\/\/balkangreenenergynews.com\/rs\/uvozna-taksa-eu-na-co2-ne-bi-trebalo-da-obuhvata-struju-iz-obnovljivih-izvora\/\">Artur Lorkovski.<\/a><\/p>\n<p>Dodao je da integracija u elektroenergetskom sektoru ostaje najva\u017enija. Nekoliko ugovornih strana je dovr\u0161ilo postupak transponovanja Paketa za integraciju (tr\u017ei\u0161ta) elektri\u010dne energije, EIP-a, dok su ostali zna\u010dajno napredovali.<\/p>\n<h3>Rok za prijave za spajanje tr\u017ei\u0161ta za 2028. isti\u010de za sedam meseci<\/h3>\n<p>Ovogodi\u0161nji intenzivni napori ugovornih strana i aktera iz EU usmereni na spajanje tr\u017ei\u0161ta <em>(market coupling),<\/em> otvorili su put uskla\u0111enom i odr\u017eivom postupku integracije, pi\u0161e u dokumentu. Ina\u010de, spajanje iliti uparivanje tr\u017ei\u0161ta elektri\u010dne energije je uslov za izuze\u0107e od Mehanizma EU za prekograni\u010dno uskla\u0111ivanje ugljenika (CBAM) u segmentu struje.<\/p>\n<p>Ugovorne strane koje nameravaju da se uklju\u010de 2028. moraju da do jula podnesu formalni zahtev, otkriva Godi\u0161nji izve\u0161taj o implementaciji.<\/p>\n<figure id=\"attachment_87754\" aria-describedby=\"caption-attachment-87754\" style=\"width: 748px\" class=\"wp-caption aligncenter\"><img loading=\"lazy\" decoding=\"async\" class=\"wp-image-87754 \" src=\"https:\/\/balkangreenenergynews.com\/rs\/wp-content\/uploads\/2025\/12\/Energetska-zajednica-Srbija-najbolja-Zapadnom-Balkanu-500x311.jpg\" alt=\"\" width=\"748\" height=\"465\" srcset=\"https:\/\/balkangreenenergynews.com\/rs\/wp-content\/uploads\/2025\/12\/Energetska-zajednica-Srbija-najbolja-Zapadnom-Balkanu-500x311.jpg 500w, https:\/\/balkangreenenergynews.com\/rs\/wp-content\/uploads\/2025\/12\/Energetska-zajednica-Srbija-najbolja-Zapadnom-Balkanu-768x478.jpg 768w, https:\/\/balkangreenenergynews.com\/rs\/wp-content\/uploads\/2025\/12\/Energetska-zajednica-Srbija-najbolja-Zapadnom-Balkanu-300x187.jpg 300w, https:\/\/balkangreenenergynews.com\/rs\/wp-content\/uploads\/2025\/12\/Energetska-zajednica-Srbija-najbolja-Zapadnom-Balkanu.jpg 840w\" sizes=\"auto, (max-width: 748px) 100vw, 748px\" \/><figcaption id=\"caption-attachment-87754\" class=\"wp-caption-text\">Foto: Sekretarijat Energetske zajednice<\/figcaption><\/figure>\n<h3>Crna Gora, Severna Makedonija blago napredovale, dostigle prosek<\/h3>\n<p>Integraciju sa tr\u017ei\u0161tima energenata u EU meri pet glavnih indikatora, iz kojih se izra\u010dunava ukupni rezultat. Energetska zajednica je zajedno na 53 odsto.<\/p>\n<p>Moldavija je daleko najuznapredovalija u procesu. Sko\u010dila je osam procentnih poena u proteklih godinu dana i dostigla 74 odsto. Na Zapadnom Balkanu se najbolje kotira Srbija, koja se popela sa 55 na 63 procenta. Pro\u0161le godine je tako\u0111e bila prva. Bosna i Hercegovina je ponovo na najni\u017eem nivou. \u010cak je pala \u010detiri poena i zavr\u0161ila na 26 odsto.<\/p>\n<p>Crna Gora i Severna Makedonija su blago napredovale, obe do 53 odsto, \u0161to je prosek za celu grupu. Kosovo* je oslabilo na 46 odsto, a Albanija se zadr\u017eala na 50 procenata.<\/p>\n<p>Sa svojih 61 odsto po indeksu tr\u017ei\u0161ta i integracije, Severna Makedonija je najbolja na Zapadnom Balkanu. Srbija je dostigla 83 procenta uskla\u0111enosti po pitanju dekarbonizacije energetike, \u0161to je najbolji rezultat u Energetskoj zajednici.<\/p>\n","protected":false},"excerpt":{"rendered":"<p>Zamajac mora da bude odr\u017ean, naglasio je direktor Sekretarijata Energetske zajednice Artur Lorkovski u Godi\u0161njem izve\u0161taju o implementaciji<\/p>\n","protected":false},"author":27,"featured_media":87769,"comment_status":"open","ping_status":"open","sticky":false,"template":"","format":"standard","meta":{"_acf_changed":false,"_monsterinsights_skip_tracking":false,"_monsterinsights_sitenote_active":false,"_monsterinsights_sitenote_note":"","_monsterinsights_sitenote_category":0,"footnotes":""},"categories":[504],"tags":[6215,6153,3279,669,1854,648,5343,5908,4699,5341],"class_list":["post-87694","post","type-post","status-publish","format-standard","has-post-thumbnail","hentry","category-elektricna-energija","tag-artur-lorkovski","tag-cbam","tag-dekarbonizacija","tag-elektricna-energija","tag-energetska-tranzicija","tag-energetska-zajednica","tag-porez-na-co2","tag-prekogranicna-taksa-na-co2","tag-spajanje-trzista-elektricne-energije","tag-taksa-na-co2","country-regioneu"],"acf":[],"yoast_head":"<!-- This site is optimized with the Yoast SEO plugin v27.4 - https:\/\/yoast.com\/product\/yoast-seo-wordpress\/ -->\n<title>Energetska zajednica: Srbija najbolja na Zapadnom Balkanu u uskla\u0111ivanju propisa<\/title>\n<meta name=\"description\" content=\"Zamajac mora da bude odr\u017ean, naglasio je direktor Sekretarijata Energetske zajednice Artur Lorkovski u Godi\u0161njem izve\u0161taju o implementaciji.\u00a0\" \/>\n<meta name=\"robots\" content=\"index, follow, max-snippet:-1, max-image-preview:large, max-video-preview:-1\" \/>\n<link rel=\"canonical\" href=\"https:\/\/balkangreenenergynews.com\/rs\/energetska-zajednica-srbija-najbolja-na-zapadnom-balkanu-u-uskladjivanju-propisa-sa-eu\/\" \/>\n<meta property=\"og:locale\" content=\"sr_RS\" \/>\n<meta property=\"og:type\" content=\"article\" \/>\n<meta property=\"og:title\" content=\"Energetska zajednica: Srbija najbolja na Zapadnom Balkanu u uskla\u0111ivanju propisa\" \/>\n<meta property=\"og:description\" content=\"Zamajac mora da bude odr\u017ean, naglasio je direktor Sekretarijata Energetske zajednice Artur Lorkovski u Godi\u0161njem izve\u0161taju o implementaciji.\u00a0\" \/>\n<meta property=\"og:url\" content=\"https:\/\/balkangreenenergynews.com\/rs\/energetska-zajednica-srbija-najbolja-na-zapadnom-balkanu-u-uskladjivanju-propisa-sa-eu\/\" \/>\n<meta property=\"og:site_name\" content=\"Balkan Green Energy News\" \/>\n<meta property=\"article:published_time\" content=\"2025-12-10T10:06:29+00:00\" \/>\n<meta property=\"article:modified_time\" content=\"2025-12-11T08:40:27+00:00\" \/>\n<meta property=\"og:image\" content=\"https:\/\/balkangreenenergynews.com\/rs\/wp-content\/uploads\/2025\/12\/Energetska-zajednica-na-Zapadnom-Balkanu-Srbija-najbolja.jpg?wsr\" \/>\n\t<meta property=\"og:image:width\" content=\"840\" \/>\n\t<meta property=\"og:image:height\" content=\"430\" \/>\n\t<meta property=\"og:image:type\" content=\"image\/jpeg\" \/>\n<meta name=\"author\" content=\"Igor Todorovi\u0107\" \/>\n<meta name=\"twitter:card\" content=\"summary_large_image\" \/>\n<meta name=\"twitter:label1\" content=\"\u041d\u0430\u043f\u0438\u0441\u0430\u043d\u043e \u043e\u0434\" \/>\n\t<meta name=\"twitter:data1\" content=\"Igor Todorovi\u0107\" \/>\n\t<meta name=\"twitter:label2\" content=\"\u041f\u0440\u043e\u0446\u0435\u045a\u0435\u043d\u043e \u0432\u0440\u0435\u043c\u0435 \u0447\u0438\u0442\u0430\u045a\u0430\" \/>\n\t<meta name=\"twitter:data2\" content=\"4 \u043c\u0438\u043d\u0443\u0442\u0430\" \/>\n<script type=\"application\/ld+json\" class=\"yoast-schema-graph\">{\"@context\":\"https:\\\/\\\/schema.org\",\"@graph\":[{\"@type\":\"Article\",\"@id\":\"https:\\\/\\\/balkangreenenergynews.com\\\/rs\\\/energetska-zajednica-srbija-najbolja-na-zapadnom-balkanu-u-uskladjivanju-propisa-sa-eu\\\/#article\",\"isPartOf\":{\"@id\":\"https:\\\/\\\/balkangreenenergynews.com\\\/rs\\\/energetska-zajednica-srbija-najbolja-na-zapadnom-balkanu-u-uskladjivanju-propisa-sa-eu\\\/\"},\"author\":{\"name\":\"Igor Todorovi\u0107\",\"@id\":\"https:\\\/\\\/balkangreenenergynews.com\\\/rs\\\/#\\\/schema\\\/person\\\/d8f80a244c4e9f2b55e4f6968c253246\"},\"headline\":\"Energetska zajednica: Srbija najbolja na Zapadnom Balkanu u uskla\u0111ivanju propisa sa EU\",\"datePublished\":\"2025-12-10T10:06:29+00:00\",\"dateModified\":\"2025-12-11T08:40:27+00:00\",\"mainEntityOfPage\":{\"@id\":\"https:\\\/\\\/balkangreenenergynews.com\\\/rs\\\/energetska-zajednica-srbija-najbolja-na-zapadnom-balkanu-u-uskladjivanju-propisa-sa-eu\\\/\"},\"wordCount\":552,\"commentCount\":0,\"image\":{\"@id\":\"https:\\\/\\\/balkangreenenergynews.com\\\/rs\\\/energetska-zajednica-srbija-najbolja-na-zapadnom-balkanu-u-uskladjivanju-propisa-sa-eu\\\/#primaryimage\"},\"thumbnailUrl\":\"https:\\\/\\\/balkangreenenergynews.com\\\/rs\\\/wp-content\\\/uploads\\\/2025\\\/12\\\/Energetska-zajednica-na-Zapadnom-Balkanu-Srbija-najbolja.jpg?wsr\",\"keywords\":[\"Artur Lorkovski\",\"CBAM\",\"dekarbonizacija\",\"elektri\u010dna energija\",\"energetska tranzicija\",\"Energetska zajednica\",\"porez na CO2\",\"prekograni\u010dna taksa na CO2\",\"spajanje tr\u017ei\u0161ta elektri\u010dne energije\",\"taksa na CO2\"],\"articleSection\":[\"Elektri\u010dna energija\"],\"inLanguage\":\"sr-RS\",\"potentialAction\":[{\"@type\":\"CommentAction\",\"name\":\"Comment\",\"target\":[\"https:\\\/\\\/balkangreenenergynews.com\\\/rs\\\/energetska-zajednica-srbija-najbolja-na-zapadnom-balkanu-u-uskladjivanju-propisa-sa-eu\\\/#respond\"]}]},{\"@type\":\"WebPage\",\"@id\":\"https:\\\/\\\/balkangreenenergynews.com\\\/rs\\\/energetska-zajednica-srbija-najbolja-na-zapadnom-balkanu-u-uskladjivanju-propisa-sa-eu\\\/\",\"url\":\"https:\\\/\\\/balkangreenenergynews.com\\\/rs\\\/energetska-zajednica-srbija-najbolja-na-zapadnom-balkanu-u-uskladjivanju-propisa-sa-eu\\\/\",\"name\":\"Energetska zajednica: Srbija najbolja na Zapadnom Balkanu u uskla\u0111ivanju propisa\",\"isPartOf\":{\"@id\":\"https:\\\/\\\/balkangreenenergynews.com\\\/rs\\\/#website\"},\"primaryImageOfPage\":{\"@id\":\"https:\\\/\\\/balkangreenenergynews.com\\\/rs\\\/energetska-zajednica-srbija-najbolja-na-zapadnom-balkanu-u-uskladjivanju-propisa-sa-eu\\\/#primaryimage\"},\"image\":{\"@id\":\"https:\\\/\\\/balkangreenenergynews.com\\\/rs\\\/energetska-zajednica-srbija-najbolja-na-zapadnom-balkanu-u-uskladjivanju-propisa-sa-eu\\\/#primaryimage\"},\"thumbnailUrl\":\"https:\\\/\\\/balkangreenenergynews.com\\\/rs\\\/wp-content\\\/uploads\\\/2025\\\/12\\\/Energetska-zajednica-na-Zapadnom-Balkanu-Srbija-najbolja.jpg?wsr\",\"datePublished\":\"2025-12-10T10:06:29+00:00\",\"dateModified\":\"2025-12-11T08:40:27+00:00\",\"author\":{\"@id\":\"https:\\\/\\\/balkangreenenergynews.com\\\/rs\\\/#\\\/schema\\\/person\\\/d8f80a244c4e9f2b55e4f6968c253246\"},\"description\":\"Zamajac mora da bude odr\u017ean, naglasio je direktor Sekretarijata Energetske zajednice Artur Lorkovski u Godi\u0161njem izve\u0161taju o implementaciji.\u00a0\",\"breadcrumb\":{\"@id\":\"https:\\\/\\\/balkangreenenergynews.com\\\/rs\\\/energetska-zajednica-srbija-najbolja-na-zapadnom-balkanu-u-uskladjivanju-propisa-sa-eu\\\/#breadcrumb\"},\"inLanguage\":\"sr-RS\",\"potentialAction\":[{\"@type\":\"ReadAction\",\"target\":[\"https:\\\/\\\/balkangreenenergynews.com\\\/rs\\\/energetska-zajednica-srbija-najbolja-na-zapadnom-balkanu-u-uskladjivanju-propisa-sa-eu\\\/\"]}]},{\"@type\":\"ImageObject\",\"inLanguage\":\"sr-RS\",\"@id\":\"https:\\\/\\\/balkangreenenergynews.com\\\/rs\\\/energetska-zajednica-srbija-najbolja-na-zapadnom-balkanu-u-uskladjivanju-propisa-sa-eu\\\/#primaryimage\",\"url\":\"https:\\\/\\\/balkangreenenergynews.com\\\/rs\\\/wp-content\\\/uploads\\\/2025\\\/12\\\/Energetska-zajednica-na-Zapadnom-Balkanu-Srbija-najbolja.jpg?wsr\",\"contentUrl\":\"https:\\\/\\\/balkangreenenergynews.com\\\/rs\\\/wp-content\\\/uploads\\\/2025\\\/12\\\/Energetska-zajednica-na-Zapadnom-Balkanu-Srbija-najbolja.jpg?wsr\",\"width\":840,\"height\":430,\"caption\":\"Energetska zajednica na Zapadnom Balkanu Srbija najbolja\"},{\"@type\":\"BreadcrumbList\",\"@id\":\"https:\\\/\\\/balkangreenenergynews.com\\\/rs\\\/energetska-zajednica-srbija-najbolja-na-zapadnom-balkanu-u-uskladjivanju-propisa-sa-eu\\\/#breadcrumb\",\"itemListElement\":[{\"@type\":\"ListItem\",\"position\":1,\"name\":\"Po\u010detna\",\"item\":\"https:\\\/\\\/balkangreenenergynews.com\\\/rs\\\/\"},{\"@type\":\"ListItem\",\"position\":2,\"name\":\"Vesti\",\"item\":\"https:\\\/\\\/balkangreenenergynews.com\\\/rs\\\/kategorija\\\/vesti\\\/\"},{\"@type\":\"ListItem\",\"position\":3,\"name\":\"Elektri\u010dna energija\",\"item\":\"https:\\\/\\\/balkangreenenergynews.com\\\/rs\\\/kategorija\\\/vesti\\\/elektricna-energija\\\/\"},{\"@type\":\"ListItem\",\"position\":4,\"name\":\"Energetska zajednica: Srbija najbolja na Zapadnom Balkanu u uskla\u0111ivanju propisa sa EU\"}]},{\"@type\":\"WebSite\",\"@id\":\"https:\\\/\\\/balkangreenenergynews.com\\\/rs\\\/#website\",\"url\":\"https:\\\/\\\/balkangreenenergynews.com\\\/rs\\\/\",\"name\":\"Balkan Green Energy News\",\"description\":\"Naj\u0161iri izbor vesti sa Balkana o zelenoj energiji\",\"potentialAction\":[{\"@type\":\"SearchAction\",\"target\":{\"@type\":\"EntryPoint\",\"urlTemplate\":\"https:\\\/\\\/balkangreenenergynews.com\\\/rs\\\/?s={search_term_string}\"},\"query-input\":{\"@type\":\"PropertyValueSpecification\",\"valueRequired\":true,\"valueName\":\"search_term_string\"}}],\"inLanguage\":\"sr-RS\"},{\"@type\":\"Person\",\"@id\":\"https:\\\/\\\/balkangreenenergynews.com\\\/rs\\\/#\\\/schema\\\/person\\\/d8f80a244c4e9f2b55e4f6968c253246\",\"name\":\"Igor Todorovi\u0107\",\"url\":\"https:\\\/\\\/balkangreenenergynews.com\\\/rs\\\/author\\\/igor-todorovic\\\/\"}]}<\/script>\n<!-- \/ Yoast SEO plugin. -->","yoast_head_json":{"title":"Energetska zajednica: Srbija najbolja na Zapadnom Balkanu u uskla\u0111ivanju propisa","description":"Zamajac mora da bude odr\u017ean, naglasio je direktor Sekretarijata Energetske zajednice Artur Lorkovski u Godi\u0161njem izve\u0161taju o implementaciji.\u00a0","robots":{"index":"index","follow":"follow","max-snippet":"max-snippet:-1","max-image-preview":"max-image-preview:large","max-video-preview":"max-video-preview:-1"},"canonical":"https:\/\/balkangreenenergynews.com\/rs\/energetska-zajednica-srbija-najbolja-na-zapadnom-balkanu-u-uskladjivanju-propisa-sa-eu\/","og_locale":"sr_RS","og_type":"article","og_title":"Energetska zajednica: Srbija najbolja na Zapadnom Balkanu u uskla\u0111ivanju propisa","og_description":"Zamajac mora da bude odr\u017ean, naglasio je direktor Sekretarijata Energetske zajednice Artur Lorkovski u Godi\u0161njem izve\u0161taju o implementaciji.\u00a0","og_url":"https:\/\/balkangreenenergynews.com\/rs\/energetska-zajednica-srbija-najbolja-na-zapadnom-balkanu-u-uskladjivanju-propisa-sa-eu\/","og_site_name":"Balkan Green Energy News","article_published_time":"2025-12-10T10:06:29+00:00","article_modified_time":"2025-12-11T08:40:27+00:00","og_image":[{"width":840,"height":430,"url":"https:\/\/balkangreenenergynews.com\/rs\/wp-content\/uploads\/2025\/12\/Energetska-zajednica-na-Zapadnom-Balkanu-Srbija-najbolja.jpg?wsr","type":"image\/jpeg"}],"author":"Igor Todorovi\u0107","twitter_card":"summary_large_image","twitter_misc":{"\u041d\u0430\u043f\u0438\u0441\u0430\u043d\u043e \u043e\u0434":"Igor Todorovi\u0107","\u041f\u0440\u043e\u0446\u0435\u045a\u0435\u043d\u043e \u0432\u0440\u0435\u043c\u0435 \u0447\u0438\u0442\u0430\u045a\u0430":"4 \u043c\u0438\u043d\u0443\u0442\u0430"},"schema":{"@context":"https:\/\/schema.org","@graph":[{"@type":"Article","@id":"https:\/\/balkangreenenergynews.com\/rs\/energetska-zajednica-srbija-najbolja-na-zapadnom-balkanu-u-uskladjivanju-propisa-sa-eu\/#article","isPartOf":{"@id":"https:\/\/balkangreenenergynews.com\/rs\/energetska-zajednica-srbija-najbolja-na-zapadnom-balkanu-u-uskladjivanju-propisa-sa-eu\/"},"author":{"name":"Igor Todorovi\u0107","@id":"https:\/\/balkangreenenergynews.com\/rs\/#\/schema\/person\/d8f80a244c4e9f2b55e4f6968c253246"},"headline":"Energetska zajednica: Srbija najbolja na Zapadnom Balkanu u uskla\u0111ivanju propisa sa EU","datePublished":"2025-12-10T10:06:29+00:00","dateModified":"2025-12-11T08:40:27+00:00","mainEntityOfPage":{"@id":"https:\/\/balkangreenenergynews.com\/rs\/energetska-zajednica-srbija-najbolja-na-zapadnom-balkanu-u-uskladjivanju-propisa-sa-eu\/"},"wordCount":552,"commentCount":0,"image":{"@id":"https:\/\/balkangreenenergynews.com\/rs\/energetska-zajednica-srbija-najbolja-na-zapadnom-balkanu-u-uskladjivanju-propisa-sa-eu\/#primaryimage"},"thumbnailUrl":"https:\/\/balkangreenenergynews.com\/rs\/wp-content\/uploads\/2025\/12\/Energetska-zajednica-na-Zapadnom-Balkanu-Srbija-najbolja.jpg?wsr","keywords":["Artur Lorkovski","CBAM","dekarbonizacija","elektri\u010dna energija","energetska tranzicija","Energetska zajednica","porez na CO2","prekograni\u010dna taksa na CO2","spajanje tr\u017ei\u0161ta elektri\u010dne energije","taksa na CO2"],"articleSection":["Elektri\u010dna energija"],"inLanguage":"sr-RS","potentialAction":[{"@type":"CommentAction","name":"Comment","target":["https:\/\/balkangreenenergynews.com\/rs\/energetska-zajednica-srbija-najbolja-na-zapadnom-balkanu-u-uskladjivanju-propisa-sa-eu\/#respond"]}]},{"@type":"WebPage","@id":"https:\/\/balkangreenenergynews.com\/rs\/energetska-zajednica-srbija-najbolja-na-zapadnom-balkanu-u-uskladjivanju-propisa-sa-eu\/","url":"https:\/\/balkangreenenergynews.com\/rs\/energetska-zajednica-srbija-najbolja-na-zapadnom-balkanu-u-uskladjivanju-propisa-sa-eu\/","name":"Energetska zajednica: Srbija najbolja na Zapadnom Balkanu u uskla\u0111ivanju propisa","isPartOf":{"@id":"https:\/\/balkangreenenergynews.com\/rs\/#website"},"primaryImageOfPage":{"@id":"https:\/\/balkangreenenergynews.com\/rs\/energetska-zajednica-srbija-najbolja-na-zapadnom-balkanu-u-uskladjivanju-propisa-sa-eu\/#primaryimage"},"image":{"@id":"https:\/\/balkangreenenergynews.com\/rs\/energetska-zajednica-srbija-najbolja-na-zapadnom-balkanu-u-uskladjivanju-propisa-sa-eu\/#primaryimage"},"thumbnailUrl":"https:\/\/balkangreenenergynews.com\/rs\/wp-content\/uploads\/2025\/12\/Energetska-zajednica-na-Zapadnom-Balkanu-Srbija-najbolja.jpg?wsr","datePublished":"2025-12-10T10:06:29+00:00","dateModified":"2025-12-11T08:40:27+00:00","author":{"@id":"https:\/\/balkangreenenergynews.com\/rs\/#\/schema\/person\/d8f80a244c4e9f2b55e4f6968c253246"},"description":"Zamajac mora da bude odr\u017ean, naglasio je direktor Sekretarijata Energetske zajednice Artur Lorkovski u Godi\u0161njem izve\u0161taju o implementaciji.\u00a0","breadcrumb":{"@id":"https:\/\/balkangreenenergynews.com\/rs\/energetska-zajednica-srbija-najbolja-na-zapadnom-balkanu-u-uskladjivanju-propisa-sa-eu\/#breadcrumb"},"inLanguage":"sr-RS","potentialAction":[{"@type":"ReadAction","target":["https:\/\/balkangreenenergynews.com\/rs\/energetska-zajednica-srbija-najbolja-na-zapadnom-balkanu-u-uskladjivanju-propisa-sa-eu\/"]}]},{"@type":"ImageObject","inLanguage":"sr-RS","@id":"https:\/\/balkangreenenergynews.com\/rs\/energetska-zajednica-srbija-najbolja-na-zapadnom-balkanu-u-uskladjivanju-propisa-sa-eu\/#primaryimage","url":"https:\/\/balkangreenenergynews.com\/rs\/wp-content\/uploads\/2025\/12\/Energetska-zajednica-na-Zapadnom-Balkanu-Srbija-najbolja.jpg?wsr","contentUrl":"https:\/\/balkangreenenergynews.com\/rs\/wp-content\/uploads\/2025\/12\/Energetska-zajednica-na-Zapadnom-Balkanu-Srbija-najbolja.jpg?wsr","width":840,"height":430,"caption":"Energetska zajednica na Zapadnom Balkanu Srbija najbolja"},{"@type":"BreadcrumbList","@id":"https:\/\/balkangreenenergynews.com\/rs\/energetska-zajednica-srbija-najbolja-na-zapadnom-balkanu-u-uskladjivanju-propisa-sa-eu\/#breadcrumb","itemListElement":[{"@type":"ListItem","position":1,"name":"Po\u010detna","item":"https:\/\/balkangreenenergynews.com\/rs\/"},{"@type":"ListItem","position":2,"name":"Vesti","item":"https:\/\/balkangreenenergynews.com\/rs\/kategorija\/vesti\/"},{"@type":"ListItem","position":3,"name":"Elektri\u010dna energija","item":"https:\/\/balkangreenenergynews.com\/rs\/kategorija\/vesti\/elektricna-energija\/"},{"@type":"ListItem","position":4,"name":"Energetska zajednica: Srbija najbolja na Zapadnom Balkanu u uskla\u0111ivanju propisa sa EU"}]},{"@type":"WebSite","@id":"https:\/\/balkangreenenergynews.com\/rs\/#website","url":"https:\/\/balkangreenenergynews.com\/rs\/","name":"Balkan Green Energy News","description":"Naj\u0161iri izbor vesti sa Balkana o zelenoj energiji","potentialAction":[{"@type":"SearchAction","target":{"@type":"EntryPoint","urlTemplate":"https:\/\/balkangreenenergynews.com\/rs\/?s={search_term_string}"},"query-input":{"@type":"PropertyValueSpecification","valueRequired":true,"valueName":"search_term_string"}}],"inLanguage":"sr-RS"},{"@type":"Person","@id":"https:\/\/balkangreenenergynews.com\/rs\/#\/schema\/person\/d8f80a244c4e9f2b55e4f6968c253246","name":"Igor Todorovi\u0107","url":"https:\/\/balkangreenenergynews.com\/rs\/author\/igor-todorovic\/"}]}},"_links":{"self":[{"href":"https:\/\/balkangreenenergynews.com\/rs\/wp-json\/wp\/v2\/posts\/87694","targetHints":{"allow":["GET"]}}],"collection":[{"href":"https:\/\/balkangreenenergynews.com\/rs\/wp-json\/wp\/v2\/posts"}],"about":[{"href":"https:\/\/balkangreenenergynews.com\/rs\/wp-json\/wp\/v2\/types\/post"}],"author":[{"embeddable":true,"href":"https:\/\/balkangreenenergynews.com\/rs\/wp-json\/wp\/v2\/users\/27"}],"replies":[{"embeddable":true,"href":"https:\/\/balkangreenenergynews.com\/rs\/wp-json\/wp\/v2\/comments?post=87694"}],"version-history":[{"count":0,"href":"https:\/\/balkangreenenergynews.com\/rs\/wp-json\/wp\/v2\/posts\/87694\/revisions"}],"wp:featuredmedia":[{"embeddable":true,"href":"https:\/\/balkangreenenergynews.com\/rs\/wp-json\/wp\/v2\/media\/87769"}],"wp:attachment":[{"href":"https:\/\/balkangreenenergynews.com\/rs\/wp-json\/wp\/v2\/media?parent=87694"}],"wp:term":[{"taxonomy":"category","embeddable":true,"href":"https:\/\/balkangreenenergynews.com\/rs\/wp-json\/wp\/v2\/categories?post=87694"},{"taxonomy":"post_tag","embeddable":true,"href":"https:\/\/balkangreenenergynews.com\/rs\/wp-json\/wp\/v2\/tags?post=87694"}],"curies":[{"name":"wp","href":"https:\/\/api.w.org\/{rel}","templated":true}]}}