{"id":87632,"date":"2025-12-09T09:47:30","date_gmt":"2025-12-09T08:47:30","guid":{"rendered":"https:\/\/balkangreenenergynews.com\/rs\/?p=87632"},"modified":"2026-02-26T15:01:02","modified_gmt":"2026-02-26T14:01:02","slug":"u-probnom-radu-treci-vetropark-u-severnoj-makedoniji","status":"publish","type":"post","link":"https:\/\/balkangreenenergynews.com\/rs\/u-probnom-radu-treci-vetropark-u-severnoj-makedoniji\/","title":{"rendered":"U probnom radu tre\u0107i vetropark u Severnoj Makedoniji"},"content":{"rendered":"<h2>Regulatorna komisija za energetiku (RKE ili ERC) Severne Makedonije je ozna\u010dila po\u010detak probnog rada vetroelektrane od 44 megavata koja se nalazi u Demir Kapiji. Pre skoro tri godine, Kaltun Enerji je anga\u017eovao Yeo Teknoloji, tako\u0111e tursku kompaniju, da u toj op\u0161tini izgradi vetroelektranu Dren. Re\u010d je o tre\u0107em postrojenju te vrste u zemlji, osim \u0161to je u blizini sagra\u0111eno jo\u0161 jedno, koje \u010deka da otpo\u010dne proizvodnju.<\/h2>\n<p>Severna Makedonija je ove godine na elektroenergetsku mre\u017eu priklju\u010dila 210 megavata kapaciteta iz obnovljivih izvora, od \u010dega 44 megavata \u010dini vetropark u Demir Kapiji koji je stupio u probni rad, otkrio je predsednik RKE <a href=\"https:\/\/balkangreenenergynews.com\/rs\/svakog-dana-po-jedan-megavat-severna-makedonija-belezi-snazan-rast-obnovljive-energije\/\">Marko Bislimoski.<\/a> Ostatak je solar, po podacima tog tela, zvani\u010dnog imena Regulatorna komisije za energetiku, vodne usluge i usluge upravljanja komunalnim otpadom.<\/p>\n<p>Budu\u0107i da je <a href=\"https:\/\/balkangreenenergynews.com\/rs\/bozinovska-solar-je-po-prvi-put-prestigao-hidroelektrane-u-severnoj-makedoniji\/\">fotonaponski kapacitet u zemlji na kraju 2024. iznosio 848 megavata,<\/a> to bi zna\u010dilo da je nedavno prema\u0161io jedan gigavat.<\/p>\n<p>Udeo obnovljivih izvora u kapacitetu proizvodnje se pro\u0161le godine popeo na 55 odsto, a \u010dinio je 40 odsto doma\u0107e proizvodnje, dodao je Bislimoski.<\/p>\n<h3>Vetroelektrana Dren ima devet turbina<\/h3>\n<p>Kaltun Enerji je po\u010detkom 2023. anga\u017eovao kompaniju <a href=\"https:\/\/balkangreenenergynews.com\/turkish-companies-to-build-dren-wind-park-in-north-macedonia\/\">YEO Technology (YEO Teknoloji Enerji ve End\u00fcstri)<\/a> za izgradnju svoje vetroelektrane od 44 megavata kod Drena u Severnoj Makedoniji. Sedi\u0161te obeju kompanija je u Turskoj. Selo Dren se nalazi u op\u0161tini Demir Kapija, ali deo zahva\u0107ene povr\u0161ine je u susednoj op\u0161tini Negotino, kao i kod \u0110ev\u0111elije, koja je na granici s Gr\u010dkom.<\/p>\n<p>Ista kompanija je ove godine ishodovala dozvole za probni rad pogona <a href=\"https:\/\/www.erc.org.mk\/licenci\/2025.06.23%20%D0%9E%D0%B4%D0%BB%D1%83%D0%BA%D0%B0%20%D0%B7%D0%B0%20%D0%B8%D0%B7%D0%B4%D0%B0%D0%B2%D0%B0%D1%9A%D0%B5%20%D0%BD%D0%B0%20%D0%BB-%D1%86%D0%B0%20%D0%B7%D0%B0%20%D0%BF%D1%80%D0%BE%D0%B1%D0%BD%D0%B0%20%D1%80%D0%B0%D0%B1%D0%BE%D1%82%D0%B0%20%D0%B7%D0%B0%20%D0%BF%D1%80%D0%BE%D0%B8%D0%B7%D0%B2%D0%BE%D0%B4%D1%81%D1%82%D0%B2%D0%BE%20%D0%BD%D0%B0%20%D0%95%D0%95%20%D0%BE%D0%B4%20%D0%92%D0%95%D0%A6%20%D0%94%D0%A0%D0%95%D0%9D%201.pdf\">Dren 1<\/a> (33,6 megavata) i <a href=\"https:\/\/www.erc.org.mk\/licenci\/2025.8.7%20%D0%9E%D0%B4%D0%BB%D1%83%D0%BA%D0%B0%20%D0%B7%D0%B0%20%D0%BF%D1%80%D0%BE%D0%B4%D0%BE%D0%BB%D0%B6%D1%83%D0%B2%D0%B0%D1%9A%D0%B5%20%D0%BD%D0%B0%20%D0%BB%D0%B8%D1%86%D0%B5%D0%BD%D1%86%D0%B0%20%D0%B7%D0%B0%20%D0%BF%D1%80%D0%BE%D0%B1%D0%BD%D0%B0%20%D1%80%D0%B0%D0%B1%D0%BE%D1%82%D0%B0%20%D0%BD%D0%B0%20%D0%BA%D0%B0%D0%BB%D1%82%D1%83%D0%BD.pdf\">Dren 2<\/a> (9,6 megavata). Sastoje se od sedam vetroturbina, odnosno dve, koje je proizveo Goldwind. Svaka dosti\u017ee 4,8 megavata.<\/p>\n<p><a href=\"https:\/\/balkangreenenergynews.com\/rs\/esm-dobio-kredit-i-donaciju-za-tri-solarne-elektrane-i-prosirenje-vetroparka-bogdanci\/\">Bogdanci,<\/a> prva vetroelektrana u Severnoj Makedoniji, nalazi se u blizini.<\/p>\n<h3>Obli\u017enji vetropark \u010deka da bude pu\u0161ten u rad<\/h3>\n<p>Projektna firma Park na veterni elektrani Perun, ranije zvana Park na veterni elektrani Euroing, dobila je u aprilu od RKE privremenu dozvolu za proizvodnju elektri\u010dne energije za svoju vetroelektranu od 30 megavata, poznatu i kao <a href=\"https:\/\/www.erc.org.mk\/licenci\/2025.04.22%20Odluka%20za%20izdavanje%20na%20privremena%20l-ca%20-%20VEC%20PERUN.pdf\">Rosoman.<\/a> Nalazi se u istom kraju, na teritoriji op\u0161tine Bogdanci. Vetropark se sastoji od pet turbina marke Siemens Gamesa. Po poslednjim informacijama, postrojenje je \u010dekalo na pu\u0161tanje u rad.<\/p>\n<p><a href=\"https:\/\/balkangreenenergynews.com\/rs\/ggf-ov-vetropark-bogoslovec-je-model-za-investiranje-u-zelenu-energiju-na-balkanu\/\">Bogoslovec,<\/a> druga vetroelektrana u zemlji, otvoren je pro\u0161le godine.<\/p>\n<p><a href=\"https:\/\/balkangreenenergynews.com\/rs\/pocela-gradnja-vetroparka-stip-u-severnoj-makedoniji-najveceg-na-zapadnom-balkanu\/\">Alcazar Energy Partners<\/a> je u julu sve\u010dano zapo\u010deo izgradnju svog vetroparka \u0160tip. U planu je 400 megavata, \u0161to bi ga u\u010dinilo najve\u0107im na Zapadnom Balkanu.<\/p>\n<p>Bislimoski je izjavio i da je RKE po\u010deo s izmenama licenci za solarne elektrane kojima su pridodata baterijska skladi\u0161ta energije. Pritom je istakao da ove zime ne o\u010dekuje vi\u0161kove struje. Potro\u0161nja je u porastu, a naro\u010dito me\u0111u doma\u0107instvima, jer velik deo njih koristi elektri\u010dnu energiju za grejanje, dodao je.<\/p>\n","protected":false},"excerpt":{"rendered":"<p>Regulatorna komisija za energetiku Severne Makedonije je ozna\u010dila po\u010detak probnog rada vetroelektrane od 44 megavata u Demir Kapiji<\/p>\n","protected":false},"author":27,"featured_media":87634,"comment_status":"open","ping_status":"open","sticky":false,"template":"","format":"standard","meta":{"_acf_changed":false,"_monsterinsights_skip_tracking":false,"_monsterinsights_sitenote_active":false,"_monsterinsights_sitenote_note":"","_monsterinsights_sitenote_category":0,"footnotes":""},"categories":[504,1],"tags":[669,7356,6694,647,6693,3532,2341,7355],"class_list":["post-87632","post","type-post","status-publish","format-standard","has-post-thumbnail","hentry","category-elektricna-energija","category-obnovljivi-izvori-energije","tag-elektricna-energija","tag-goldwind","tag-marko-bislimoski","tag-obnovljivi-izvori-energije","tag-rke","tag-siemens-gamesa","tag-vetroelektrane","tag-yeo-technology","country-makedonija"],"acf":[],"yoast_head":"<!-- This site is optimized with the Yoast SEO plugin v27.4 - https:\/\/yoast.com\/product\/yoast-seo-wordpress\/ -->\n<title>U probnom radu tre\u0107i vetropark u Severnoj Makedoniji<\/title>\n<meta name=\"description\" content=\"Regulatorna komisija za energetiku Severne Makedonije je ozna\u010dila po\u010detak probnog rada vetroelektrane od 44 megavata u Demir Kapiji.\" \/>\n<meta name=\"robots\" content=\"index, follow, max-snippet:-1, max-image-preview:large, max-video-preview:-1\" \/>\n<link rel=\"canonical\" href=\"https:\/\/balkangreenenergynews.com\/rs\/u-probnom-radu-treci-vetropark-u-severnoj-makedoniji\/\" \/>\n<meta property=\"og:locale\" content=\"sr_RS\" \/>\n<meta property=\"og:type\" content=\"article\" \/>\n<meta property=\"og:title\" content=\"U probnom radu tre\u0107i vetropark u Severnoj Makedoniji\" \/>\n<meta property=\"og:description\" content=\"Regulatorna komisija za energetiku Severne Makedonije je ozna\u010dila po\u010detak probnog rada vetroelektrane od 44 megavata u Demir Kapiji.\" \/>\n<meta property=\"og:url\" content=\"https:\/\/balkangreenenergynews.com\/rs\/u-probnom-radu-treci-vetropark-u-severnoj-makedoniji\/\" \/>\n<meta property=\"og:site_name\" content=\"Balkan Green Energy News\" \/>\n<meta property=\"article:published_time\" content=\"2025-12-09T08:47:30+00:00\" \/>\n<meta property=\"article:modified_time\" content=\"2026-02-26T14:01:02+00:00\" \/>\n<meta property=\"og:image\" content=\"https:\/\/balkangreenenergynews.com\/rs\/wp-content\/uploads\/2025\/12\/U-probnom-radu-treci-vetropark-u-Severnoj-Makedoniji-Demir-Kapija-Kapiji.jpg?wsr\" \/>\n\t<meta property=\"og:image:width\" content=\"840\" \/>\n\t<meta property=\"og:image:height\" content=\"430\" \/>\n\t<meta property=\"og:image:type\" content=\"image\/jpeg\" \/>\n<meta name=\"author\" content=\"Igor Todorovi\u0107\" \/>\n<meta name=\"twitter:card\" content=\"summary_large_image\" \/>\n<meta name=\"twitter:label1\" content=\"\u041d\u0430\u043f\u0438\u0441\u0430\u043d\u043e \u043e\u0434\" \/>\n\t<meta name=\"twitter:data1\" content=\"Igor Todorovi\u0107\" \/>\n\t<meta name=\"twitter:label2\" content=\"\u041f\u0440\u043e\u0446\u0435\u045a\u0435\u043d\u043e \u0432\u0440\u0435\u043c\u0435 \u0447\u0438\u0442\u0430\u045a\u0430\" \/>\n\t<meta name=\"twitter:data2\" content=\"3 \u043c\u0438\u043d\u0443\u0442\u0430\" \/>\n<script type=\"application\/ld+json\" class=\"yoast-schema-graph\">{\"@context\":\"https:\\\/\\\/schema.org\",\"@graph\":[{\"@type\":\"Article\",\"@id\":\"https:\\\/\\\/balkangreenenergynews.com\\\/rs\\\/u-probnom-radu-treci-vetropark-u-severnoj-makedoniji\\\/#article\",\"isPartOf\":{\"@id\":\"https:\\\/\\\/balkangreenenergynews.com\\\/rs\\\/u-probnom-radu-treci-vetropark-u-severnoj-makedoniji\\\/\"},\"author\":{\"name\":\"Igor Todorovi\u0107\",\"@id\":\"https:\\\/\\\/balkangreenenergynews.com\\\/rs\\\/#\\\/schema\\\/person\\\/d8f80a244c4e9f2b55e4f6968c253246\"},\"headline\":\"U probnom radu tre\u0107i vetropark u Severnoj Makedoniji\",\"datePublished\":\"2025-12-09T08:47:30+00:00\",\"dateModified\":\"2026-02-26T14:01:02+00:00\",\"mainEntityOfPage\":{\"@id\":\"https:\\\/\\\/balkangreenenergynews.com\\\/rs\\\/u-probnom-radu-treci-vetropark-u-severnoj-makedoniji\\\/\"},\"wordCount\":470,\"commentCount\":0,\"image\":{\"@id\":\"https:\\\/\\\/balkangreenenergynews.com\\\/rs\\\/u-probnom-radu-treci-vetropark-u-severnoj-makedoniji\\\/#primaryimage\"},\"thumbnailUrl\":\"https:\\\/\\\/balkangreenenergynews.com\\\/rs\\\/wp-content\\\/uploads\\\/2025\\\/12\\\/U-probnom-radu-treci-vetropark-u-Severnoj-Makedoniji-Demir-Kapija-Kapiji.jpg?wsr\",\"keywords\":[\"elektri\u010dna energija\",\"Goldwind\",\"Marko Bislimoski\",\"obnovljivi izvori energije\",\"RKE\",\"Siemens Gamesa\",\"vetroelektrane\",\"YEO Technology\"],\"articleSection\":[\"Elektri\u010dna energija\",\"OIE\"],\"inLanguage\":\"sr-RS\",\"potentialAction\":[{\"@type\":\"CommentAction\",\"name\":\"Comment\",\"target\":[\"https:\\\/\\\/balkangreenenergynews.com\\\/rs\\\/u-probnom-radu-treci-vetropark-u-severnoj-makedoniji\\\/#respond\"]}]},{\"@type\":\"WebPage\",\"@id\":\"https:\\\/\\\/balkangreenenergynews.com\\\/rs\\\/u-probnom-radu-treci-vetropark-u-severnoj-makedoniji\\\/\",\"url\":\"https:\\\/\\\/balkangreenenergynews.com\\\/rs\\\/u-probnom-radu-treci-vetropark-u-severnoj-makedoniji\\\/\",\"name\":\"U probnom radu tre\u0107i vetropark u Severnoj Makedoniji\",\"isPartOf\":{\"@id\":\"https:\\\/\\\/balkangreenenergynews.com\\\/rs\\\/#website\"},\"primaryImageOfPage\":{\"@id\":\"https:\\\/\\\/balkangreenenergynews.com\\\/rs\\\/u-probnom-radu-treci-vetropark-u-severnoj-makedoniji\\\/#primaryimage\"},\"image\":{\"@id\":\"https:\\\/\\\/balkangreenenergynews.com\\\/rs\\\/u-probnom-radu-treci-vetropark-u-severnoj-makedoniji\\\/#primaryimage\"},\"thumbnailUrl\":\"https:\\\/\\\/balkangreenenergynews.com\\\/rs\\\/wp-content\\\/uploads\\\/2025\\\/12\\\/U-probnom-radu-treci-vetropark-u-Severnoj-Makedoniji-Demir-Kapija-Kapiji.jpg?wsr\",\"datePublished\":\"2025-12-09T08:47:30+00:00\",\"dateModified\":\"2026-02-26T14:01:02+00:00\",\"author\":{\"@id\":\"https:\\\/\\\/balkangreenenergynews.com\\\/rs\\\/#\\\/schema\\\/person\\\/d8f80a244c4e9f2b55e4f6968c253246\"},\"description\":\"Regulatorna komisija za energetiku Severne Makedonije je ozna\u010dila po\u010detak probnog rada vetroelektrane od 44 megavata u Demir Kapiji.\",\"breadcrumb\":{\"@id\":\"https:\\\/\\\/balkangreenenergynews.com\\\/rs\\\/u-probnom-radu-treci-vetropark-u-severnoj-makedoniji\\\/#breadcrumb\"},\"inLanguage\":\"sr-RS\",\"potentialAction\":[{\"@type\":\"ReadAction\",\"target\":[\"https:\\\/\\\/balkangreenenergynews.com\\\/rs\\\/u-probnom-radu-treci-vetropark-u-severnoj-makedoniji\\\/\"]}]},{\"@type\":\"ImageObject\",\"inLanguage\":\"sr-RS\",\"@id\":\"https:\\\/\\\/balkangreenenergynews.com\\\/rs\\\/u-probnom-radu-treci-vetropark-u-severnoj-makedoniji\\\/#primaryimage\",\"url\":\"https:\\\/\\\/balkangreenenergynews.com\\\/rs\\\/wp-content\\\/uploads\\\/2025\\\/12\\\/U-probnom-radu-treci-vetropark-u-Severnoj-Makedoniji-Demir-Kapija-Kapiji.jpg?wsr\",\"contentUrl\":\"https:\\\/\\\/balkangreenenergynews.com\\\/rs\\\/wp-content\\\/uploads\\\/2025\\\/12\\\/U-probnom-radu-treci-vetropark-u-Severnoj-Makedoniji-Demir-Kapija-Kapiji.jpg?wsr\",\"width\":840,\"height\":430,\"caption\":\"U probnom radu treci vetropark u Severnoj Makedoniji Demir Kapija Kapiji\"},{\"@type\":\"BreadcrumbList\",\"@id\":\"https:\\\/\\\/balkangreenenergynews.com\\\/rs\\\/u-probnom-radu-treci-vetropark-u-severnoj-makedoniji\\\/#breadcrumb\",\"itemListElement\":[{\"@type\":\"ListItem\",\"position\":1,\"name\":\"Po\u010detna\",\"item\":\"https:\\\/\\\/balkangreenenergynews.com\\\/rs\\\/\"},{\"@type\":\"ListItem\",\"position\":2,\"name\":\"Vesti\",\"item\":\"https:\\\/\\\/balkangreenenergynews.com\\\/rs\\\/kategorija\\\/vesti\\\/\"},{\"@type\":\"ListItem\",\"position\":3,\"name\":\"OIE\",\"item\":\"https:\\\/\\\/balkangreenenergynews.com\\\/rs\\\/kategorija\\\/vesti\\\/obnovljivi-izvori-energije\\\/\"},{\"@type\":\"ListItem\",\"position\":4,\"name\":\"U probnom radu tre\u0107i vetropark u Severnoj Makedoniji\"}]},{\"@type\":\"WebSite\",\"@id\":\"https:\\\/\\\/balkangreenenergynews.com\\\/rs\\\/#website\",\"url\":\"https:\\\/\\\/balkangreenenergynews.com\\\/rs\\\/\",\"name\":\"Balkan Green Energy News\",\"description\":\"Naj\u0161iri izbor vesti sa Balkana o zelenoj energiji\",\"potentialAction\":[{\"@type\":\"SearchAction\",\"target\":{\"@type\":\"EntryPoint\",\"urlTemplate\":\"https:\\\/\\\/balkangreenenergynews.com\\\/rs\\\/?s={search_term_string}\"},\"query-input\":{\"@type\":\"PropertyValueSpecification\",\"valueRequired\":true,\"valueName\":\"search_term_string\"}}],\"inLanguage\":\"sr-RS\"},{\"@type\":\"Person\",\"@id\":\"https:\\\/\\\/balkangreenenergynews.com\\\/rs\\\/#\\\/schema\\\/person\\\/d8f80a244c4e9f2b55e4f6968c253246\",\"name\":\"Igor Todorovi\u0107\",\"url\":\"https:\\\/\\\/balkangreenenergynews.com\\\/rs\\\/author\\\/igor-todorovic\\\/\"}]}<\/script>\n<!-- \/ Yoast SEO plugin. -->","yoast_head_json":{"title":"U probnom radu tre\u0107i vetropark u Severnoj Makedoniji","description":"Regulatorna komisija za energetiku Severne Makedonije je ozna\u010dila po\u010detak probnog rada vetroelektrane od 44 megavata u Demir Kapiji.","robots":{"index":"index","follow":"follow","max-snippet":"max-snippet:-1","max-image-preview":"max-image-preview:large","max-video-preview":"max-video-preview:-1"},"canonical":"https:\/\/balkangreenenergynews.com\/rs\/u-probnom-radu-treci-vetropark-u-severnoj-makedoniji\/","og_locale":"sr_RS","og_type":"article","og_title":"U probnom radu tre\u0107i vetropark u Severnoj Makedoniji","og_description":"Regulatorna komisija za energetiku Severne Makedonije je ozna\u010dila po\u010detak probnog rada vetroelektrane od 44 megavata u Demir Kapiji.","og_url":"https:\/\/balkangreenenergynews.com\/rs\/u-probnom-radu-treci-vetropark-u-severnoj-makedoniji\/","og_site_name":"Balkan Green Energy News","article_published_time":"2025-12-09T08:47:30+00:00","article_modified_time":"2026-02-26T14:01:02+00:00","og_image":[{"width":840,"height":430,"url":"https:\/\/balkangreenenergynews.com\/rs\/wp-content\/uploads\/2025\/12\/U-probnom-radu-treci-vetropark-u-Severnoj-Makedoniji-Demir-Kapija-Kapiji.jpg?wsr","type":"image\/jpeg"}],"author":"Igor Todorovi\u0107","twitter_card":"summary_large_image","twitter_misc":{"\u041d\u0430\u043f\u0438\u0441\u0430\u043d\u043e \u043e\u0434":"Igor Todorovi\u0107","\u041f\u0440\u043e\u0446\u0435\u045a\u0435\u043d\u043e \u0432\u0440\u0435\u043c\u0435 \u0447\u0438\u0442\u0430\u045a\u0430":"3 \u043c\u0438\u043d\u0443\u0442\u0430"},"schema":{"@context":"https:\/\/schema.org","@graph":[{"@type":"Article","@id":"https:\/\/balkangreenenergynews.com\/rs\/u-probnom-radu-treci-vetropark-u-severnoj-makedoniji\/#article","isPartOf":{"@id":"https:\/\/balkangreenenergynews.com\/rs\/u-probnom-radu-treci-vetropark-u-severnoj-makedoniji\/"},"author":{"name":"Igor Todorovi\u0107","@id":"https:\/\/balkangreenenergynews.com\/rs\/#\/schema\/person\/d8f80a244c4e9f2b55e4f6968c253246"},"headline":"U probnom radu tre\u0107i vetropark u Severnoj Makedoniji","datePublished":"2025-12-09T08:47:30+00:00","dateModified":"2026-02-26T14:01:02+00:00","mainEntityOfPage":{"@id":"https:\/\/balkangreenenergynews.com\/rs\/u-probnom-radu-treci-vetropark-u-severnoj-makedoniji\/"},"wordCount":470,"commentCount":0,"image":{"@id":"https:\/\/balkangreenenergynews.com\/rs\/u-probnom-radu-treci-vetropark-u-severnoj-makedoniji\/#primaryimage"},"thumbnailUrl":"https:\/\/balkangreenenergynews.com\/rs\/wp-content\/uploads\/2025\/12\/U-probnom-radu-treci-vetropark-u-Severnoj-Makedoniji-Demir-Kapija-Kapiji.jpg?wsr","keywords":["elektri\u010dna energija","Goldwind","Marko Bislimoski","obnovljivi izvori energije","RKE","Siemens Gamesa","vetroelektrane","YEO Technology"],"articleSection":["Elektri\u010dna energija","OIE"],"inLanguage":"sr-RS","potentialAction":[{"@type":"CommentAction","name":"Comment","target":["https:\/\/balkangreenenergynews.com\/rs\/u-probnom-radu-treci-vetropark-u-severnoj-makedoniji\/#respond"]}]},{"@type":"WebPage","@id":"https:\/\/balkangreenenergynews.com\/rs\/u-probnom-radu-treci-vetropark-u-severnoj-makedoniji\/","url":"https:\/\/balkangreenenergynews.com\/rs\/u-probnom-radu-treci-vetropark-u-severnoj-makedoniji\/","name":"U probnom radu tre\u0107i vetropark u Severnoj Makedoniji","isPartOf":{"@id":"https:\/\/balkangreenenergynews.com\/rs\/#website"},"primaryImageOfPage":{"@id":"https:\/\/balkangreenenergynews.com\/rs\/u-probnom-radu-treci-vetropark-u-severnoj-makedoniji\/#primaryimage"},"image":{"@id":"https:\/\/balkangreenenergynews.com\/rs\/u-probnom-radu-treci-vetropark-u-severnoj-makedoniji\/#primaryimage"},"thumbnailUrl":"https:\/\/balkangreenenergynews.com\/rs\/wp-content\/uploads\/2025\/12\/U-probnom-radu-treci-vetropark-u-Severnoj-Makedoniji-Demir-Kapija-Kapiji.jpg?wsr","datePublished":"2025-12-09T08:47:30+00:00","dateModified":"2026-02-26T14:01:02+00:00","author":{"@id":"https:\/\/balkangreenenergynews.com\/rs\/#\/schema\/person\/d8f80a244c4e9f2b55e4f6968c253246"},"description":"Regulatorna komisija za energetiku Severne Makedonije je ozna\u010dila po\u010detak probnog rada vetroelektrane od 44 megavata u Demir Kapiji.","breadcrumb":{"@id":"https:\/\/balkangreenenergynews.com\/rs\/u-probnom-radu-treci-vetropark-u-severnoj-makedoniji\/#breadcrumb"},"inLanguage":"sr-RS","potentialAction":[{"@type":"ReadAction","target":["https:\/\/balkangreenenergynews.com\/rs\/u-probnom-radu-treci-vetropark-u-severnoj-makedoniji\/"]}]},{"@type":"ImageObject","inLanguage":"sr-RS","@id":"https:\/\/balkangreenenergynews.com\/rs\/u-probnom-radu-treci-vetropark-u-severnoj-makedoniji\/#primaryimage","url":"https:\/\/balkangreenenergynews.com\/rs\/wp-content\/uploads\/2025\/12\/U-probnom-radu-treci-vetropark-u-Severnoj-Makedoniji-Demir-Kapija-Kapiji.jpg?wsr","contentUrl":"https:\/\/balkangreenenergynews.com\/rs\/wp-content\/uploads\/2025\/12\/U-probnom-radu-treci-vetropark-u-Severnoj-Makedoniji-Demir-Kapija-Kapiji.jpg?wsr","width":840,"height":430,"caption":"U probnom radu treci vetropark u Severnoj Makedoniji Demir Kapija Kapiji"},{"@type":"BreadcrumbList","@id":"https:\/\/balkangreenenergynews.com\/rs\/u-probnom-radu-treci-vetropark-u-severnoj-makedoniji\/#breadcrumb","itemListElement":[{"@type":"ListItem","position":1,"name":"Po\u010detna","item":"https:\/\/balkangreenenergynews.com\/rs\/"},{"@type":"ListItem","position":2,"name":"Vesti","item":"https:\/\/balkangreenenergynews.com\/rs\/kategorija\/vesti\/"},{"@type":"ListItem","position":3,"name":"OIE","item":"https:\/\/balkangreenenergynews.com\/rs\/kategorija\/vesti\/obnovljivi-izvori-energije\/"},{"@type":"ListItem","position":4,"name":"U probnom radu tre\u0107i vetropark u Severnoj Makedoniji"}]},{"@type":"WebSite","@id":"https:\/\/balkangreenenergynews.com\/rs\/#website","url":"https:\/\/balkangreenenergynews.com\/rs\/","name":"Balkan Green Energy News","description":"Naj\u0161iri izbor vesti sa Balkana o zelenoj energiji","potentialAction":[{"@type":"SearchAction","target":{"@type":"EntryPoint","urlTemplate":"https:\/\/balkangreenenergynews.com\/rs\/?s={search_term_string}"},"query-input":{"@type":"PropertyValueSpecification","valueRequired":true,"valueName":"search_term_string"}}],"inLanguage":"sr-RS"},{"@type":"Person","@id":"https:\/\/balkangreenenergynews.com\/rs\/#\/schema\/person\/d8f80a244c4e9f2b55e4f6968c253246","name":"Igor Todorovi\u0107","url":"https:\/\/balkangreenenergynews.com\/rs\/author\/igor-todorovic\/"}]}},"_links":{"self":[{"href":"https:\/\/balkangreenenergynews.com\/rs\/wp-json\/wp\/v2\/posts\/87632","targetHints":{"allow":["GET"]}}],"collection":[{"href":"https:\/\/balkangreenenergynews.com\/rs\/wp-json\/wp\/v2\/posts"}],"about":[{"href":"https:\/\/balkangreenenergynews.com\/rs\/wp-json\/wp\/v2\/types\/post"}],"author":[{"embeddable":true,"href":"https:\/\/balkangreenenergynews.com\/rs\/wp-json\/wp\/v2\/users\/27"}],"replies":[{"embeddable":true,"href":"https:\/\/balkangreenenergynews.com\/rs\/wp-json\/wp\/v2\/comments?post=87632"}],"version-history":[{"count":1,"href":"https:\/\/balkangreenenergynews.com\/rs\/wp-json\/wp\/v2\/posts\/87632\/revisions"}],"predecessor-version":[{"id":89883,"href":"https:\/\/balkangreenenergynews.com\/rs\/wp-json\/wp\/v2\/posts\/87632\/revisions\/89883"}],"wp:featuredmedia":[{"embeddable":true,"href":"https:\/\/balkangreenenergynews.com\/rs\/wp-json\/wp\/v2\/media\/87634"}],"wp:attachment":[{"href":"https:\/\/balkangreenenergynews.com\/rs\/wp-json\/wp\/v2\/media?parent=87632"}],"wp:term":[{"taxonomy":"category","embeddable":true,"href":"https:\/\/balkangreenenergynews.com\/rs\/wp-json\/wp\/v2\/categories?post=87632"},{"taxonomy":"post_tag","embeddable":true,"href":"https:\/\/balkangreenenergynews.com\/rs\/wp-json\/wp\/v2\/tags?post=87632"}],"curies":[{"name":"wp","href":"https:\/\/api.w.org\/{rel}","templated":true}]}}