{"id":87613,"date":"2025-12-08T17:06:24","date_gmt":"2025-12-08T16:06:24","guid":{"rendered":"https:\/\/balkangreenenergynews.com\/rs\/?p=87613"},"modified":"2025-12-08T20:33:57","modified_gmt":"2025-12-08T19:33:57","slug":"eu-razmatra-predloge-crne-gore-za-izmene-cbam-a","status":"publish","type":"post","link":"https:\/\/balkangreenenergynews.com\/rs\/eu-razmatra-predloge-crne-gore-za-izmene-cbam-a\/","title":{"rendered":"EU razmatra predloge Crne Gore za izmene CBAM-a"},"content":{"rendered":"<h2>Ministar energetike i rudarstva Crne Gore Admir \u0160ahmanovi\u0107 odr\u017eao je niz sastanaka sa visokim zvani\u010dnicima Evropske komisije. U Briselu su se \u010dule ohrabruju\u0107e poruke po pitanju Mehanizma za prekograni\u010dno prilago\u0111avanje ugljenika (CBAM) \u2013 razmatra se izmena te regulative, uklju\u010duju\u0107i zahteve Crne Gore, ka\u017eu u ministarstvu.<\/h2>\n<p>Ministar energetike i rudarstva Crne Gore <a href=\"https:\/\/balkangreenenergynews.com\/rs\/sahmanovic-crna-gora-ne-odustaje-od-zahteva-za-odlaganje-cbam-a\/\">Admir \u0160ahmanovi\u0107<\/a> je predvodio delegaciju koja je posetila sedi\u0161te Evropske komisije u Briselu. Sastali su se sa prvim \u010dovekom Generalnog direktorata za oporezivanje i carinsku uniju Tomasom Gerasimosom, zamenikom na\u010delnika Generalnog direktorata za klimatsku akciju Janom Dusikom, direktorkom za Zapadni Balkan u Generalnom direktoratu za pro\u0161irenje i Isto\u010dno susedstvo Valentinom Superti i na\u010delnicom odeljenja za Bosnu i Hercegovinu i Crnu Goru u istom generalnom direktoratu Barbarom Hesus Gimeno.<\/p>\n<p>Razgovori su bili fokusirani na klju\u010dne procese u energetskom sektoru, uz poseban akcenat na <a href=\"https:\/\/balkangreenenergynews.com\/rs\/cbam-ce-ugroziti-spajanje-trzista-elektricne-energije-i-sigurnost-snabdevanja\/\">Mehanizam za prekograni\u010dno prilago\u0111avanje ugljenika<\/a> (CBAM), glavni prioritet Crne Gore u ovom trenutku, saop\u0161tilo je ministarstvo. \u0160ahmanovi\u0107 je predstavio reforme koje je Crna Gora sprovela i naglasio da je u zakonodavnom i strate\u0161kom smislu, gotovo u potpunosti uskla\u0111ena sa evropskim obavezama.<\/p>\n<blockquote><p>CBAM je glavni prioritet Crne Gore<\/p><\/blockquote>\n<p>Tokom proteklih osam meseci, donesen je novi <a href=\"https:\/\/balkangreenenergynews.com\/rs\/crna-gora-usvojila-novi-zakon-o-energetici\/\">Zakon o energetici,<\/a> uz desetine podzakonskih akata, uklju\u010duju\u0107i i one vezane za <a href=\"https:\/\/balkangreenenergynews.com\/rs\/cms-crna-gora-sta-donosi-novi-zakon-o-koriscenju-energije-iz-obnovljivih-izvora\/\">Zakon o kori\u0161\u0107enju obnovljivih izvora energije.<\/a> Pokrenuta je prva aukcija elektri\u010dne energije iz obnovljivih izvora, za solar, potpisan je memorandum <a href=\"https:\/\/balkangreenenergynews.com\/rs\/crna-gora-italija-potpisale-memorandum-o-povezivanju-trzista-elektricne-energije\/\">sa Italijom o spajanju tr\u017ei\u0161ta elektri\u010dne energije,<\/a> nastavljeni su razgovori o izgradnji druge \u017eile podmorskog kabla i pripremljeni su zakoni o prekograni\u010dnoj razmeni energije i izgradnji prekograni\u010dnih energetskih objekata.<\/p>\n<p>Ministar je istakao da je Crna Gora u finalnoj fazi pred usvajanje Nacionalnog klimatskog i energetskog plana.<\/p>\n<h3>Bi\u0107e razmotreni mogu\u0107i fleksibilniji modeli primene CBAM-a<\/h3>\n<p>Predstavnici Evropske komisije su prepoznali napredak Crne Gore i ocenili da ona prednja\u010di u regionu po stepenu uskla\u0111enosti u oblasti energetike, ka\u017eu u ministarstvu.<\/p>\n<p>&#8222;U tom kontekstu dogovoreno je da se u narednim sedmicama nastave razgovori na tehni\u010dkom nivou, kako bi se razmotrili mogu\u0107i fleksibilniji modeli primjene CBAM-a i omogu\u0107ilo dr\u017eavama kandidatima da se br\u017ee i efikasnije prilagode ovom mehanizmu. Poseban fokus bi\u0107e na razradi kompromisnih rje\u0161enja, posebno onih koja omogu\u0107avaju faznu, pravednu i predvidivu implementaciju, uz minimalno optere\u0107enje na crnogorski energetski sektor, zna\u010dajno oslonjen na izvoz elektri\u010dne energije,&#8220; saop\u0161teno je.<\/p>\n<h3>Prekograni\u010dna taksa EU na emisije gasova s efektom staklene ba\u0161te ima\u0107e manji uticaj nego u ranijim projekcijama<\/h3>\n<p>Evropska komisija je prenela ohrabruju\u0107e poruke da se o\u010dekuje manji uticaj CBAM-a nego u ranijim projekcijama te da se razmatra izmena regulative, obuhvataju\u0107i zahteve Crne Gore iz konsultacija za naplatu te prekograni\u010dne takse, pi\u0161e u objavi.<\/p>\n<p>Ministar \u0160ahmanovi\u0107 je zaklju\u010dio da Crna Gora ostaje u potpunosti posve\u0107ena evropskim obavezama, ali da o\u010dekuje uva\u017eavanje ostvarenih rezultata, kako bi primena CBAM-a bila uskla\u0111ena sa realnostima njenog energetskog sistema i <a href=\"https:\/\/balkangreenenergynews.com\/rs\/uvozna-taksa-eu-na-co2-ne-bi-trebalo-da-obuhvata-struju-iz-obnovljivih-izvora\/\">sna\u017enim investicionim ciklusom u obnovljive izvore energije.<\/a><\/p>\n","protected":false},"excerpt":{"rendered":"<p>Ministar energetike i rudarstva Crne Gore Admir \u0160ahmanovi\u0107 odr\u017eao je niz sastanaka o CBAM-u sa visokim zvani\u010dnicima EU<\/p>\n","protected":false},"author":27,"featured_media":87614,"comment_status":"open","ping_status":"open","sticky":false,"template":"","format":"standard","meta":{"_acf_changed":false,"_monsterinsights_skip_tracking":false,"_monsterinsights_sitenote_active":false,"_monsterinsights_sitenote_note":"","_monsterinsights_sitenote_category":0,"footnotes":""},"categories":[504],"tags":[7239,6153,3279,669,5343,5908,5341,5342,5133],"class_list":["post-87613","post","type-post","status-publish","format-standard","has-post-thumbnail","hentry","category-elektricna-energija","tag-admir-sahmanovic","tag-cbam","tag-dekarbonizacija","tag-elektricna-energija","tag-porez-na-co2","tag-prekogranicna-taksa-na-co2","tag-taksa-na-co2","tag-taksa-na-emisije-ugljen-dioksida","tag-vodonik","country-crna-gora","country-regioneu"],"acf":[],"yoast_head":"<!-- This site is optimized with the Yoast SEO plugin v27.4 - https:\/\/yoast.com\/product\/yoast-seo-wordpress\/ -->\n<title>EU considering Montenegro&#039;s proposed changes to CBAM<\/title>\n<meta name=\"description\" content=\"Ministar energetike i rudarstva Crne Gore Admir \u0160ahmanovi\u0107 odr\u017eao je niz sastanaka o CBAM-u sa visokim zvani\u010dnicima EU.\" \/>\n<meta name=\"robots\" content=\"index, follow, max-snippet:-1, max-image-preview:large, max-video-preview:-1\" \/>\n<link rel=\"canonical\" href=\"https:\/\/balkangreenenergynews.com\/rs\/eu-razmatra-predloge-crne-gore-za-izmene-cbam-a\/\" \/>\n<meta property=\"og:locale\" content=\"sr_RS\" \/>\n<meta property=\"og:type\" content=\"article\" \/>\n<meta property=\"og:title\" content=\"EU considering Montenegro&#039;s proposed changes to CBAM\" \/>\n<meta property=\"og:description\" content=\"Ministar energetike i rudarstva Crne Gore Admir \u0160ahmanovi\u0107 odr\u017eao je niz sastanaka o CBAM-u sa visokim zvani\u010dnicima EU.\" \/>\n<meta property=\"og:url\" content=\"https:\/\/balkangreenenergynews.com\/rs\/eu-razmatra-predloge-crne-gore-za-izmene-cbam-a\/\" \/>\n<meta property=\"og:site_name\" content=\"Balkan Green Energy News\" \/>\n<meta property=\"article:published_time\" content=\"2025-12-08T16:06:24+00:00\" \/>\n<meta property=\"article:modified_time\" content=\"2025-12-08T19:33:57+00:00\" \/>\n<meta property=\"og:image\" content=\"https:\/\/balkangreenenergynews.com\/rs\/wp-content\/uploads\/2025\/12\/EU-razmatra-predloge-Crne-Gore-za-izmene-CBAM-a.jpg?wsr\" \/>\n\t<meta property=\"og:image:width\" content=\"840\" \/>\n\t<meta property=\"og:image:height\" content=\"430\" \/>\n\t<meta property=\"og:image:type\" content=\"image\/jpeg\" \/>\n<meta name=\"author\" content=\"Igor Todorovi\u0107\" \/>\n<meta name=\"twitter:card\" content=\"summary_large_image\" \/>\n<meta name=\"twitter:label1\" content=\"\u041d\u0430\u043f\u0438\u0441\u0430\u043d\u043e \u043e\u0434\" \/>\n\t<meta name=\"twitter:data1\" content=\"Igor Todorovi\u0107\" \/>\n\t<meta name=\"twitter:label2\" content=\"\u041f\u0440\u043e\u0446\u0435\u045a\u0435\u043d\u043e \u0432\u0440\u0435\u043c\u0435 \u0447\u0438\u0442\u0430\u045a\u0430\" \/>\n\t<meta name=\"twitter:data2\" content=\"3 \u043c\u0438\u043d\u0443\u0442\u0430\" \/>\n<script type=\"application\/ld+json\" class=\"yoast-schema-graph\">{\"@context\":\"https:\\\/\\\/schema.org\",\"@graph\":[{\"@type\":\"Article\",\"@id\":\"https:\\\/\\\/balkangreenenergynews.com\\\/rs\\\/eu-razmatra-predloge-crne-gore-za-izmene-cbam-a\\\/#article\",\"isPartOf\":{\"@id\":\"https:\\\/\\\/balkangreenenergynews.com\\\/rs\\\/eu-razmatra-predloge-crne-gore-za-izmene-cbam-a\\\/\"},\"author\":{\"name\":\"Igor Todorovi\u0107\",\"@id\":\"https:\\\/\\\/balkangreenenergynews.com\\\/rs\\\/#\\\/schema\\\/person\\\/d8f80a244c4e9f2b55e4f6968c253246\"},\"headline\":\"EU razmatra predloge Crne Gore za izmene CBAM-a\",\"datePublished\":\"2025-12-08T16:06:24+00:00\",\"dateModified\":\"2025-12-08T19:33:57+00:00\",\"mainEntityOfPage\":{\"@id\":\"https:\\\/\\\/balkangreenenergynews.com\\\/rs\\\/eu-razmatra-predloge-crne-gore-za-izmene-cbam-a\\\/\"},\"wordCount\":520,\"commentCount\":0,\"image\":{\"@id\":\"https:\\\/\\\/balkangreenenergynews.com\\\/rs\\\/eu-razmatra-predloge-crne-gore-za-izmene-cbam-a\\\/#primaryimage\"},\"thumbnailUrl\":\"https:\\\/\\\/balkangreenenergynews.com\\\/rs\\\/wp-content\\\/uploads\\\/2025\\\/12\\\/EU-razmatra-predloge-Crne-Gore-za-izmene-CBAM-a.jpg?wsr\",\"keywords\":[\"Admir \u0160ahmanovi\u0107\",\"CBAM\",\"dekarbonizacija\",\"elektri\u010dna energija\",\"porez na CO2\",\"prekograni\u010dna taksa na CO2\",\"taksa na CO2\",\"taksa na emisije ugljen-dioksida\",\"vodonik\"],\"articleSection\":[\"Elektri\u010dna energija\"],\"inLanguage\":\"sr-RS\",\"potentialAction\":[{\"@type\":\"CommentAction\",\"name\":\"Comment\",\"target\":[\"https:\\\/\\\/balkangreenenergynews.com\\\/rs\\\/eu-razmatra-predloge-crne-gore-za-izmene-cbam-a\\\/#respond\"]}]},{\"@type\":\"WebPage\",\"@id\":\"https:\\\/\\\/balkangreenenergynews.com\\\/rs\\\/eu-razmatra-predloge-crne-gore-za-izmene-cbam-a\\\/\",\"url\":\"https:\\\/\\\/balkangreenenergynews.com\\\/rs\\\/eu-razmatra-predloge-crne-gore-za-izmene-cbam-a\\\/\",\"name\":\"EU considering Montenegro's proposed changes to CBAM\",\"isPartOf\":{\"@id\":\"https:\\\/\\\/balkangreenenergynews.com\\\/rs\\\/#website\"},\"primaryImageOfPage\":{\"@id\":\"https:\\\/\\\/balkangreenenergynews.com\\\/rs\\\/eu-razmatra-predloge-crne-gore-za-izmene-cbam-a\\\/#primaryimage\"},\"image\":{\"@id\":\"https:\\\/\\\/balkangreenenergynews.com\\\/rs\\\/eu-razmatra-predloge-crne-gore-za-izmene-cbam-a\\\/#primaryimage\"},\"thumbnailUrl\":\"https:\\\/\\\/balkangreenenergynews.com\\\/rs\\\/wp-content\\\/uploads\\\/2025\\\/12\\\/EU-razmatra-predloge-Crne-Gore-za-izmene-CBAM-a.jpg?wsr\",\"datePublished\":\"2025-12-08T16:06:24+00:00\",\"dateModified\":\"2025-12-08T19:33:57+00:00\",\"author\":{\"@id\":\"https:\\\/\\\/balkangreenenergynews.com\\\/rs\\\/#\\\/schema\\\/person\\\/d8f80a244c4e9f2b55e4f6968c253246\"},\"description\":\"Ministar energetike i rudarstva Crne Gore Admir \u0160ahmanovi\u0107 odr\u017eao je niz sastanaka o CBAM-u sa visokim zvani\u010dnicima EU.\",\"breadcrumb\":{\"@id\":\"https:\\\/\\\/balkangreenenergynews.com\\\/rs\\\/eu-razmatra-predloge-crne-gore-za-izmene-cbam-a\\\/#breadcrumb\"},\"inLanguage\":\"sr-RS\",\"potentialAction\":[{\"@type\":\"ReadAction\",\"target\":[\"https:\\\/\\\/balkangreenenergynews.com\\\/rs\\\/eu-razmatra-predloge-crne-gore-za-izmene-cbam-a\\\/\"]}]},{\"@type\":\"ImageObject\",\"inLanguage\":\"sr-RS\",\"@id\":\"https:\\\/\\\/balkangreenenergynews.com\\\/rs\\\/eu-razmatra-predloge-crne-gore-za-izmene-cbam-a\\\/#primaryimage\",\"url\":\"https:\\\/\\\/balkangreenenergynews.com\\\/rs\\\/wp-content\\\/uploads\\\/2025\\\/12\\\/EU-razmatra-predloge-Crne-Gore-za-izmene-CBAM-a.jpg?wsr\",\"contentUrl\":\"https:\\\/\\\/balkangreenenergynews.com\\\/rs\\\/wp-content\\\/uploads\\\/2025\\\/12\\\/EU-razmatra-predloge-Crne-Gore-za-izmene-CBAM-a.jpg?wsr\",\"width\":840,\"height\":430,\"caption\":\"EU razmatra predloge Crne Gore za izmene CBAM-a\"},{\"@type\":\"BreadcrumbList\",\"@id\":\"https:\\\/\\\/balkangreenenergynews.com\\\/rs\\\/eu-razmatra-predloge-crne-gore-za-izmene-cbam-a\\\/#breadcrumb\",\"itemListElement\":[{\"@type\":\"ListItem\",\"position\":1,\"name\":\"Po\u010detna\",\"item\":\"https:\\\/\\\/balkangreenenergynews.com\\\/rs\\\/\"},{\"@type\":\"ListItem\",\"position\":2,\"name\":\"Vesti\",\"item\":\"https:\\\/\\\/balkangreenenergynews.com\\\/rs\\\/kategorija\\\/vesti\\\/\"},{\"@type\":\"ListItem\",\"position\":3,\"name\":\"Elektri\u010dna energija\",\"item\":\"https:\\\/\\\/balkangreenenergynews.com\\\/rs\\\/kategorija\\\/vesti\\\/elektricna-energija\\\/\"},{\"@type\":\"ListItem\",\"position\":4,\"name\":\"EU razmatra predloge Crne Gore za izmene CBAM-a\"}]},{\"@type\":\"WebSite\",\"@id\":\"https:\\\/\\\/balkangreenenergynews.com\\\/rs\\\/#website\",\"url\":\"https:\\\/\\\/balkangreenenergynews.com\\\/rs\\\/\",\"name\":\"Balkan Green Energy News\",\"description\":\"Naj\u0161iri izbor vesti sa Balkana o zelenoj energiji\",\"potentialAction\":[{\"@type\":\"SearchAction\",\"target\":{\"@type\":\"EntryPoint\",\"urlTemplate\":\"https:\\\/\\\/balkangreenenergynews.com\\\/rs\\\/?s={search_term_string}\"},\"query-input\":{\"@type\":\"PropertyValueSpecification\",\"valueRequired\":true,\"valueName\":\"search_term_string\"}}],\"inLanguage\":\"sr-RS\"},{\"@type\":\"Person\",\"@id\":\"https:\\\/\\\/balkangreenenergynews.com\\\/rs\\\/#\\\/schema\\\/person\\\/d8f80a244c4e9f2b55e4f6968c253246\",\"name\":\"Igor Todorovi\u0107\",\"url\":\"https:\\\/\\\/balkangreenenergynews.com\\\/rs\\\/author\\\/igor-todorovic\\\/\"}]}<\/script>\n<!-- \/ Yoast SEO plugin. -->","yoast_head_json":{"title":"EU considering Montenegro's proposed changes to CBAM","description":"Ministar energetike i rudarstva Crne Gore Admir \u0160ahmanovi\u0107 odr\u017eao je niz sastanaka o CBAM-u sa visokim zvani\u010dnicima EU.","robots":{"index":"index","follow":"follow","max-snippet":"max-snippet:-1","max-image-preview":"max-image-preview:large","max-video-preview":"max-video-preview:-1"},"canonical":"https:\/\/balkangreenenergynews.com\/rs\/eu-razmatra-predloge-crne-gore-za-izmene-cbam-a\/","og_locale":"sr_RS","og_type":"article","og_title":"EU considering Montenegro's proposed changes to CBAM","og_description":"Ministar energetike i rudarstva Crne Gore Admir \u0160ahmanovi\u0107 odr\u017eao je niz sastanaka o CBAM-u sa visokim zvani\u010dnicima EU.","og_url":"https:\/\/balkangreenenergynews.com\/rs\/eu-razmatra-predloge-crne-gore-za-izmene-cbam-a\/","og_site_name":"Balkan Green Energy News","article_published_time":"2025-12-08T16:06:24+00:00","article_modified_time":"2025-12-08T19:33:57+00:00","og_image":[{"width":840,"height":430,"url":"https:\/\/balkangreenenergynews.com\/rs\/wp-content\/uploads\/2025\/12\/EU-razmatra-predloge-Crne-Gore-za-izmene-CBAM-a.jpg?wsr","type":"image\/jpeg"}],"author":"Igor Todorovi\u0107","twitter_card":"summary_large_image","twitter_misc":{"\u041d\u0430\u043f\u0438\u0441\u0430\u043d\u043e \u043e\u0434":"Igor Todorovi\u0107","\u041f\u0440\u043e\u0446\u0435\u045a\u0435\u043d\u043e \u0432\u0440\u0435\u043c\u0435 \u0447\u0438\u0442\u0430\u045a\u0430":"3 \u043c\u0438\u043d\u0443\u0442\u0430"},"schema":{"@context":"https:\/\/schema.org","@graph":[{"@type":"Article","@id":"https:\/\/balkangreenenergynews.com\/rs\/eu-razmatra-predloge-crne-gore-za-izmene-cbam-a\/#article","isPartOf":{"@id":"https:\/\/balkangreenenergynews.com\/rs\/eu-razmatra-predloge-crne-gore-za-izmene-cbam-a\/"},"author":{"name":"Igor Todorovi\u0107","@id":"https:\/\/balkangreenenergynews.com\/rs\/#\/schema\/person\/d8f80a244c4e9f2b55e4f6968c253246"},"headline":"EU razmatra predloge Crne Gore za izmene CBAM-a","datePublished":"2025-12-08T16:06:24+00:00","dateModified":"2025-12-08T19:33:57+00:00","mainEntityOfPage":{"@id":"https:\/\/balkangreenenergynews.com\/rs\/eu-razmatra-predloge-crne-gore-za-izmene-cbam-a\/"},"wordCount":520,"commentCount":0,"image":{"@id":"https:\/\/balkangreenenergynews.com\/rs\/eu-razmatra-predloge-crne-gore-za-izmene-cbam-a\/#primaryimage"},"thumbnailUrl":"https:\/\/balkangreenenergynews.com\/rs\/wp-content\/uploads\/2025\/12\/EU-razmatra-predloge-Crne-Gore-za-izmene-CBAM-a.jpg?wsr","keywords":["Admir \u0160ahmanovi\u0107","CBAM","dekarbonizacija","elektri\u010dna energija","porez na CO2","prekograni\u010dna taksa na CO2","taksa na CO2","taksa na emisije ugljen-dioksida","vodonik"],"articleSection":["Elektri\u010dna energija"],"inLanguage":"sr-RS","potentialAction":[{"@type":"CommentAction","name":"Comment","target":["https:\/\/balkangreenenergynews.com\/rs\/eu-razmatra-predloge-crne-gore-za-izmene-cbam-a\/#respond"]}]},{"@type":"WebPage","@id":"https:\/\/balkangreenenergynews.com\/rs\/eu-razmatra-predloge-crne-gore-za-izmene-cbam-a\/","url":"https:\/\/balkangreenenergynews.com\/rs\/eu-razmatra-predloge-crne-gore-za-izmene-cbam-a\/","name":"EU considering Montenegro's proposed changes to CBAM","isPartOf":{"@id":"https:\/\/balkangreenenergynews.com\/rs\/#website"},"primaryImageOfPage":{"@id":"https:\/\/balkangreenenergynews.com\/rs\/eu-razmatra-predloge-crne-gore-za-izmene-cbam-a\/#primaryimage"},"image":{"@id":"https:\/\/balkangreenenergynews.com\/rs\/eu-razmatra-predloge-crne-gore-za-izmene-cbam-a\/#primaryimage"},"thumbnailUrl":"https:\/\/balkangreenenergynews.com\/rs\/wp-content\/uploads\/2025\/12\/EU-razmatra-predloge-Crne-Gore-za-izmene-CBAM-a.jpg?wsr","datePublished":"2025-12-08T16:06:24+00:00","dateModified":"2025-12-08T19:33:57+00:00","author":{"@id":"https:\/\/balkangreenenergynews.com\/rs\/#\/schema\/person\/d8f80a244c4e9f2b55e4f6968c253246"},"description":"Ministar energetike i rudarstva Crne Gore Admir \u0160ahmanovi\u0107 odr\u017eao je niz sastanaka o CBAM-u sa visokim zvani\u010dnicima EU.","breadcrumb":{"@id":"https:\/\/balkangreenenergynews.com\/rs\/eu-razmatra-predloge-crne-gore-za-izmene-cbam-a\/#breadcrumb"},"inLanguage":"sr-RS","potentialAction":[{"@type":"ReadAction","target":["https:\/\/balkangreenenergynews.com\/rs\/eu-razmatra-predloge-crne-gore-za-izmene-cbam-a\/"]}]},{"@type":"ImageObject","inLanguage":"sr-RS","@id":"https:\/\/balkangreenenergynews.com\/rs\/eu-razmatra-predloge-crne-gore-za-izmene-cbam-a\/#primaryimage","url":"https:\/\/balkangreenenergynews.com\/rs\/wp-content\/uploads\/2025\/12\/EU-razmatra-predloge-Crne-Gore-za-izmene-CBAM-a.jpg?wsr","contentUrl":"https:\/\/balkangreenenergynews.com\/rs\/wp-content\/uploads\/2025\/12\/EU-razmatra-predloge-Crne-Gore-za-izmene-CBAM-a.jpg?wsr","width":840,"height":430,"caption":"EU razmatra predloge Crne Gore za izmene CBAM-a"},{"@type":"BreadcrumbList","@id":"https:\/\/balkangreenenergynews.com\/rs\/eu-razmatra-predloge-crne-gore-za-izmene-cbam-a\/#breadcrumb","itemListElement":[{"@type":"ListItem","position":1,"name":"Po\u010detna","item":"https:\/\/balkangreenenergynews.com\/rs\/"},{"@type":"ListItem","position":2,"name":"Vesti","item":"https:\/\/balkangreenenergynews.com\/rs\/kategorija\/vesti\/"},{"@type":"ListItem","position":3,"name":"Elektri\u010dna energija","item":"https:\/\/balkangreenenergynews.com\/rs\/kategorija\/vesti\/elektricna-energija\/"},{"@type":"ListItem","position":4,"name":"EU razmatra predloge Crne Gore za izmene CBAM-a"}]},{"@type":"WebSite","@id":"https:\/\/balkangreenenergynews.com\/rs\/#website","url":"https:\/\/balkangreenenergynews.com\/rs\/","name":"Balkan Green Energy News","description":"Naj\u0161iri izbor vesti sa Balkana o zelenoj energiji","potentialAction":[{"@type":"SearchAction","target":{"@type":"EntryPoint","urlTemplate":"https:\/\/balkangreenenergynews.com\/rs\/?s={search_term_string}"},"query-input":{"@type":"PropertyValueSpecification","valueRequired":true,"valueName":"search_term_string"}}],"inLanguage":"sr-RS"},{"@type":"Person","@id":"https:\/\/balkangreenenergynews.com\/rs\/#\/schema\/person\/d8f80a244c4e9f2b55e4f6968c253246","name":"Igor Todorovi\u0107","url":"https:\/\/balkangreenenergynews.com\/rs\/author\/igor-todorovic\/"}]}},"_links":{"self":[{"href":"https:\/\/balkangreenenergynews.com\/rs\/wp-json\/wp\/v2\/posts\/87613","targetHints":{"allow":["GET"]}}],"collection":[{"href":"https:\/\/balkangreenenergynews.com\/rs\/wp-json\/wp\/v2\/posts"}],"about":[{"href":"https:\/\/balkangreenenergynews.com\/rs\/wp-json\/wp\/v2\/types\/post"}],"author":[{"embeddable":true,"href":"https:\/\/balkangreenenergynews.com\/rs\/wp-json\/wp\/v2\/users\/27"}],"replies":[{"embeddable":true,"href":"https:\/\/balkangreenenergynews.com\/rs\/wp-json\/wp\/v2\/comments?post=87613"}],"version-history":[{"count":0,"href":"https:\/\/balkangreenenergynews.com\/rs\/wp-json\/wp\/v2\/posts\/87613\/revisions"}],"wp:featuredmedia":[{"embeddable":true,"href":"https:\/\/balkangreenenergynews.com\/rs\/wp-json\/wp\/v2\/media\/87614"}],"wp:attachment":[{"href":"https:\/\/balkangreenenergynews.com\/rs\/wp-json\/wp\/v2\/media?parent=87613"}],"wp:term":[{"taxonomy":"category","embeddable":true,"href":"https:\/\/balkangreenenergynews.com\/rs\/wp-json\/wp\/v2\/categories?post=87613"},{"taxonomy":"post_tag","embeddable":true,"href":"https:\/\/balkangreenenergynews.com\/rs\/wp-json\/wp\/v2\/tags?post=87613"}],"curies":[{"name":"wp","href":"https:\/\/api.w.org\/{rel}","templated":true}]}}