{"id":87586,"date":"2025-12-09T10:11:00","date_gmt":"2025-12-09T09:11:00","guid":{"rendered":"https:\/\/balkangreenenergynews.com\/rs\/?p=87586"},"modified":"2025-12-09T12:19:25","modified_gmt":"2025-12-09T11:19:25","slug":"elnos-grupa-noc-velikih-jubileja-u-sava-centru","status":"publish","type":"post","link":"https:\/\/balkangreenenergynews.com\/rs\/elnos-grupa-noc-velikih-jubileja-u-sava-centru\/","title":{"rendered":"Elnos Grupa &#8211; no\u0107 velikih jubileja u Sava centru!"},"content":{"rendered":"<h2>U beogradskom Sava centru, Elnos Grupa je sve\u010dano proslavila dvostruki jubilej &#8211; 80 godina tradicije i 30 godina modernog poslovanja. Ova impresivna proslava okupila je partnere, prijatelje i zaposlene Elnos Grupe i pretvorila ve\u010de u sjajnu scenu koja je do\u010darala razvoj kompanije i usmerila pogled ka njenoj viziji budu\u0107nosti.<\/h2>\n<p>Ova kompanija ve\u0107 godinama pomera granice zelene tranzicije u regionu, a njeno u\u010de\u0161\u0107e u projektima zelene energije prema\u0161ilo je dva gigavata. Sa timom koji broji vi\u0161e od 900 zaposlenih i poslovanjem u 18 zemalja, <a href=\"https:\/\/elnosgroup.com\/\">Elnos Grupa<\/a> je danas kompanija koja oblikuje budu\u0107nost moderne energetike.<\/p>\n<h3>Energija, pokret i nezaboravni trenuci<\/h3>\n<p>Umesto klasi\u010dne ceremonije, publiku je do\u010dekala no\u0107 puna pokreta, emocija i vizuelnih iznena\u0111enja, pokazuju\u0107i svima da energetske kompanije itekako znaju kako da slavljeni\u010dki podignu atmosferu. Ve\u0107 prvi trenutak nagovestio je da \u0107e ve\u010de biti vi\u0161e od protokola.<\/p>\n<figure id=\"attachment_87591\" aria-describedby=\"caption-attachment-87591\" style=\"width: 840px\" class=\"wp-caption aligncenter\"><img loading=\"lazy\" decoding=\"async\" class=\"size-full wp-image-87591\" src=\"https:\/\/balkangreenenergynews.com\/rs\/wp-content\/uploads\/2025\/12\/Proslava-jubileja-Elnos-2.jpg\" alt=\"Proslava jubileja Elnos 2\" width=\"840\" height=\"430\" srcset=\"https:\/\/balkangreenenergynews.com\/rs\/wp-content\/uploads\/2025\/12\/Proslava-jubileja-Elnos-2.jpg 840w, https:\/\/balkangreenenergynews.com\/rs\/wp-content\/uploads\/2025\/12\/Proslava-jubileja-Elnos-2-500x256.jpg 500w, https:\/\/balkangreenenergynews.com\/rs\/wp-content\/uploads\/2025\/12\/Proslava-jubileja-Elnos-2-768x393.jpg 768w, https:\/\/balkangreenenergynews.com\/rs\/wp-content\/uploads\/2025\/12\/Proslava-jubileja-Elnos-2-300x154.jpg 300w\" sizes=\"auto, (max-width: 840px) 100vw, 840px\" \/><figcaption id=\"caption-attachment-87591\" class=\"wp-caption-text\"><em>Foto: Elnos Grupa<\/em><\/figcaption><\/figure>\n<p>Gosti iz celog regiona i Evrope na\u0161li su se u prostoru koji je, zahvaljuju\u0107i digitalnoj animaciji u Immersive sali, doslovno disao energijom, gde je animacija na spektakularan na\u010din pretvorila pri\u010du o energetici i Elnos Grupi u nezaboravan vizuelni do\u017eivljaj.<\/p>\n<p>U atmosferi sna\u017enih simbola i jo\u0161 sna\u017enijeg zajedni\u0161tva, Elnos Grupa proslavila je svoj put &#8211; od prvih koraka do internacionalnog koncerna.<\/p>\n<h3>\u201eElnos nisu re\u010di, ve\u0107 rezultati\u201c &#8211; poruka iz samog srca proslave<\/h3>\n<p>U obra\u0107anju koje je spojilo i emociju i viziju, Du\u0161an Torbica, predsednik Uprave Elnos Grupe, poslao je poruku koja se sna\u017eno utkala u ton cele ve\u010deri.<\/p>\n<p>\u201eIme Elnos Grupe ne \u010dine velike re\u010di, ve\u0107 rezultati koji stoje iza njih. Oni su merilo na\u0161eg rada i na\u0161eg ugleda. Energetika budu\u0107nosti tra\u017ei pouzdane i brze izvo\u0111a\u010de, a mi smo spremni da te zahteve ispunimo\u201d, istakao je ovom prilikom.<\/p>\n<figure id=\"attachment_87592\" aria-describedby=\"caption-attachment-87592\" style=\"width: 840px\" class=\"wp-caption aligncenter\"><img loading=\"lazy\" decoding=\"async\" class=\"size-full wp-image-87592\" src=\"https:\/\/balkangreenenergynews.com\/rs\/wp-content\/uploads\/2025\/12\/Dusan-Torbica-direktor-Elnos.jpg\" alt=\"Dusan Torbica, direktor Elnos\" width=\"840\" height=\"430\" srcset=\"https:\/\/balkangreenenergynews.com\/rs\/wp-content\/uploads\/2025\/12\/Dusan-Torbica-direktor-Elnos.jpg 840w, https:\/\/balkangreenenergynews.com\/rs\/wp-content\/uploads\/2025\/12\/Dusan-Torbica-direktor-Elnos-500x256.jpg 500w, https:\/\/balkangreenenergynews.com\/rs\/wp-content\/uploads\/2025\/12\/Dusan-Torbica-direktor-Elnos-768x393.jpg 768w, https:\/\/balkangreenenergynews.com\/rs\/wp-content\/uploads\/2025\/12\/Dusan-Torbica-direktor-Elnos-300x154.jpg 300w\" sizes=\"auto, (max-width: 840px) 100vw, 840px\" \/><figcaption id=\"caption-attachment-87592\" class=\"wp-caption-text\"><em>Foto: Du\u0161an Torbica, predsednik Uprave Elnos Grupe<\/em><\/figcaption><\/figure>\n<p>U publici je vladala sna\u017ena energija, dok su na bini ritam i boju ve\u010deri doneli Marijana Zlopa\u0161a i Tropico bend. Ipak, u centru cele proslave ostala je poruka zahvalnosti prema svima koji su deo puta Elnos Grupe &#8211; u pro\u0161losti, sada\u0161njosti i za one koji su spremni da budu njegov deo u budu\u0107nosti.<\/p>\n<figure id=\"attachment_87639\" aria-describedby=\"caption-attachment-87639\" style=\"width: 840px\" class=\"wp-caption aligncenter\"><img loading=\"lazy\" decoding=\"async\" class=\"size-full wp-image-87639\" src=\"https:\/\/balkangreenenergynews.com\/rs\/wp-content\/uploads\/2025\/12\/Elnos-Grupa.jpg\" alt=\"Elnos Grupa\" width=\"840\" height=\"430\" srcset=\"https:\/\/balkangreenenergynews.com\/rs\/wp-content\/uploads\/2025\/12\/Elnos-Grupa.jpg 840w, https:\/\/balkangreenenergynews.com\/rs\/wp-content\/uploads\/2025\/12\/Elnos-Grupa-500x256.jpg 500w, https:\/\/balkangreenenergynews.com\/rs\/wp-content\/uploads\/2025\/12\/Elnos-Grupa-768x393.jpg 768w, https:\/\/balkangreenenergynews.com\/rs\/wp-content\/uploads\/2025\/12\/Elnos-Grupa-300x154.jpg 300w\" sizes=\"auto, (max-width: 840px) 100vw, 840px\" \/><figcaption id=\"caption-attachment-87639\" class=\"wp-caption-text\"><em>Foto: Elnos Grupa<\/em><\/figcaption><\/figure>\n<h3>Vetrozelena &#8211; potpis velikog ugovora na dan jubileja<\/h3>\n<p>Upravo na dan obele\u017eavanja velikog jubileja, <a href=\"https:\/\/balkangreenenergynews.com\/rs\/elnos-potpisao-ugovor-o-gradnji-prikljucka-na-mrezu-za-vetrozelenu\/\">Elnos Srbija potpisala je EPC ugovor sa Sinohydro Corporation Limited<\/a>, \u0107erkom firmom kompanije Power China Construction Group, za izgradnju vetroparka Vetrozelena, koji \u0107e biti najve\u0107i pojedina\u010dni vetroprojekat na Balkanu.<\/p>\n<p>Vetrozelena \u0107e imati ukupnu snagu od 300 MW, te 48 turbina pojedina\u010dne snage 6,25 MW. Elnos Srbija, kao \u010dlanica Elnos Grupe, preuze\u0107e realizaciju kompletnog priklju\u010dka na prenosni sistem Elektromre\u017ee Srbije.<\/p>\n<figure id=\"attachment_87490\" aria-describedby=\"caption-attachment-87490\" style=\"width: 840px\" class=\"wp-caption aligncenter\"><img loading=\"lazy\" decoding=\"async\" class=\"wp-image-87490 size-full\" src=\"https:\/\/balkangreenenergynews.com\/rs\/wp-content\/uploads\/2025\/12\/bih-srbija-elnos-Sinohydro-powerchina-vetrozelena-vetropark-ugovor.jpg\" alt=\"bih srbija elnos Sinohydro powerchina vetrozelena vetropark ugovor\" width=\"840\" height=\"430\" srcset=\"https:\/\/balkangreenenergynews.com\/rs\/wp-content\/uploads\/2025\/12\/bih-srbija-elnos-Sinohydro-powerchina-vetrozelena-vetropark-ugovor.jpg 840w, https:\/\/balkangreenenergynews.com\/rs\/wp-content\/uploads\/2025\/12\/bih-srbija-elnos-Sinohydro-powerchina-vetrozelena-vetropark-ugovor-500x256.jpg 500w, https:\/\/balkangreenenergynews.com\/rs\/wp-content\/uploads\/2025\/12\/bih-srbija-elnos-Sinohydro-powerchina-vetrozelena-vetropark-ugovor-768x393.jpg 768w, https:\/\/balkangreenenergynews.com\/rs\/wp-content\/uploads\/2025\/12\/bih-srbija-elnos-Sinohydro-powerchina-vetrozelena-vetropark-ugovor-300x154.jpg 300w\" sizes=\"auto, (max-width: 840px) 100vw, 840px\" \/><figcaption id=\"caption-attachment-87490\" class=\"wp-caption-text\"><em>Foto: Potpisivanje ugovora sa kompanijom Power China Construction Group za izgradnju najve\u0107eg vetroparka na Balkanu &#8211; Vetrozelena<\/em><\/figcaption><\/figure>\n<p>Timovi ove kompanije \u0107e graditi 35\/400 kV trafostanicu sa \u010detiri transformatora snage 90 MVA, priklju\u010dno-razvodno postrojenje 400 kV sa \u0161est polja, priklju\u010dni dvosistemski 400 kV dalekovod du\u017eine 7,5 kilometara, kao i prate\u0107e infrastrukturne nadogradnje u okviru elektrodistributivne i telekomunikacione mre\u017ee.<\/p>\n<p>Ovaj projekat predstavlja jo\u0161 jedan ugovor zaklju\u010den po EPC principu, u okviru kojeg Elnos Srbija realizuje kompletan in\u017eenjering: projektovanje, izgradnju objekata, nabavku i ugradnju opreme, povezivanje, ispitivanje i pu\u0161tanje sistema u rad.<\/p>\n<h3>Ljudi kao temelj i budu\u0107nost<\/h3>\n<p>Izme\u0111u svetala scene i prikaza projekata, posebno je odjeknula poruka Predraga \u0106ulibrka, direktora Elnos Srbije.<\/p>\n<p>\u201eNa\u0161i zaposleni su srce svih na\u0161ih uspeha. Svaki in\u017eenjer, tehni\u010dar i radnik ugradio je deo sebe u projekte \u0161irom Evrope. Bez njih nijedna strategija ne bi mogla da za\u017eivi\u201d, istakao je ovom prilikom \u0106ulibrk.<\/p>\n<figure id=\"attachment_87637\" aria-describedby=\"caption-attachment-87637\" style=\"width: 840px\" class=\"wp-caption aligncenter\"><img loading=\"lazy\" decoding=\"async\" class=\"size-full wp-image-87637\" src=\"https:\/\/balkangreenenergynews.com\/rs\/wp-content\/uploads\/2025\/12\/Predrag-Culibrk-direktor-elnos-Srbija.jpg\" alt=\"Predrag Culibrk, direktor elnos Srbija\" width=\"840\" height=\"430\" srcset=\"https:\/\/balkangreenenergynews.com\/rs\/wp-content\/uploads\/2025\/12\/Predrag-Culibrk-direktor-elnos-Srbija.jpg 840w, https:\/\/balkangreenenergynews.com\/rs\/wp-content\/uploads\/2025\/12\/Predrag-Culibrk-direktor-elnos-Srbija-500x256.jpg 500w, https:\/\/balkangreenenergynews.com\/rs\/wp-content\/uploads\/2025\/12\/Predrag-Culibrk-direktor-elnos-Srbija-768x393.jpg 768w, https:\/\/balkangreenenergynews.com\/rs\/wp-content\/uploads\/2025\/12\/Predrag-Culibrk-direktor-elnos-Srbija-300x154.jpg 300w\" sizes=\"auto, (max-width: 840px) 100vw, 840px\" \/><figcaption id=\"caption-attachment-87637\" class=\"wp-caption-text\"><em>Foto: Predrag \u0106ulibrk, direktor Elnos Srbije<\/em><\/figcaption><\/figure>\n<p>Njegove re\u010di podsetile su na to da iza svakog projekta stoje ljudi &#8211; oni koji grade mre\u017ee i povezuju zajednice. A me\u0111u njima i nova generacija, koja je predstavljena kroz iskustvo Dalibora \u0160o\u0161i\u0107a, in\u017eenjera ove kompanije koji je vr\u0161njak modernog identiteta Elnosa.<\/p>\n<p>\u201eKao deo nove generacije Elnosa, mogu re\u0107i da smo odlu\u010dni da preuzmemo odgovornost za narednih 30 godina. U tome nas inspiri\u0161e vizija onih koji su pre nas gradili ovu kompaniju i podr\u0161ka koju dobijamo da razvijamo nove ideje\u201d, istakao je on.<\/p>\n<h3>Pogled ka budu\u0107nosti koji se gradi iz snage pro\u0161losti<\/h3>\n<p>Sa 80 godina tradicije i 30 godina modernog poslovanja, Elnos Grupa je pokazala da slavi, ali jo\u0161 sna\u017enije \u2013 da planira.<\/p>\n<figure id=\"attachment_87595\" aria-describedby=\"caption-attachment-87595\" style=\"width: 840px\" class=\"wp-caption aligncenter\"><img loading=\"lazy\" decoding=\"async\" class=\"wp-image-87595 size-full\" src=\"https:\/\/balkangreenenergynews.com\/rs\/wp-content\/uploads\/2025\/12\/elnos_jubilej_detalj.jpg\" alt=\"Elnos jubilej \" width=\"840\" height=\"430\" srcset=\"https:\/\/balkangreenenergynews.com\/rs\/wp-content\/uploads\/2025\/12\/elnos_jubilej_detalj.jpg 840w, https:\/\/balkangreenenergynews.com\/rs\/wp-content\/uploads\/2025\/12\/elnos_jubilej_detalj-500x256.jpg 500w, https:\/\/balkangreenenergynews.com\/rs\/wp-content\/uploads\/2025\/12\/elnos_jubilej_detalj-768x393.jpg 768w, https:\/\/balkangreenenergynews.com\/rs\/wp-content\/uploads\/2025\/12\/elnos_jubilej_detalj-300x154.jpg 300w\" sizes=\"auto, (max-width: 840px) 100vw, 840px\" \/><figcaption id=\"caption-attachment-87595\" class=\"wp-caption-text\"><em>Foto: Elnos Grupa<\/em><\/figcaption><\/figure>\n<p>A nakon ove no\u0107i u Sava centru, izvesno je jedno: Elnos Grupa ulazi u naredne decenije jednako ponosno, ali jo\u0161 odlu\u010dnije &#8211; \u00a0sa rezultatom kao merom i sjajnom timskom energijom kao potpisom.<\/p>\n","protected":false},"excerpt":{"rendered":"<p>U beogradskom Sava centru, Elnos Grupa je sve\u010dano proslavila dvostruki jubilej &#8211; 80 godina tradicije i 30 godina modernog poslovanja<\/p>\n","protected":false},"author":25,"featured_media":87590,"comment_status":"open","ping_status":"open","sticky":false,"template":"","format":"standard","meta":{"_acf_changed":false,"_monsterinsights_skip_tracking":false,"_monsterinsights_sitenote_active":false,"_monsterinsights_sitenote_note":"","_monsterinsights_sitenote_category":0,"footnotes":""},"categories":[504,1],"tags":[5435,647,6578],"class_list":["post-87586","post","type-post","status-publish","format-standard","has-post-thumbnail","hentry","category-elektricna-energija","category-obnovljivi-izvori-energije","tag-elnos-grupa","tag-obnovljivi-izvori-energije","tag-vetrozelena","country-regioneu"],"acf":[],"yoast_head":"<!-- This site is optimized with the Yoast SEO plugin v27.4 - https:\/\/yoast.com\/product\/yoast-seo-wordpress\/ -->\n<title>Elnos Grupa - no\u0107 velikih jubileja u Sava centru!<\/title>\n<meta name=\"description\" content=\"U beogradskom Sava centru, Elnos Grupa je sve\u010dano proslavila dvostruki jubilej - 80 godina tradicije i 30 godina modernog poslovanja\" \/>\n<meta name=\"robots\" content=\"index, follow, max-snippet:-1, max-image-preview:large, max-video-preview:-1\" \/>\n<link rel=\"canonical\" href=\"https:\/\/balkangreenenergynews.com\/rs\/elnos-grupa-noc-velikih-jubileja-u-sava-centru\/\" \/>\n<meta property=\"og:locale\" content=\"sr_RS\" \/>\n<meta property=\"og:type\" content=\"article\" \/>\n<meta property=\"og:title\" content=\"Elnos Grupa - no\u0107 velikih jubileja u Sava centru!\" \/>\n<meta property=\"og:description\" content=\"U beogradskom Sava centru, Elnos Grupa je sve\u010dano proslavila dvostruki jubilej - 80 godina tradicije i 30 godina modernog poslovanja\" \/>\n<meta property=\"og:url\" content=\"https:\/\/balkangreenenergynews.com\/rs\/elnos-grupa-noc-velikih-jubileja-u-sava-centru\/\" \/>\n<meta property=\"og:site_name\" content=\"Balkan Green Energy News\" \/>\n<meta property=\"article:published_time\" content=\"2025-12-09T09:11:00+00:00\" \/>\n<meta property=\"article:modified_time\" content=\"2025-12-09T11:19:25+00:00\" \/>\n<meta property=\"og:image\" content=\"https:\/\/balkangreenenergynews.com\/rs\/wp-content\/uploads\/2025\/12\/Proslava-jubileja-Elnos-1.jpg?wsr\" \/>\n\t<meta property=\"og:image:width\" content=\"840\" \/>\n\t<meta property=\"og:image:height\" content=\"430\" \/>\n\t<meta property=\"og:image:type\" content=\"image\/jpeg\" \/>\n<meta name=\"author\" content=\"Balkan Green Energy News\" \/>\n<meta name=\"twitter:card\" content=\"summary_large_image\" \/>\n<meta name=\"twitter:label1\" content=\"\u041d\u0430\u043f\u0438\u0441\u0430\u043d\u043e \u043e\u0434\" \/>\n\t<meta name=\"twitter:data1\" content=\"Balkan Green Energy News\" \/>\n\t<meta name=\"twitter:label2\" content=\"\u041f\u0440\u043e\u0446\u0435\u045a\u0435\u043d\u043e \u0432\u0440\u0435\u043c\u0435 \u0447\u0438\u0442\u0430\u045a\u0430\" \/>\n\t<meta name=\"twitter:data2\" content=\"6 \u043c\u0438\u043d\u0443\u0442\u0430\" \/>\n<script type=\"application\/ld+json\" class=\"yoast-schema-graph\">{\"@context\":\"https:\\\/\\\/schema.org\",\"@graph\":[{\"@type\":\"Article\",\"@id\":\"https:\\\/\\\/balkangreenenergynews.com\\\/rs\\\/elnos-grupa-noc-velikih-jubileja-u-sava-centru\\\/#article\",\"isPartOf\":{\"@id\":\"https:\\\/\\\/balkangreenenergynews.com\\\/rs\\\/elnos-grupa-noc-velikih-jubileja-u-sava-centru\\\/\"},\"author\":{\"name\":\"Balkan Green Energy News\",\"@id\":\"https:\\\/\\\/balkangreenenergynews.com\\\/rs\\\/#\\\/schema\\\/person\\\/dee275e6036b1a0f7ceaf956d79d4eff\"},\"headline\":\"Elnos Grupa &#8211; no\u0107 velikih jubileja u Sava centru!\",\"datePublished\":\"2025-12-09T09:11:00+00:00\",\"dateModified\":\"2025-12-09T11:19:25+00:00\",\"mainEntityOfPage\":{\"@id\":\"https:\\\/\\\/balkangreenenergynews.com\\\/rs\\\/elnos-grupa-noc-velikih-jubileja-u-sava-centru\\\/\"},\"wordCount\":825,\"commentCount\":0,\"image\":{\"@id\":\"https:\\\/\\\/balkangreenenergynews.com\\\/rs\\\/elnos-grupa-noc-velikih-jubileja-u-sava-centru\\\/#primaryimage\"},\"thumbnailUrl\":\"https:\\\/\\\/balkangreenenergynews.com\\\/rs\\\/wp-content\\\/uploads\\\/2025\\\/12\\\/Proslava-jubileja-Elnos-1.jpg?wsr\",\"keywords\":[\"Elnos Grupa\",\"obnovljivi izvori energije\",\"Vetrozelena\"],\"articleSection\":[\"Elektri\u010dna energija\",\"OIE\"],\"inLanguage\":\"sr-RS\",\"potentialAction\":[{\"@type\":\"CommentAction\",\"name\":\"Comment\",\"target\":[\"https:\\\/\\\/balkangreenenergynews.com\\\/rs\\\/elnos-grupa-noc-velikih-jubileja-u-sava-centru\\\/#respond\"]}]},{\"@type\":\"WebPage\",\"@id\":\"https:\\\/\\\/balkangreenenergynews.com\\\/rs\\\/elnos-grupa-noc-velikih-jubileja-u-sava-centru\\\/\",\"url\":\"https:\\\/\\\/balkangreenenergynews.com\\\/rs\\\/elnos-grupa-noc-velikih-jubileja-u-sava-centru\\\/\",\"name\":\"Elnos Grupa - no\u0107 velikih jubileja u Sava centru!\",\"isPartOf\":{\"@id\":\"https:\\\/\\\/balkangreenenergynews.com\\\/rs\\\/#website\"},\"primaryImageOfPage\":{\"@id\":\"https:\\\/\\\/balkangreenenergynews.com\\\/rs\\\/elnos-grupa-noc-velikih-jubileja-u-sava-centru\\\/#primaryimage\"},\"image\":{\"@id\":\"https:\\\/\\\/balkangreenenergynews.com\\\/rs\\\/elnos-grupa-noc-velikih-jubileja-u-sava-centru\\\/#primaryimage\"},\"thumbnailUrl\":\"https:\\\/\\\/balkangreenenergynews.com\\\/rs\\\/wp-content\\\/uploads\\\/2025\\\/12\\\/Proslava-jubileja-Elnos-1.jpg?wsr\",\"datePublished\":\"2025-12-09T09:11:00+00:00\",\"dateModified\":\"2025-12-09T11:19:25+00:00\",\"author\":{\"@id\":\"https:\\\/\\\/balkangreenenergynews.com\\\/rs\\\/#\\\/schema\\\/person\\\/dee275e6036b1a0f7ceaf956d79d4eff\"},\"description\":\"U beogradskom Sava centru, Elnos Grupa je sve\u010dano proslavila dvostruki jubilej - 80 godina tradicije i 30 godina modernog poslovanja\",\"breadcrumb\":{\"@id\":\"https:\\\/\\\/balkangreenenergynews.com\\\/rs\\\/elnos-grupa-noc-velikih-jubileja-u-sava-centru\\\/#breadcrumb\"},\"inLanguage\":\"sr-RS\",\"potentialAction\":[{\"@type\":\"ReadAction\",\"target\":[\"https:\\\/\\\/balkangreenenergynews.com\\\/rs\\\/elnos-grupa-noc-velikih-jubileja-u-sava-centru\\\/\"]}]},{\"@type\":\"ImageObject\",\"inLanguage\":\"sr-RS\",\"@id\":\"https:\\\/\\\/balkangreenenergynews.com\\\/rs\\\/elnos-grupa-noc-velikih-jubileja-u-sava-centru\\\/#primaryimage\",\"url\":\"https:\\\/\\\/balkangreenenergynews.com\\\/rs\\\/wp-content\\\/uploads\\\/2025\\\/12\\\/Proslava-jubileja-Elnos-1.jpg?wsr\",\"contentUrl\":\"https:\\\/\\\/balkangreenenergynews.com\\\/rs\\\/wp-content\\\/uploads\\\/2025\\\/12\\\/Proslava-jubileja-Elnos-1.jpg?wsr\",\"width\":840,\"height\":430,\"caption\":\"Foto: Elnos\"},{\"@type\":\"BreadcrumbList\",\"@id\":\"https:\\\/\\\/balkangreenenergynews.com\\\/rs\\\/elnos-grupa-noc-velikih-jubileja-u-sava-centru\\\/#breadcrumb\",\"itemListElement\":[{\"@type\":\"ListItem\",\"position\":1,\"name\":\"Po\u010detna\",\"item\":\"https:\\\/\\\/balkangreenenergynews.com\\\/rs\\\/\"},{\"@type\":\"ListItem\",\"position\":2,\"name\":\"Vesti\",\"item\":\"https:\\\/\\\/balkangreenenergynews.com\\\/rs\\\/kategorija\\\/vesti\\\/\"},{\"@type\":\"ListItem\",\"position\":3,\"name\":\"OIE\",\"item\":\"https:\\\/\\\/balkangreenenergynews.com\\\/rs\\\/kategorija\\\/vesti\\\/obnovljivi-izvori-energije\\\/\"},{\"@type\":\"ListItem\",\"position\":4,\"name\":\"Elnos Grupa &#8211; no\u0107 velikih jubileja u Sava centru!\"}]},{\"@type\":\"WebSite\",\"@id\":\"https:\\\/\\\/balkangreenenergynews.com\\\/rs\\\/#website\",\"url\":\"https:\\\/\\\/balkangreenenergynews.com\\\/rs\\\/\",\"name\":\"Balkan Green Energy News\",\"description\":\"Naj\u0161iri izbor vesti sa Balkana o zelenoj energiji\",\"potentialAction\":[{\"@type\":\"SearchAction\",\"target\":{\"@type\":\"EntryPoint\",\"urlTemplate\":\"https:\\\/\\\/balkangreenenergynews.com\\\/rs\\\/?s={search_term_string}\"},\"query-input\":{\"@type\":\"PropertyValueSpecification\",\"valueRequired\":true,\"valueName\":\"search_term_string\"}}],\"inLanguage\":\"sr-RS\"},{\"@type\":\"Person\",\"@id\":\"https:\\\/\\\/balkangreenenergynews.com\\\/rs\\\/#\\\/schema\\\/person\\\/dee275e6036b1a0f7ceaf956d79d4eff\",\"name\":\"Balkan Green Energy News\",\"url\":\"https:\\\/\\\/balkangreenenergynews.com\\\/rs\\\/author\\\/balkangreenenergynews\\\/\"}]}<\/script>\n<!-- \/ Yoast SEO plugin. -->","yoast_head_json":{"title":"Elnos Grupa - no\u0107 velikih jubileja u Sava centru!","description":"U beogradskom Sava centru, Elnos Grupa je sve\u010dano proslavila dvostruki jubilej - 80 godina tradicije i 30 godina modernog poslovanja","robots":{"index":"index","follow":"follow","max-snippet":"max-snippet:-1","max-image-preview":"max-image-preview:large","max-video-preview":"max-video-preview:-1"},"canonical":"https:\/\/balkangreenenergynews.com\/rs\/elnos-grupa-noc-velikih-jubileja-u-sava-centru\/","og_locale":"sr_RS","og_type":"article","og_title":"Elnos Grupa - no\u0107 velikih jubileja u Sava centru!","og_description":"U beogradskom Sava centru, Elnos Grupa je sve\u010dano proslavila dvostruki jubilej - 80 godina tradicije i 30 godina modernog poslovanja","og_url":"https:\/\/balkangreenenergynews.com\/rs\/elnos-grupa-noc-velikih-jubileja-u-sava-centru\/","og_site_name":"Balkan Green Energy News","article_published_time":"2025-12-09T09:11:00+00:00","article_modified_time":"2025-12-09T11:19:25+00:00","og_image":[{"width":840,"height":430,"url":"https:\/\/balkangreenenergynews.com\/rs\/wp-content\/uploads\/2025\/12\/Proslava-jubileja-Elnos-1.jpg?wsr","type":"image\/jpeg"}],"author":"Balkan Green Energy News","twitter_card":"summary_large_image","twitter_misc":{"\u041d\u0430\u043f\u0438\u0441\u0430\u043d\u043e \u043e\u0434":"Balkan Green Energy News","\u041f\u0440\u043e\u0446\u0435\u045a\u0435\u043d\u043e \u0432\u0440\u0435\u043c\u0435 \u0447\u0438\u0442\u0430\u045a\u0430":"6 \u043c\u0438\u043d\u0443\u0442\u0430"},"schema":{"@context":"https:\/\/schema.org","@graph":[{"@type":"Article","@id":"https:\/\/balkangreenenergynews.com\/rs\/elnos-grupa-noc-velikih-jubileja-u-sava-centru\/#article","isPartOf":{"@id":"https:\/\/balkangreenenergynews.com\/rs\/elnos-grupa-noc-velikih-jubileja-u-sava-centru\/"},"author":{"name":"Balkan Green Energy News","@id":"https:\/\/balkangreenenergynews.com\/rs\/#\/schema\/person\/dee275e6036b1a0f7ceaf956d79d4eff"},"headline":"Elnos Grupa &#8211; no\u0107 velikih jubileja u Sava centru!","datePublished":"2025-12-09T09:11:00+00:00","dateModified":"2025-12-09T11:19:25+00:00","mainEntityOfPage":{"@id":"https:\/\/balkangreenenergynews.com\/rs\/elnos-grupa-noc-velikih-jubileja-u-sava-centru\/"},"wordCount":825,"commentCount":0,"image":{"@id":"https:\/\/balkangreenenergynews.com\/rs\/elnos-grupa-noc-velikih-jubileja-u-sava-centru\/#primaryimage"},"thumbnailUrl":"https:\/\/balkangreenenergynews.com\/rs\/wp-content\/uploads\/2025\/12\/Proslava-jubileja-Elnos-1.jpg?wsr","keywords":["Elnos Grupa","obnovljivi izvori energije","Vetrozelena"],"articleSection":["Elektri\u010dna energija","OIE"],"inLanguage":"sr-RS","potentialAction":[{"@type":"CommentAction","name":"Comment","target":["https:\/\/balkangreenenergynews.com\/rs\/elnos-grupa-noc-velikih-jubileja-u-sava-centru\/#respond"]}]},{"@type":"WebPage","@id":"https:\/\/balkangreenenergynews.com\/rs\/elnos-grupa-noc-velikih-jubileja-u-sava-centru\/","url":"https:\/\/balkangreenenergynews.com\/rs\/elnos-grupa-noc-velikih-jubileja-u-sava-centru\/","name":"Elnos Grupa - no\u0107 velikih jubileja u Sava centru!","isPartOf":{"@id":"https:\/\/balkangreenenergynews.com\/rs\/#website"},"primaryImageOfPage":{"@id":"https:\/\/balkangreenenergynews.com\/rs\/elnos-grupa-noc-velikih-jubileja-u-sava-centru\/#primaryimage"},"image":{"@id":"https:\/\/balkangreenenergynews.com\/rs\/elnos-grupa-noc-velikih-jubileja-u-sava-centru\/#primaryimage"},"thumbnailUrl":"https:\/\/balkangreenenergynews.com\/rs\/wp-content\/uploads\/2025\/12\/Proslava-jubileja-Elnos-1.jpg?wsr","datePublished":"2025-12-09T09:11:00+00:00","dateModified":"2025-12-09T11:19:25+00:00","author":{"@id":"https:\/\/balkangreenenergynews.com\/rs\/#\/schema\/person\/dee275e6036b1a0f7ceaf956d79d4eff"},"description":"U beogradskom Sava centru, Elnos Grupa je sve\u010dano proslavila dvostruki jubilej - 80 godina tradicije i 30 godina modernog poslovanja","breadcrumb":{"@id":"https:\/\/balkangreenenergynews.com\/rs\/elnos-grupa-noc-velikih-jubileja-u-sava-centru\/#breadcrumb"},"inLanguage":"sr-RS","potentialAction":[{"@type":"ReadAction","target":["https:\/\/balkangreenenergynews.com\/rs\/elnos-grupa-noc-velikih-jubileja-u-sava-centru\/"]}]},{"@type":"ImageObject","inLanguage":"sr-RS","@id":"https:\/\/balkangreenenergynews.com\/rs\/elnos-grupa-noc-velikih-jubileja-u-sava-centru\/#primaryimage","url":"https:\/\/balkangreenenergynews.com\/rs\/wp-content\/uploads\/2025\/12\/Proslava-jubileja-Elnos-1.jpg?wsr","contentUrl":"https:\/\/balkangreenenergynews.com\/rs\/wp-content\/uploads\/2025\/12\/Proslava-jubileja-Elnos-1.jpg?wsr","width":840,"height":430,"caption":"Foto: Elnos"},{"@type":"BreadcrumbList","@id":"https:\/\/balkangreenenergynews.com\/rs\/elnos-grupa-noc-velikih-jubileja-u-sava-centru\/#breadcrumb","itemListElement":[{"@type":"ListItem","position":1,"name":"Po\u010detna","item":"https:\/\/balkangreenenergynews.com\/rs\/"},{"@type":"ListItem","position":2,"name":"Vesti","item":"https:\/\/balkangreenenergynews.com\/rs\/kategorija\/vesti\/"},{"@type":"ListItem","position":3,"name":"OIE","item":"https:\/\/balkangreenenergynews.com\/rs\/kategorija\/vesti\/obnovljivi-izvori-energije\/"},{"@type":"ListItem","position":4,"name":"Elnos Grupa &#8211; no\u0107 velikih jubileja u Sava centru!"}]},{"@type":"WebSite","@id":"https:\/\/balkangreenenergynews.com\/rs\/#website","url":"https:\/\/balkangreenenergynews.com\/rs\/","name":"Balkan Green Energy News","description":"Naj\u0161iri izbor vesti sa Balkana o zelenoj energiji","potentialAction":[{"@type":"SearchAction","target":{"@type":"EntryPoint","urlTemplate":"https:\/\/balkangreenenergynews.com\/rs\/?s={search_term_string}"},"query-input":{"@type":"PropertyValueSpecification","valueRequired":true,"valueName":"search_term_string"}}],"inLanguage":"sr-RS"},{"@type":"Person","@id":"https:\/\/balkangreenenergynews.com\/rs\/#\/schema\/person\/dee275e6036b1a0f7ceaf956d79d4eff","name":"Balkan Green Energy News","url":"https:\/\/balkangreenenergynews.com\/rs\/author\/balkangreenenergynews\/"}]}},"_links":{"self":[{"href":"https:\/\/balkangreenenergynews.com\/rs\/wp-json\/wp\/v2\/posts\/87586","targetHints":{"allow":["GET"]}}],"collection":[{"href":"https:\/\/balkangreenenergynews.com\/rs\/wp-json\/wp\/v2\/posts"}],"about":[{"href":"https:\/\/balkangreenenergynews.com\/rs\/wp-json\/wp\/v2\/types\/post"}],"author":[{"embeddable":true,"href":"https:\/\/balkangreenenergynews.com\/rs\/wp-json\/wp\/v2\/users\/25"}],"replies":[{"embeddable":true,"href":"https:\/\/balkangreenenergynews.com\/rs\/wp-json\/wp\/v2\/comments?post=87586"}],"version-history":[{"count":0,"href":"https:\/\/balkangreenenergynews.com\/rs\/wp-json\/wp\/v2\/posts\/87586\/revisions"}],"wp:featuredmedia":[{"embeddable":true,"href":"https:\/\/balkangreenenergynews.com\/rs\/wp-json\/wp\/v2\/media\/87590"}],"wp:attachment":[{"href":"https:\/\/balkangreenenergynews.com\/rs\/wp-json\/wp\/v2\/media?parent=87586"}],"wp:term":[{"taxonomy":"category","embeddable":true,"href":"https:\/\/balkangreenenergynews.com\/rs\/wp-json\/wp\/v2\/categories?post=87586"},{"taxonomy":"post_tag","embeddable":true,"href":"https:\/\/balkangreenenergynews.com\/rs\/wp-json\/wp\/v2\/tags?post=87586"}],"curies":[{"name":"wp","href":"https:\/\/api.w.org\/{rel}","templated":true}]}}