{"id":87145,"date":"2025-11-25T16:44:09","date_gmt":"2025-11-25T15:44:09","guid":{"rendered":"https:\/\/balkangreenenergynews.com\/rs\/?p=87145"},"modified":"2025-11-25T16:44:09","modified_gmt":"2025-11-25T15:44:09","slug":"eusew-2026-cista-sigurna-i-konkurentna-energetska-unija","status":"publish","type":"post","link":"https:\/\/balkangreenenergynews.com\/rs\/eusew-2026-cista-sigurna-i-konkurentna-energetska-unija\/","title":{"rendered":"EUSEW 2026: \u010dista, sigurna i konkurentna energetska unija"},"content":{"rendered":"<h2 data-start=\"218\" data-end=\"645\">Evropska nedelja odr\u017eive energije (EUSEW), najve\u0107i godi\u0161nji skup u Evropi posve\u0107en obnovljivim izvorima energije i energetskoj efikasnosti, odr\u017ea\u0107e se od 9. do 11. juna 2026. godine pod sloganom &#8216;\u010cista, sigurna i konkurentna Energetska unija&#8217;. Dvadeseto izdanje je predvi\u0111eno u hibridnom formatu, u Briselu i onlajn. Doga\u0111aj \u0107e skrenuti pa\u017enju na zna\u010daj izgradnje sigurne i otporn\u0435 Energetske unije, uz obezbe\u0111ivanje \u010diste i pristupa\u010dne energije za sve.<\/h2>\n<p data-start=\"647\" data-end=\"788\">EUSEW2026 uklju\u010duje niz doga\u0111aja po\u010dev od konferencije na visokom nivou i ceremonije dodele Evropskih nagrada za odr\u017eivu energiju, uz Energetski sajam, sve do sedmog po redu Evropskog dana mladih za energiju i Dana odr\u017eive energije.<\/p>\n<p data-start=\"790\" data-end=\"1173\">Konferencija na visokom nivou \u0107e ugostiti 60 anga\u017eovanih i inovativnih sesija koje \u0107e organizovati zajednica posve\u0107ena \u010distoj energiji.\u00a0 Evropska komisija je pozvala je predstavnike industrije, kreatore politika, \u010dlanove civilnog dru\u0161tva i akademsku zajednicu da dostave <a href=\"https:\/\/sustainable-energy-week.ec.europa.eu\/policy-conference_en\">predloge sesija<\/a> do 22. januara.<\/p>\n<blockquote>\n<p data-start=\"790\" data-end=\"1173\">EUSEW nagrade se dodeljuju u tri kategorije<\/p>\n<\/blockquote>\n<p data-start=\"1175\" data-end=\"1569\"><a href=\"https:\/\/balkangreenenergynews.com\/rs\/proglaseni-dobitnici-eusew-nagrada\/\">EUSEW nagradama<\/a> se odaje priznanje pojedina\u010dnim i kolektivnim poduhvatima koji su pokazali izuzetne rezultate u oblasti energetske efikasnosti i zelene energije Ove godine nagrade \u0107e biti dodeljene u tri kategorije: lokalna energetska akcija, \u017eene u energetici i, prvi put, mala i srednja preduze\u0107a predvodnici u energetskoj efikasnosti. <a href=\"https:\/\/sustainable-energy-week.ec.europa.eu\/awards_en\">Prijave i nominacije<\/a> otvorene su do 29. januara.<\/p>\n<figure id=\"attachment_87150\" aria-describedby=\"caption-attachment-87150\" style=\"width: 840px\" class=\"wp-caption aligncenter\"><img loading=\"lazy\" decoding=\"async\" class=\"wp-image-87150 size-full\" src=\"https:\/\/balkangreenenergynews.com\/rs\/wp-content\/uploads\/2025\/11\/Commissioner-at-EUSEW-2025.jpg\" alt=\"evropski komesar za energetiku i stambena pitanja Dan Jergensen\" width=\"840\" height=\"560\" srcset=\"https:\/\/balkangreenenergynews.com\/rs\/wp-content\/uploads\/2025\/11\/Commissioner-at-EUSEW-2025.jpg 840w, https:\/\/balkangreenenergynews.com\/rs\/wp-content\/uploads\/2025\/11\/Commissioner-at-EUSEW-2025-500x333.jpg 500w, https:\/\/balkangreenenergynews.com\/rs\/wp-content\/uploads\/2025\/11\/Commissioner-at-EUSEW-2025-768x512.jpg 768w, https:\/\/balkangreenenergynews.com\/rs\/wp-content\/uploads\/2025\/11\/Commissioner-at-EUSEW-2025-635x422.jpg 635w, https:\/\/balkangreenenergynews.com\/rs\/wp-content\/uploads\/2025\/11\/Commissioner-at-EUSEW-2025-300x200.jpg 300w\" sizes=\"auto, (max-width: 840px) 100vw, 840px\" \/><figcaption id=\"caption-attachment-87150\" class=\"wp-caption-text\">Foto: (EUSEW) Evropski komesar za energetiku i stambena pitanja Dan Jergensen<\/figcaption><\/figure>\n<p data-start=\"1571\" data-end=\"2002\">Zainteresovani u\u010desnici mogu da se pridru\u017ee i onlajn info-sesiji u sredu, 3. decembra, od 11:00 do 12:30. Predstavnici Evropske komisije predstavi\u0107e temu ovogodi\u0161njeg doga\u0111aja, klju\u010dne korake pripreme i tok konferencije, kao i uslove i kriterijume za u\u010de\u0161\u0107e u sesijama i nominacijama za EUSEW nagrade. Tabela rokova, odgovori na naj\u010de\u0161\u0107a pitanja i snimak sesije bi\u0107e dostupni na info-stranici EUSEW2026.<\/p>\n<p data-start=\"2004\" data-end=\"2229\">Dodatni pozivi za u\u010de\u0161\u0107e u Evropskoj nedelji odr\u017eive energije, poput izlaganja na Energetskom sajmu, uloge mladog ambasadora energije ili organizacije lokalnog Dana odr\u017eive energije, bi\u0107e objavljene u januaru i februaru.<\/p>\n","protected":false},"excerpt":{"rendered":"<p>Evropska nedelja odr\u017eive energije (EUSEW), najve\u0107i godi\u0161nji skup u Evropi posve\u0107en obnovljivim izvorima energije i energetskoj efikasnosti, odr\u017ea\u0107e se u junu<\/p>\n","protected":false},"author":34,"featured_media":87152,"comment_status":"open","ping_status":"open","sticky":false,"template":"","format":"standard","meta":{"_acf_changed":false,"_monsterinsights_skip_tracking":false,"_monsterinsights_sitenote_active":false,"_monsterinsights_sitenote_note":"","_monsterinsights_sitenote_category":0,"footnotes":""},"categories":[1],"tags":[646,1854,199,647],"class_list":["post-87145","post","type-post","status-publish","format-standard","has-post-thumbnail","hentry","category-obnovljivi-izvori-energije","tag-energetska-efikasnost","tag-energetska-tranzicija","tag-eusew","tag-obnovljivi-izvori-energije","country-regioneu"],"acf":[],"yoast_head":"<!-- This site is optimized with the Yoast SEO plugin v27.4 - https:\/\/yoast.com\/product\/yoast-seo-wordpress\/ -->\n<title>EUSEW 2026: \u010dista, sigurna i konkurentna energetska unija<\/title>\n<meta name=\"description\" content=\"Evropska nedelja odr\u017eive energije (EUSEW), najve\u0107i godi\u0161nji skup u Evropi posve\u0107en obnovljivim izvorima energije i energetskoj efikasnosti, odr\u017ea\u0107e se u junu\" \/>\n<meta name=\"robots\" content=\"index, follow, max-snippet:-1, max-image-preview:large, max-video-preview:-1\" \/>\n<link rel=\"canonical\" href=\"https:\/\/balkangreenenergynews.com\/rs\/eusew-2026-cista-sigurna-i-konkurentna-energetska-unija\/\" \/>\n<meta property=\"og:locale\" content=\"sr_RS\" \/>\n<meta property=\"og:type\" content=\"article\" \/>\n<meta property=\"og:title\" content=\"EUSEW 2026: \u010dista, sigurna i konkurentna energetska unija\" \/>\n<meta property=\"og:description\" content=\"Evropska nedelja odr\u017eive energije (EUSEW), najve\u0107i godi\u0161nji skup u Evropi posve\u0107en obnovljivim izvorima energije i energetskoj efikasnosti, odr\u017ea\u0107e se u junu\" \/>\n<meta property=\"og:url\" content=\"https:\/\/balkangreenenergynews.com\/rs\/eusew-2026-cista-sigurna-i-konkurentna-energetska-unija\/\" \/>\n<meta property=\"og:site_name\" content=\"Balkan Green Energy News\" \/>\n<meta property=\"article:published_time\" content=\"2025-11-25T15:44:09+00:00\" \/>\n<meta property=\"og:image\" content=\"https:\/\/balkangreenenergynews.com\/rs\/wp-content\/uploads\/2025\/11\/EUSEW-2026-cista-sigurna-i-konkurentna-energetska-unija-2.jpg?wsr\" \/>\n\t<meta property=\"og:image:width\" content=\"840\" \/>\n\t<meta property=\"og:image:height\" content=\"430\" \/>\n\t<meta property=\"og:image:type\" content=\"image\/jpeg\" \/>\n<meta name=\"author\" content=\"Jelisaveta Peri\u0161i\u0107\" \/>\n<meta name=\"twitter:card\" content=\"summary_large_image\" \/>\n<meta name=\"twitter:label1\" content=\"\u041d\u0430\u043f\u0438\u0441\u0430\u043d\u043e \u043e\u0434\" \/>\n\t<meta name=\"twitter:data1\" content=\"Jelisaveta Peri\u0161i\u0107\" \/>\n\t<meta name=\"twitter:label2\" content=\"\u041f\u0440\u043e\u0446\u0435\u045a\u0435\u043d\u043e \u0432\u0440\u0435\u043c\u0435 \u0447\u0438\u0442\u0430\u045a\u0430\" \/>\n\t<meta name=\"twitter:data2\" content=\"3 \u043c\u0438\u043d\u0443\u0442\u0430\" \/>\n<script type=\"application\/ld+json\" class=\"yoast-schema-graph\">{\"@context\":\"https:\\\/\\\/schema.org\",\"@graph\":[{\"@type\":\"Article\",\"@id\":\"https:\\\/\\\/balkangreenenergynews.com\\\/rs\\\/eusew-2026-cista-sigurna-i-konkurentna-energetska-unija\\\/#article\",\"isPartOf\":{\"@id\":\"https:\\\/\\\/balkangreenenergynews.com\\\/rs\\\/eusew-2026-cista-sigurna-i-konkurentna-energetska-unija\\\/\"},\"author\":{\"name\":\"Jelisaveta Peri\u0161i\u0107\",\"@id\":\"https:\\\/\\\/balkangreenenergynews.com\\\/rs\\\/#\\\/schema\\\/person\\\/4b3c5831bbc05a72630d12560df2b3f8\"},\"headline\":\"EUSEW 2026: \u010dista, sigurna i konkurentna energetska unija\",\"datePublished\":\"2025-11-25T15:44:09+00:00\",\"mainEntityOfPage\":{\"@id\":\"https:\\\/\\\/balkangreenenergynews.com\\\/rs\\\/eusew-2026-cista-sigurna-i-konkurentna-energetska-unija\\\/\"},\"wordCount\":344,\"commentCount\":0,\"image\":{\"@id\":\"https:\\\/\\\/balkangreenenergynews.com\\\/rs\\\/eusew-2026-cista-sigurna-i-konkurentna-energetska-unija\\\/#primaryimage\"},\"thumbnailUrl\":\"https:\\\/\\\/balkangreenenergynews.com\\\/rs\\\/wp-content\\\/uploads\\\/2025\\\/11\\\/EUSEW-2026-cista-sigurna-i-konkurentna-energetska-unija-2.jpg?wsr\",\"keywords\":[\"energetska efikasnost\",\"energetska tranzicija\",\"EUSEW\",\"obnovljivi izvori energije\"],\"articleSection\":[\"OIE\"],\"inLanguage\":\"sr-RS\",\"potentialAction\":[{\"@type\":\"CommentAction\",\"name\":\"Comment\",\"target\":[\"https:\\\/\\\/balkangreenenergynews.com\\\/rs\\\/eusew-2026-cista-sigurna-i-konkurentna-energetska-unija\\\/#respond\"]}]},{\"@type\":\"WebPage\",\"@id\":\"https:\\\/\\\/balkangreenenergynews.com\\\/rs\\\/eusew-2026-cista-sigurna-i-konkurentna-energetska-unija\\\/\",\"url\":\"https:\\\/\\\/balkangreenenergynews.com\\\/rs\\\/eusew-2026-cista-sigurna-i-konkurentna-energetska-unija\\\/\",\"name\":\"EUSEW 2026: \u010dista, sigurna i konkurentna energetska unija\",\"isPartOf\":{\"@id\":\"https:\\\/\\\/balkangreenenergynews.com\\\/rs\\\/#website\"},\"primaryImageOfPage\":{\"@id\":\"https:\\\/\\\/balkangreenenergynews.com\\\/rs\\\/eusew-2026-cista-sigurna-i-konkurentna-energetska-unija\\\/#primaryimage\"},\"image\":{\"@id\":\"https:\\\/\\\/balkangreenenergynews.com\\\/rs\\\/eusew-2026-cista-sigurna-i-konkurentna-energetska-unija\\\/#primaryimage\"},\"thumbnailUrl\":\"https:\\\/\\\/balkangreenenergynews.com\\\/rs\\\/wp-content\\\/uploads\\\/2025\\\/11\\\/EUSEW-2026-cista-sigurna-i-konkurentna-energetska-unija-2.jpg?wsr\",\"datePublished\":\"2025-11-25T15:44:09+00:00\",\"author\":{\"@id\":\"https:\\\/\\\/balkangreenenergynews.com\\\/rs\\\/#\\\/schema\\\/person\\\/4b3c5831bbc05a72630d12560df2b3f8\"},\"description\":\"Evropska nedelja odr\u017eive energije (EUSEW), najve\u0107i godi\u0161nji skup u Evropi posve\u0107en obnovljivim izvorima energije i energetskoj efikasnosti, odr\u017ea\u0107e se u junu\",\"breadcrumb\":{\"@id\":\"https:\\\/\\\/balkangreenenergynews.com\\\/rs\\\/eusew-2026-cista-sigurna-i-konkurentna-energetska-unija\\\/#breadcrumb\"},\"inLanguage\":\"sr-RS\",\"potentialAction\":[{\"@type\":\"ReadAction\",\"target\":[\"https:\\\/\\\/balkangreenenergynews.com\\\/rs\\\/eusew-2026-cista-sigurna-i-konkurentna-energetska-unija\\\/\"]}]},{\"@type\":\"ImageObject\",\"inLanguage\":\"sr-RS\",\"@id\":\"https:\\\/\\\/balkangreenenergynews.com\\\/rs\\\/eusew-2026-cista-sigurna-i-konkurentna-energetska-unija\\\/#primaryimage\",\"url\":\"https:\\\/\\\/balkangreenenergynews.com\\\/rs\\\/wp-content\\\/uploads\\\/2025\\\/11\\\/EUSEW-2026-cista-sigurna-i-konkurentna-energetska-unija-2.jpg?wsr\",\"contentUrl\":\"https:\\\/\\\/balkangreenenergynews.com\\\/rs\\\/wp-content\\\/uploads\\\/2025\\\/11\\\/EUSEW-2026-cista-sigurna-i-konkurentna-energetska-unija-2.jpg?wsr\",\"width\":840,\"height\":430,\"caption\":\"EUSEW 2026 \u010dista, sigurna i konkurentna energetska unija\"},{\"@type\":\"BreadcrumbList\",\"@id\":\"https:\\\/\\\/balkangreenenergynews.com\\\/rs\\\/eusew-2026-cista-sigurna-i-konkurentna-energetska-unija\\\/#breadcrumb\",\"itemListElement\":[{\"@type\":\"ListItem\",\"position\":1,\"name\":\"Po\u010detna\",\"item\":\"https:\\\/\\\/balkangreenenergynews.com\\\/rs\\\/\"},{\"@type\":\"ListItem\",\"position\":2,\"name\":\"Vesti\",\"item\":\"https:\\\/\\\/balkangreenenergynews.com\\\/rs\\\/kategorija\\\/vesti\\\/\"},{\"@type\":\"ListItem\",\"position\":3,\"name\":\"OIE\",\"item\":\"https:\\\/\\\/balkangreenenergynews.com\\\/rs\\\/kategorija\\\/vesti\\\/obnovljivi-izvori-energije\\\/\"},{\"@type\":\"ListItem\",\"position\":4,\"name\":\"EUSEW 2026: \u010dista, sigurna i konkurentna energetska unija\"}]},{\"@type\":\"WebSite\",\"@id\":\"https:\\\/\\\/balkangreenenergynews.com\\\/rs\\\/#website\",\"url\":\"https:\\\/\\\/balkangreenenergynews.com\\\/rs\\\/\",\"name\":\"Balkan Green Energy News\",\"description\":\"Naj\u0161iri izbor vesti sa Balkana o zelenoj energiji\",\"potentialAction\":[{\"@type\":\"SearchAction\",\"target\":{\"@type\":\"EntryPoint\",\"urlTemplate\":\"https:\\\/\\\/balkangreenenergynews.com\\\/rs\\\/?s={search_term_string}\"},\"query-input\":{\"@type\":\"PropertyValueSpecification\",\"valueRequired\":true,\"valueName\":\"search_term_string\"}}],\"inLanguage\":\"sr-RS\"},{\"@type\":\"Person\",\"@id\":\"https:\\\/\\\/balkangreenenergynews.com\\\/rs\\\/#\\\/schema\\\/person\\\/4b3c5831bbc05a72630d12560df2b3f8\",\"name\":\"Jelisaveta Peri\u0161i\u0107\",\"url\":\"https:\\\/\\\/balkangreenenergynews.com\\\/rs\\\/author\\\/jelisavet-perisic\\\/\"}]}<\/script>\n<!-- \/ Yoast SEO plugin. -->","yoast_head_json":{"title":"EUSEW 2026: \u010dista, sigurna i konkurentna energetska unija","description":"Evropska nedelja odr\u017eive energije (EUSEW), najve\u0107i godi\u0161nji skup u Evropi posve\u0107en obnovljivim izvorima energije i energetskoj efikasnosti, odr\u017ea\u0107e se u junu","robots":{"index":"index","follow":"follow","max-snippet":"max-snippet:-1","max-image-preview":"max-image-preview:large","max-video-preview":"max-video-preview:-1"},"canonical":"https:\/\/balkangreenenergynews.com\/rs\/eusew-2026-cista-sigurna-i-konkurentna-energetska-unija\/","og_locale":"sr_RS","og_type":"article","og_title":"EUSEW 2026: \u010dista, sigurna i konkurentna energetska unija","og_description":"Evropska nedelja odr\u017eive energije (EUSEW), najve\u0107i godi\u0161nji skup u Evropi posve\u0107en obnovljivim izvorima energije i energetskoj efikasnosti, odr\u017ea\u0107e se u junu","og_url":"https:\/\/balkangreenenergynews.com\/rs\/eusew-2026-cista-sigurna-i-konkurentna-energetska-unija\/","og_site_name":"Balkan Green Energy News","article_published_time":"2025-11-25T15:44:09+00:00","og_image":[{"width":840,"height":430,"url":"https:\/\/balkangreenenergynews.com\/rs\/wp-content\/uploads\/2025\/11\/EUSEW-2026-cista-sigurna-i-konkurentna-energetska-unija-2.jpg?wsr","type":"image\/jpeg"}],"author":"Jelisaveta Peri\u0161i\u0107","twitter_card":"summary_large_image","twitter_misc":{"\u041d\u0430\u043f\u0438\u0441\u0430\u043d\u043e \u043e\u0434":"Jelisaveta Peri\u0161i\u0107","\u041f\u0440\u043e\u0446\u0435\u045a\u0435\u043d\u043e \u0432\u0440\u0435\u043c\u0435 \u0447\u0438\u0442\u0430\u045a\u0430":"3 \u043c\u0438\u043d\u0443\u0442\u0430"},"schema":{"@context":"https:\/\/schema.org","@graph":[{"@type":"Article","@id":"https:\/\/balkangreenenergynews.com\/rs\/eusew-2026-cista-sigurna-i-konkurentna-energetska-unija\/#article","isPartOf":{"@id":"https:\/\/balkangreenenergynews.com\/rs\/eusew-2026-cista-sigurna-i-konkurentna-energetska-unija\/"},"author":{"name":"Jelisaveta Peri\u0161i\u0107","@id":"https:\/\/balkangreenenergynews.com\/rs\/#\/schema\/person\/4b3c5831bbc05a72630d12560df2b3f8"},"headline":"EUSEW 2026: \u010dista, sigurna i konkurentna energetska unija","datePublished":"2025-11-25T15:44:09+00:00","mainEntityOfPage":{"@id":"https:\/\/balkangreenenergynews.com\/rs\/eusew-2026-cista-sigurna-i-konkurentna-energetska-unija\/"},"wordCount":344,"commentCount":0,"image":{"@id":"https:\/\/balkangreenenergynews.com\/rs\/eusew-2026-cista-sigurna-i-konkurentna-energetska-unija\/#primaryimage"},"thumbnailUrl":"https:\/\/balkangreenenergynews.com\/rs\/wp-content\/uploads\/2025\/11\/EUSEW-2026-cista-sigurna-i-konkurentna-energetska-unija-2.jpg?wsr","keywords":["energetska efikasnost","energetska tranzicija","EUSEW","obnovljivi izvori energije"],"articleSection":["OIE"],"inLanguage":"sr-RS","potentialAction":[{"@type":"CommentAction","name":"Comment","target":["https:\/\/balkangreenenergynews.com\/rs\/eusew-2026-cista-sigurna-i-konkurentna-energetska-unija\/#respond"]}]},{"@type":"WebPage","@id":"https:\/\/balkangreenenergynews.com\/rs\/eusew-2026-cista-sigurna-i-konkurentna-energetska-unija\/","url":"https:\/\/balkangreenenergynews.com\/rs\/eusew-2026-cista-sigurna-i-konkurentna-energetska-unija\/","name":"EUSEW 2026: \u010dista, sigurna i konkurentna energetska unija","isPartOf":{"@id":"https:\/\/balkangreenenergynews.com\/rs\/#website"},"primaryImageOfPage":{"@id":"https:\/\/balkangreenenergynews.com\/rs\/eusew-2026-cista-sigurna-i-konkurentna-energetska-unija\/#primaryimage"},"image":{"@id":"https:\/\/balkangreenenergynews.com\/rs\/eusew-2026-cista-sigurna-i-konkurentna-energetska-unija\/#primaryimage"},"thumbnailUrl":"https:\/\/balkangreenenergynews.com\/rs\/wp-content\/uploads\/2025\/11\/EUSEW-2026-cista-sigurna-i-konkurentna-energetska-unija-2.jpg?wsr","datePublished":"2025-11-25T15:44:09+00:00","author":{"@id":"https:\/\/balkangreenenergynews.com\/rs\/#\/schema\/person\/4b3c5831bbc05a72630d12560df2b3f8"},"description":"Evropska nedelja odr\u017eive energije (EUSEW), najve\u0107i godi\u0161nji skup u Evropi posve\u0107en obnovljivim izvorima energije i energetskoj efikasnosti, odr\u017ea\u0107e se u junu","breadcrumb":{"@id":"https:\/\/balkangreenenergynews.com\/rs\/eusew-2026-cista-sigurna-i-konkurentna-energetska-unija\/#breadcrumb"},"inLanguage":"sr-RS","potentialAction":[{"@type":"ReadAction","target":["https:\/\/balkangreenenergynews.com\/rs\/eusew-2026-cista-sigurna-i-konkurentna-energetska-unija\/"]}]},{"@type":"ImageObject","inLanguage":"sr-RS","@id":"https:\/\/balkangreenenergynews.com\/rs\/eusew-2026-cista-sigurna-i-konkurentna-energetska-unija\/#primaryimage","url":"https:\/\/balkangreenenergynews.com\/rs\/wp-content\/uploads\/2025\/11\/EUSEW-2026-cista-sigurna-i-konkurentna-energetska-unija-2.jpg?wsr","contentUrl":"https:\/\/balkangreenenergynews.com\/rs\/wp-content\/uploads\/2025\/11\/EUSEW-2026-cista-sigurna-i-konkurentna-energetska-unija-2.jpg?wsr","width":840,"height":430,"caption":"EUSEW 2026 \u010dista, sigurna i konkurentna energetska unija"},{"@type":"BreadcrumbList","@id":"https:\/\/balkangreenenergynews.com\/rs\/eusew-2026-cista-sigurna-i-konkurentna-energetska-unija\/#breadcrumb","itemListElement":[{"@type":"ListItem","position":1,"name":"Po\u010detna","item":"https:\/\/balkangreenenergynews.com\/rs\/"},{"@type":"ListItem","position":2,"name":"Vesti","item":"https:\/\/balkangreenenergynews.com\/rs\/kategorija\/vesti\/"},{"@type":"ListItem","position":3,"name":"OIE","item":"https:\/\/balkangreenenergynews.com\/rs\/kategorija\/vesti\/obnovljivi-izvori-energije\/"},{"@type":"ListItem","position":4,"name":"EUSEW 2026: \u010dista, sigurna i konkurentna energetska unija"}]},{"@type":"WebSite","@id":"https:\/\/balkangreenenergynews.com\/rs\/#website","url":"https:\/\/balkangreenenergynews.com\/rs\/","name":"Balkan Green Energy News","description":"Naj\u0161iri izbor vesti sa Balkana o zelenoj energiji","potentialAction":[{"@type":"SearchAction","target":{"@type":"EntryPoint","urlTemplate":"https:\/\/balkangreenenergynews.com\/rs\/?s={search_term_string}"},"query-input":{"@type":"PropertyValueSpecification","valueRequired":true,"valueName":"search_term_string"}}],"inLanguage":"sr-RS"},{"@type":"Person","@id":"https:\/\/balkangreenenergynews.com\/rs\/#\/schema\/person\/4b3c5831bbc05a72630d12560df2b3f8","name":"Jelisaveta Peri\u0161i\u0107","url":"https:\/\/balkangreenenergynews.com\/rs\/author\/jelisavet-perisic\/"}]}},"_links":{"self":[{"href":"https:\/\/balkangreenenergynews.com\/rs\/wp-json\/wp\/v2\/posts\/87145","targetHints":{"allow":["GET"]}}],"collection":[{"href":"https:\/\/balkangreenenergynews.com\/rs\/wp-json\/wp\/v2\/posts"}],"about":[{"href":"https:\/\/balkangreenenergynews.com\/rs\/wp-json\/wp\/v2\/types\/post"}],"author":[{"embeddable":true,"href":"https:\/\/balkangreenenergynews.com\/rs\/wp-json\/wp\/v2\/users\/34"}],"replies":[{"embeddable":true,"href":"https:\/\/balkangreenenergynews.com\/rs\/wp-json\/wp\/v2\/comments?post=87145"}],"version-history":[{"count":0,"href":"https:\/\/balkangreenenergynews.com\/rs\/wp-json\/wp\/v2\/posts\/87145\/revisions"}],"wp:featuredmedia":[{"embeddable":true,"href":"https:\/\/balkangreenenergynews.com\/rs\/wp-json\/wp\/v2\/media\/87152"}],"wp:attachment":[{"href":"https:\/\/balkangreenenergynews.com\/rs\/wp-json\/wp\/v2\/media?parent=87145"}],"wp:term":[{"taxonomy":"category","embeddable":true,"href":"https:\/\/balkangreenenergynews.com\/rs\/wp-json\/wp\/v2\/categories?post=87145"},{"taxonomy":"post_tag","embeddable":true,"href":"https:\/\/balkangreenenergynews.com\/rs\/wp-json\/wp\/v2\/tags?post=87145"}],"curies":[{"name":"wp","href":"https:\/\/api.w.org\/{rel}","templated":true}]}}