{"id":86253,"date":"2025-10-29T23:44:18","date_gmt":"2025-10-29T22:44:18","guid":{"rendered":"https:\/\/balkangreenenergynews.com\/rs\/?p=86253"},"modified":"2025-10-29T23:44:18","modified_gmt":"2025-10-29T22:44:18","slug":"prvi-deo-vetroparka-cibuk-2-u-srbiji-pusten-u-probni-rad","status":"publish","type":"post","link":"https:\/\/balkangreenenergynews.com\/rs\/prvi-deo-vetroparka-cibuk-2-u-srbiji-pusten-u-probni-rad\/","title":{"rendered":"Prvi deo vetroparka \u010cibuk 2 u Srbiji pu\u0161ten u probni rad"},"content":{"rendered":"<h2>Masdar i Taaleri Energia su proizveli prve megavat-sate u svojoj vetroelektrani \u010cibuk 2 kod Kovina. U probnom radu je 35 megavata od ukupno planiranih 154.<\/h2>\n<p>Zavr\u0161etak instalacije svih turbina za vetropark \u010cibuk 2 severoisto\u010dno od Beograda planiran je za sredinu novembra, otkrilo je udru\u017eenje Obnovljivi izvori energije Srbije (OIE Srbija). Probni rad prvog segmenta je po\u010deo 21. oktobra, a do sada je na elektroenergetsku mre\u017eu priklju\u010deno 35 megavata, stoji u objavi.<\/p>\n<p>Kompletna vetroelektrana \u0107e biti u pogonu po\u010detkom decembra, navelo je udru\u017eenje. Taj projekat na lokaciji u op\u0161tini Kovin u ju\u017enom Banatu je za 154 megavata. Vetropark je izme\u0111u Bavani\u0161ta i Mramorka.<\/p>\n<p>Abu Dhabi Future Energy Co. \u2013 Masdar iz Ujedinjenih Arapskih Emirata i Taaleri SolarWind III Fund finske kompanije Taaleri Energia <a href=\"https:\/\/balkangreenenergynews.com\/rs\/masdar-taaleri-ugovorili-finansiranje-projekta-vetroelektrane-cibuk-2-u-srbiji\/\">zaokru\u017eili su finansiranje pre samo 13 meseci.<\/a> Istom prilikom, projektna firma \u010cibuk 2 Wind Energy, ispostava njihove me\u0161ovite kompanije Masdar Taaleri Generation, potpisala je s Elektroprivredom Srbije ugovor o otkupu elektri\u010dne energije i ugovore o balansiranju i tr\u017ei\u0161noj premiji.<\/p>\n<p><a href=\"https:\/\/balkangreenenergynews.com\/rs\/kostadinov-ggf-zapadni-balkan-je-na-energetsku-krizu-odgovorio-inovacijama-ambicijom\/\">Projektno finansiranje<\/a> su pokrili Unicredit Bank Srbija, Erste Bank Srbija i Erste Group, a vetroturbine je isporu\u010dio <a href=\"https:\/\/balkangreenenergynews.com\/rs\/bijo-balkan-je-za-nordex-kljucan-region\/\">Nordex.<\/a><\/p>\n<p>Projekat \u010cibuk 2 je osvojio tr\u017ei\u0161nu premiju <a href=\"https:\/\/balkangreenenergynews.com\/rs\/srbija-na-prvim-aukcijama-raspodelila-celu-kvotu-za-vetroelektrane-i-mali-deo-za-solar\/\">na prvoj aukciji u Srbiji za struju iz vetroelektrana.<\/a><\/p>\n<p>Postrojenje se nalazi pored postoje\u0107eg vetroparka \u010cibuk 1, najve\u0107eg u Srbiji. Masdar i Taaleri Energia su ga pustili u rad 2019. godine.<\/p>\n","protected":false},"excerpt":{"rendered":"<p>Masdar i Taaleri Energia su proizveli prve megavat-sate u svojoj vetroelektrani \u010cibuk 2 kod Kovina.<\/p>\n","protected":false},"author":27,"featured_media":86256,"comment_status":"open","ping_status":"open","sticky":false,"template":"","format":"standard","meta":{"_acf_changed":false,"_monsterinsights_skip_tracking":false,"_monsterinsights_sitenote_active":false,"_monsterinsights_sitenote_note":"","_monsterinsights_sitenote_category":0,"footnotes":""},"categories":[504,1],"tags":[2836,669,2838,647,1109,6067,2341],"class_list":["post-86253","post","type-post","status-publish","format-standard","has-post-thumbnail","hentry","category-elektricna-energija","category-obnovljivi-izvori-energije","tag-cibuk","tag-elektricna-energija","tag-masdar","tag-obnovljivi-izvori-energije","tag-subvencije","tag-taaleri","tag-vetroelektrane","country-srbija"],"acf":[],"yoast_head":"<!-- This site is optimized with the Yoast SEO plugin v27.4 - https:\/\/yoast.com\/product\/yoast-seo-wordpress\/ -->\n<title>Prvi deo vetroparka \u010cibuk 2 u Srbiji pu\u0161ten u probni rad<\/title>\n<meta name=\"description\" content=\"Masdar i Taaleri Energia su proizveli prve megavat-sate u svojoj vetroelektrani \u010cibuk 2 kod Kovina.\" \/>\n<meta name=\"robots\" content=\"index, follow, max-snippet:-1, max-image-preview:large, max-video-preview:-1\" \/>\n<link rel=\"canonical\" href=\"https:\/\/balkangreenenergynews.com\/rs\/prvi-deo-vetroparka-cibuk-2-u-srbiji-pusten-u-probni-rad\/\" \/>\n<meta property=\"og:locale\" content=\"sr_RS\" \/>\n<meta property=\"og:type\" content=\"article\" \/>\n<meta property=\"og:title\" content=\"Prvi deo vetroparka \u010cibuk 2 u Srbiji pu\u0161ten u probni rad\" \/>\n<meta property=\"og:description\" content=\"Masdar i Taaleri Energia su proizveli prve megavat-sate u svojoj vetroelektrani \u010cibuk 2 kod Kovina.\" \/>\n<meta property=\"og:url\" content=\"https:\/\/balkangreenenergynews.com\/rs\/prvi-deo-vetroparka-cibuk-2-u-srbiji-pusten-u-probni-rad\/\" \/>\n<meta property=\"og:site_name\" content=\"Balkan Green Energy News\" \/>\n<meta property=\"article:published_time\" content=\"2025-10-29T22:44:18+00:00\" \/>\n<meta property=\"og:image\" content=\"https:\/\/balkangreenenergynews.com\/rs\/wp-content\/uploads\/2025\/10\/Prvi-deo-vetroparka-Cibuk-2-u-Srbiji-pusten-u-probni-rad.jpg?wsr\" \/>\n\t<meta property=\"og:image:width\" content=\"840\" \/>\n\t<meta property=\"og:image:height\" content=\"424\" \/>\n\t<meta property=\"og:image:type\" content=\"image\/jpeg\" \/>\n<meta name=\"author\" content=\"Igor Todorovi\u0107\" \/>\n<meta name=\"twitter:card\" content=\"summary_large_image\" \/>\n<meta name=\"twitter:label1\" content=\"\u041d\u0430\u043f\u0438\u0441\u0430\u043d\u043e \u043e\u0434\" \/>\n\t<meta name=\"twitter:data1\" content=\"Igor Todorovi\u0107\" \/>\n\t<meta name=\"twitter:label2\" content=\"\u041f\u0440\u043e\u0446\u0435\u045a\u0435\u043d\u043e \u0432\u0440\u0435\u043c\u0435 \u0447\u0438\u0442\u0430\u045a\u0430\" \/>\n\t<meta name=\"twitter:data2\" content=\"2 \u043c\u0438\u043d\u0443\u0442\u0430\" \/>\n<script type=\"application\/ld+json\" class=\"yoast-schema-graph\">{\"@context\":\"https:\\\/\\\/schema.org\",\"@graph\":[{\"@type\":\"Article\",\"@id\":\"https:\\\/\\\/balkangreenenergynews.com\\\/rs\\\/prvi-deo-vetroparka-cibuk-2-u-srbiji-pusten-u-probni-rad\\\/#article\",\"isPartOf\":{\"@id\":\"https:\\\/\\\/balkangreenenergynews.com\\\/rs\\\/prvi-deo-vetroparka-cibuk-2-u-srbiji-pusten-u-probni-rad\\\/\"},\"author\":{\"name\":\"Igor Todorovi\u0107\",\"@id\":\"https:\\\/\\\/balkangreenenergynews.com\\\/rs\\\/#\\\/schema\\\/person\\\/d8f80a244c4e9f2b55e4f6968c253246\"},\"headline\":\"Prvi deo vetroparka \u010cibuk 2 u Srbiji pu\u0161ten u probni rad\",\"datePublished\":\"2025-10-29T22:44:18+00:00\",\"mainEntityOfPage\":{\"@id\":\"https:\\\/\\\/balkangreenenergynews.com\\\/rs\\\/prvi-deo-vetroparka-cibuk-2-u-srbiji-pusten-u-probni-rad\\\/\"},\"wordCount\":237,\"commentCount\":0,\"image\":{\"@id\":\"https:\\\/\\\/balkangreenenergynews.com\\\/rs\\\/prvi-deo-vetroparka-cibuk-2-u-srbiji-pusten-u-probni-rad\\\/#primaryimage\"},\"thumbnailUrl\":\"https:\\\/\\\/balkangreenenergynews.com\\\/rs\\\/wp-content\\\/uploads\\\/2025\\\/10\\\/Prvi-deo-vetroparka-Cibuk-2-u-Srbiji-pusten-u-probni-rad.jpg?wsr\",\"keywords\":[\"\u010cibuk\",\"elektri\u010dna energija\",\"Masdar\",\"obnovljivi izvori energije\",\"subvencije\",\"Taaleri\",\"vetroelektrane\"],\"articleSection\":[\"Elektri\u010dna energija\",\"OIE\"],\"inLanguage\":\"sr-RS\",\"potentialAction\":[{\"@type\":\"CommentAction\",\"name\":\"Comment\",\"target\":[\"https:\\\/\\\/balkangreenenergynews.com\\\/rs\\\/prvi-deo-vetroparka-cibuk-2-u-srbiji-pusten-u-probni-rad\\\/#respond\"]}]},{\"@type\":\"WebPage\",\"@id\":\"https:\\\/\\\/balkangreenenergynews.com\\\/rs\\\/prvi-deo-vetroparka-cibuk-2-u-srbiji-pusten-u-probni-rad\\\/\",\"url\":\"https:\\\/\\\/balkangreenenergynews.com\\\/rs\\\/prvi-deo-vetroparka-cibuk-2-u-srbiji-pusten-u-probni-rad\\\/\",\"name\":\"Prvi deo vetroparka \u010cibuk 2 u Srbiji pu\u0161ten u probni rad\",\"isPartOf\":{\"@id\":\"https:\\\/\\\/balkangreenenergynews.com\\\/rs\\\/#website\"},\"primaryImageOfPage\":{\"@id\":\"https:\\\/\\\/balkangreenenergynews.com\\\/rs\\\/prvi-deo-vetroparka-cibuk-2-u-srbiji-pusten-u-probni-rad\\\/#primaryimage\"},\"image\":{\"@id\":\"https:\\\/\\\/balkangreenenergynews.com\\\/rs\\\/prvi-deo-vetroparka-cibuk-2-u-srbiji-pusten-u-probni-rad\\\/#primaryimage\"},\"thumbnailUrl\":\"https:\\\/\\\/balkangreenenergynews.com\\\/rs\\\/wp-content\\\/uploads\\\/2025\\\/10\\\/Prvi-deo-vetroparka-Cibuk-2-u-Srbiji-pusten-u-probni-rad.jpg?wsr\",\"datePublished\":\"2025-10-29T22:44:18+00:00\",\"author\":{\"@id\":\"https:\\\/\\\/balkangreenenergynews.com\\\/rs\\\/#\\\/schema\\\/person\\\/d8f80a244c4e9f2b55e4f6968c253246\"},\"description\":\"Masdar i Taaleri Energia su proizveli prve megavat-sate u svojoj vetroelektrani \u010cibuk 2 kod Kovina.\",\"breadcrumb\":{\"@id\":\"https:\\\/\\\/balkangreenenergynews.com\\\/rs\\\/prvi-deo-vetroparka-cibuk-2-u-srbiji-pusten-u-probni-rad\\\/#breadcrumb\"},\"inLanguage\":\"sr-RS\",\"potentialAction\":[{\"@type\":\"ReadAction\",\"target\":[\"https:\\\/\\\/balkangreenenergynews.com\\\/rs\\\/prvi-deo-vetroparka-cibuk-2-u-srbiji-pusten-u-probni-rad\\\/\"]}]},{\"@type\":\"ImageObject\",\"inLanguage\":\"sr-RS\",\"@id\":\"https:\\\/\\\/balkangreenenergynews.com\\\/rs\\\/prvi-deo-vetroparka-cibuk-2-u-srbiji-pusten-u-probni-rad\\\/#primaryimage\",\"url\":\"https:\\\/\\\/balkangreenenergynews.com\\\/rs\\\/wp-content\\\/uploads\\\/2025\\\/10\\\/Prvi-deo-vetroparka-Cibuk-2-u-Srbiji-pusten-u-probni-rad.jpg?wsr\",\"contentUrl\":\"https:\\\/\\\/balkangreenenergynews.com\\\/rs\\\/wp-content\\\/uploads\\\/2025\\\/10\\\/Prvi-deo-vetroparka-Cibuk-2-u-Srbiji-pusten-u-probni-rad.jpg?wsr\",\"width\":840,\"height\":424,\"caption\":\"Prvi deo vetroparka Cibuk 2 u Srbiji pusten u probni rad\"},{\"@type\":\"BreadcrumbList\",\"@id\":\"https:\\\/\\\/balkangreenenergynews.com\\\/rs\\\/prvi-deo-vetroparka-cibuk-2-u-srbiji-pusten-u-probni-rad\\\/#breadcrumb\",\"itemListElement\":[{\"@type\":\"ListItem\",\"position\":1,\"name\":\"Po\u010detna\",\"item\":\"https:\\\/\\\/balkangreenenergynews.com\\\/rs\\\/\"},{\"@type\":\"ListItem\",\"position\":2,\"name\":\"Vesti\",\"item\":\"https:\\\/\\\/balkangreenenergynews.com\\\/rs\\\/kategorija\\\/vesti\\\/\"},{\"@type\":\"ListItem\",\"position\":3,\"name\":\"OIE\",\"item\":\"https:\\\/\\\/balkangreenenergynews.com\\\/rs\\\/kategorija\\\/vesti\\\/obnovljivi-izvori-energije\\\/\"},{\"@type\":\"ListItem\",\"position\":4,\"name\":\"Prvi deo vetroparka \u010cibuk 2 u Srbiji pu\u0161ten u probni rad\"}]},{\"@type\":\"WebSite\",\"@id\":\"https:\\\/\\\/balkangreenenergynews.com\\\/rs\\\/#website\",\"url\":\"https:\\\/\\\/balkangreenenergynews.com\\\/rs\\\/\",\"name\":\"Balkan Green Energy News\",\"description\":\"Naj\u0161iri izbor vesti sa Balkana o zelenoj energiji\",\"potentialAction\":[{\"@type\":\"SearchAction\",\"target\":{\"@type\":\"EntryPoint\",\"urlTemplate\":\"https:\\\/\\\/balkangreenenergynews.com\\\/rs\\\/?s={search_term_string}\"},\"query-input\":{\"@type\":\"PropertyValueSpecification\",\"valueRequired\":true,\"valueName\":\"search_term_string\"}}],\"inLanguage\":\"sr-RS\"},{\"@type\":\"Person\",\"@id\":\"https:\\\/\\\/balkangreenenergynews.com\\\/rs\\\/#\\\/schema\\\/person\\\/d8f80a244c4e9f2b55e4f6968c253246\",\"name\":\"Igor Todorovi\u0107\",\"url\":\"https:\\\/\\\/balkangreenenergynews.com\\\/rs\\\/author\\\/igor-todorovic\\\/\"}]}<\/script>\n<!-- \/ Yoast SEO plugin. -->","yoast_head_json":{"title":"Prvi deo vetroparka \u010cibuk 2 u Srbiji pu\u0161ten u probni rad","description":"Masdar i Taaleri Energia su proizveli prve megavat-sate u svojoj vetroelektrani \u010cibuk 2 kod Kovina.","robots":{"index":"index","follow":"follow","max-snippet":"max-snippet:-1","max-image-preview":"max-image-preview:large","max-video-preview":"max-video-preview:-1"},"canonical":"https:\/\/balkangreenenergynews.com\/rs\/prvi-deo-vetroparka-cibuk-2-u-srbiji-pusten-u-probni-rad\/","og_locale":"sr_RS","og_type":"article","og_title":"Prvi deo vetroparka \u010cibuk 2 u Srbiji pu\u0161ten u probni rad","og_description":"Masdar i Taaleri Energia su proizveli prve megavat-sate u svojoj vetroelektrani \u010cibuk 2 kod Kovina.","og_url":"https:\/\/balkangreenenergynews.com\/rs\/prvi-deo-vetroparka-cibuk-2-u-srbiji-pusten-u-probni-rad\/","og_site_name":"Balkan Green Energy News","article_published_time":"2025-10-29T22:44:18+00:00","og_image":[{"width":840,"height":424,"url":"https:\/\/balkangreenenergynews.com\/rs\/wp-content\/uploads\/2025\/10\/Prvi-deo-vetroparka-Cibuk-2-u-Srbiji-pusten-u-probni-rad.jpg?wsr","type":"image\/jpeg"}],"author":"Igor Todorovi\u0107","twitter_card":"summary_large_image","twitter_misc":{"\u041d\u0430\u043f\u0438\u0441\u0430\u043d\u043e \u043e\u0434":"Igor Todorovi\u0107","\u041f\u0440\u043e\u0446\u0435\u045a\u0435\u043d\u043e \u0432\u0440\u0435\u043c\u0435 \u0447\u0438\u0442\u0430\u045a\u0430":"2 \u043c\u0438\u043d\u0443\u0442\u0430"},"schema":{"@context":"https:\/\/schema.org","@graph":[{"@type":"Article","@id":"https:\/\/balkangreenenergynews.com\/rs\/prvi-deo-vetroparka-cibuk-2-u-srbiji-pusten-u-probni-rad\/#article","isPartOf":{"@id":"https:\/\/balkangreenenergynews.com\/rs\/prvi-deo-vetroparka-cibuk-2-u-srbiji-pusten-u-probni-rad\/"},"author":{"name":"Igor Todorovi\u0107","@id":"https:\/\/balkangreenenergynews.com\/rs\/#\/schema\/person\/d8f80a244c4e9f2b55e4f6968c253246"},"headline":"Prvi deo vetroparka \u010cibuk 2 u Srbiji pu\u0161ten u probni rad","datePublished":"2025-10-29T22:44:18+00:00","mainEntityOfPage":{"@id":"https:\/\/balkangreenenergynews.com\/rs\/prvi-deo-vetroparka-cibuk-2-u-srbiji-pusten-u-probni-rad\/"},"wordCount":237,"commentCount":0,"image":{"@id":"https:\/\/balkangreenenergynews.com\/rs\/prvi-deo-vetroparka-cibuk-2-u-srbiji-pusten-u-probni-rad\/#primaryimage"},"thumbnailUrl":"https:\/\/balkangreenenergynews.com\/rs\/wp-content\/uploads\/2025\/10\/Prvi-deo-vetroparka-Cibuk-2-u-Srbiji-pusten-u-probni-rad.jpg?wsr","keywords":["\u010cibuk","elektri\u010dna energija","Masdar","obnovljivi izvori energije","subvencije","Taaleri","vetroelektrane"],"articleSection":["Elektri\u010dna energija","OIE"],"inLanguage":"sr-RS","potentialAction":[{"@type":"CommentAction","name":"Comment","target":["https:\/\/balkangreenenergynews.com\/rs\/prvi-deo-vetroparka-cibuk-2-u-srbiji-pusten-u-probni-rad\/#respond"]}]},{"@type":"WebPage","@id":"https:\/\/balkangreenenergynews.com\/rs\/prvi-deo-vetroparka-cibuk-2-u-srbiji-pusten-u-probni-rad\/","url":"https:\/\/balkangreenenergynews.com\/rs\/prvi-deo-vetroparka-cibuk-2-u-srbiji-pusten-u-probni-rad\/","name":"Prvi deo vetroparka \u010cibuk 2 u Srbiji pu\u0161ten u probni rad","isPartOf":{"@id":"https:\/\/balkangreenenergynews.com\/rs\/#website"},"primaryImageOfPage":{"@id":"https:\/\/balkangreenenergynews.com\/rs\/prvi-deo-vetroparka-cibuk-2-u-srbiji-pusten-u-probni-rad\/#primaryimage"},"image":{"@id":"https:\/\/balkangreenenergynews.com\/rs\/prvi-deo-vetroparka-cibuk-2-u-srbiji-pusten-u-probni-rad\/#primaryimage"},"thumbnailUrl":"https:\/\/balkangreenenergynews.com\/rs\/wp-content\/uploads\/2025\/10\/Prvi-deo-vetroparka-Cibuk-2-u-Srbiji-pusten-u-probni-rad.jpg?wsr","datePublished":"2025-10-29T22:44:18+00:00","author":{"@id":"https:\/\/balkangreenenergynews.com\/rs\/#\/schema\/person\/d8f80a244c4e9f2b55e4f6968c253246"},"description":"Masdar i Taaleri Energia su proizveli prve megavat-sate u svojoj vetroelektrani \u010cibuk 2 kod Kovina.","breadcrumb":{"@id":"https:\/\/balkangreenenergynews.com\/rs\/prvi-deo-vetroparka-cibuk-2-u-srbiji-pusten-u-probni-rad\/#breadcrumb"},"inLanguage":"sr-RS","potentialAction":[{"@type":"ReadAction","target":["https:\/\/balkangreenenergynews.com\/rs\/prvi-deo-vetroparka-cibuk-2-u-srbiji-pusten-u-probni-rad\/"]}]},{"@type":"ImageObject","inLanguage":"sr-RS","@id":"https:\/\/balkangreenenergynews.com\/rs\/prvi-deo-vetroparka-cibuk-2-u-srbiji-pusten-u-probni-rad\/#primaryimage","url":"https:\/\/balkangreenenergynews.com\/rs\/wp-content\/uploads\/2025\/10\/Prvi-deo-vetroparka-Cibuk-2-u-Srbiji-pusten-u-probni-rad.jpg?wsr","contentUrl":"https:\/\/balkangreenenergynews.com\/rs\/wp-content\/uploads\/2025\/10\/Prvi-deo-vetroparka-Cibuk-2-u-Srbiji-pusten-u-probni-rad.jpg?wsr","width":840,"height":424,"caption":"Prvi deo vetroparka Cibuk 2 u Srbiji pusten u probni rad"},{"@type":"BreadcrumbList","@id":"https:\/\/balkangreenenergynews.com\/rs\/prvi-deo-vetroparka-cibuk-2-u-srbiji-pusten-u-probni-rad\/#breadcrumb","itemListElement":[{"@type":"ListItem","position":1,"name":"Po\u010detna","item":"https:\/\/balkangreenenergynews.com\/rs\/"},{"@type":"ListItem","position":2,"name":"Vesti","item":"https:\/\/balkangreenenergynews.com\/rs\/kategorija\/vesti\/"},{"@type":"ListItem","position":3,"name":"OIE","item":"https:\/\/balkangreenenergynews.com\/rs\/kategorija\/vesti\/obnovljivi-izvori-energije\/"},{"@type":"ListItem","position":4,"name":"Prvi deo vetroparka \u010cibuk 2 u Srbiji pu\u0161ten u probni rad"}]},{"@type":"WebSite","@id":"https:\/\/balkangreenenergynews.com\/rs\/#website","url":"https:\/\/balkangreenenergynews.com\/rs\/","name":"Balkan Green Energy News","description":"Naj\u0161iri izbor vesti sa Balkana o zelenoj energiji","potentialAction":[{"@type":"SearchAction","target":{"@type":"EntryPoint","urlTemplate":"https:\/\/balkangreenenergynews.com\/rs\/?s={search_term_string}"},"query-input":{"@type":"PropertyValueSpecification","valueRequired":true,"valueName":"search_term_string"}}],"inLanguage":"sr-RS"},{"@type":"Person","@id":"https:\/\/balkangreenenergynews.com\/rs\/#\/schema\/person\/d8f80a244c4e9f2b55e4f6968c253246","name":"Igor Todorovi\u0107","url":"https:\/\/balkangreenenergynews.com\/rs\/author\/igor-todorovic\/"}]}},"_links":{"self":[{"href":"https:\/\/balkangreenenergynews.com\/rs\/wp-json\/wp\/v2\/posts\/86253","targetHints":{"allow":["GET"]}}],"collection":[{"href":"https:\/\/balkangreenenergynews.com\/rs\/wp-json\/wp\/v2\/posts"}],"about":[{"href":"https:\/\/balkangreenenergynews.com\/rs\/wp-json\/wp\/v2\/types\/post"}],"author":[{"embeddable":true,"href":"https:\/\/balkangreenenergynews.com\/rs\/wp-json\/wp\/v2\/users\/27"}],"replies":[{"embeddable":true,"href":"https:\/\/balkangreenenergynews.com\/rs\/wp-json\/wp\/v2\/comments?post=86253"}],"version-history":[{"count":0,"href":"https:\/\/balkangreenenergynews.com\/rs\/wp-json\/wp\/v2\/posts\/86253\/revisions"}],"wp:featuredmedia":[{"embeddable":true,"href":"https:\/\/balkangreenenergynews.com\/rs\/wp-json\/wp\/v2\/media\/86256"}],"wp:attachment":[{"href":"https:\/\/balkangreenenergynews.com\/rs\/wp-json\/wp\/v2\/media?parent=86253"}],"wp:term":[{"taxonomy":"category","embeddable":true,"href":"https:\/\/balkangreenenergynews.com\/rs\/wp-json\/wp\/v2\/categories?post=86253"},{"taxonomy":"post_tag","embeddable":true,"href":"https:\/\/balkangreenenergynews.com\/rs\/wp-json\/wp\/v2\/tags?post=86253"}],"curies":[{"name":"wp","href":"https:\/\/api.w.org\/{rel}","templated":true}]}}