{"id":86246,"date":"2025-10-29T17:41:44","date_gmt":"2025-10-29T16:41:44","guid":{"rendered":"https:\/\/balkangreenenergynews.com\/rs\/?p=86246"},"modified":"2025-11-03T14:11:00","modified_gmt":"2025-11-03T13:11:00","slug":"bozinovska-solar-je-po-prvi-put-prestigao-hidroelektrane-u-severnoj-makedoniji","status":"publish","type":"post","link":"https:\/\/balkangreenenergynews.com\/rs\/bozinovska-solar-je-po-prvi-put-prestigao-hidroelektrane-u-severnoj-makedoniji\/","title":{"rendered":"Bo\u017einovska: Solar je po prvi put prestigao hidroelektrane u Severnoj Makedoniji"},"content":{"rendered":"<h2>Udeo kapaciteta solarnih elektrana u ukupnom miksu elektri\u010dne energije prestigao je udeo hidroelektrana, rekla je Sanja Bo\u017einovska, ministarka energetike, rudarstva i mineralnih resursa, na 14. Me\u0111unarodnom forumu o energiji za odr\u017eivi razvoj.<\/h2>\n<p>Trodnevni Me\u0111unarodni forum o energiji za odr\u017eivi razvoj (IFESD-14), sa temom \u201cOd ciljeva do akcije: Napajanje buduc\u0301nosti odr\u017eivom energijom\u201d, <a href=\"https:\/\/balkangreenenergynews.com\/rs\/otvoren-14-medjunarodni-forum-o-energiji-za-odrzivi-razvoj-zavisnost-od-jednog-dobavljaca-je-rizik-proslosti\/\">po\u010deo je ju\u010de<\/a>. Organizuje ga Ministarstvo energetike, rudarstva i mineralnih sirovina Severne Makedonije, u saradnji sa Programom Ujedinjenih nacija za razvoj (UNDP) i pet regionalnih komisija UN \u2013 UNECE, UNESCAP, UNECLAC, UNECA i UNESCWA.<\/p>\n<p>Prema re\u010dima <a href=\"https:\/\/balkangreenenergynews.com\/rs\/bozinovska-novi-prioriteti-u-energetskom-sektoru-severne-makedonije-aukcije-do-kraja-godine\/\">Sanje Bo\u017einovske<\/a>, ministarke energetike, rudarstva i mineralnih sirovina, Severna Makedonija je poslednjih godina preduzela odlu\u010dne korake da transformi\u0161e svoj energetski sistem i uskladi ga sa principima odr\u017eivosti, bezbednosti i pristupa\u010dnosti.<\/p>\n<p>Reforme vec\u0301 daju merljive rezultate, a obnovljivi izvori energije sada \u010dine vi\u0161e od polovine ukupnog instalisanog kapaciteta za proizvodnju elektri\u010dne energije u zemlji \u2013 56 odsto u 2024. godini, istakla je ona.<\/p>\n<blockquote><p>Severna Makedonija prelazi sa ciljeva na akciju<\/p><\/blockquote>\n<p>\u201cStruktura tog napretka je jo\u0161 upe\u010datljivija. Fotonaponske elektrane sada predstavljaju 28 odsto instaliranog kapaciteta, preska\u010du\u0107i velike hidroelektrane sa 24 odsto. Po prvi put u na\u0161oj istoriji, solarna energija je pretekla hidroenergiju \u2013 simboli\u010dna i prakti\u010dna prekretnica na na\u0161em putu ka dekarbonizaciji\u201d, Bo\u017einovska je naglasila tokom prve plenarne sednice na visokom nivou.<\/p>\n<p>Samo u 2024. proizvodnja solarne energije porasla je, kako je navela, 186 odsto u pore\u0111enju sa prethodnom godinom.<\/p>\n<figure id=\"attachment_86250\" aria-describedby=\"caption-attachment-86250\" style=\"width: 840px\" class=\"wp-caption aligncenter\"><img loading=\"lazy\" decoding=\"async\" class=\"wp-image-86250 size-full\" src=\"https:\/\/balkangreenenergynews.com\/rs\/wp-content\/uploads\/2025\/10\/severna-makedonija-undp-un-forum-odrziva-energija-sanja-bozinovska.jpg\" alt=\"severna makedonija undp un forum odrziva energija sanja bozinovska\" width=\"840\" height=\"430\" srcset=\"https:\/\/balkangreenenergynews.com\/rs\/wp-content\/uploads\/2025\/10\/severna-makedonija-undp-un-forum-odrziva-energija-sanja-bozinovska.jpg 840w, https:\/\/balkangreenenergynews.com\/rs\/wp-content\/uploads\/2025\/10\/severna-makedonija-undp-un-forum-odrziva-energija-sanja-bozinovska-500x256.jpg 500w, https:\/\/balkangreenenergynews.com\/rs\/wp-content\/uploads\/2025\/10\/severna-makedonija-undp-un-forum-odrziva-energija-sanja-bozinovska-768x393.jpg 768w, https:\/\/balkangreenenergynews.com\/rs\/wp-content\/uploads\/2025\/10\/severna-makedonija-undp-un-forum-odrziva-energija-sanja-bozinovska-300x154.jpg 300w\" sizes=\"auto, (max-width: 840px) 100vw, 840px\" \/><figcaption id=\"caption-attachment-86250\" class=\"wp-caption-text\">Foto: Ministarstvo energetike, rudarstva i mineralnih sirovina<\/figcaption><\/figure>\n<p>Ovi brojevi govore vi\u0161e od re\u010di: pokazuju naciju koja ne samo da planira tranziciju, vec\u0301 je \u017eivi, smatra Bo\u017einovska.<\/p>\n<p>Ina\u010de, na kraju 2024. kapacitet solarnih elektrana bio je 848 MW, \u0161to je povec\u0301anje vi\u0161e od 340 MW u odnosu na prethodnu godinu. Na drugoj strani, kapacitet hidroelektrana iznosio je 720 MW na kraju pro\u0161le godine.<\/p>\n<blockquote><p>Podr\u017eavamo vi\u0161e od 5.000 radnika i zajednice u regionima uglja<\/p><\/blockquote>\n<p>Brojke to potvr\u0111uju \u2014 Severna Makedonija prelazi sa ciljeva na akciju, naglasila je Bo\u017einovska.<\/p>\n<p>Ona je istakla da zemlja tako\u0111e ula\u017ee u nove solarne projekte i vetroelektrane, skladi\u0161tenje energije i modernizuje nacionalnu elektromre\u017eu kako bi apsorbovala rastuc\u0301e kapacitete obnovljivih izvora. Ova ulaganja su neophodna za odr\u017eavanje pouzdanosti i fleksibilnosti dok integri\u0161emo vi\u0161e \u010distih izvora energije, objasnila je ministarka.<\/p>\n<p>Bo\u017einovska je naglasila da je podjednako va\u017ena njihova posvec\u0301enost pravednoj energetskoj tranziciji.<\/p>\n<p>Podr\u017eavamo vi\u0161e od 5.000 radnika i zajednice pogo\u0111enih postepenim prestankom kori\u0161\u0107enja uglja, poma\u017euc\u0301i im da se prekvalifikuju, diverzifikuju lokalne ekonomije i obezbede zelena radna mesta, podvukla je ona<\/p>\n<h3>Joksimovic\u0301: Srbija c\u0301e dostic\u0301i cilj obnovljivih izvora energije za 2030.<\/h3>\n<figure id=\"attachment_86247\" aria-describedby=\"caption-attachment-86247\" style=\"width: 840px\" class=\"wp-caption aligncenter\"><img loading=\"lazy\" decoding=\"async\" class=\"wp-image-86247 size-full\" src=\"https:\/\/balkangreenenergynews.com\/rs\/wp-content\/uploads\/2025\/10\/severna-makedonija-forum-undp-odrziva-energija-sanja-bozinovska-jovana-joksimovic.jpg\" alt=\"severna makedonija forum undp odrziva energija sanja bozinovska jovana joksimovic\" width=\"840\" height=\"430\" srcset=\"https:\/\/balkangreenenergynews.com\/rs\/wp-content\/uploads\/2025\/10\/severna-makedonija-forum-undp-odrziva-energija-sanja-bozinovska-jovana-joksimovic.jpg 840w, https:\/\/balkangreenenergynews.com\/rs\/wp-content\/uploads\/2025\/10\/severna-makedonija-forum-undp-odrziva-energija-sanja-bozinovska-jovana-joksimovic-500x256.jpg 500w, https:\/\/balkangreenenergynews.com\/rs\/wp-content\/uploads\/2025\/10\/severna-makedonija-forum-undp-odrziva-energija-sanja-bozinovska-jovana-joksimovic-768x393.jpg 768w, https:\/\/balkangreenenergynews.com\/rs\/wp-content\/uploads\/2025\/10\/severna-makedonija-forum-undp-odrziva-energija-sanja-bozinovska-jovana-joksimovic-300x154.jpg 300w\" sizes=\"auto, (max-width: 840px) 100vw, 840px\" \/><figcaption id=\"caption-attachment-86247\" class=\"wp-caption-text\">Sanja Bo\u017einovska i Jovana Joksimovic\u0301 (foto: Ministarstvo energetike, rudarstva i mineralnih sirovina)<\/figcaption><\/figure>\n<p>Prema re\u010dima Jovane Joksimovic\u0301, pomoc\u0301nice ministra rudarstva i energetike za me\u0111unarodnu saradnju i evropske integracije, trenutno ugalj predstavlja okosnicu energetskog sistema u Srbiji, ali sa zna\u010dajnim udelom energije iz obnovljivih izvora koji raste i dostigla je 38 odsto u 2023.<\/p>\n<p>U skladu sa usvojenim planovima, svaki drugi MWh, podsetila je ona, proizvodi\u0107e se iz obnovljivih izvora do 2030.<\/p>\n<p>\u201cPostojec\u0301i vredni resursi morac\u0301e da ostanu temelj elektroenergetskog sektora Srbije dok se obnovljiva energija, mre\u017ee za prenos i distribuciju, kapaciteti za skladi\u0161tenje energije, kao i sposobnost integracije obnovljivih izvora, ne razviju dovoljno kako bi pouzdano zamenili proizvodnju elektri\u010dne energije iz uglja\u201d, rekla je pomo\u0107nica ministarke tokom druge plenarne sednice na visokom nivou.<\/p>\n<blockquote><p>Potrebno je diverzifikovati kanale snabdevanja, ali i energetski miks<\/p><\/blockquote>\n<p>Jovanovic\u0301 je naglasila da su povec\u0301ani kapaciteti za \u010diste izvore energije, obezbe\u0111en iz dve veoma uspe\u0161ne runde aukcija, doprineti ostvarivanju ciljeva za 2030.<\/p>\n<p>Kada je re\u010d o unapre\u0111enju energetske tranzicije i obezbe\u0111ivanju dovoljno energije u buduc\u0301nosti, istakla je potrebu da se razmi\u0161lja van okvira. Potrebno je diverzifikovati kanale snabdevanja, ali i energetski miks kako bi zemlja bila \u0161to vi\u0161e energetski samoodr\u017eiva, smatra ona.<\/p>\n<p>U poku\u0161aju da se to uradi, postoji ogromna podr\u0161ka od relevantnih me\u0111unarodnih finansijskih institucija, ali je, prema njenim re\u010dima, potrebno vi\u0161e.<\/p>\n<p>\u201cAko \u017eelimo da postignemo ciljeve koje smo sebi postavili, verujem da c\u0301e nam Evropska komisija biti partner u svim naporima koje preduzimamo\u201d, zaklju\u010dila je Joksimovi\u0107.<\/p>\n<figure id=\"attachment_86248\" aria-describedby=\"caption-attachment-86248\" style=\"width: 840px\" class=\"wp-caption aligncenter\"><img loading=\"lazy\" decoding=\"async\" class=\"wp-image-86248 size-full\" src=\"https:\/\/balkangreenenergynews.com\/rs\/wp-content\/uploads\/2025\/10\/severna-makedonija-undp-forum-odrziva-energija-jovana-joksimovic.jpg\" alt=\"severna makedonija undp forum odrziva energija jovana joksimovic\" width=\"840\" height=\"430\" srcset=\"https:\/\/balkangreenenergynews.com\/rs\/wp-content\/uploads\/2025\/10\/severna-makedonija-undp-forum-odrziva-energija-jovana-joksimovic.jpg 840w, https:\/\/balkangreenenergynews.com\/rs\/wp-content\/uploads\/2025\/10\/severna-makedonija-undp-forum-odrziva-energija-jovana-joksimovic-500x256.jpg 500w, https:\/\/balkangreenenergynews.com\/rs\/wp-content\/uploads\/2025\/10\/severna-makedonija-undp-forum-odrziva-energija-jovana-joksimovic-768x393.jpg 768w, https:\/\/balkangreenenergynews.com\/rs\/wp-content\/uploads\/2025\/10\/severna-makedonija-undp-forum-odrziva-energija-jovana-joksimovic-300x154.jpg 300w\" sizes=\"auto, (max-width: 840px) 100vw, 840px\" \/><figcaption id=\"caption-attachment-86248\" class=\"wp-caption-text\">Foto: Ministarstvo energetike, rudarstva i mineralnih sirovina<\/figcaption><\/figure>\n","protected":false},"excerpt":{"rendered":"<p>Udeo kapaciteta solarnih elektrana u ukupnom miksu elektri\u010dne energije prestigao je udeo hidroelektrana, rekla je Sanja Bo\u017einovska<\/p>\n","protected":false},"author":23,"featured_media":86249,"comment_status":"open","ping_status":"open","sticky":false,"template":"","format":"standard","meta":{"_acf_changed":false,"_monsterinsights_skip_tracking":false,"_monsterinsights_sitenote_active":false,"_monsterinsights_sitenote_note":"","_monsterinsights_sitenote_category":0,"footnotes":""},"categories":[504,1],"tags":[3279,7033,1854,1041,652,6415,7191,647,5442,2758,5695,6111,7078,6531,3571,1890,2341],"class_list":["post-86246","post","type-post","status-publish","format-standard","has-post-thumbnail","hentry","category-elektricna-energija","category-obnovljivi-izvori-energije","tag-dekarbonizacija","tag-elektromreza","tag-energetska-tranzicija","tag-hidroenergija","tag-investicije","tag-izjava-dana","tag-mreze","tag-obnovljivi-izvori-energije","tag-pravedna-tranzicija","tag-prenosna-mreza","tag-prestanak-koriscenja-uglja","tag-regioni-uglja","tag-sanja-bozinovska","tag-severna-makedonija","tag-skladistenje-energije","tag-solarne-elektrane","tag-vetroelektrane","country-makedonija"],"acf":[],"yoast_head":"<!-- This site is optimized with the Yoast SEO plugin v27.4 - https:\/\/yoast.com\/product\/yoast-seo-wordpress\/ -->\n<title>Bo\u017einovska: Solar je po prvi put prestigao hidroelektrane u Severnoj Makedoniji<\/title>\n<meta name=\"description\" content=\"Udeo kapaciteta solarnih elektrana u ukupnom miksu elektri\u010dne energije prestigao je udeo hidroelektrana, rekla je Sanja Bo\u017einovska\" \/>\n<meta name=\"robots\" content=\"index, follow, max-snippet:-1, max-image-preview:large, max-video-preview:-1\" \/>\n<link rel=\"canonical\" href=\"https:\/\/balkangreenenergynews.com\/rs\/bozinovska-solar-je-po-prvi-put-prestigao-hidroelektrane-u-severnoj-makedoniji\/\" \/>\n<meta property=\"og:locale\" content=\"sr_RS\" \/>\n<meta property=\"og:type\" content=\"article\" \/>\n<meta property=\"og:title\" content=\"Bo\u017einovska: Solar je po prvi put prestigao hidroelektrane u Severnoj Makedoniji\" \/>\n<meta property=\"og:description\" content=\"Udeo kapaciteta solarnih elektrana u ukupnom miksu elektri\u010dne energije prestigao je udeo hidroelektrana, rekla je Sanja Bo\u017einovska\" \/>\n<meta property=\"og:url\" content=\"https:\/\/balkangreenenergynews.com\/rs\/bozinovska-solar-je-po-prvi-put-prestigao-hidroelektrane-u-severnoj-makedoniji\/\" \/>\n<meta property=\"og:site_name\" content=\"Balkan Green Energy News\" \/>\n<meta property=\"article:published_time\" content=\"2025-10-29T16:41:44+00:00\" \/>\n<meta property=\"article:modified_time\" content=\"2025-11-03T13:11:00+00:00\" \/>\n<meta property=\"og:image\" content=\"https:\/\/balkangreenenergynews.com\/rs\/wp-content\/uploads\/2025\/10\/severna-makedonija-undp-forum-odrziva-energija-sanja-bozinovska.jpg?wsr\" \/>\n\t<meta property=\"og:image:width\" content=\"840\" \/>\n\t<meta property=\"og:image:height\" content=\"430\" \/>\n\t<meta property=\"og:image:type\" content=\"image\/jpeg\" \/>\n<meta name=\"author\" content=\"Vladimir Spasi\u0107\" \/>\n<meta name=\"twitter:card\" content=\"summary_large_image\" \/>\n<meta name=\"twitter:label1\" content=\"\u041d\u0430\u043f\u0438\u0441\u0430\u043d\u043e \u043e\u0434\" \/>\n\t<meta name=\"twitter:data1\" content=\"Vladimir Spasi\u0107\" \/>\n\t<meta name=\"twitter:label2\" content=\"\u041f\u0440\u043e\u0446\u0435\u045a\u0435\u043d\u043e \u0432\u0440\u0435\u043c\u0435 \u0447\u0438\u0442\u0430\u045a\u0430\" \/>\n\t<meta name=\"twitter:data2\" content=\"5 \u043c\u0438\u043d\u0443\u0442\u0430\" \/>\n<script type=\"application\/ld+json\" class=\"yoast-schema-graph\">{\"@context\":\"https:\\\/\\\/schema.org\",\"@graph\":[{\"@type\":\"Article\",\"@id\":\"https:\\\/\\\/balkangreenenergynews.com\\\/rs\\\/bozinovska-solar-je-po-prvi-put-prestigao-hidroelektrane-u-severnoj-makedoniji\\\/#article\",\"isPartOf\":{\"@id\":\"https:\\\/\\\/balkangreenenergynews.com\\\/rs\\\/bozinovska-solar-je-po-prvi-put-prestigao-hidroelektrane-u-severnoj-makedoniji\\\/\"},\"author\":{\"name\":\"Vladimir Spasi\u0107\",\"@id\":\"https:\\\/\\\/balkangreenenergynews.com\\\/rs\\\/#\\\/schema\\\/person\\\/99dc721c46113fea22caffad06ef7317\"},\"headline\":\"Bo\u017einovska: Solar je po prvi put prestigao hidroelektrane u Severnoj Makedoniji\",\"datePublished\":\"2025-10-29T16:41:44+00:00\",\"dateModified\":\"2025-11-03T13:11:00+00:00\",\"mainEntityOfPage\":{\"@id\":\"https:\\\/\\\/balkangreenenergynews.com\\\/rs\\\/bozinovska-solar-je-po-prvi-put-prestigao-hidroelektrane-u-severnoj-makedoniji\\\/\"},\"wordCount\":748,\"commentCount\":0,\"image\":{\"@id\":\"https:\\\/\\\/balkangreenenergynews.com\\\/rs\\\/bozinovska-solar-je-po-prvi-put-prestigao-hidroelektrane-u-severnoj-makedoniji\\\/#primaryimage\"},\"thumbnailUrl\":\"https:\\\/\\\/balkangreenenergynews.com\\\/rs\\\/wp-content\\\/uploads\\\/2025\\\/10\\\/severna-makedonija-undp-forum-odrziva-energija-sanja-bozinovska.jpg?wsr\",\"keywords\":[\"dekarbonizacija\",\"elektromre\u017ea\",\"energetska tranzicija\",\"hidroenergija\",\"investicije\",\"Izjava dana\",\"mre\u017ee\",\"obnovljivi izvori energije\",\"pravedna tranzicija\",\"prenosna mre\u017ea\",\"prestanak kori\u0161\u0107enja uglja\",\"regioni uglja\",\"Sanja Bo\u017einovska\",\"Severna Makedonija\",\"skladi\u0161tenje energije\",\"solarne elektrane\",\"vetroelektrane\"],\"articleSection\":[\"Elektri\u010dna energija\",\"OIE\"],\"inLanguage\":\"sr-RS\",\"potentialAction\":[{\"@type\":\"CommentAction\",\"name\":\"Comment\",\"target\":[\"https:\\\/\\\/balkangreenenergynews.com\\\/rs\\\/bozinovska-solar-je-po-prvi-put-prestigao-hidroelektrane-u-severnoj-makedoniji\\\/#respond\"]}]},{\"@type\":\"WebPage\",\"@id\":\"https:\\\/\\\/balkangreenenergynews.com\\\/rs\\\/bozinovska-solar-je-po-prvi-put-prestigao-hidroelektrane-u-severnoj-makedoniji\\\/\",\"url\":\"https:\\\/\\\/balkangreenenergynews.com\\\/rs\\\/bozinovska-solar-je-po-prvi-put-prestigao-hidroelektrane-u-severnoj-makedoniji\\\/\",\"name\":\"Bo\u017einovska: Solar je po prvi put prestigao hidroelektrane u Severnoj Makedoniji\",\"isPartOf\":{\"@id\":\"https:\\\/\\\/balkangreenenergynews.com\\\/rs\\\/#website\"},\"primaryImageOfPage\":{\"@id\":\"https:\\\/\\\/balkangreenenergynews.com\\\/rs\\\/bozinovska-solar-je-po-prvi-put-prestigao-hidroelektrane-u-severnoj-makedoniji\\\/#primaryimage\"},\"image\":{\"@id\":\"https:\\\/\\\/balkangreenenergynews.com\\\/rs\\\/bozinovska-solar-je-po-prvi-put-prestigao-hidroelektrane-u-severnoj-makedoniji\\\/#primaryimage\"},\"thumbnailUrl\":\"https:\\\/\\\/balkangreenenergynews.com\\\/rs\\\/wp-content\\\/uploads\\\/2025\\\/10\\\/severna-makedonija-undp-forum-odrziva-energija-sanja-bozinovska.jpg?wsr\",\"datePublished\":\"2025-10-29T16:41:44+00:00\",\"dateModified\":\"2025-11-03T13:11:00+00:00\",\"author\":{\"@id\":\"https:\\\/\\\/balkangreenenergynews.com\\\/rs\\\/#\\\/schema\\\/person\\\/99dc721c46113fea22caffad06ef7317\"},\"description\":\"Udeo kapaciteta solarnih elektrana u ukupnom miksu elektri\u010dne energije prestigao je udeo hidroelektrana, rekla je Sanja Bo\u017einovska\",\"breadcrumb\":{\"@id\":\"https:\\\/\\\/balkangreenenergynews.com\\\/rs\\\/bozinovska-solar-je-po-prvi-put-prestigao-hidroelektrane-u-severnoj-makedoniji\\\/#breadcrumb\"},\"inLanguage\":\"sr-RS\",\"potentialAction\":[{\"@type\":\"ReadAction\",\"target\":[\"https:\\\/\\\/balkangreenenergynews.com\\\/rs\\\/bozinovska-solar-je-po-prvi-put-prestigao-hidroelektrane-u-severnoj-makedoniji\\\/\"]}]},{\"@type\":\"ImageObject\",\"inLanguage\":\"sr-RS\",\"@id\":\"https:\\\/\\\/balkangreenenergynews.com\\\/rs\\\/bozinovska-solar-je-po-prvi-put-prestigao-hidroelektrane-u-severnoj-makedoniji\\\/#primaryimage\",\"url\":\"https:\\\/\\\/balkangreenenergynews.com\\\/rs\\\/wp-content\\\/uploads\\\/2025\\\/10\\\/severna-makedonija-undp-forum-odrziva-energija-sanja-bozinovska.jpg?wsr\",\"contentUrl\":\"https:\\\/\\\/balkangreenenergynews.com\\\/rs\\\/wp-content\\\/uploads\\\/2025\\\/10\\\/severna-makedonija-undp-forum-odrziva-energija-sanja-bozinovska.jpg?wsr\",\"width\":840,\"height\":430,\"caption\":\"severna makedonija undp forum odrziva energija sanja bozinovska\"},{\"@type\":\"BreadcrumbList\",\"@id\":\"https:\\\/\\\/balkangreenenergynews.com\\\/rs\\\/bozinovska-solar-je-po-prvi-put-prestigao-hidroelektrane-u-severnoj-makedoniji\\\/#breadcrumb\",\"itemListElement\":[{\"@type\":\"ListItem\",\"position\":1,\"name\":\"Po\u010detna\",\"item\":\"https:\\\/\\\/balkangreenenergynews.com\\\/rs\\\/\"},{\"@type\":\"ListItem\",\"position\":2,\"name\":\"Vesti\",\"item\":\"https:\\\/\\\/balkangreenenergynews.com\\\/rs\\\/kategorija\\\/vesti\\\/\"},{\"@type\":\"ListItem\",\"position\":3,\"name\":\"OIE\",\"item\":\"https:\\\/\\\/balkangreenenergynews.com\\\/rs\\\/kategorija\\\/vesti\\\/obnovljivi-izvori-energije\\\/\"},{\"@type\":\"ListItem\",\"position\":4,\"name\":\"Bo\u017einovska: Solar je po prvi put prestigao hidroelektrane u Severnoj Makedoniji\"}]},{\"@type\":\"WebSite\",\"@id\":\"https:\\\/\\\/balkangreenenergynews.com\\\/rs\\\/#website\",\"url\":\"https:\\\/\\\/balkangreenenergynews.com\\\/rs\\\/\",\"name\":\"Balkan Green Energy News\",\"description\":\"Naj\u0161iri izbor vesti sa Balkana o zelenoj energiji\",\"potentialAction\":[{\"@type\":\"SearchAction\",\"target\":{\"@type\":\"EntryPoint\",\"urlTemplate\":\"https:\\\/\\\/balkangreenenergynews.com\\\/rs\\\/?s={search_term_string}\"},\"query-input\":{\"@type\":\"PropertyValueSpecification\",\"valueRequired\":true,\"valueName\":\"search_term_string\"}}],\"inLanguage\":\"sr-RS\"},{\"@type\":\"Person\",\"@id\":\"https:\\\/\\\/balkangreenenergynews.com\\\/rs\\\/#\\\/schema\\\/person\\\/99dc721c46113fea22caffad06ef7317\",\"name\":\"Vladimir Spasi\u0107\",\"url\":\"https:\\\/\\\/balkangreenenergynews.com\\\/rs\\\/author\\\/vladimir-spasic\\\/\"}]}<\/script>\n<!-- \/ Yoast SEO plugin. -->","yoast_head_json":{"title":"Bo\u017einovska: Solar je po prvi put prestigao hidroelektrane u Severnoj Makedoniji","description":"Udeo kapaciteta solarnih elektrana u ukupnom miksu elektri\u010dne energije prestigao je udeo hidroelektrana, rekla je Sanja Bo\u017einovska","robots":{"index":"index","follow":"follow","max-snippet":"max-snippet:-1","max-image-preview":"max-image-preview:large","max-video-preview":"max-video-preview:-1"},"canonical":"https:\/\/balkangreenenergynews.com\/rs\/bozinovska-solar-je-po-prvi-put-prestigao-hidroelektrane-u-severnoj-makedoniji\/","og_locale":"sr_RS","og_type":"article","og_title":"Bo\u017einovska: Solar je po prvi put prestigao hidroelektrane u Severnoj Makedoniji","og_description":"Udeo kapaciteta solarnih elektrana u ukupnom miksu elektri\u010dne energije prestigao je udeo hidroelektrana, rekla je Sanja Bo\u017einovska","og_url":"https:\/\/balkangreenenergynews.com\/rs\/bozinovska-solar-je-po-prvi-put-prestigao-hidroelektrane-u-severnoj-makedoniji\/","og_site_name":"Balkan Green Energy News","article_published_time":"2025-10-29T16:41:44+00:00","article_modified_time":"2025-11-03T13:11:00+00:00","og_image":[{"width":840,"height":430,"url":"https:\/\/balkangreenenergynews.com\/rs\/wp-content\/uploads\/2025\/10\/severna-makedonija-undp-forum-odrziva-energija-sanja-bozinovska.jpg?wsr","type":"image\/jpeg"}],"author":"Vladimir Spasi\u0107","twitter_card":"summary_large_image","twitter_misc":{"\u041d\u0430\u043f\u0438\u0441\u0430\u043d\u043e \u043e\u0434":"Vladimir Spasi\u0107","\u041f\u0440\u043e\u0446\u0435\u045a\u0435\u043d\u043e \u0432\u0440\u0435\u043c\u0435 \u0447\u0438\u0442\u0430\u045a\u0430":"5 \u043c\u0438\u043d\u0443\u0442\u0430"},"schema":{"@context":"https:\/\/schema.org","@graph":[{"@type":"Article","@id":"https:\/\/balkangreenenergynews.com\/rs\/bozinovska-solar-je-po-prvi-put-prestigao-hidroelektrane-u-severnoj-makedoniji\/#article","isPartOf":{"@id":"https:\/\/balkangreenenergynews.com\/rs\/bozinovska-solar-je-po-prvi-put-prestigao-hidroelektrane-u-severnoj-makedoniji\/"},"author":{"name":"Vladimir Spasi\u0107","@id":"https:\/\/balkangreenenergynews.com\/rs\/#\/schema\/person\/99dc721c46113fea22caffad06ef7317"},"headline":"Bo\u017einovska: Solar je po prvi put prestigao hidroelektrane u Severnoj Makedoniji","datePublished":"2025-10-29T16:41:44+00:00","dateModified":"2025-11-03T13:11:00+00:00","mainEntityOfPage":{"@id":"https:\/\/balkangreenenergynews.com\/rs\/bozinovska-solar-je-po-prvi-put-prestigao-hidroelektrane-u-severnoj-makedoniji\/"},"wordCount":748,"commentCount":0,"image":{"@id":"https:\/\/balkangreenenergynews.com\/rs\/bozinovska-solar-je-po-prvi-put-prestigao-hidroelektrane-u-severnoj-makedoniji\/#primaryimage"},"thumbnailUrl":"https:\/\/balkangreenenergynews.com\/rs\/wp-content\/uploads\/2025\/10\/severna-makedonija-undp-forum-odrziva-energija-sanja-bozinovska.jpg?wsr","keywords":["dekarbonizacija","elektromre\u017ea","energetska tranzicija","hidroenergija","investicije","Izjava dana","mre\u017ee","obnovljivi izvori energije","pravedna tranzicija","prenosna mre\u017ea","prestanak kori\u0161\u0107enja uglja","regioni uglja","Sanja Bo\u017einovska","Severna Makedonija","skladi\u0161tenje energije","solarne elektrane","vetroelektrane"],"articleSection":["Elektri\u010dna energija","OIE"],"inLanguage":"sr-RS","potentialAction":[{"@type":"CommentAction","name":"Comment","target":["https:\/\/balkangreenenergynews.com\/rs\/bozinovska-solar-je-po-prvi-put-prestigao-hidroelektrane-u-severnoj-makedoniji\/#respond"]}]},{"@type":"WebPage","@id":"https:\/\/balkangreenenergynews.com\/rs\/bozinovska-solar-je-po-prvi-put-prestigao-hidroelektrane-u-severnoj-makedoniji\/","url":"https:\/\/balkangreenenergynews.com\/rs\/bozinovska-solar-je-po-prvi-put-prestigao-hidroelektrane-u-severnoj-makedoniji\/","name":"Bo\u017einovska: Solar je po prvi put prestigao hidroelektrane u Severnoj Makedoniji","isPartOf":{"@id":"https:\/\/balkangreenenergynews.com\/rs\/#website"},"primaryImageOfPage":{"@id":"https:\/\/balkangreenenergynews.com\/rs\/bozinovska-solar-je-po-prvi-put-prestigao-hidroelektrane-u-severnoj-makedoniji\/#primaryimage"},"image":{"@id":"https:\/\/balkangreenenergynews.com\/rs\/bozinovska-solar-je-po-prvi-put-prestigao-hidroelektrane-u-severnoj-makedoniji\/#primaryimage"},"thumbnailUrl":"https:\/\/balkangreenenergynews.com\/rs\/wp-content\/uploads\/2025\/10\/severna-makedonija-undp-forum-odrziva-energija-sanja-bozinovska.jpg?wsr","datePublished":"2025-10-29T16:41:44+00:00","dateModified":"2025-11-03T13:11:00+00:00","author":{"@id":"https:\/\/balkangreenenergynews.com\/rs\/#\/schema\/person\/99dc721c46113fea22caffad06ef7317"},"description":"Udeo kapaciteta solarnih elektrana u ukupnom miksu elektri\u010dne energije prestigao je udeo hidroelektrana, rekla je Sanja Bo\u017einovska","breadcrumb":{"@id":"https:\/\/balkangreenenergynews.com\/rs\/bozinovska-solar-je-po-prvi-put-prestigao-hidroelektrane-u-severnoj-makedoniji\/#breadcrumb"},"inLanguage":"sr-RS","potentialAction":[{"@type":"ReadAction","target":["https:\/\/balkangreenenergynews.com\/rs\/bozinovska-solar-je-po-prvi-put-prestigao-hidroelektrane-u-severnoj-makedoniji\/"]}]},{"@type":"ImageObject","inLanguage":"sr-RS","@id":"https:\/\/balkangreenenergynews.com\/rs\/bozinovska-solar-je-po-prvi-put-prestigao-hidroelektrane-u-severnoj-makedoniji\/#primaryimage","url":"https:\/\/balkangreenenergynews.com\/rs\/wp-content\/uploads\/2025\/10\/severna-makedonija-undp-forum-odrziva-energija-sanja-bozinovska.jpg?wsr","contentUrl":"https:\/\/balkangreenenergynews.com\/rs\/wp-content\/uploads\/2025\/10\/severna-makedonija-undp-forum-odrziva-energija-sanja-bozinovska.jpg?wsr","width":840,"height":430,"caption":"severna makedonija undp forum odrziva energija sanja bozinovska"},{"@type":"BreadcrumbList","@id":"https:\/\/balkangreenenergynews.com\/rs\/bozinovska-solar-je-po-prvi-put-prestigao-hidroelektrane-u-severnoj-makedoniji\/#breadcrumb","itemListElement":[{"@type":"ListItem","position":1,"name":"Po\u010detna","item":"https:\/\/balkangreenenergynews.com\/rs\/"},{"@type":"ListItem","position":2,"name":"Vesti","item":"https:\/\/balkangreenenergynews.com\/rs\/kategorija\/vesti\/"},{"@type":"ListItem","position":3,"name":"OIE","item":"https:\/\/balkangreenenergynews.com\/rs\/kategorija\/vesti\/obnovljivi-izvori-energije\/"},{"@type":"ListItem","position":4,"name":"Bo\u017einovska: Solar je po prvi put prestigao hidroelektrane u Severnoj Makedoniji"}]},{"@type":"WebSite","@id":"https:\/\/balkangreenenergynews.com\/rs\/#website","url":"https:\/\/balkangreenenergynews.com\/rs\/","name":"Balkan Green Energy News","description":"Naj\u0161iri izbor vesti sa Balkana o zelenoj energiji","potentialAction":[{"@type":"SearchAction","target":{"@type":"EntryPoint","urlTemplate":"https:\/\/balkangreenenergynews.com\/rs\/?s={search_term_string}"},"query-input":{"@type":"PropertyValueSpecification","valueRequired":true,"valueName":"search_term_string"}}],"inLanguage":"sr-RS"},{"@type":"Person","@id":"https:\/\/balkangreenenergynews.com\/rs\/#\/schema\/person\/99dc721c46113fea22caffad06ef7317","name":"Vladimir Spasi\u0107","url":"https:\/\/balkangreenenergynews.com\/rs\/author\/vladimir-spasic\/"}]}},"_links":{"self":[{"href":"https:\/\/balkangreenenergynews.com\/rs\/wp-json\/wp\/v2\/posts\/86246","targetHints":{"allow":["GET"]}}],"collection":[{"href":"https:\/\/balkangreenenergynews.com\/rs\/wp-json\/wp\/v2\/posts"}],"about":[{"href":"https:\/\/balkangreenenergynews.com\/rs\/wp-json\/wp\/v2\/types\/post"}],"author":[{"embeddable":true,"href":"https:\/\/balkangreenenergynews.com\/rs\/wp-json\/wp\/v2\/users\/23"}],"replies":[{"embeddable":true,"href":"https:\/\/balkangreenenergynews.com\/rs\/wp-json\/wp\/v2\/comments?post=86246"}],"version-history":[{"count":0,"href":"https:\/\/balkangreenenergynews.com\/rs\/wp-json\/wp\/v2\/posts\/86246\/revisions"}],"wp:featuredmedia":[{"embeddable":true,"href":"https:\/\/balkangreenenergynews.com\/rs\/wp-json\/wp\/v2\/media\/86249"}],"wp:attachment":[{"href":"https:\/\/balkangreenenergynews.com\/rs\/wp-json\/wp\/v2\/media?parent=86246"}],"wp:term":[{"taxonomy":"category","embeddable":true,"href":"https:\/\/balkangreenenergynews.com\/rs\/wp-json\/wp\/v2\/categories?post=86246"},{"taxonomy":"post_tag","embeddable":true,"href":"https:\/\/balkangreenenergynews.com\/rs\/wp-json\/wp\/v2\/tags?post=86246"}],"curies":[{"name":"wp","href":"https:\/\/api.w.org\/{rel}","templated":true}]}}