{"id":86149,"date":"2025-10-28T16:59:56","date_gmt":"2025-10-28T15:59:56","guid":{"rendered":"https:\/\/balkangreenenergynews.com\/rs\/?p=86149"},"modified":"2025-11-04T16:47:31","modified_gmt":"2025-11-04T15:47:31","slug":"temisvar-uskoro-pocinje-izgradnju-gradske-solarne-elektrane","status":"publish","type":"post","link":"https:\/\/balkangreenenergynews.com\/rs\/temisvar-uskoro-pocinje-izgradnju-gradske-solarne-elektrane\/","title":{"rendered":"Temi\u0161var uskoro po\u010dinje izgradnju gradske solarne elektrane"},"content":{"rendered":"<h2 data-start=\"161\" data-end=\"458\">Rumunija bele\u017ei sna\u017ean rast fotonaponskog kapaciteta, sa 1,7 gigavata instaliranih samo tokom 2024. godine. Lokalne samouprave sna\u017eno doprinose energetskoj tranziciji, a me\u0111u njima i Temi\u0161var, koji \u0107e uskoro dobiti svoju prvu solarnu elektranu, snage 5,6 megavata.<\/h2>\n<p data-start=\"46\" data-end=\"126\">Samo u 2024. godini, u Rumuniji su izgra\u0111ene solarne elektrane ukupne snage 1,7 gigavata, pokazuju podaci Rumunske asocijacije fotonaponske industrije (RPIA). Toj ekspanziji doprineli su dostupnost finansiranja, reforma pravnog okvira, pojednostavljenje izdavanja dozvola i odr\u017eavanje <a href=\"https:\/\/balkangreenenergynews.com\/eurowind-energys-solar-power-project-in-romania-gets-cfd-thanks-to-auction-list-dropouts\/\">aukcija<\/a> za ugovore o razlici (CfD).<\/p>\n<p data-start=\"46\" data-end=\"126\">U energetskoj tranziciji u\u010destvuju i lokalne samouprave, uklju\u010duju\u0107i okruge. Na primer, u naselju <a href=\"https:\/\/balkangreenenergynews.com\/romanias-coal-town-turceni-starts-eur-380-million-green-energy-transformation\/\">Tur\u010deni<\/a> na jugozapadu Rumunije, koje broji svega sedam hiljada stanovnika, nedavno je pokrenut projekat vredan 380 miliona evra. Gradska skup\u0161tina je potpisala ugovor sa Evropskom investicionom bankom za agrosolarne parkove, sisteme za skladi\u0161tenje energije i proizvodnju i skladi\u0161tenje zelenog vodonika.<\/p>\n<blockquote>\n<p data-start=\"46\" data-end=\"126\">Temi\u0161var je deo rastu\u0107e grupe lokalnih samouprava koje razvijaju projekte solarnih elektrana<\/p>\n<\/blockquote>\n<p data-start=\"46\" data-end=\"126\">Na severu zemlje, op\u0161tinske vlasti <a href=\"https:\/\/balkangreenenergynews.com\/romanian-town-signs-partnership-for-200-mw-solar-park-with-bess\/\">Targu Lapu\u0161a<\/a> zasnovale su javno-privatno parterstvo sa jednom firmom koju su osnovali turski i rumunski investitori. Cilj je izgradnja solarne elektrane snage 200 megavata sa sistemom za skladi\u0161tenje energije. Investicija je procenjena na 100 miliona evra.<\/p>\n<p>Temi\u0161var, glavni grad \u017eupanije Timi\u0161 (Tami\u0161) i najve\u0107i na zapadu zemlje, ve\u0107 je dugo u rastu\u0107oj grupi lokalnih samouprava koje razvijaju projekte solarnih elektrana. Gradona\u010delnik Dominik Fric i ministarka za\u0161tite \u017eivotne sredine Dijana Buzojanu su potpisali ugovor o dodeli bespovratnih sredstava za izgradnju prvog fotonaponskog parka u vlasni\u0161tvu grada, snage 5,6 megavata, ozna\u010div\u0161i <a href=\"https:\/\/balkangreenenergynews.com\/rs\/temisvar-se-prikljucuje-solarnom-talasu-u-rumuniji-sopstvenim-fotonaponskim-parkom\/\">prelazak u narednu fazu te investicije.<\/a><\/p>\n<p>Lokalna samouprava \u0107e pokrenuti proceduru za naru\u010divanje usluge projektovanja i izvo\u0111enje radova. Solarna elektrana \u0107e u proseku godi\u0161nje proizvoditi 7,8 gigavat-sati zelene energije.<\/p>\n<h3>Solarni park done\u0107e direktne koristi za grad<\/h3>\n<p data-start=\"46\" data-end=\"126\">Ukupna vrednost investicije je 32,2 miliona leja, ili 6,3 miliona evra, uklju\u010duju\u0107i porez na dodatu vrednost. Sredstva su obezbe\u0111ena iz <a href=\"https:\/\/balkangreenenergynews.com\/rs\/366-milijardi-evra-iz-modernizacionog-fonda-za-projekte-ciste-energije-u-devet-zemalja-eu\/\">Modernizacionog fonda<\/a> Evropske unije, a njima raspola\u017ee Ministarstvo energetike. To je alatka Evropske unije za podr\u0161ku ulaganjima u obnovljive izvore energije, energetsku efikasnost, skladi\u0161tenje, mre\u017ee i pravednu tranziciju u 13 dr\u017eava \u010dlanica sa ni\u017eim prihodima. Sredstva su iz prihoda od prodaje dozvola za ispu\u0161tanje gasova s efektom staklene ba\u0161te, u okviru Sistema EU za trgovanje emisijama (EU ETS).<\/p>\n<p data-start=\"445\" data-end=\"757\">\u201eSolarni park \u0107e doneti direktne koristi za grad: ni\u017ee tro\u0161kove, smanjene emisije i odr\u017eiviju infrastrukturu. Ovo je samo jedan od projekata kroz koje pretvaramo Temi\u0161var u zeleni i pametan grad, sposoban da iz obnovljivih izvora proizvede zna\u010dajan deo energije koju tro\u0161i\u201c, izjavio je Fric.<\/p>\n<blockquote>\n<p data-start=\"445\" data-end=\"757\">Solarni park \u0107e pokriti oko dve tre\u0107ine potrebne potro\u0161nje za javnu rasvetu<\/p>\n<\/blockquote>\n<p data-start=\"759\" data-end=\"1487\">Solarni paneli \u0107e biti postavljeni u blizini postrojenja za pre\u010di\u0161\u0107avanje otpadnih voda u naselju Frajdorf, na 20 hektara zemlji\u0161ta. Proizvedena energija \u0107e pokriti oko dve tre\u0107ine energije za javnu rasvetu u Temi\u0161varu. Tako\u0111e, postrojenje \u0107e doprineti smanjenju emisija gasova sa efektom staklene ba\u0161te za oko 4.800 tona ekvivalenta CO2 godi\u0161nje.<\/p>\n<p data-start=\"180\" data-end=\"730\">Solarna elektrana deo je \u0161ireg plana lokalne administracije za prelazak na obnovljive izvore energije i smanjenje zaga\u0111enja. Temi\u0161var je zainteresovan za mehanizam dr\u017eavne pomo\u0107i za <a href=\"https:\/\/balkangreenenergynews.com\/romania-preparing-eur-300-million-in-subsidies-for-geothermal-heating-cooling\/\">proizvodnju i transport geotermalne energije<\/a> namenjene sistemima daljinskog grejanja i hla\u0111enja, vredan 300 miliona evra, obezbe\u0111enih preko Modernizacionog fonda. Grad je pro\u0161le godine sklopio strate\u0161ko partnerstvo sa kompanijom OMV Petrom za kori\u0161\u0107enje geotermalne energije za daljinsko grejanje.<\/p>\n","protected":false},"excerpt":{"rendered":"<p>Gradona\u010delnik Temi\u0161vara Dominik Fric i ministarka za\u0161tite \u017eivotne sredine Dijana Buzojanu potpisali su ugovor o grantu za projekat prvog solarnog parka u vlasni\u0161tvu tog grada<\/p>\n","protected":false},"author":34,"featured_media":86160,"comment_status":"open","ping_status":"open","sticky":false,"template":"","format":"standard","meta":{"_acf_changed":false,"_monsterinsights_skip_tracking":false,"_monsterinsights_sitenote_active":false,"_monsterinsights_sitenote_note":"","_monsterinsights_sitenote_category":0,"footnotes":""},"categories":[1],"tags":[1854,821,6922,647,898,1890],"class_list":["post-86149","post","type-post","status-publish","format-standard","has-post-thumbnail","hentry","category-obnovljivi-izvori-energije","tag-energetska-tranzicija","tag-geotermalna-energija","tag-municipalne-solarne-elektrane","tag-obnovljivi-izvori-energije","tag-solarna-energija","tag-solarne-elektrane","country-rumunija"],"acf":[],"yoast_head":"<!-- This site is optimized with the Yoast SEO plugin v27.4 - https:\/\/yoast.com\/product\/yoast-seo-wordpress\/ -->\n<title>Temi\u0161var uskoro po\u010dinje izgradnju gradske solarne elektrane<\/title>\n<meta name=\"description\" content=\"Gradona\u010delnik Temi\u0161vara Dominik Fric i ministarka za\u0161tite \u017eivotne sredine Dijana Buzojanu potpisali su ugovor o grantu za projekat prvog solarnog parka u vlasni\u0161tvu tog grada.\" \/>\n<meta name=\"robots\" content=\"index, follow, max-snippet:-1, max-image-preview:large, max-video-preview:-1\" \/>\n<link rel=\"canonical\" href=\"https:\/\/balkangreenenergynews.com\/rs\/temisvar-uskoro-pocinje-izgradnju-gradske-solarne-elektrane\/\" \/>\n<meta property=\"og:locale\" content=\"sr_RS\" \/>\n<meta property=\"og:type\" content=\"article\" \/>\n<meta property=\"og:title\" content=\"Temi\u0161var uskoro po\u010dinje izgradnju gradske solarne elektrane\" \/>\n<meta property=\"og:description\" content=\"Gradona\u010delnik Temi\u0161vara Dominik Fric i ministarka za\u0161tite \u017eivotne sredine Dijana Buzojanu potpisali su ugovor o grantu za projekat prvog solarnog parka u vlasni\u0161tvu tog grada.\" \/>\n<meta property=\"og:url\" content=\"https:\/\/balkangreenenergynews.com\/rs\/temisvar-uskoro-pocinje-izgradnju-gradske-solarne-elektrane\/\" \/>\n<meta property=\"og:site_name\" content=\"Balkan Green Energy News\" \/>\n<meta property=\"article:published_time\" content=\"2025-10-28T15:59:56+00:00\" \/>\n<meta property=\"article:modified_time\" content=\"2025-11-04T15:47:31+00:00\" \/>\n<meta property=\"og:image\" content=\"https:\/\/balkangreenenergynews.com\/rs\/wp-content\/uploads\/2025\/10\/Temisvar-dobija-solarnu-elektranu.jpg?wsr\" \/>\n\t<meta property=\"og:image:width\" content=\"840\" \/>\n\t<meta property=\"og:image:height\" content=\"430\" \/>\n\t<meta property=\"og:image:type\" content=\"image\/jpeg\" \/>\n<meta name=\"author\" content=\"Jelisaveta Peri\u0161i\u0107\" \/>\n<meta name=\"twitter:card\" content=\"summary_large_image\" \/>\n<meta name=\"twitter:label1\" content=\"\u041d\u0430\u043f\u0438\u0441\u0430\u043d\u043e \u043e\u0434\" \/>\n\t<meta name=\"twitter:data1\" content=\"Jelisaveta Peri\u0161i\u0107\" \/>\n\t<meta name=\"twitter:label2\" content=\"\u041f\u0440\u043e\u0446\u0435\u045a\u0435\u043d\u043e \u0432\u0440\u0435\u043c\u0435 \u0447\u0438\u0442\u0430\u045a\u0430\" \/>\n\t<meta name=\"twitter:data2\" content=\"3 \u043c\u0438\u043d\u0443\u0442\u0430\" \/>\n<script type=\"application\/ld+json\" class=\"yoast-schema-graph\">{\"@context\":\"https:\\\/\\\/schema.org\",\"@graph\":[{\"@type\":\"Article\",\"@id\":\"https:\\\/\\\/balkangreenenergynews.com\\\/rs\\\/temisvar-uskoro-pocinje-izgradnju-gradske-solarne-elektrane\\\/#article\",\"isPartOf\":{\"@id\":\"https:\\\/\\\/balkangreenenergynews.com\\\/rs\\\/temisvar-uskoro-pocinje-izgradnju-gradske-solarne-elektrane\\\/\"},\"author\":{\"name\":\"Jelisaveta Peri\u0161i\u0107\",\"@id\":\"https:\\\/\\\/balkangreenenergynews.com\\\/rs\\\/#\\\/schema\\\/person\\\/4b3c5831bbc05a72630d12560df2b3f8\"},\"headline\":\"Temi\u0161var uskoro po\u010dinje izgradnju gradske solarne elektrane\",\"datePublished\":\"2025-10-28T15:59:56+00:00\",\"dateModified\":\"2025-11-04T15:47:31+00:00\",\"mainEntityOfPage\":{\"@id\":\"https:\\\/\\\/balkangreenenergynews.com\\\/rs\\\/temisvar-uskoro-pocinje-izgradnju-gradske-solarne-elektrane\\\/\"},\"wordCount\":578,\"commentCount\":0,\"image\":{\"@id\":\"https:\\\/\\\/balkangreenenergynews.com\\\/rs\\\/temisvar-uskoro-pocinje-izgradnju-gradske-solarne-elektrane\\\/#primaryimage\"},\"thumbnailUrl\":\"https:\\\/\\\/balkangreenenergynews.com\\\/rs\\\/wp-content\\\/uploads\\\/2025\\\/10\\\/Temisvar-dobija-solarnu-elektranu.jpg?wsr\",\"keywords\":[\"energetska tranzicija\",\"geotermalna energija\",\"municipalne solarne elektrane\",\"obnovljivi izvori energije\",\"solarna energija\",\"solarne elektrane\"],\"articleSection\":[\"OIE\"],\"inLanguage\":\"sr-RS\",\"potentialAction\":[{\"@type\":\"CommentAction\",\"name\":\"Comment\",\"target\":[\"https:\\\/\\\/balkangreenenergynews.com\\\/rs\\\/temisvar-uskoro-pocinje-izgradnju-gradske-solarne-elektrane\\\/#respond\"]}]},{\"@type\":\"WebPage\",\"@id\":\"https:\\\/\\\/balkangreenenergynews.com\\\/rs\\\/temisvar-uskoro-pocinje-izgradnju-gradske-solarne-elektrane\\\/\",\"url\":\"https:\\\/\\\/balkangreenenergynews.com\\\/rs\\\/temisvar-uskoro-pocinje-izgradnju-gradske-solarne-elektrane\\\/\",\"name\":\"Temi\u0161var uskoro po\u010dinje izgradnju gradske solarne elektrane\",\"isPartOf\":{\"@id\":\"https:\\\/\\\/balkangreenenergynews.com\\\/rs\\\/#website\"},\"primaryImageOfPage\":{\"@id\":\"https:\\\/\\\/balkangreenenergynews.com\\\/rs\\\/temisvar-uskoro-pocinje-izgradnju-gradske-solarne-elektrane\\\/#primaryimage\"},\"image\":{\"@id\":\"https:\\\/\\\/balkangreenenergynews.com\\\/rs\\\/temisvar-uskoro-pocinje-izgradnju-gradske-solarne-elektrane\\\/#primaryimage\"},\"thumbnailUrl\":\"https:\\\/\\\/balkangreenenergynews.com\\\/rs\\\/wp-content\\\/uploads\\\/2025\\\/10\\\/Temisvar-dobija-solarnu-elektranu.jpg?wsr\",\"datePublished\":\"2025-10-28T15:59:56+00:00\",\"dateModified\":\"2025-11-04T15:47:31+00:00\",\"author\":{\"@id\":\"https:\\\/\\\/balkangreenenergynews.com\\\/rs\\\/#\\\/schema\\\/person\\\/4b3c5831bbc05a72630d12560df2b3f8\"},\"description\":\"Gradona\u010delnik Temi\u0161vara Dominik Fric i ministarka za\u0161tite \u017eivotne sredine Dijana Buzojanu potpisali su ugovor o grantu za projekat prvog solarnog parka u vlasni\u0161tvu tog grada.\",\"breadcrumb\":{\"@id\":\"https:\\\/\\\/balkangreenenergynews.com\\\/rs\\\/temisvar-uskoro-pocinje-izgradnju-gradske-solarne-elektrane\\\/#breadcrumb\"},\"inLanguage\":\"sr-RS\",\"potentialAction\":[{\"@type\":\"ReadAction\",\"target\":[\"https:\\\/\\\/balkangreenenergynews.com\\\/rs\\\/temisvar-uskoro-pocinje-izgradnju-gradske-solarne-elektrane\\\/\"]}]},{\"@type\":\"ImageObject\",\"inLanguage\":\"sr-RS\",\"@id\":\"https:\\\/\\\/balkangreenenergynews.com\\\/rs\\\/temisvar-uskoro-pocinje-izgradnju-gradske-solarne-elektrane\\\/#primaryimage\",\"url\":\"https:\\\/\\\/balkangreenenergynews.com\\\/rs\\\/wp-content\\\/uploads\\\/2025\\\/10\\\/Temisvar-dobija-solarnu-elektranu.jpg?wsr\",\"contentUrl\":\"https:\\\/\\\/balkangreenenergynews.com\\\/rs\\\/wp-content\\\/uploads\\\/2025\\\/10\\\/Temisvar-dobija-solarnu-elektranu.jpg?wsr\",\"width\":840,\"height\":430,\"caption\":\"Temisvar dobija solarnu elektranu\"},{\"@type\":\"BreadcrumbList\",\"@id\":\"https:\\\/\\\/balkangreenenergynews.com\\\/rs\\\/temisvar-uskoro-pocinje-izgradnju-gradske-solarne-elektrane\\\/#breadcrumb\",\"itemListElement\":[{\"@type\":\"ListItem\",\"position\":1,\"name\":\"Po\u010detna\",\"item\":\"https:\\\/\\\/balkangreenenergynews.com\\\/rs\\\/\"},{\"@type\":\"ListItem\",\"position\":2,\"name\":\"Vesti\",\"item\":\"https:\\\/\\\/balkangreenenergynews.com\\\/rs\\\/kategorija\\\/vesti\\\/\"},{\"@type\":\"ListItem\",\"position\":3,\"name\":\"OIE\",\"item\":\"https:\\\/\\\/balkangreenenergynews.com\\\/rs\\\/kategorija\\\/vesti\\\/obnovljivi-izvori-energije\\\/\"},{\"@type\":\"ListItem\",\"position\":4,\"name\":\"Temi\u0161var uskoro po\u010dinje izgradnju gradske solarne elektrane\"}]},{\"@type\":\"WebSite\",\"@id\":\"https:\\\/\\\/balkangreenenergynews.com\\\/rs\\\/#website\",\"url\":\"https:\\\/\\\/balkangreenenergynews.com\\\/rs\\\/\",\"name\":\"Balkan Green Energy News\",\"description\":\"Naj\u0161iri izbor vesti sa Balkana o zelenoj energiji\",\"potentialAction\":[{\"@type\":\"SearchAction\",\"target\":{\"@type\":\"EntryPoint\",\"urlTemplate\":\"https:\\\/\\\/balkangreenenergynews.com\\\/rs\\\/?s={search_term_string}\"},\"query-input\":{\"@type\":\"PropertyValueSpecification\",\"valueRequired\":true,\"valueName\":\"search_term_string\"}}],\"inLanguage\":\"sr-RS\"},{\"@type\":\"Person\",\"@id\":\"https:\\\/\\\/balkangreenenergynews.com\\\/rs\\\/#\\\/schema\\\/person\\\/4b3c5831bbc05a72630d12560df2b3f8\",\"name\":\"Jelisaveta Peri\u0161i\u0107\",\"url\":\"https:\\\/\\\/balkangreenenergynews.com\\\/rs\\\/author\\\/jelisavet-perisic\\\/\"}]}<\/script>\n<!-- \/ Yoast SEO plugin. -->","yoast_head_json":{"title":"Temi\u0161var uskoro po\u010dinje izgradnju gradske solarne elektrane","description":"Gradona\u010delnik Temi\u0161vara Dominik Fric i ministarka za\u0161tite \u017eivotne sredine Dijana Buzojanu potpisali su ugovor o grantu za projekat prvog solarnog parka u vlasni\u0161tvu tog grada.","robots":{"index":"index","follow":"follow","max-snippet":"max-snippet:-1","max-image-preview":"max-image-preview:large","max-video-preview":"max-video-preview:-1"},"canonical":"https:\/\/balkangreenenergynews.com\/rs\/temisvar-uskoro-pocinje-izgradnju-gradske-solarne-elektrane\/","og_locale":"sr_RS","og_type":"article","og_title":"Temi\u0161var uskoro po\u010dinje izgradnju gradske solarne elektrane","og_description":"Gradona\u010delnik Temi\u0161vara Dominik Fric i ministarka za\u0161tite \u017eivotne sredine Dijana Buzojanu potpisali su ugovor o grantu za projekat prvog solarnog parka u vlasni\u0161tvu tog grada.","og_url":"https:\/\/balkangreenenergynews.com\/rs\/temisvar-uskoro-pocinje-izgradnju-gradske-solarne-elektrane\/","og_site_name":"Balkan Green Energy News","article_published_time":"2025-10-28T15:59:56+00:00","article_modified_time":"2025-11-04T15:47:31+00:00","og_image":[{"width":840,"height":430,"url":"https:\/\/balkangreenenergynews.com\/rs\/wp-content\/uploads\/2025\/10\/Temisvar-dobija-solarnu-elektranu.jpg?wsr","type":"image\/jpeg"}],"author":"Jelisaveta Peri\u0161i\u0107","twitter_card":"summary_large_image","twitter_misc":{"\u041d\u0430\u043f\u0438\u0441\u0430\u043d\u043e \u043e\u0434":"Jelisaveta Peri\u0161i\u0107","\u041f\u0440\u043e\u0446\u0435\u045a\u0435\u043d\u043e \u0432\u0440\u0435\u043c\u0435 \u0447\u0438\u0442\u0430\u045a\u0430":"3 \u043c\u0438\u043d\u0443\u0442\u0430"},"schema":{"@context":"https:\/\/schema.org","@graph":[{"@type":"Article","@id":"https:\/\/balkangreenenergynews.com\/rs\/temisvar-uskoro-pocinje-izgradnju-gradske-solarne-elektrane\/#article","isPartOf":{"@id":"https:\/\/balkangreenenergynews.com\/rs\/temisvar-uskoro-pocinje-izgradnju-gradske-solarne-elektrane\/"},"author":{"name":"Jelisaveta Peri\u0161i\u0107","@id":"https:\/\/balkangreenenergynews.com\/rs\/#\/schema\/person\/4b3c5831bbc05a72630d12560df2b3f8"},"headline":"Temi\u0161var uskoro po\u010dinje izgradnju gradske solarne elektrane","datePublished":"2025-10-28T15:59:56+00:00","dateModified":"2025-11-04T15:47:31+00:00","mainEntityOfPage":{"@id":"https:\/\/balkangreenenergynews.com\/rs\/temisvar-uskoro-pocinje-izgradnju-gradske-solarne-elektrane\/"},"wordCount":578,"commentCount":0,"image":{"@id":"https:\/\/balkangreenenergynews.com\/rs\/temisvar-uskoro-pocinje-izgradnju-gradske-solarne-elektrane\/#primaryimage"},"thumbnailUrl":"https:\/\/balkangreenenergynews.com\/rs\/wp-content\/uploads\/2025\/10\/Temisvar-dobija-solarnu-elektranu.jpg?wsr","keywords":["energetska tranzicija","geotermalna energija","municipalne solarne elektrane","obnovljivi izvori energije","solarna energija","solarne elektrane"],"articleSection":["OIE"],"inLanguage":"sr-RS","potentialAction":[{"@type":"CommentAction","name":"Comment","target":["https:\/\/balkangreenenergynews.com\/rs\/temisvar-uskoro-pocinje-izgradnju-gradske-solarne-elektrane\/#respond"]}]},{"@type":"WebPage","@id":"https:\/\/balkangreenenergynews.com\/rs\/temisvar-uskoro-pocinje-izgradnju-gradske-solarne-elektrane\/","url":"https:\/\/balkangreenenergynews.com\/rs\/temisvar-uskoro-pocinje-izgradnju-gradske-solarne-elektrane\/","name":"Temi\u0161var uskoro po\u010dinje izgradnju gradske solarne elektrane","isPartOf":{"@id":"https:\/\/balkangreenenergynews.com\/rs\/#website"},"primaryImageOfPage":{"@id":"https:\/\/balkangreenenergynews.com\/rs\/temisvar-uskoro-pocinje-izgradnju-gradske-solarne-elektrane\/#primaryimage"},"image":{"@id":"https:\/\/balkangreenenergynews.com\/rs\/temisvar-uskoro-pocinje-izgradnju-gradske-solarne-elektrane\/#primaryimage"},"thumbnailUrl":"https:\/\/balkangreenenergynews.com\/rs\/wp-content\/uploads\/2025\/10\/Temisvar-dobija-solarnu-elektranu.jpg?wsr","datePublished":"2025-10-28T15:59:56+00:00","dateModified":"2025-11-04T15:47:31+00:00","author":{"@id":"https:\/\/balkangreenenergynews.com\/rs\/#\/schema\/person\/4b3c5831bbc05a72630d12560df2b3f8"},"description":"Gradona\u010delnik Temi\u0161vara Dominik Fric i ministarka za\u0161tite \u017eivotne sredine Dijana Buzojanu potpisali su ugovor o grantu za projekat prvog solarnog parka u vlasni\u0161tvu tog grada.","breadcrumb":{"@id":"https:\/\/balkangreenenergynews.com\/rs\/temisvar-uskoro-pocinje-izgradnju-gradske-solarne-elektrane\/#breadcrumb"},"inLanguage":"sr-RS","potentialAction":[{"@type":"ReadAction","target":["https:\/\/balkangreenenergynews.com\/rs\/temisvar-uskoro-pocinje-izgradnju-gradske-solarne-elektrane\/"]}]},{"@type":"ImageObject","inLanguage":"sr-RS","@id":"https:\/\/balkangreenenergynews.com\/rs\/temisvar-uskoro-pocinje-izgradnju-gradske-solarne-elektrane\/#primaryimage","url":"https:\/\/balkangreenenergynews.com\/rs\/wp-content\/uploads\/2025\/10\/Temisvar-dobija-solarnu-elektranu.jpg?wsr","contentUrl":"https:\/\/balkangreenenergynews.com\/rs\/wp-content\/uploads\/2025\/10\/Temisvar-dobija-solarnu-elektranu.jpg?wsr","width":840,"height":430,"caption":"Temisvar dobija solarnu elektranu"},{"@type":"BreadcrumbList","@id":"https:\/\/balkangreenenergynews.com\/rs\/temisvar-uskoro-pocinje-izgradnju-gradske-solarne-elektrane\/#breadcrumb","itemListElement":[{"@type":"ListItem","position":1,"name":"Po\u010detna","item":"https:\/\/balkangreenenergynews.com\/rs\/"},{"@type":"ListItem","position":2,"name":"Vesti","item":"https:\/\/balkangreenenergynews.com\/rs\/kategorija\/vesti\/"},{"@type":"ListItem","position":3,"name":"OIE","item":"https:\/\/balkangreenenergynews.com\/rs\/kategorija\/vesti\/obnovljivi-izvori-energije\/"},{"@type":"ListItem","position":4,"name":"Temi\u0161var uskoro po\u010dinje izgradnju gradske solarne elektrane"}]},{"@type":"WebSite","@id":"https:\/\/balkangreenenergynews.com\/rs\/#website","url":"https:\/\/balkangreenenergynews.com\/rs\/","name":"Balkan Green Energy News","description":"Naj\u0161iri izbor vesti sa Balkana o zelenoj energiji","potentialAction":[{"@type":"SearchAction","target":{"@type":"EntryPoint","urlTemplate":"https:\/\/balkangreenenergynews.com\/rs\/?s={search_term_string}"},"query-input":{"@type":"PropertyValueSpecification","valueRequired":true,"valueName":"search_term_string"}}],"inLanguage":"sr-RS"},{"@type":"Person","@id":"https:\/\/balkangreenenergynews.com\/rs\/#\/schema\/person\/4b3c5831bbc05a72630d12560df2b3f8","name":"Jelisaveta Peri\u0161i\u0107","url":"https:\/\/balkangreenenergynews.com\/rs\/author\/jelisavet-perisic\/"}]}},"_links":{"self":[{"href":"https:\/\/balkangreenenergynews.com\/rs\/wp-json\/wp\/v2\/posts\/86149","targetHints":{"allow":["GET"]}}],"collection":[{"href":"https:\/\/balkangreenenergynews.com\/rs\/wp-json\/wp\/v2\/posts"}],"about":[{"href":"https:\/\/balkangreenenergynews.com\/rs\/wp-json\/wp\/v2\/types\/post"}],"author":[{"embeddable":true,"href":"https:\/\/balkangreenenergynews.com\/rs\/wp-json\/wp\/v2\/users\/34"}],"replies":[{"embeddable":true,"href":"https:\/\/balkangreenenergynews.com\/rs\/wp-json\/wp\/v2\/comments?post=86149"}],"version-history":[{"count":0,"href":"https:\/\/balkangreenenergynews.com\/rs\/wp-json\/wp\/v2\/posts\/86149\/revisions"}],"wp:featuredmedia":[{"embeddable":true,"href":"https:\/\/balkangreenenergynews.com\/rs\/wp-json\/wp\/v2\/media\/86160"}],"wp:attachment":[{"href":"https:\/\/balkangreenenergynews.com\/rs\/wp-json\/wp\/v2\/media?parent=86149"}],"wp:term":[{"taxonomy":"category","embeddable":true,"href":"https:\/\/balkangreenenergynews.com\/rs\/wp-json\/wp\/v2\/categories?post=86149"},{"taxonomy":"post_tag","embeddable":true,"href":"https:\/\/balkangreenenergynews.com\/rs\/wp-json\/wp\/v2\/tags?post=86149"}],"curies":[{"name":"wp","href":"https:\/\/api.w.org\/{rel}","templated":true}]}}