{"id":86104,"date":"2025-10-27T13:51:41","date_gmt":"2025-10-27T12:51:41","guid":{"rendered":"https:\/\/balkangreenenergynews.com\/rs\/?p=86104"},"modified":"2025-10-27T13:51:41","modified_gmt":"2025-10-27T12:51:41","slug":"cena-peleta-ogranicena-na-245-evra","status":"publish","type":"post","link":"https:\/\/balkangreenenergynews.com\/rs\/cena-peleta-ogranicena-na-245-evra\/","title":{"rendered":"Cena peleta ograni\u010dena na 245 evra\u00a0"},"content":{"rendered":"<h2>U cilju spre\u010davanja neopravdanog rasta cena peleta Federacija Bosne i Hercegovine je odlu\u010dila da limitira najve\u0107u maloprodajnu cenu ovog goriva.<\/h2>\n<p>Vlada Federacije Bosne i Hercegovine je na telefonskoj sednici, na predlog Federalnog ministarstva trgovine, donela Odluku kojom se propisuje mera neposredne kontrole cena odre\u0111ivanjem najvi\u0161eg nivoa prodajne cene peleta od drveta u trgovini na malo na teritoriji Federacije BiH.<\/p>\n<p>U skladu sa ovom odlukom najvi\u0161a prodajna cena peleta ne mo\u017ee prelaziti 480 KM (245 evra) plus PDV u trgovini na malo, po toni u svim pakovanjima. Odluka \u0107e po\u010deti da se primenjuje 1. decembra.<\/p>\n<blockquote><p>Meru je privremenog karaktera<\/p><\/blockquote>\n<p>Federalno ministarstvo trgovine je kao razlog za propisivanje maksimalne cene navelo prevenciju i suzbijanje nerealnog utvr\u0111ivanja cena i eventualnog nepo\u0161tenog pona\u0161anja pojedinih proizvo\u0111a\u010da ili trgovcima peletom.<\/p>\n<p>Bilo je neophodno uvesti ovu meru, koja je privremenog karaktera, a s ciljem blagovremenog intervenisanja na tr\u017ei\u0161tu Federacije BiH i spre\u010davanja \u0161pekulativnog i neodgovornog pona\u0161anja svih u\u010desnika u lancu snabdevanja peletom, tvrdi Federalno ministarstvo.<\/p>\n<p>Ministar Amir Hasi\u010devi\u0107 je pre nekoliko dana pozvao potro\u0161a\u010de da ne stvaraju paniku jer \u0107e biti dovoljno peleta. On je naglasio da se ne\u0107e zabranjivati izvoz peleta kao 2020. godine, prenela je <a href=\"https:\/\/www.akta.ba\/vijesti\/bih\/197087\/federalno-ministarstvo-trgovine-najavilo-ogranicenje-cijene-peleta-inspekcije-na-terenu\">Fena<\/a>.<\/p>\n<blockquote><p>Paniku na tr\u017ei\u0161tu izazvalo nekoliko neodgovornih trgovaca.<\/p><\/blockquote>\n<p>Ministar je rekao da su utvrdili da je paniku na tr\u017ei\u0161tu izazvalo nekoliko neodgovornih trgovaca. Inspekcija je, kako je naglasio, ve\u0107 na terenu i trgovci koji su poku\u0161ali ostvariti dodatnu zaradu zloupotrebama bi\u0107e ka\u017enjeni.<\/p>\n<p>Hasi\u010devi\u0107 je podsetio da industrija peleta u BiH zapo\u0161ljava vi\u0161e od 15.000 radnika.<\/p>\n<p>Goran ivanovi\u0107, direktor Instituta za bioenergiju i predstavnik proizvo\u0111a\u010da peleta, izjavio je da se sve narud\u017ebine primljene tokom leta isporu\u010duju se po istim cenama i nema govora o cenama od 700 KM (358 evra) ili 800 KM (409 evra).<\/p>\n<p>Prema podacima Uprave za indirektno oporezivanje (UIO) BiH izvoz peleta iz BiH <a href=\"https:\/\/balkangreenenergynews.com\/rs\/izvoz-peleta-iz-bih-uvecan-60-odsto-cena-450-km\/\">uve\u0107an je skoro 60 odsto<\/a> u prvoj polovini godine. krajm jula cena na tr\u017ei\u0161tu BiH je bila oko 450 KM (230 evra).<\/p>\n","protected":false},"excerpt":{"rendered":"<p>U cilju spre\u010davanja neopravdanog rasta cena peleta Federacija Bosne i Hercegovine je odlu\u010dila da limitira njegovu najve\u0107u maloprodajnu cenu<\/p>\n","protected":false},"author":23,"featured_media":86105,"comment_status":"open","ping_status":"open","sticky":false,"template":"","format":"standard","meta":{"_acf_changed":false,"_monsterinsights_skip_tracking":false,"_monsterinsights_sitenote_active":false,"_monsterinsights_sitenote_note":"","_monsterinsights_sitenote_category":0,"footnotes":""},"categories":[504,1],"tags":[7329,1510,3804],"class_list":["post-86104","post","type-post","status-publish","format-standard","has-post-thumbnail","hentry","category-elektricna-energija","category-obnovljivi-izvori-energije","tag-bih","tag-pelet","tag-vlada-federacije-bih","country-bosna-i-hercegovina"],"acf":[],"yoast_head":"<!-- This site is optimized with the Yoast SEO plugin v27.4 - https:\/\/yoast.com\/product\/yoast-seo-wordpress\/ -->\n<title>Cena peleta ograni\u010dena na 245 evra\u00a0<\/title>\n<meta name=\"description\" content=\"U cilju spre\u010davanja neopravdanog rasta cena peleta Federacija Bosne i Hercegovine je odlu\u010dila da limitira njegovu najve\u0107u maloprodajnu cenu\" \/>\n<meta name=\"robots\" content=\"index, follow, max-snippet:-1, max-image-preview:large, max-video-preview:-1\" \/>\n<link rel=\"canonical\" href=\"https:\/\/balkangreenenergynews.com\/rs\/cena-peleta-ogranicena-na-245-evra\/\" \/>\n<meta property=\"og:locale\" content=\"sr_RS\" \/>\n<meta property=\"og:type\" content=\"article\" \/>\n<meta property=\"og:title\" content=\"Cena peleta ograni\u010dena na 245 evra\u00a0\" \/>\n<meta property=\"og:description\" content=\"U cilju spre\u010davanja neopravdanog rasta cena peleta Federacija Bosne i Hercegovine je odlu\u010dila da limitira njegovu najve\u0107u maloprodajnu cenu\" \/>\n<meta property=\"og:url\" content=\"https:\/\/balkangreenenergynews.com\/rs\/cena-peleta-ogranicena-na-245-evra\/\" \/>\n<meta property=\"og:site_name\" content=\"Balkan Green Energy News\" \/>\n<meta property=\"article:published_time\" content=\"2025-10-27T12:51:41+00:00\" \/>\n<meta property=\"og:image\" content=\"https:\/\/balkangreenenergynews.com\/rs\/wp-content\/uploads\/2025\/10\/bih-federacija-vlada-pelet-cena-maksimalna-cena-ogranicenje.jpg?wsr\" \/>\n\t<meta property=\"og:image:width\" content=\"840\" \/>\n\t<meta property=\"og:image:height\" content=\"430\" \/>\n\t<meta property=\"og:image:type\" content=\"image\/jpeg\" \/>\n<meta name=\"author\" content=\"Vladimir Spasi\u0107\" \/>\n<meta name=\"twitter:card\" content=\"summary_large_image\" \/>\n<meta name=\"twitter:label1\" content=\"\u041d\u0430\u043f\u0438\u0441\u0430\u043d\u043e \u043e\u0434\" \/>\n\t<meta name=\"twitter:data1\" content=\"Vladimir Spasi\u0107\" \/>\n\t<meta name=\"twitter:label2\" content=\"\u041f\u0440\u043e\u0446\u0435\u045a\u0435\u043d\u043e \u0432\u0440\u0435\u043c\u0435 \u0447\u0438\u0442\u0430\u045a\u0430\" \/>\n\t<meta name=\"twitter:data2\" content=\"2 \u043c\u0438\u043d\u0443\u0442\u0430\" \/>\n<script type=\"application\/ld+json\" class=\"yoast-schema-graph\">{\"@context\":\"https:\\\/\\\/schema.org\",\"@graph\":[{\"@type\":\"Article\",\"@id\":\"https:\\\/\\\/balkangreenenergynews.com\\\/rs\\\/cena-peleta-ogranicena-na-245-evra\\\/#article\",\"isPartOf\":{\"@id\":\"https:\\\/\\\/balkangreenenergynews.com\\\/rs\\\/cena-peleta-ogranicena-na-245-evra\\\/\"},\"author\":{\"name\":\"Vladimir Spasi\u0107\",\"@id\":\"https:\\\/\\\/balkangreenenergynews.com\\\/rs\\\/#\\\/schema\\\/person\\\/99dc721c46113fea22caffad06ef7317\"},\"headline\":\"Cena peleta ograni\u010dena na 245 evra\u00a0\",\"datePublished\":\"2025-10-27T12:51:41+00:00\",\"mainEntityOfPage\":{\"@id\":\"https:\\\/\\\/balkangreenenergynews.com\\\/rs\\\/cena-peleta-ogranicena-na-245-evra\\\/\"},\"wordCount\":351,\"commentCount\":0,\"image\":{\"@id\":\"https:\\\/\\\/balkangreenenergynews.com\\\/rs\\\/cena-peleta-ogranicena-na-245-evra\\\/#primaryimage\"},\"thumbnailUrl\":\"https:\\\/\\\/balkangreenenergynews.com\\\/rs\\\/wp-content\\\/uploads\\\/2025\\\/10\\\/bih-federacija-vlada-pelet-cena-maksimalna-cena-ogranicenje.jpg?wsr\",\"keywords\":[\"BiH\",\"pelet\",\"Vlada Federacije BiH\"],\"articleSection\":[\"Elektri\u010dna energija\",\"OIE\"],\"inLanguage\":\"sr-RS\",\"potentialAction\":[{\"@type\":\"CommentAction\",\"name\":\"Comment\",\"target\":[\"https:\\\/\\\/balkangreenenergynews.com\\\/rs\\\/cena-peleta-ogranicena-na-245-evra\\\/#respond\"]}]},{\"@type\":\"WebPage\",\"@id\":\"https:\\\/\\\/balkangreenenergynews.com\\\/rs\\\/cena-peleta-ogranicena-na-245-evra\\\/\",\"url\":\"https:\\\/\\\/balkangreenenergynews.com\\\/rs\\\/cena-peleta-ogranicena-na-245-evra\\\/\",\"name\":\"Cena peleta ograni\u010dena na 245 evra\u00a0\",\"isPartOf\":{\"@id\":\"https:\\\/\\\/balkangreenenergynews.com\\\/rs\\\/#website\"},\"primaryImageOfPage\":{\"@id\":\"https:\\\/\\\/balkangreenenergynews.com\\\/rs\\\/cena-peleta-ogranicena-na-245-evra\\\/#primaryimage\"},\"image\":{\"@id\":\"https:\\\/\\\/balkangreenenergynews.com\\\/rs\\\/cena-peleta-ogranicena-na-245-evra\\\/#primaryimage\"},\"thumbnailUrl\":\"https:\\\/\\\/balkangreenenergynews.com\\\/rs\\\/wp-content\\\/uploads\\\/2025\\\/10\\\/bih-federacija-vlada-pelet-cena-maksimalna-cena-ogranicenje.jpg?wsr\",\"datePublished\":\"2025-10-27T12:51:41+00:00\",\"author\":{\"@id\":\"https:\\\/\\\/balkangreenenergynews.com\\\/rs\\\/#\\\/schema\\\/person\\\/99dc721c46113fea22caffad06ef7317\"},\"description\":\"U cilju spre\u010davanja neopravdanog rasta cena peleta Federacija Bosne i Hercegovine je odlu\u010dila da limitira njegovu najve\u0107u maloprodajnu cenu\",\"breadcrumb\":{\"@id\":\"https:\\\/\\\/balkangreenenergynews.com\\\/rs\\\/cena-peleta-ogranicena-na-245-evra\\\/#breadcrumb\"},\"inLanguage\":\"sr-RS\",\"potentialAction\":[{\"@type\":\"ReadAction\",\"target\":[\"https:\\\/\\\/balkangreenenergynews.com\\\/rs\\\/cena-peleta-ogranicena-na-245-evra\\\/\"]}]},{\"@type\":\"ImageObject\",\"inLanguage\":\"sr-RS\",\"@id\":\"https:\\\/\\\/balkangreenenergynews.com\\\/rs\\\/cena-peleta-ogranicena-na-245-evra\\\/#primaryimage\",\"url\":\"https:\\\/\\\/balkangreenenergynews.com\\\/rs\\\/wp-content\\\/uploads\\\/2025\\\/10\\\/bih-federacija-vlada-pelet-cena-maksimalna-cena-ogranicenje.jpg?wsr\",\"contentUrl\":\"https:\\\/\\\/balkangreenenergynews.com\\\/rs\\\/wp-content\\\/uploads\\\/2025\\\/10\\\/bih-federacija-vlada-pelet-cena-maksimalna-cena-ogranicenje.jpg?wsr\",\"width\":840,\"height\":430,\"caption\":\"bih federacija vlada pelet cena maksimalna cena ogranicenje\"},{\"@type\":\"BreadcrumbList\",\"@id\":\"https:\\\/\\\/balkangreenenergynews.com\\\/rs\\\/cena-peleta-ogranicena-na-245-evra\\\/#breadcrumb\",\"itemListElement\":[{\"@type\":\"ListItem\",\"position\":1,\"name\":\"Po\u010detna\",\"item\":\"https:\\\/\\\/balkangreenenergynews.com\\\/rs\\\/\"},{\"@type\":\"ListItem\",\"position\":2,\"name\":\"Vesti\",\"item\":\"https:\\\/\\\/balkangreenenergynews.com\\\/rs\\\/kategorija\\\/vesti\\\/\"},{\"@type\":\"ListItem\",\"position\":3,\"name\":\"Elektri\u010dna energija\",\"item\":\"https:\\\/\\\/balkangreenenergynews.com\\\/rs\\\/kategorija\\\/vesti\\\/elektricna-energija\\\/\"},{\"@type\":\"ListItem\",\"position\":4,\"name\":\"Cena peleta ograni\u010dena na 245 evra\u00a0\"}]},{\"@type\":\"WebSite\",\"@id\":\"https:\\\/\\\/balkangreenenergynews.com\\\/rs\\\/#website\",\"url\":\"https:\\\/\\\/balkangreenenergynews.com\\\/rs\\\/\",\"name\":\"Balkan Green Energy News\",\"description\":\"Naj\u0161iri izbor vesti sa Balkana o zelenoj energiji\",\"potentialAction\":[{\"@type\":\"SearchAction\",\"target\":{\"@type\":\"EntryPoint\",\"urlTemplate\":\"https:\\\/\\\/balkangreenenergynews.com\\\/rs\\\/?s={search_term_string}\"},\"query-input\":{\"@type\":\"PropertyValueSpecification\",\"valueRequired\":true,\"valueName\":\"search_term_string\"}}],\"inLanguage\":\"sr-RS\"},{\"@type\":\"Person\",\"@id\":\"https:\\\/\\\/balkangreenenergynews.com\\\/rs\\\/#\\\/schema\\\/person\\\/99dc721c46113fea22caffad06ef7317\",\"name\":\"Vladimir Spasi\u0107\",\"url\":\"https:\\\/\\\/balkangreenenergynews.com\\\/rs\\\/author\\\/vladimir-spasic\\\/\"}]}<\/script>\n<!-- \/ Yoast SEO plugin. -->","yoast_head_json":{"title":"Cena peleta ograni\u010dena na 245 evra\u00a0","description":"U cilju spre\u010davanja neopravdanog rasta cena peleta Federacija Bosne i Hercegovine je odlu\u010dila da limitira njegovu najve\u0107u maloprodajnu cenu","robots":{"index":"index","follow":"follow","max-snippet":"max-snippet:-1","max-image-preview":"max-image-preview:large","max-video-preview":"max-video-preview:-1"},"canonical":"https:\/\/balkangreenenergynews.com\/rs\/cena-peleta-ogranicena-na-245-evra\/","og_locale":"sr_RS","og_type":"article","og_title":"Cena peleta ograni\u010dena na 245 evra\u00a0","og_description":"U cilju spre\u010davanja neopravdanog rasta cena peleta Federacija Bosne i Hercegovine je odlu\u010dila da limitira njegovu najve\u0107u maloprodajnu cenu","og_url":"https:\/\/balkangreenenergynews.com\/rs\/cena-peleta-ogranicena-na-245-evra\/","og_site_name":"Balkan Green Energy News","article_published_time":"2025-10-27T12:51:41+00:00","og_image":[{"width":840,"height":430,"url":"https:\/\/balkangreenenergynews.com\/rs\/wp-content\/uploads\/2025\/10\/bih-federacija-vlada-pelet-cena-maksimalna-cena-ogranicenje.jpg?wsr","type":"image\/jpeg"}],"author":"Vladimir Spasi\u0107","twitter_card":"summary_large_image","twitter_misc":{"\u041d\u0430\u043f\u0438\u0441\u0430\u043d\u043e \u043e\u0434":"Vladimir Spasi\u0107","\u041f\u0440\u043e\u0446\u0435\u045a\u0435\u043d\u043e \u0432\u0440\u0435\u043c\u0435 \u0447\u0438\u0442\u0430\u045a\u0430":"2 \u043c\u0438\u043d\u0443\u0442\u0430"},"schema":{"@context":"https:\/\/schema.org","@graph":[{"@type":"Article","@id":"https:\/\/balkangreenenergynews.com\/rs\/cena-peleta-ogranicena-na-245-evra\/#article","isPartOf":{"@id":"https:\/\/balkangreenenergynews.com\/rs\/cena-peleta-ogranicena-na-245-evra\/"},"author":{"name":"Vladimir Spasi\u0107","@id":"https:\/\/balkangreenenergynews.com\/rs\/#\/schema\/person\/99dc721c46113fea22caffad06ef7317"},"headline":"Cena peleta ograni\u010dena na 245 evra\u00a0","datePublished":"2025-10-27T12:51:41+00:00","mainEntityOfPage":{"@id":"https:\/\/balkangreenenergynews.com\/rs\/cena-peleta-ogranicena-na-245-evra\/"},"wordCount":351,"commentCount":0,"image":{"@id":"https:\/\/balkangreenenergynews.com\/rs\/cena-peleta-ogranicena-na-245-evra\/#primaryimage"},"thumbnailUrl":"https:\/\/balkangreenenergynews.com\/rs\/wp-content\/uploads\/2025\/10\/bih-federacija-vlada-pelet-cena-maksimalna-cena-ogranicenje.jpg?wsr","keywords":["BiH","pelet","Vlada Federacije BiH"],"articleSection":["Elektri\u010dna energija","OIE"],"inLanguage":"sr-RS","potentialAction":[{"@type":"CommentAction","name":"Comment","target":["https:\/\/balkangreenenergynews.com\/rs\/cena-peleta-ogranicena-na-245-evra\/#respond"]}]},{"@type":"WebPage","@id":"https:\/\/balkangreenenergynews.com\/rs\/cena-peleta-ogranicena-na-245-evra\/","url":"https:\/\/balkangreenenergynews.com\/rs\/cena-peleta-ogranicena-na-245-evra\/","name":"Cena peleta ograni\u010dena na 245 evra\u00a0","isPartOf":{"@id":"https:\/\/balkangreenenergynews.com\/rs\/#website"},"primaryImageOfPage":{"@id":"https:\/\/balkangreenenergynews.com\/rs\/cena-peleta-ogranicena-na-245-evra\/#primaryimage"},"image":{"@id":"https:\/\/balkangreenenergynews.com\/rs\/cena-peleta-ogranicena-na-245-evra\/#primaryimage"},"thumbnailUrl":"https:\/\/balkangreenenergynews.com\/rs\/wp-content\/uploads\/2025\/10\/bih-federacija-vlada-pelet-cena-maksimalna-cena-ogranicenje.jpg?wsr","datePublished":"2025-10-27T12:51:41+00:00","author":{"@id":"https:\/\/balkangreenenergynews.com\/rs\/#\/schema\/person\/99dc721c46113fea22caffad06ef7317"},"description":"U cilju spre\u010davanja neopravdanog rasta cena peleta Federacija Bosne i Hercegovine je odlu\u010dila da limitira njegovu najve\u0107u maloprodajnu cenu","breadcrumb":{"@id":"https:\/\/balkangreenenergynews.com\/rs\/cena-peleta-ogranicena-na-245-evra\/#breadcrumb"},"inLanguage":"sr-RS","potentialAction":[{"@type":"ReadAction","target":["https:\/\/balkangreenenergynews.com\/rs\/cena-peleta-ogranicena-na-245-evra\/"]}]},{"@type":"ImageObject","inLanguage":"sr-RS","@id":"https:\/\/balkangreenenergynews.com\/rs\/cena-peleta-ogranicena-na-245-evra\/#primaryimage","url":"https:\/\/balkangreenenergynews.com\/rs\/wp-content\/uploads\/2025\/10\/bih-federacija-vlada-pelet-cena-maksimalna-cena-ogranicenje.jpg?wsr","contentUrl":"https:\/\/balkangreenenergynews.com\/rs\/wp-content\/uploads\/2025\/10\/bih-federacija-vlada-pelet-cena-maksimalna-cena-ogranicenje.jpg?wsr","width":840,"height":430,"caption":"bih federacija vlada pelet cena maksimalna cena ogranicenje"},{"@type":"BreadcrumbList","@id":"https:\/\/balkangreenenergynews.com\/rs\/cena-peleta-ogranicena-na-245-evra\/#breadcrumb","itemListElement":[{"@type":"ListItem","position":1,"name":"Po\u010detna","item":"https:\/\/balkangreenenergynews.com\/rs\/"},{"@type":"ListItem","position":2,"name":"Vesti","item":"https:\/\/balkangreenenergynews.com\/rs\/kategorija\/vesti\/"},{"@type":"ListItem","position":3,"name":"Elektri\u010dna energija","item":"https:\/\/balkangreenenergynews.com\/rs\/kategorija\/vesti\/elektricna-energija\/"},{"@type":"ListItem","position":4,"name":"Cena peleta ograni\u010dena na 245 evra\u00a0"}]},{"@type":"WebSite","@id":"https:\/\/balkangreenenergynews.com\/rs\/#website","url":"https:\/\/balkangreenenergynews.com\/rs\/","name":"Balkan Green Energy News","description":"Naj\u0161iri izbor vesti sa Balkana o zelenoj energiji","potentialAction":[{"@type":"SearchAction","target":{"@type":"EntryPoint","urlTemplate":"https:\/\/balkangreenenergynews.com\/rs\/?s={search_term_string}"},"query-input":{"@type":"PropertyValueSpecification","valueRequired":true,"valueName":"search_term_string"}}],"inLanguage":"sr-RS"},{"@type":"Person","@id":"https:\/\/balkangreenenergynews.com\/rs\/#\/schema\/person\/99dc721c46113fea22caffad06ef7317","name":"Vladimir Spasi\u0107","url":"https:\/\/balkangreenenergynews.com\/rs\/author\/vladimir-spasic\/"}]}},"_links":{"self":[{"href":"https:\/\/balkangreenenergynews.com\/rs\/wp-json\/wp\/v2\/posts\/86104","targetHints":{"allow":["GET"]}}],"collection":[{"href":"https:\/\/balkangreenenergynews.com\/rs\/wp-json\/wp\/v2\/posts"}],"about":[{"href":"https:\/\/balkangreenenergynews.com\/rs\/wp-json\/wp\/v2\/types\/post"}],"author":[{"embeddable":true,"href":"https:\/\/balkangreenenergynews.com\/rs\/wp-json\/wp\/v2\/users\/23"}],"replies":[{"embeddable":true,"href":"https:\/\/balkangreenenergynews.com\/rs\/wp-json\/wp\/v2\/comments?post=86104"}],"version-history":[{"count":0,"href":"https:\/\/balkangreenenergynews.com\/rs\/wp-json\/wp\/v2\/posts\/86104\/revisions"}],"wp:featuredmedia":[{"embeddable":true,"href":"https:\/\/balkangreenenergynews.com\/rs\/wp-json\/wp\/v2\/media\/86105"}],"wp:attachment":[{"href":"https:\/\/balkangreenenergynews.com\/rs\/wp-json\/wp\/v2\/media?parent=86104"}],"wp:term":[{"taxonomy":"category","embeddable":true,"href":"https:\/\/balkangreenenergynews.com\/rs\/wp-json\/wp\/v2\/categories?post=86104"},{"taxonomy":"post_tag","embeddable":true,"href":"https:\/\/balkangreenenergynews.com\/rs\/wp-json\/wp\/v2\/tags?post=86104"}],"curies":[{"name":"wp","href":"https:\/\/api.w.org\/{rel}","templated":true}]}}