{"id":86026,"date":"2025-10-24T01:02:21","date_gmt":"2025-10-23T23:02:21","guid":{"rendered":"https:\/\/balkangreenenergynews.com\/rs\/?p=86026"},"modified":"2025-10-24T02:05:57","modified_gmt":"2025-10-24T00:05:57","slug":"crna-gora-italija-potpisale-memorandum-o-povezivanju-trzista-elektricne-energije","status":"publish","type":"post","link":"https:\/\/balkangreenenergynews.com\/rs\/crna-gora-italija-potpisale-memorandum-o-povezivanju-trzista-elektricne-energije\/","title":{"rendered":"Crna Gora, Italija potpisale memorandum o povezivanju tr\u017ei\u0161ta elektri\u010dne energije"},"content":{"rendered":"<h2>U Rimu je potpisan memorandum o razumevanju o povezivanju tr\u017ei\u0161ta elektri\u010dne energije izme\u0111u Italije i Crne Gore. Njime se otvara put za postavljanje drugog kabla interkonektora Monita koji prolazi ispod Jadranskog mora.<\/h2>\n<p>Ministar energetike i rudarstva Crne Gore Admir \u0160ahmanovi\u0107 (na fotografiji u sredini) i italijanski ministar \u017eivotne sredine i energetske bezbednosti <a href=\"https:\/\/balkangreenenergynews.com\/rs\/italija-ce-preostale-termoelektrane-na-ugalj-verovatno-prebaciti-u-rezervu\/\">\u0110ilberto Piketo Fratin<\/a> (levo) poru\u010dili su da energetska povezanost zna\u010di sigurniju budu\u0107nost, stabilnije snabdevanje i vi\u0161e mogu\u0107nosti za razvoj. Oni su u Rimu potpisali memorandum o razumevanju o povezivanju tr\u017ei\u0161ta elektri\u010dne energije.<\/p>\n<p>Prisustvovali su i crnogorski premijer <a href=\"https:\/\/balkangreenenergynews.com\/rs\/spajic-crna-gora-zeli-da-bude-zemlja-zelenih-data-centara\/\">Milojko Spaji\u0107<\/a> (desno) i ministarka javnih radova, prostornog planiranja i dr\u017eavne imovine Majda Ad\u017eovi\u0107. Ovaj sporazum otvara novo poglavlje saradnje izme\u0111u dve zemlje i dodatno ja\u010da poziciju Crne Gore na evropskoj energetskoj mapi, saop\u0161tilo je Ministarstvo energetike i rudarstva.<\/p>\n<h3>Spajanje tr\u017ei\u0161ta uz poja\u010davanje interkonekcije drugim kablom<\/h3>\n<p>Crne Gora i Italija su povezane elektroenergetskim interkonektorom Monita koji prolazi ispod Jadranskog mora. U novoj fazi bilateralne saradnje te\u017ee spajanju-uparivanju svojih tr\u017ei\u0161ta <em>(market coupling)<\/em> elektri\u010dne energije radi slobodnijeg protoka elektri\u010dne energije i sigurnijeg funkcionisanja sistema, ka\u017eu u ministarstvu.<\/p>\n<p>\u201eOvim sporazumom Crna Gora potvr\u0111uje svoj status pouzdanog partnera i energetskog mosta izme\u0111u regiona i Evrope. Nakon nekoliko godina stagnacije, ovo je veliki korak naprijed, jer nam omogu\u0107ava da pokrenemo nastavak projekta i <a href=\"https:\/\/balkangreenenergynews.com\/rs\/sahmanovic-druga-linija-podmorskog-kabla-sa-italijom-bice-instalirana-do-2031\/\">izgradnju druge \u017eile podmorskog kabla ka Italiji.<\/a> Ovo otvara mogu\u0107nosti da na\u0161a zelena, \u010dista energija postane prepoznatljiv izvozni proizvod, \u0161to zna\u010di nove prihode za privredu i ve\u0107u konkurentnost na evropskom tr\u017ei\u0161tu. Danas smo jo\u0161 jednom potvrdili dobrosusjedske odnose sa Italijom i pokazujemo da Crna Gora polako, ali sigurno, ulazi u evropsku porodicu kroz konkretne projekte i partnerstva. Ovo je korak koji na\u0161im gra\u0111anima donosi dugoro\u010dnu energetsku sigurnost, a na\u0161oj privredi nove \u0161anse za razvoj\u201c, poru\u010dio je \u0160ahmanovi\u0107.<\/p>\n<h3>O\u010dekuje se utrostru\u010davanje trgovanja na veleprodajnom tr\u017ei\u0161tu elektri\u010dne energije u Crnoj Gori<\/h3>\n<p>Na tr\u017ei\u0161tu elektri\u010dne energije Crne Gore u\u010destvuje 29 kompanija iz 13 zemalja. Od pokretanja tr\u017ei\u0161ta za dan unapred na Berzi elektri\u010dne energije (Belen ili MEPX), u aprilu 2023. godine, istrgovano je oko 900 gigavat-sati elektri\u010dne energije, dok ukupni obim, zajedno sa dugoro\u010dnim tr\u017ei\u0161tem, iznosi oko tri teravat-sata, stoji u objavi.<\/p>\n<p>Implementacija ovog memoranduma sa Italijom stvori\u0107e uslove za najmanje tri puta ve\u0107i obim trgovanja, jasniji cenovni signal za nove investicije i direktan doprinos ve\u0107oj sigurnosti snabdevanja, tvrdi ministarstvo.<\/p>\n<p>Nacionalni operatori sistema prenosa (TSO-ovi) Terna i Crnogorski elektroprenosni sistem (CGES) su prvi deo interkonekcije pustili u rad 2019. godine. U planu je dupliranje kapaciteta na 1,2 gigavata. \u0160ahmanovi\u0107 je nedavno izjavio da bi druga \u017eila trebalo da bude instalirana najkasnije 2031. godine.<\/p>\n<p>Projekat je procenjen na 500 miliona evra. Dupla linija omogu\u0107ava dvosmernu razmenu struje u isto vreme.<\/p>\n","protected":false},"excerpt":{"rendered":"<p>Novi sporazum utire put za spajanje tr\u017ei\u0161ta elektri\u010dne energije i polaganje drugog kabla interkonektora Monita preko dna Jadranskog mora<\/p>\n","protected":false},"author":27,"featured_media":86027,"comment_status":"open","ping_status":"open","sticky":false,"template":"","format":"standard","meta":{"_acf_changed":false,"_monsterinsights_skip_tracking":false,"_monsterinsights_sitenote_active":false,"_monsterinsights_sitenote_note":"","_monsterinsights_sitenote_category":0,"footnotes":""},"categories":[504],"tags":[7239,5131,111,3141,669,1854,7072,4517,1377,4699,413,938],"class_list":["post-86026","post","type-post","status-publish","format-standard","has-post-thumbnail","hentry","category-elektricna-energija","tag-admir-sahmanovic","tag-belen","tag-cges","tag-crnogorski-elektroprenosni-sistem","tag-elektricna-energija","tag-energetska-tranzicija","tag-interkonekcije","tag-mepx","tag-operator-prenosnog-sistema","tag-spajanje-trzista-elektricne-energije","tag-terna","tag-tso","country-crna-gora"],"acf":[],"yoast_head":"<!-- This site is optimized with the Yoast SEO plugin v27.4 - https:\/\/yoast.com\/product\/yoast-seo-wordpress\/ -->\n<title>Crna Gora, Italija potpisale memorandum o povezivanju tr\u017ei\u0161ta elektri\u010dne energije<\/title>\n<meta name=\"description\" content=\"Novi sporazum utire put za spajanje tr\u017ei\u0161ta elektri\u010dne energije i polaganje drugog kabla interkonektora Monita preko dna Jadranskog mora.\" \/>\n<meta name=\"robots\" content=\"index, follow, max-snippet:-1, max-image-preview:large, max-video-preview:-1\" \/>\n<link rel=\"canonical\" href=\"https:\/\/balkangreenenergynews.com\/rs\/crna-gora-italija-potpisale-memorandum-o-povezivanju-trzista-elektricne-energije\/\" \/>\n<meta property=\"og:locale\" content=\"sr_RS\" \/>\n<meta property=\"og:type\" content=\"article\" \/>\n<meta property=\"og:title\" content=\"Crna Gora, Italija potpisale memorandum o povezivanju tr\u017ei\u0161ta elektri\u010dne energije\" \/>\n<meta property=\"og:description\" content=\"Novi sporazum utire put za spajanje tr\u017ei\u0161ta elektri\u010dne energije i polaganje drugog kabla interkonektora Monita preko dna Jadranskog mora.\" \/>\n<meta property=\"og:url\" content=\"https:\/\/balkangreenenergynews.com\/rs\/crna-gora-italija-potpisale-memorandum-o-povezivanju-trzista-elektricne-energije\/\" \/>\n<meta property=\"og:site_name\" content=\"Balkan Green Energy News\" \/>\n<meta property=\"article:published_time\" content=\"2025-10-23T23:02:21+00:00\" \/>\n<meta property=\"article:modified_time\" content=\"2025-10-24T00:05:57+00:00\" \/>\n<meta property=\"og:image\" content=\"https:\/\/balkangreenenergynews.com\/rs\/wp-content\/uploads\/2025\/10\/Crna-Gora-Italija-memorandum-povezivanju-trzista-elektricne-energije.jpg?wsr\" \/>\n\t<meta property=\"og:image:width\" content=\"840\" \/>\n\t<meta property=\"og:image:height\" content=\"430\" \/>\n\t<meta property=\"og:image:type\" content=\"image\/jpeg\" \/>\n<meta name=\"author\" content=\"Igor Todorovi\u0107\" \/>\n<meta name=\"twitter:card\" content=\"summary_large_image\" \/>\n<meta name=\"twitter:label1\" content=\"\u041d\u0430\u043f\u0438\u0441\u0430\u043d\u043e \u043e\u0434\" \/>\n\t<meta name=\"twitter:data1\" content=\"Igor Todorovi\u0107\" \/>\n\t<meta name=\"twitter:label2\" content=\"\u041f\u0440\u043e\u0446\u0435\u045a\u0435\u043d\u043e \u0432\u0440\u0435\u043c\u0435 \u0447\u0438\u0442\u0430\u045a\u0430\" \/>\n\t<meta name=\"twitter:data2\" content=\"3 \u043c\u0438\u043d\u0443\u0442\u0430\" \/>\n<script type=\"application\/ld+json\" class=\"yoast-schema-graph\">{\"@context\":\"https:\\\/\\\/schema.org\",\"@graph\":[{\"@type\":\"Article\",\"@id\":\"https:\\\/\\\/balkangreenenergynews.com\\\/rs\\\/crna-gora-italija-potpisale-memorandum-o-povezivanju-trzista-elektricne-energije\\\/#article\",\"isPartOf\":{\"@id\":\"https:\\\/\\\/balkangreenenergynews.com\\\/rs\\\/crna-gora-italija-potpisale-memorandum-o-povezivanju-trzista-elektricne-energije\\\/\"},\"author\":{\"name\":\"Igor Todorovi\u0107\",\"@id\":\"https:\\\/\\\/balkangreenenergynews.com\\\/rs\\\/#\\\/schema\\\/person\\\/d8f80a244c4e9f2b55e4f6968c253246\"},\"headline\":\"Crna Gora, Italija potpisale memorandum o povezivanju tr\u017ei\u0161ta elektri\u010dne energije\",\"datePublished\":\"2025-10-23T23:02:21+00:00\",\"dateModified\":\"2025-10-24T00:05:57+00:00\",\"mainEntityOfPage\":{\"@id\":\"https:\\\/\\\/balkangreenenergynews.com\\\/rs\\\/crna-gora-italija-potpisale-memorandum-o-povezivanju-trzista-elektricne-energije\\\/\"},\"wordCount\":498,\"commentCount\":0,\"image\":{\"@id\":\"https:\\\/\\\/balkangreenenergynews.com\\\/rs\\\/crna-gora-italija-potpisale-memorandum-o-povezivanju-trzista-elektricne-energije\\\/#primaryimage\"},\"thumbnailUrl\":\"https:\\\/\\\/balkangreenenergynews.com\\\/rs\\\/wp-content\\\/uploads\\\/2025\\\/10\\\/Crna-Gora-Italija-memorandum-povezivanju-trzista-elektricne-energije.jpg?wsr\",\"keywords\":[\"Admir \u0160ahmanovi\u0107\",\"BELEN\",\"CGES\",\"Crnogorski elektroprenosni sistem\",\"elektri\u010dna energija\",\"energetska tranzicija\",\"interkonekcije\",\"MEPX\",\"operator prenosnog sistema\",\"spajanje tr\u017ei\u0161ta elektri\u010dne energije\",\"Terna\",\"TSO\"],\"articleSection\":[\"Elektri\u010dna energija\"],\"inLanguage\":\"sr-RS\",\"potentialAction\":[{\"@type\":\"CommentAction\",\"name\":\"Comment\",\"target\":[\"https:\\\/\\\/balkangreenenergynews.com\\\/rs\\\/crna-gora-italija-potpisale-memorandum-o-povezivanju-trzista-elektricne-energije\\\/#respond\"]}]},{\"@type\":\"WebPage\",\"@id\":\"https:\\\/\\\/balkangreenenergynews.com\\\/rs\\\/crna-gora-italija-potpisale-memorandum-o-povezivanju-trzista-elektricne-energije\\\/\",\"url\":\"https:\\\/\\\/balkangreenenergynews.com\\\/rs\\\/crna-gora-italija-potpisale-memorandum-o-povezivanju-trzista-elektricne-energije\\\/\",\"name\":\"Crna Gora, Italija potpisale memorandum o povezivanju tr\u017ei\u0161ta elektri\u010dne energije\",\"isPartOf\":{\"@id\":\"https:\\\/\\\/balkangreenenergynews.com\\\/rs\\\/#website\"},\"primaryImageOfPage\":{\"@id\":\"https:\\\/\\\/balkangreenenergynews.com\\\/rs\\\/crna-gora-italija-potpisale-memorandum-o-povezivanju-trzista-elektricne-energije\\\/#primaryimage\"},\"image\":{\"@id\":\"https:\\\/\\\/balkangreenenergynews.com\\\/rs\\\/crna-gora-italija-potpisale-memorandum-o-povezivanju-trzista-elektricne-energije\\\/#primaryimage\"},\"thumbnailUrl\":\"https:\\\/\\\/balkangreenenergynews.com\\\/rs\\\/wp-content\\\/uploads\\\/2025\\\/10\\\/Crna-Gora-Italija-memorandum-povezivanju-trzista-elektricne-energije.jpg?wsr\",\"datePublished\":\"2025-10-23T23:02:21+00:00\",\"dateModified\":\"2025-10-24T00:05:57+00:00\",\"author\":{\"@id\":\"https:\\\/\\\/balkangreenenergynews.com\\\/rs\\\/#\\\/schema\\\/person\\\/d8f80a244c4e9f2b55e4f6968c253246\"},\"description\":\"Novi sporazum utire put za spajanje tr\u017ei\u0161ta elektri\u010dne energije i polaganje drugog kabla interkonektora Monita preko dna Jadranskog mora.\",\"breadcrumb\":{\"@id\":\"https:\\\/\\\/balkangreenenergynews.com\\\/rs\\\/crna-gora-italija-potpisale-memorandum-o-povezivanju-trzista-elektricne-energije\\\/#breadcrumb\"},\"inLanguage\":\"sr-RS\",\"potentialAction\":[{\"@type\":\"ReadAction\",\"target\":[\"https:\\\/\\\/balkangreenenergynews.com\\\/rs\\\/crna-gora-italija-potpisale-memorandum-o-povezivanju-trzista-elektricne-energije\\\/\"]}]},{\"@type\":\"ImageObject\",\"inLanguage\":\"sr-RS\",\"@id\":\"https:\\\/\\\/balkangreenenergynews.com\\\/rs\\\/crna-gora-italija-potpisale-memorandum-o-povezivanju-trzista-elektricne-energije\\\/#primaryimage\",\"url\":\"https:\\\/\\\/balkangreenenergynews.com\\\/rs\\\/wp-content\\\/uploads\\\/2025\\\/10\\\/Crna-Gora-Italija-memorandum-povezivanju-trzista-elektricne-energije.jpg?wsr\",\"contentUrl\":\"https:\\\/\\\/balkangreenenergynews.com\\\/rs\\\/wp-content\\\/uploads\\\/2025\\\/10\\\/Crna-Gora-Italija-memorandum-povezivanju-trzista-elektricne-energije.jpg?wsr\",\"width\":840,\"height\":430,\"caption\":\"Crna Gora Italija memorandum povezivanju trzista elektricne energije\"},{\"@type\":\"BreadcrumbList\",\"@id\":\"https:\\\/\\\/balkangreenenergynews.com\\\/rs\\\/crna-gora-italija-potpisale-memorandum-o-povezivanju-trzista-elektricne-energije\\\/#breadcrumb\",\"itemListElement\":[{\"@type\":\"ListItem\",\"position\":1,\"name\":\"Po\u010detna\",\"item\":\"https:\\\/\\\/balkangreenenergynews.com\\\/rs\\\/\"},{\"@type\":\"ListItem\",\"position\":2,\"name\":\"Vesti\",\"item\":\"https:\\\/\\\/balkangreenenergynews.com\\\/rs\\\/kategorija\\\/vesti\\\/\"},{\"@type\":\"ListItem\",\"position\":3,\"name\":\"Elektri\u010dna energija\",\"item\":\"https:\\\/\\\/balkangreenenergynews.com\\\/rs\\\/kategorija\\\/vesti\\\/elektricna-energija\\\/\"},{\"@type\":\"ListItem\",\"position\":4,\"name\":\"Crna Gora, Italija potpisale memorandum o povezivanju tr\u017ei\u0161ta elektri\u010dne energije\"}]},{\"@type\":\"WebSite\",\"@id\":\"https:\\\/\\\/balkangreenenergynews.com\\\/rs\\\/#website\",\"url\":\"https:\\\/\\\/balkangreenenergynews.com\\\/rs\\\/\",\"name\":\"Balkan Green Energy News\",\"description\":\"Naj\u0161iri izbor vesti sa Balkana o zelenoj energiji\",\"potentialAction\":[{\"@type\":\"SearchAction\",\"target\":{\"@type\":\"EntryPoint\",\"urlTemplate\":\"https:\\\/\\\/balkangreenenergynews.com\\\/rs\\\/?s={search_term_string}\"},\"query-input\":{\"@type\":\"PropertyValueSpecification\",\"valueRequired\":true,\"valueName\":\"search_term_string\"}}],\"inLanguage\":\"sr-RS\"},{\"@type\":\"Person\",\"@id\":\"https:\\\/\\\/balkangreenenergynews.com\\\/rs\\\/#\\\/schema\\\/person\\\/d8f80a244c4e9f2b55e4f6968c253246\",\"name\":\"Igor Todorovi\u0107\",\"url\":\"https:\\\/\\\/balkangreenenergynews.com\\\/rs\\\/author\\\/igor-todorovic\\\/\"}]}<\/script>\n<!-- \/ Yoast SEO plugin. -->","yoast_head_json":{"title":"Crna Gora, Italija potpisale memorandum o povezivanju tr\u017ei\u0161ta elektri\u010dne energije","description":"Novi sporazum utire put za spajanje tr\u017ei\u0161ta elektri\u010dne energije i polaganje drugog kabla interkonektora Monita preko dna Jadranskog mora.","robots":{"index":"index","follow":"follow","max-snippet":"max-snippet:-1","max-image-preview":"max-image-preview:large","max-video-preview":"max-video-preview:-1"},"canonical":"https:\/\/balkangreenenergynews.com\/rs\/crna-gora-italija-potpisale-memorandum-o-povezivanju-trzista-elektricne-energije\/","og_locale":"sr_RS","og_type":"article","og_title":"Crna Gora, Italija potpisale memorandum o povezivanju tr\u017ei\u0161ta elektri\u010dne energije","og_description":"Novi sporazum utire put za spajanje tr\u017ei\u0161ta elektri\u010dne energije i polaganje drugog kabla interkonektora Monita preko dna Jadranskog mora.","og_url":"https:\/\/balkangreenenergynews.com\/rs\/crna-gora-italija-potpisale-memorandum-o-povezivanju-trzista-elektricne-energije\/","og_site_name":"Balkan Green Energy News","article_published_time":"2025-10-23T23:02:21+00:00","article_modified_time":"2025-10-24T00:05:57+00:00","og_image":[{"width":840,"height":430,"url":"https:\/\/balkangreenenergynews.com\/rs\/wp-content\/uploads\/2025\/10\/Crna-Gora-Italija-memorandum-povezivanju-trzista-elektricne-energije.jpg?wsr","type":"image\/jpeg"}],"author":"Igor Todorovi\u0107","twitter_card":"summary_large_image","twitter_misc":{"\u041d\u0430\u043f\u0438\u0441\u0430\u043d\u043e \u043e\u0434":"Igor Todorovi\u0107","\u041f\u0440\u043e\u0446\u0435\u045a\u0435\u043d\u043e \u0432\u0440\u0435\u043c\u0435 \u0447\u0438\u0442\u0430\u045a\u0430":"3 \u043c\u0438\u043d\u0443\u0442\u0430"},"schema":{"@context":"https:\/\/schema.org","@graph":[{"@type":"Article","@id":"https:\/\/balkangreenenergynews.com\/rs\/crna-gora-italija-potpisale-memorandum-o-povezivanju-trzista-elektricne-energije\/#article","isPartOf":{"@id":"https:\/\/balkangreenenergynews.com\/rs\/crna-gora-italija-potpisale-memorandum-o-povezivanju-trzista-elektricne-energije\/"},"author":{"name":"Igor Todorovi\u0107","@id":"https:\/\/balkangreenenergynews.com\/rs\/#\/schema\/person\/d8f80a244c4e9f2b55e4f6968c253246"},"headline":"Crna Gora, Italija potpisale memorandum o povezivanju tr\u017ei\u0161ta elektri\u010dne energije","datePublished":"2025-10-23T23:02:21+00:00","dateModified":"2025-10-24T00:05:57+00:00","mainEntityOfPage":{"@id":"https:\/\/balkangreenenergynews.com\/rs\/crna-gora-italija-potpisale-memorandum-o-povezivanju-trzista-elektricne-energije\/"},"wordCount":498,"commentCount":0,"image":{"@id":"https:\/\/balkangreenenergynews.com\/rs\/crna-gora-italija-potpisale-memorandum-o-povezivanju-trzista-elektricne-energije\/#primaryimage"},"thumbnailUrl":"https:\/\/balkangreenenergynews.com\/rs\/wp-content\/uploads\/2025\/10\/Crna-Gora-Italija-memorandum-povezivanju-trzista-elektricne-energije.jpg?wsr","keywords":["Admir \u0160ahmanovi\u0107","BELEN","CGES","Crnogorski elektroprenosni sistem","elektri\u010dna energija","energetska tranzicija","interkonekcije","MEPX","operator prenosnog sistema","spajanje tr\u017ei\u0161ta elektri\u010dne energije","Terna","TSO"],"articleSection":["Elektri\u010dna energija"],"inLanguage":"sr-RS","potentialAction":[{"@type":"CommentAction","name":"Comment","target":["https:\/\/balkangreenenergynews.com\/rs\/crna-gora-italija-potpisale-memorandum-o-povezivanju-trzista-elektricne-energije\/#respond"]}]},{"@type":"WebPage","@id":"https:\/\/balkangreenenergynews.com\/rs\/crna-gora-italija-potpisale-memorandum-o-povezivanju-trzista-elektricne-energije\/","url":"https:\/\/balkangreenenergynews.com\/rs\/crna-gora-italija-potpisale-memorandum-o-povezivanju-trzista-elektricne-energije\/","name":"Crna Gora, Italija potpisale memorandum o povezivanju tr\u017ei\u0161ta elektri\u010dne energije","isPartOf":{"@id":"https:\/\/balkangreenenergynews.com\/rs\/#website"},"primaryImageOfPage":{"@id":"https:\/\/balkangreenenergynews.com\/rs\/crna-gora-italija-potpisale-memorandum-o-povezivanju-trzista-elektricne-energije\/#primaryimage"},"image":{"@id":"https:\/\/balkangreenenergynews.com\/rs\/crna-gora-italija-potpisale-memorandum-o-povezivanju-trzista-elektricne-energije\/#primaryimage"},"thumbnailUrl":"https:\/\/balkangreenenergynews.com\/rs\/wp-content\/uploads\/2025\/10\/Crna-Gora-Italija-memorandum-povezivanju-trzista-elektricne-energije.jpg?wsr","datePublished":"2025-10-23T23:02:21+00:00","dateModified":"2025-10-24T00:05:57+00:00","author":{"@id":"https:\/\/balkangreenenergynews.com\/rs\/#\/schema\/person\/d8f80a244c4e9f2b55e4f6968c253246"},"description":"Novi sporazum utire put za spajanje tr\u017ei\u0161ta elektri\u010dne energije i polaganje drugog kabla interkonektora Monita preko dna Jadranskog mora.","breadcrumb":{"@id":"https:\/\/balkangreenenergynews.com\/rs\/crna-gora-italija-potpisale-memorandum-o-povezivanju-trzista-elektricne-energije\/#breadcrumb"},"inLanguage":"sr-RS","potentialAction":[{"@type":"ReadAction","target":["https:\/\/balkangreenenergynews.com\/rs\/crna-gora-italija-potpisale-memorandum-o-povezivanju-trzista-elektricne-energije\/"]}]},{"@type":"ImageObject","inLanguage":"sr-RS","@id":"https:\/\/balkangreenenergynews.com\/rs\/crna-gora-italija-potpisale-memorandum-o-povezivanju-trzista-elektricne-energije\/#primaryimage","url":"https:\/\/balkangreenenergynews.com\/rs\/wp-content\/uploads\/2025\/10\/Crna-Gora-Italija-memorandum-povezivanju-trzista-elektricne-energije.jpg?wsr","contentUrl":"https:\/\/balkangreenenergynews.com\/rs\/wp-content\/uploads\/2025\/10\/Crna-Gora-Italija-memorandum-povezivanju-trzista-elektricne-energije.jpg?wsr","width":840,"height":430,"caption":"Crna Gora Italija memorandum povezivanju trzista elektricne energije"},{"@type":"BreadcrumbList","@id":"https:\/\/balkangreenenergynews.com\/rs\/crna-gora-italija-potpisale-memorandum-o-povezivanju-trzista-elektricne-energije\/#breadcrumb","itemListElement":[{"@type":"ListItem","position":1,"name":"Po\u010detna","item":"https:\/\/balkangreenenergynews.com\/rs\/"},{"@type":"ListItem","position":2,"name":"Vesti","item":"https:\/\/balkangreenenergynews.com\/rs\/kategorija\/vesti\/"},{"@type":"ListItem","position":3,"name":"Elektri\u010dna energija","item":"https:\/\/balkangreenenergynews.com\/rs\/kategorija\/vesti\/elektricna-energija\/"},{"@type":"ListItem","position":4,"name":"Crna Gora, Italija potpisale memorandum o povezivanju tr\u017ei\u0161ta elektri\u010dne energije"}]},{"@type":"WebSite","@id":"https:\/\/balkangreenenergynews.com\/rs\/#website","url":"https:\/\/balkangreenenergynews.com\/rs\/","name":"Balkan Green Energy News","description":"Naj\u0161iri izbor vesti sa Balkana o zelenoj energiji","potentialAction":[{"@type":"SearchAction","target":{"@type":"EntryPoint","urlTemplate":"https:\/\/balkangreenenergynews.com\/rs\/?s={search_term_string}"},"query-input":{"@type":"PropertyValueSpecification","valueRequired":true,"valueName":"search_term_string"}}],"inLanguage":"sr-RS"},{"@type":"Person","@id":"https:\/\/balkangreenenergynews.com\/rs\/#\/schema\/person\/d8f80a244c4e9f2b55e4f6968c253246","name":"Igor Todorovi\u0107","url":"https:\/\/balkangreenenergynews.com\/rs\/author\/igor-todorovic\/"}]}},"_links":{"self":[{"href":"https:\/\/balkangreenenergynews.com\/rs\/wp-json\/wp\/v2\/posts\/86026","targetHints":{"allow":["GET"]}}],"collection":[{"href":"https:\/\/balkangreenenergynews.com\/rs\/wp-json\/wp\/v2\/posts"}],"about":[{"href":"https:\/\/balkangreenenergynews.com\/rs\/wp-json\/wp\/v2\/types\/post"}],"author":[{"embeddable":true,"href":"https:\/\/balkangreenenergynews.com\/rs\/wp-json\/wp\/v2\/users\/27"}],"replies":[{"embeddable":true,"href":"https:\/\/balkangreenenergynews.com\/rs\/wp-json\/wp\/v2\/comments?post=86026"}],"version-history":[{"count":0,"href":"https:\/\/balkangreenenergynews.com\/rs\/wp-json\/wp\/v2\/posts\/86026\/revisions"}],"wp:featuredmedia":[{"embeddable":true,"href":"https:\/\/balkangreenenergynews.com\/rs\/wp-json\/wp\/v2\/media\/86027"}],"wp:attachment":[{"href":"https:\/\/balkangreenenergynews.com\/rs\/wp-json\/wp\/v2\/media?parent=86026"}],"wp:term":[{"taxonomy":"category","embeddable":true,"href":"https:\/\/balkangreenenergynews.com\/rs\/wp-json\/wp\/v2\/categories?post=86026"},{"taxonomy":"post_tag","embeddable":true,"href":"https:\/\/balkangreenenergynews.com\/rs\/wp-json\/wp\/v2\/tags?post=86026"}],"curies":[{"name":"wp","href":"https:\/\/api.w.org\/{rel}","templated":true}]}}