{"id":85943,"date":"2025-10-22T14:42:14","date_gmt":"2025-10-22T12:42:14","guid":{"rendered":"https:\/\/balkangreenenergynews.com\/rs\/?p=85943"},"modified":"2025-10-22T17:09:23","modified_gmt":"2025-10-22T15:09:23","slug":"severna-makedonija-dobila-prvi-vodic-za-dekarbonizaciju-malih-preduzeca","status":"publish","type":"post","link":"https:\/\/balkangreenenergynews.com\/rs\/severna-makedonija-dobila-prvi-vodic-za-dekarbonizaciju-malih-preduzeca\/","title":{"rendered":"Severna Makedonija dobila prvi vodi\u010d za dekarbonizaciju malih preduzec\u0301a"},"content":{"rendered":"<h2>Privredna komora Severne Makedonije razvila je prvi vodi\u010d za dekarbonizaciju za mala preduzec\u0301a u zemlji. Vodi\u010d bi trebalo da pomogne privredi da se prilagodi kliamtskim pravilima, me\u0111u kojima je i prekograni\u010dna taksa na CO2 (CBAM) Evropske unije.<\/h2>\n<p>Digitalni alat pru\u017ea detaljna uputstva o najefikasnijim na\u010dinima za lokalne kompanije da smanje svoj ugljeni\u010dni otisak kao deo globalne borbe protiv klimatskih promena, saop\u0161tila je Privredna komora Severne Makedonije (Stopanska komora na Severna Makedonija).<\/p>\n<p>Klju\u010dna karakteristika platforme je kalkulator ugljeni\u010dnog otiska koji pokriva skoro 60 izvora energije i rashladnih sredstava. Dostupne su i informacije o klimatskim propisima EU i domac\u0301im propisima, kao i o moguc\u0301nostima finansiranja kao \u0161to su subvencije.<\/p>\n<p>Platforma, kako je navela Komora, predstavlja prakti\u010dne studije slu\u010daja i pri\u010de o uspehu vodec\u0301ih kompanija kako bi se istakle prednosti \u010diste energije.<\/p>\n<blockquote><p>Bo\u017einovska: Vodi\u010d za dekarbonizaciju predstavlja prekretnicu u zelenoj tranziciji na\u0161e zemlje<\/p><\/blockquote>\n<p>Komora je razvila vodi\u010d u saradnji sa savetodavnim timom Evropske investicione banke (EIB) i Delegacijom Evropske Unije u <a href=\"https:\/\/balkangreenenergynews.com\/rs\/mepso-dobio-pomoc-francuske-za-digitalizaciju-prenosne-mreze\/\">Severnoj Makedoniji<\/a>.<\/p>\n<p>Vodi\u010d je predstavljen u Skoplju na skupu kojem je prisustvovalo vi\u0161e od sto preduzetnika iz svih sektora severnomakedonske ekonomije.<\/p>\n<figure id=\"attachment_85946\" aria-describedby=\"caption-attachment-85946\" style=\"width: 840px\" class=\"wp-caption aligncenter\"><img loading=\"lazy\" decoding=\"async\" class=\"wp-image-85946 size-full\" src=\"https:\/\/balkangreenenergynews.com\/rs\/wp-content\/uploads\/2025\/10\/severna-makedonija-vodic-komora-firme-dekarbonizacija-bozinovska-sanja.jpg\" alt=\"severna makedonija vodic komora firme dekarbonizacija bozinovska sanja\" width=\"840\" height=\"430\" srcset=\"https:\/\/balkangreenenergynews.com\/rs\/wp-content\/uploads\/2025\/10\/severna-makedonija-vodic-komora-firme-dekarbonizacija-bozinovska-sanja.jpg 840w, https:\/\/balkangreenenergynews.com\/rs\/wp-content\/uploads\/2025\/10\/severna-makedonija-vodic-komora-firme-dekarbonizacija-bozinovska-sanja-500x256.jpg 500w, https:\/\/balkangreenenergynews.com\/rs\/wp-content\/uploads\/2025\/10\/severna-makedonija-vodic-komora-firme-dekarbonizacija-bozinovska-sanja-768x393.jpg 768w, https:\/\/balkangreenenergynews.com\/rs\/wp-content\/uploads\/2025\/10\/severna-makedonija-vodic-komora-firme-dekarbonizacija-bozinovska-sanja-300x154.jpg 300w\" sizes=\"auto, (max-width: 840px) 100vw, 840px\" \/><figcaption id=\"caption-attachment-85946\" class=\"wp-caption-text\">Sanja Bo\u017einovska (foto: Stopanska komora na Severna Makedonija)<\/figcaption><\/figure>\n<p>\u201cVodi\u010d za dekarbonizaciju predstavlja prekretnicu u zelenoj tranziciji na\u0161e zemlje, opremajuc\u0301i preduzec\u0301a alatima koji su im potrebni da deluju sada&#8220;, rekla je <a href=\"https:\/\/balkangreenenergynews.com\/rs\/severna-makedonija-dobila-zahteve-za-baterije-snage-42-gw\/\">Sanja Bo\u017einovska<\/a>, ministarka energetike, rudarstva i mineralnih resursa Severne Makedonije.<\/p>\n<p>Vodi\u010d je osmi\u0161ljen da pomogne kompanijama da smanje emisije gasova sa efektom staklene ba\u0161te i prilagode se me\u0111unarodnim klimatskim pravilima.<\/p>\n<p>Jedno od njih je porez EU na uvoz robe sa visokim sadr\u017eajem ugljenika &#8211; <a href=\"https:\/\/balkangreenenergynews.com\/rs\/energetska-zajednica-primena-cbam-a-sve-bliza-a-zapadni-balkan-jos-uvek-daleko-od-izuzeca\/\">Mehanizma za prekograni\u010dno prilago\u0111avanje ugljenika (CBAM)<\/a>, uz, kako ka\u017ee Komora, o\u010duvanje konkurentnosti. Ina\u010de, primena CBAM-a po\u010dinje 1. januara 2026. godine.<\/p>\n<blockquote><p>Vodi\u010d je objavljen na veb stranici\u00a0Privredne komore Severne Makedonije<\/p><\/blockquote>\n<p>Ovaj digitalni alat \u0107e pomoc\u0301i Severnoj Makedoniji da se krec\u0301e ka niskougljeni\u010dnoj ekonomiji, dodaju u Komori.<\/p>\n<p>Vodi\u010d je <a href=\"https:\/\/eur05.safelinks.protection.outlook.com\/?url=https%3A%2F%2Fdecarbonisation.mchamber.mk%2F&amp;data=05%7C02%7Cg.kovacevic%40ext.eib.org%7Cac65ef3f8e4442761cb508de0b2cd317%7C0b96d5d2d1534370a2c78a926f24c8a1%7C1%7C0%7C638960484301961377%7CUnknown%7CTWFpbGZsb3d8eyJFbXB0eU1hcGkiOnRydWUsIlYiOiIwLjAuMDAwMCIsIlAiOiJXaW4zMiIsIkFOIjoiTWFpbCIsIldUIjoyfQ%3D%3D%7C0%7C%7C%7C&amp;sdata=FJ4qYe6ASFNzBNE3WwDlGvoMq3I1CfcEKXMf%2Fdz1R9U%3D&amp;reserved=0\">objavljen<\/a> na veb stranici Komore, ima oblik interaktivne platforme i kreiran je uz finansiranje institucije EIB Global.<\/p>\n<p>Predstavnik EIB-a u Severnoj Makedoniji Bjorn Gabrijel rekao je da vodi\u010d dolazi u klju\u010dnom trenutku dok Severna Makedonija napreduje u svojoj zelenoj tranziciji i priprema se za predstojec\u0301e propise o ugljeniku.<\/p>\n<p>Prema re\u010dima\u00a0 ambasadora EU u Severnoj Makedoniji Mihalisa Rohasa, dekarbonizacija, energetska efikasnost i obnovljivi izvori energije su moc\u0301ni alati za izgradnju inovativnije, otpornije i konkurentnije ekonomije.<\/p>\n<p>Ako svako malo i srednje preduze\u0107e (MSP) preduzme barem nekoliko zna\u010dajnih koraka ka zelenijim poslovnim praksama, kombinovani uticaj na vi\u0161e od 68.000 firmi bic\u0301e zaista transformativan, tvrdi Rohas.<\/p>\n<figure id=\"attachment_85945\" aria-describedby=\"caption-attachment-85945\" style=\"width: 840px\" class=\"wp-caption aligncenter\"><img loading=\"lazy\" decoding=\"async\" class=\"wp-image-85945 size-full\" src=\"https:\/\/balkangreenenergynews.com\/rs\/wp-content\/uploads\/2025\/10\/severna-makedonija-vodic-komora-firme-dekarbonizacija-bozinovska-mihalis-rokas.jpg\" alt=\"severna makedonija vodic komora firme dekarbonizacija bozinovska mihalis rokas\" width=\"840\" height=\"430\" srcset=\"https:\/\/balkangreenenergynews.com\/rs\/wp-content\/uploads\/2025\/10\/severna-makedonija-vodic-komora-firme-dekarbonizacija-bozinovska-mihalis-rokas.jpg 840w, https:\/\/balkangreenenergynews.com\/rs\/wp-content\/uploads\/2025\/10\/severna-makedonija-vodic-komora-firme-dekarbonizacija-bozinovska-mihalis-rokas-500x256.jpg 500w, https:\/\/balkangreenenergynews.com\/rs\/wp-content\/uploads\/2025\/10\/severna-makedonija-vodic-komora-firme-dekarbonizacija-bozinovska-mihalis-rokas-768x393.jpg 768w, https:\/\/balkangreenenergynews.com\/rs\/wp-content\/uploads\/2025\/10\/severna-makedonija-vodic-komora-firme-dekarbonizacija-bozinovska-mihalis-rokas-300x154.jpg 300w\" sizes=\"auto, (max-width: 840px) 100vw, 840px\" \/><figcaption id=\"caption-attachment-85945\" class=\"wp-caption-text\">Mihalis Rokas (foto: Stopanska komora na Severna Makedonija)<\/figcaption><\/figure>\n","protected":false},"excerpt":{"rendered":"<p>Privredna komora Severne Makedonije, uz podr\u0161ku EU, razvila je prvi vodi\u010d za dekarbonizaciju za mala preduzec\u0301a u zemlji<\/p>\n","protected":false},"author":23,"featured_media":85944,"comment_status":"open","ping_status":"open","sticky":false,"template":"","format":"standard","meta":{"_acf_changed":false,"_monsterinsights_skip_tracking":false,"_monsterinsights_sitenote_active":false,"_monsterinsights_sitenote_note":"","_monsterinsights_sitenote_category":0,"footnotes":""},"categories":[504,5909],"tags":[6153,3279,2656,4220,652,4465,7078,6531,1109,6582,6588,7252],"class_list":["post-85943","post","type-post","status-publish","format-standard","has-post-thumbnail","hentry","category-elektricna-energija","category-klimatske-promene","tag-cbam","tag-dekarbonizacija","tag-emisije-co2","tag-emisije-gasova-sa-efektom-staklene-baste","tag-investicije","tag-niskougljenicni-razvoj","tag-sanja-bozinovska","tag-severna-makedonija","tag-subvencije","tag-ugljenicni-otisak-2","tag-ugljenik","tag-zelena-tranzicija","country-makedonija"],"acf":[],"yoast_head":"<!-- This site is optimized with the Yoast SEO plugin v27.4 - https:\/\/yoast.com\/product\/yoast-seo-wordpress\/ -->\n<title>Severna Makedonija dobila prvi vodi\u010d za dekarbonizaciju malih preduzec\u0301a<\/title>\n<meta name=\"description\" content=\"Privredna komora Severne Makedonije, uz podr\u0161ku EU, razvila je prvi vodi\u010d za dekarbonizaciju za mala preduzec\u0301a u zemlji\" \/>\n<meta name=\"robots\" content=\"index, follow, max-snippet:-1, max-image-preview:large, max-video-preview:-1\" \/>\n<link rel=\"canonical\" href=\"https:\/\/balkangreenenergynews.com\/rs\/severna-makedonija-dobila-prvi-vodic-za-dekarbonizaciju-malih-preduzeca\/\" \/>\n<meta property=\"og:locale\" content=\"sr_RS\" \/>\n<meta property=\"og:type\" content=\"article\" \/>\n<meta property=\"og:title\" content=\"Severna Makedonija dobila prvi vodi\u010d za dekarbonizaciju malih preduzec\u0301a\" \/>\n<meta property=\"og:description\" content=\"Privredna komora Severne Makedonije, uz podr\u0161ku EU, razvila je prvi vodi\u010d za dekarbonizaciju za mala preduzec\u0301a u zemlji\" \/>\n<meta property=\"og:url\" content=\"https:\/\/balkangreenenergynews.com\/rs\/severna-makedonija-dobila-prvi-vodic-za-dekarbonizaciju-malih-preduzeca\/\" \/>\n<meta property=\"og:site_name\" content=\"Balkan Green Energy News\" \/>\n<meta property=\"article:published_time\" content=\"2025-10-22T12:42:14+00:00\" \/>\n<meta property=\"article:modified_time\" content=\"2025-10-22T15:09:23+00:00\" \/>\n<meta property=\"og:image\" content=\"https:\/\/balkangreenenergynews.com\/rs\/wp-content\/uploads\/2025\/10\/severna-makedonija-vodic-firme-komora-dekarbonizacija-bozinovska-mihalis-rokas.jpg?wsr\" \/>\n\t<meta property=\"og:image:width\" content=\"840\" \/>\n\t<meta property=\"og:image:height\" content=\"430\" \/>\n\t<meta property=\"og:image:type\" content=\"image\/jpeg\" \/>\n<meta name=\"author\" content=\"Vladimir Spasi\u0107\" \/>\n<meta name=\"twitter:card\" content=\"summary_large_image\" \/>\n<meta name=\"twitter:label1\" content=\"\u041d\u0430\u043f\u0438\u0441\u0430\u043d\u043e \u043e\u0434\" \/>\n\t<meta name=\"twitter:data1\" content=\"Vladimir Spasi\u0107\" \/>\n\t<meta name=\"twitter:label2\" content=\"\u041f\u0440\u043e\u0446\u0435\u045a\u0435\u043d\u043e \u0432\u0440\u0435\u043c\u0435 \u0447\u0438\u0442\u0430\u045a\u0430\" \/>\n\t<meta name=\"twitter:data2\" content=\"3 \u043c\u0438\u043d\u0443\u0442\u0430\" \/>\n<script type=\"application\/ld+json\" class=\"yoast-schema-graph\">{\"@context\":\"https:\\\/\\\/schema.org\",\"@graph\":[{\"@type\":\"Article\",\"@id\":\"https:\\\/\\\/balkangreenenergynews.com\\\/rs\\\/severna-makedonija-dobila-prvi-vodic-za-dekarbonizaciju-malih-preduzeca\\\/#article\",\"isPartOf\":{\"@id\":\"https:\\\/\\\/balkangreenenergynews.com\\\/rs\\\/severna-makedonija-dobila-prvi-vodic-za-dekarbonizaciju-malih-preduzeca\\\/\"},\"author\":{\"name\":\"Vladimir Spasi\u0107\",\"@id\":\"https:\\\/\\\/balkangreenenergynews.com\\\/rs\\\/#\\\/schema\\\/person\\\/99dc721c46113fea22caffad06ef7317\"},\"headline\":\"Severna Makedonija dobila prvi vodi\u010d za dekarbonizaciju malih preduzec\u0301a\",\"datePublished\":\"2025-10-22T12:42:14+00:00\",\"dateModified\":\"2025-10-22T15:09:23+00:00\",\"mainEntityOfPage\":{\"@id\":\"https:\\\/\\\/balkangreenenergynews.com\\\/rs\\\/severna-makedonija-dobila-prvi-vodic-za-dekarbonizaciju-malih-preduzeca\\\/\"},\"wordCount\":475,\"commentCount\":0,\"image\":{\"@id\":\"https:\\\/\\\/balkangreenenergynews.com\\\/rs\\\/severna-makedonija-dobila-prvi-vodic-za-dekarbonizaciju-malih-preduzeca\\\/#primaryimage\"},\"thumbnailUrl\":\"https:\\\/\\\/balkangreenenergynews.com\\\/rs\\\/wp-content\\\/uploads\\\/2025\\\/10\\\/severna-makedonija-vodic-firme-komora-dekarbonizacija-bozinovska-mihalis-rokas.jpg?wsr\",\"keywords\":[\"CBAM\",\"dekarbonizacija\",\"emisije CO2\",\"emisije gasova sa efektom staklene ba\u0161te\",\"investicije\",\"niskougljeni\u010dni razvoj\",\"Sanja Bo\u017einovska\",\"Severna Makedonija\",\"subvencije\",\"ugljeni\u010dni otisak\",\"ugljenik\",\"zelena tranzicija\"],\"articleSection\":[\"Elektri\u010dna energija\",\"Klimatske promene\"],\"inLanguage\":\"sr-RS\",\"potentialAction\":[{\"@type\":\"CommentAction\",\"name\":\"Comment\",\"target\":[\"https:\\\/\\\/balkangreenenergynews.com\\\/rs\\\/severna-makedonija-dobila-prvi-vodic-za-dekarbonizaciju-malih-preduzeca\\\/#respond\"]}]},{\"@type\":\"WebPage\",\"@id\":\"https:\\\/\\\/balkangreenenergynews.com\\\/rs\\\/severna-makedonija-dobila-prvi-vodic-za-dekarbonizaciju-malih-preduzeca\\\/\",\"url\":\"https:\\\/\\\/balkangreenenergynews.com\\\/rs\\\/severna-makedonija-dobila-prvi-vodic-za-dekarbonizaciju-malih-preduzeca\\\/\",\"name\":\"Severna Makedonija dobila prvi vodi\u010d za dekarbonizaciju malih preduzec\u0301a\",\"isPartOf\":{\"@id\":\"https:\\\/\\\/balkangreenenergynews.com\\\/rs\\\/#website\"},\"primaryImageOfPage\":{\"@id\":\"https:\\\/\\\/balkangreenenergynews.com\\\/rs\\\/severna-makedonija-dobila-prvi-vodic-za-dekarbonizaciju-malih-preduzeca\\\/#primaryimage\"},\"image\":{\"@id\":\"https:\\\/\\\/balkangreenenergynews.com\\\/rs\\\/severna-makedonija-dobila-prvi-vodic-za-dekarbonizaciju-malih-preduzeca\\\/#primaryimage\"},\"thumbnailUrl\":\"https:\\\/\\\/balkangreenenergynews.com\\\/rs\\\/wp-content\\\/uploads\\\/2025\\\/10\\\/severna-makedonija-vodic-firme-komora-dekarbonizacija-bozinovska-mihalis-rokas.jpg?wsr\",\"datePublished\":\"2025-10-22T12:42:14+00:00\",\"dateModified\":\"2025-10-22T15:09:23+00:00\",\"author\":{\"@id\":\"https:\\\/\\\/balkangreenenergynews.com\\\/rs\\\/#\\\/schema\\\/person\\\/99dc721c46113fea22caffad06ef7317\"},\"description\":\"Privredna komora Severne Makedonije, uz podr\u0161ku EU, razvila je prvi vodi\u010d za dekarbonizaciju za mala preduzec\u0301a u zemlji\",\"breadcrumb\":{\"@id\":\"https:\\\/\\\/balkangreenenergynews.com\\\/rs\\\/severna-makedonija-dobila-prvi-vodic-za-dekarbonizaciju-malih-preduzeca\\\/#breadcrumb\"},\"inLanguage\":\"sr-RS\",\"potentialAction\":[{\"@type\":\"ReadAction\",\"target\":[\"https:\\\/\\\/balkangreenenergynews.com\\\/rs\\\/severna-makedonija-dobila-prvi-vodic-za-dekarbonizaciju-malih-preduzeca\\\/\"]}]},{\"@type\":\"ImageObject\",\"inLanguage\":\"sr-RS\",\"@id\":\"https:\\\/\\\/balkangreenenergynews.com\\\/rs\\\/severna-makedonija-dobila-prvi-vodic-za-dekarbonizaciju-malih-preduzeca\\\/#primaryimage\",\"url\":\"https:\\\/\\\/balkangreenenergynews.com\\\/rs\\\/wp-content\\\/uploads\\\/2025\\\/10\\\/severna-makedonija-vodic-firme-komora-dekarbonizacija-bozinovska-mihalis-rokas.jpg?wsr\",\"contentUrl\":\"https:\\\/\\\/balkangreenenergynews.com\\\/rs\\\/wp-content\\\/uploads\\\/2025\\\/10\\\/severna-makedonija-vodic-firme-komora-dekarbonizacija-bozinovska-mihalis-rokas.jpg?wsr\",\"width\":840,\"height\":430,\"caption\":\"severna makedonija vodic firme komora dekarbonizacija bozinovska mihalis rokas\"},{\"@type\":\"BreadcrumbList\",\"@id\":\"https:\\\/\\\/balkangreenenergynews.com\\\/rs\\\/severna-makedonija-dobila-prvi-vodic-za-dekarbonizaciju-malih-preduzeca\\\/#breadcrumb\",\"itemListElement\":[{\"@type\":\"ListItem\",\"position\":1,\"name\":\"Po\u010detna\",\"item\":\"https:\\\/\\\/balkangreenenergynews.com\\\/rs\\\/\"},{\"@type\":\"ListItem\",\"position\":2,\"name\":\"Vesti\",\"item\":\"https:\\\/\\\/balkangreenenergynews.com\\\/rs\\\/kategorija\\\/vesti\\\/\"},{\"@type\":\"ListItem\",\"position\":3,\"name\":\"Elektri\u010dna energija\",\"item\":\"https:\\\/\\\/balkangreenenergynews.com\\\/rs\\\/kategorija\\\/vesti\\\/elektricna-energija\\\/\"},{\"@type\":\"ListItem\",\"position\":4,\"name\":\"Severna Makedonija dobila prvi vodi\u010d za dekarbonizaciju malih preduzec\u0301a\"}]},{\"@type\":\"WebSite\",\"@id\":\"https:\\\/\\\/balkangreenenergynews.com\\\/rs\\\/#website\",\"url\":\"https:\\\/\\\/balkangreenenergynews.com\\\/rs\\\/\",\"name\":\"Balkan Green Energy News\",\"description\":\"Naj\u0161iri izbor vesti sa Balkana o zelenoj energiji\",\"potentialAction\":[{\"@type\":\"SearchAction\",\"target\":{\"@type\":\"EntryPoint\",\"urlTemplate\":\"https:\\\/\\\/balkangreenenergynews.com\\\/rs\\\/?s={search_term_string}\"},\"query-input\":{\"@type\":\"PropertyValueSpecification\",\"valueRequired\":true,\"valueName\":\"search_term_string\"}}],\"inLanguage\":\"sr-RS\"},{\"@type\":\"Person\",\"@id\":\"https:\\\/\\\/balkangreenenergynews.com\\\/rs\\\/#\\\/schema\\\/person\\\/99dc721c46113fea22caffad06ef7317\",\"name\":\"Vladimir Spasi\u0107\",\"url\":\"https:\\\/\\\/balkangreenenergynews.com\\\/rs\\\/author\\\/vladimir-spasic\\\/\"}]}<\/script>\n<!-- \/ Yoast SEO plugin. -->","yoast_head_json":{"title":"Severna Makedonija dobila prvi vodi\u010d za dekarbonizaciju malih preduzec\u0301a","description":"Privredna komora Severne Makedonije, uz podr\u0161ku EU, razvila je prvi vodi\u010d za dekarbonizaciju za mala preduzec\u0301a u zemlji","robots":{"index":"index","follow":"follow","max-snippet":"max-snippet:-1","max-image-preview":"max-image-preview:large","max-video-preview":"max-video-preview:-1"},"canonical":"https:\/\/balkangreenenergynews.com\/rs\/severna-makedonija-dobila-prvi-vodic-za-dekarbonizaciju-malih-preduzeca\/","og_locale":"sr_RS","og_type":"article","og_title":"Severna Makedonija dobila prvi vodi\u010d za dekarbonizaciju malih preduzec\u0301a","og_description":"Privredna komora Severne Makedonije, uz podr\u0161ku EU, razvila je prvi vodi\u010d za dekarbonizaciju za mala preduzec\u0301a u zemlji","og_url":"https:\/\/balkangreenenergynews.com\/rs\/severna-makedonija-dobila-prvi-vodic-za-dekarbonizaciju-malih-preduzeca\/","og_site_name":"Balkan Green Energy News","article_published_time":"2025-10-22T12:42:14+00:00","article_modified_time":"2025-10-22T15:09:23+00:00","og_image":[{"width":840,"height":430,"url":"https:\/\/balkangreenenergynews.com\/rs\/wp-content\/uploads\/2025\/10\/severna-makedonija-vodic-firme-komora-dekarbonizacija-bozinovska-mihalis-rokas.jpg?wsr","type":"image\/jpeg"}],"author":"Vladimir Spasi\u0107","twitter_card":"summary_large_image","twitter_misc":{"\u041d\u0430\u043f\u0438\u0441\u0430\u043d\u043e \u043e\u0434":"Vladimir Spasi\u0107","\u041f\u0440\u043e\u0446\u0435\u045a\u0435\u043d\u043e \u0432\u0440\u0435\u043c\u0435 \u0447\u0438\u0442\u0430\u045a\u0430":"3 \u043c\u0438\u043d\u0443\u0442\u0430"},"schema":{"@context":"https:\/\/schema.org","@graph":[{"@type":"Article","@id":"https:\/\/balkangreenenergynews.com\/rs\/severna-makedonija-dobila-prvi-vodic-za-dekarbonizaciju-malih-preduzeca\/#article","isPartOf":{"@id":"https:\/\/balkangreenenergynews.com\/rs\/severna-makedonija-dobila-prvi-vodic-za-dekarbonizaciju-malih-preduzeca\/"},"author":{"name":"Vladimir Spasi\u0107","@id":"https:\/\/balkangreenenergynews.com\/rs\/#\/schema\/person\/99dc721c46113fea22caffad06ef7317"},"headline":"Severna Makedonija dobila prvi vodi\u010d za dekarbonizaciju malih preduzec\u0301a","datePublished":"2025-10-22T12:42:14+00:00","dateModified":"2025-10-22T15:09:23+00:00","mainEntityOfPage":{"@id":"https:\/\/balkangreenenergynews.com\/rs\/severna-makedonija-dobila-prvi-vodic-za-dekarbonizaciju-malih-preduzeca\/"},"wordCount":475,"commentCount":0,"image":{"@id":"https:\/\/balkangreenenergynews.com\/rs\/severna-makedonija-dobila-prvi-vodic-za-dekarbonizaciju-malih-preduzeca\/#primaryimage"},"thumbnailUrl":"https:\/\/balkangreenenergynews.com\/rs\/wp-content\/uploads\/2025\/10\/severna-makedonija-vodic-firme-komora-dekarbonizacija-bozinovska-mihalis-rokas.jpg?wsr","keywords":["CBAM","dekarbonizacija","emisije CO2","emisije gasova sa efektom staklene ba\u0161te","investicije","niskougljeni\u010dni razvoj","Sanja Bo\u017einovska","Severna Makedonija","subvencije","ugljeni\u010dni otisak","ugljenik","zelena tranzicija"],"articleSection":["Elektri\u010dna energija","Klimatske promene"],"inLanguage":"sr-RS","potentialAction":[{"@type":"CommentAction","name":"Comment","target":["https:\/\/balkangreenenergynews.com\/rs\/severna-makedonija-dobila-prvi-vodic-za-dekarbonizaciju-malih-preduzeca\/#respond"]}]},{"@type":"WebPage","@id":"https:\/\/balkangreenenergynews.com\/rs\/severna-makedonija-dobila-prvi-vodic-za-dekarbonizaciju-malih-preduzeca\/","url":"https:\/\/balkangreenenergynews.com\/rs\/severna-makedonija-dobila-prvi-vodic-za-dekarbonizaciju-malih-preduzeca\/","name":"Severna Makedonija dobila prvi vodi\u010d za dekarbonizaciju malih preduzec\u0301a","isPartOf":{"@id":"https:\/\/balkangreenenergynews.com\/rs\/#website"},"primaryImageOfPage":{"@id":"https:\/\/balkangreenenergynews.com\/rs\/severna-makedonija-dobila-prvi-vodic-za-dekarbonizaciju-malih-preduzeca\/#primaryimage"},"image":{"@id":"https:\/\/balkangreenenergynews.com\/rs\/severna-makedonija-dobila-prvi-vodic-za-dekarbonizaciju-malih-preduzeca\/#primaryimage"},"thumbnailUrl":"https:\/\/balkangreenenergynews.com\/rs\/wp-content\/uploads\/2025\/10\/severna-makedonija-vodic-firme-komora-dekarbonizacija-bozinovska-mihalis-rokas.jpg?wsr","datePublished":"2025-10-22T12:42:14+00:00","dateModified":"2025-10-22T15:09:23+00:00","author":{"@id":"https:\/\/balkangreenenergynews.com\/rs\/#\/schema\/person\/99dc721c46113fea22caffad06ef7317"},"description":"Privredna komora Severne Makedonije, uz podr\u0161ku EU, razvila je prvi vodi\u010d za dekarbonizaciju za mala preduzec\u0301a u zemlji","breadcrumb":{"@id":"https:\/\/balkangreenenergynews.com\/rs\/severna-makedonija-dobila-prvi-vodic-za-dekarbonizaciju-malih-preduzeca\/#breadcrumb"},"inLanguage":"sr-RS","potentialAction":[{"@type":"ReadAction","target":["https:\/\/balkangreenenergynews.com\/rs\/severna-makedonija-dobila-prvi-vodic-za-dekarbonizaciju-malih-preduzeca\/"]}]},{"@type":"ImageObject","inLanguage":"sr-RS","@id":"https:\/\/balkangreenenergynews.com\/rs\/severna-makedonija-dobila-prvi-vodic-za-dekarbonizaciju-malih-preduzeca\/#primaryimage","url":"https:\/\/balkangreenenergynews.com\/rs\/wp-content\/uploads\/2025\/10\/severna-makedonija-vodic-firme-komora-dekarbonizacija-bozinovska-mihalis-rokas.jpg?wsr","contentUrl":"https:\/\/balkangreenenergynews.com\/rs\/wp-content\/uploads\/2025\/10\/severna-makedonija-vodic-firme-komora-dekarbonizacija-bozinovska-mihalis-rokas.jpg?wsr","width":840,"height":430,"caption":"severna makedonija vodic firme komora dekarbonizacija bozinovska mihalis rokas"},{"@type":"BreadcrumbList","@id":"https:\/\/balkangreenenergynews.com\/rs\/severna-makedonija-dobila-prvi-vodic-za-dekarbonizaciju-malih-preduzeca\/#breadcrumb","itemListElement":[{"@type":"ListItem","position":1,"name":"Po\u010detna","item":"https:\/\/balkangreenenergynews.com\/rs\/"},{"@type":"ListItem","position":2,"name":"Vesti","item":"https:\/\/balkangreenenergynews.com\/rs\/kategorija\/vesti\/"},{"@type":"ListItem","position":3,"name":"Elektri\u010dna energija","item":"https:\/\/balkangreenenergynews.com\/rs\/kategorija\/vesti\/elektricna-energija\/"},{"@type":"ListItem","position":4,"name":"Severna Makedonija dobila prvi vodi\u010d za dekarbonizaciju malih preduzec\u0301a"}]},{"@type":"WebSite","@id":"https:\/\/balkangreenenergynews.com\/rs\/#website","url":"https:\/\/balkangreenenergynews.com\/rs\/","name":"Balkan Green Energy News","description":"Naj\u0161iri izbor vesti sa Balkana o zelenoj energiji","potentialAction":[{"@type":"SearchAction","target":{"@type":"EntryPoint","urlTemplate":"https:\/\/balkangreenenergynews.com\/rs\/?s={search_term_string}"},"query-input":{"@type":"PropertyValueSpecification","valueRequired":true,"valueName":"search_term_string"}}],"inLanguage":"sr-RS"},{"@type":"Person","@id":"https:\/\/balkangreenenergynews.com\/rs\/#\/schema\/person\/99dc721c46113fea22caffad06ef7317","name":"Vladimir Spasi\u0107","url":"https:\/\/balkangreenenergynews.com\/rs\/author\/vladimir-spasic\/"}]}},"_links":{"self":[{"href":"https:\/\/balkangreenenergynews.com\/rs\/wp-json\/wp\/v2\/posts\/85943","targetHints":{"allow":["GET"]}}],"collection":[{"href":"https:\/\/balkangreenenergynews.com\/rs\/wp-json\/wp\/v2\/posts"}],"about":[{"href":"https:\/\/balkangreenenergynews.com\/rs\/wp-json\/wp\/v2\/types\/post"}],"author":[{"embeddable":true,"href":"https:\/\/balkangreenenergynews.com\/rs\/wp-json\/wp\/v2\/users\/23"}],"replies":[{"embeddable":true,"href":"https:\/\/balkangreenenergynews.com\/rs\/wp-json\/wp\/v2\/comments?post=85943"}],"version-history":[{"count":0,"href":"https:\/\/balkangreenenergynews.com\/rs\/wp-json\/wp\/v2\/posts\/85943\/revisions"}],"wp:featuredmedia":[{"embeddable":true,"href":"https:\/\/balkangreenenergynews.com\/rs\/wp-json\/wp\/v2\/media\/85944"}],"wp:attachment":[{"href":"https:\/\/balkangreenenergynews.com\/rs\/wp-json\/wp\/v2\/media?parent=85943"}],"wp:term":[{"taxonomy":"category","embeddable":true,"href":"https:\/\/balkangreenenergynews.com\/rs\/wp-json\/wp\/v2\/categories?post=85943"},{"taxonomy":"post_tag","embeddable":true,"href":"https:\/\/balkangreenenergynews.com\/rs\/wp-json\/wp\/v2\/tags?post=85943"}],"curies":[{"name":"wp","href":"https:\/\/api.w.org\/{rel}","templated":true}]}}