{"id":84118,"date":"2025-09-09T13:52:11","date_gmt":"2025-09-09T11:52:11","guid":{"rendered":"https:\/\/balkangreenenergynews.com\/rs\/?p=84118"},"modified":"2025-09-12T12:45:16","modified_gmt":"2025-09-12T10:45:16","slug":"severna-makedonija-pokrenula-projekat-za-zamenu-taksija-elektricnim-vozilima","status":"publish","type":"post","link":"https:\/\/balkangreenenergynews.com\/rs\/severna-makedonija-pokrenula-projekat-za-zamenu-taksija-elektricnim-vozilima\/","title":{"rendered":"Severna Makedonija pokrenula projekat za zamenu taksija elektri\u010dnim vozilima"},"content":{"rendered":"<h2>Severna Makedonija planira da subvencioni\u0161e kupovinu 200 elektri\u010dnih vozila za taksiste kako bi unapredila prevoz u gradovima i smanjila zaga\u0111enje vazduha.<\/h2>\n<p>Prvi potez u elektrifikaciji gradskog prevoza u zemlji najavio je pro\u0161le godina premijer Hristijan Mickoski kroz <a href=\"https:\/\/balkangreenenergynews.com\/rs\/severna-makedonija-ce-nabaviti-elektricne-autobuse-za-gradski-prevoz\/\">nabavku 100-120 elektri\u010dnih autobusa<\/a>.<\/p>\n<p>Sada su u Skoplju Ministarstvo \u017eivotne sredine i prostornog planiranja i Unija udru\u017eenja taksista predstavili projekat subvencionisanja prvih 200 elektri\u010dnih vozila za taksiste, kao deo napora za \u010distiji, ti\u0161i i efikasniji gradski prevoz za gra\u0111ane Skoplja i cele zemlje, saop\u0161tilo je Ministarstvo.<\/p>\n<p>Dve strane potpisale su Memorandum o saradnji.<\/p>\n<blockquote><p>Prose\u010dna cena elektri\u010dnog automobila je 28.000 evra<\/p><\/blockquote>\n<p>Ina\u010de, Skoplje se \u010desto nalazi me\u0111u gradovima sa <a href=\"https:\/\/balkangreenenergynews.com\/rs\/vazduh-u-regionu-alarmantno-zagadjen\/\">najzaga\u0111enijim vazduhom u svetu<\/a>.<\/p>\n<p>Izet Med\u017eiti, prvi potpredsednik Vlade i ministar \u017eivotne sredine i prostornog planiranja, rekao je da ovaj projekat predstavlja konkretan i va\u017ean korak ka transformaciji gradskog prevoza i deo je strategije za borbu protiv zaga\u0111enja vazduha i pobolj\u0161anje kvaliteta gradskog \u017eivota.<\/p>\n<figure id=\"attachment_84122\" aria-describedby=\"caption-attachment-84122\" style=\"width: 840px\" class=\"wp-caption aligncenter\"><img loading=\"lazy\" decoding=\"async\" class=\"wp-image-84122 size-full\" src=\"https:\/\/balkangreenenergynews.com\/rs\/wp-content\/uploads\/2025\/09\/severna-makedonija-taksi-elektricna-vozila-medziti-rusiti-skoplje.jpg\" alt=\"severna makedonija taksi elektricna vozila medziti rusiti skoplje\" width=\"840\" height=\"430\" srcset=\"https:\/\/balkangreenenergynews.com\/rs\/wp-content\/uploads\/2025\/09\/severna-makedonija-taksi-elektricna-vozila-medziti-rusiti-skoplje.jpg 840w, https:\/\/balkangreenenergynews.com\/rs\/wp-content\/uploads\/2025\/09\/severna-makedonija-taksi-elektricna-vozila-medziti-rusiti-skoplje-500x256.jpg 500w, https:\/\/balkangreenenergynews.com\/rs\/wp-content\/uploads\/2025\/09\/severna-makedonija-taksi-elektricna-vozila-medziti-rusiti-skoplje-768x393.jpg 768w, https:\/\/balkangreenenergynews.com\/rs\/wp-content\/uploads\/2025\/09\/severna-makedonija-taksi-elektricna-vozila-medziti-rusiti-skoplje-300x154.jpg 300w\" sizes=\"auto, (max-width: 840px) 100vw, 840px\" \/><figcaption id=\"caption-attachment-84122\" class=\"wp-caption-text\">Foto: Ministarstvo \u017eivotne sredine i prostornog planiranja<\/figcaption><\/figure>\n<p>Ministarstvo i Udru\u017eenje su javnosti predstavili elektri\u010dno vozilo sa, kako je navedeno, visokim ekolo\u0161kim standardima &#8211; bez zaga\u0111ujuc\u0301ih emisija, bez buke i sa visokom energetskom efikasno\u0161c\u0301u. Med\u017eiti je najavio da \u0107e ova vozila kroz nekoliko faza sada\u0161nja vozila koja rade na dizel, benzin ili prirodni gas, donosec\u0301i velike koristi gra\u0111anima, taksistima i \u017eivotnoj sredini.<\/p>\n<p>Prose\u010dna cena elektri\u010dnog automobila je 28.000 evra, ukupni tro\u0161kovi za 200 automobila su oko 5,6 miliona evra, dok c\u0301e subvencija Ministarstva biti 15 odsto ili oko 840.000 evra.<\/p>\n<blockquote><p>Doc\u0301i \u0107e do zna\u010dajnog smanjenja zaga\u0111enja bukom<\/p><\/blockquote>\n<p>Med\u017eiti je naveo da \u0107e zamena ovih automobila doneti smanjenje ve\u0107e od 2.700 tona CO2 godi\u0161nje, \u0161to je uticaj uporediv sa sadnjom vi\u0161e od 120.000 drveta. Tako\u0111e je rekao da c\u0301e doc\u0301i do zna\u010dajnog smanjenja gradske buke, posebno u stambenim podru\u010djima.<\/p>\n<p>On je podsetio da je Ministarstvo dosad pokrenulo <a href=\"https:\/\/balkangreenenergynews.com\/rs\/skoplje-uvodi-deljenje-elektricnih-automobila\/\">sistem deljenja automobila<\/a> sa prvih 100 elektri\u010dnih vozila, kao i sistem za javnu upotrebu elektri\u010dnih skutera i bicikala u nekoliko gradova.<\/p>\n<p>U saradnji sa Evropskom unijom, kroz program \u201cEU za \u010dist vazduh\u201d, donirano je \u0161est elektri\u010dnih autobusa gradu Skoplju, povec\u0301ani kapaciteti za prac\u0301enje zaga\u0111enja vazduha i posa\u0111eno desetine hiljada sadnica \u0161irom zemlje, istakao je Med\u017eiti.<\/p>\n<p>Abdula Ru\u0161iti, predsednik Udru\u017eenja, izjavio je da \u0107e najve\u0107u koristi od projekat imati\u00a0gra\u0111ani koji c\u0301e udisati \u010dist vazduh. Oko tri do \u010detiri hiljade taksista vozi u Skoplju svakog dana, \u0161to je veliko zaga\u0111enje, istakao je Ru\u0161iti.<\/p>\n","protected":false},"excerpt":{"rendered":"<p>Zemlja planira da subvencioni\u0161e kupovinu 200 elektri\u010dnih vozila za taksiste kako bi unapredila prevoz u gradovima i smanjila zaga\u0111enje<\/p>\n","protected":false},"author":23,"featured_media":84124,"comment_status":"open","ping_status":"open","sticky":false,"template":"","format":"standard","meta":{"_acf_changed":false,"_monsterinsights_skip_tracking":false,"_monsterinsights_sitenote_active":false,"_monsterinsights_sitenote_note":"","_monsterinsights_sitenote_category":0,"footnotes":""},"categories":[7],"tags":[707,2472,1337,1109,5963,910],"class_list":["post-84118","post","type-post","status-publish","format-standard","has-post-thumbnail","hentry","category-mobilnost","tag-elektricna-vozila","tag-elektricni-autobusi","tag-elektricni-automobili","tag-subvencije","tag-zagadenje-bukom","tag-zagadenje-vazduha","country-makedonija"],"acf":[],"yoast_head":"<!-- This site is optimized with the Yoast SEO plugin v27.4 - https:\/\/yoast.com\/product\/yoast-seo-wordpress\/ -->\n<title>Severna Makedonija pokrenula projekat za zamenu taksija elektri\u010dnim vozilima<\/title>\n<meta name=\"description\" content=\"Zemlja planira da subvencioni\u0161e kupovinu 200 elektri\u010dnih vozila za taksiste kako bi unapredila prevoz u gradovima i smanjila zaga\u0111enje\" \/>\n<meta name=\"robots\" content=\"index, follow, max-snippet:-1, max-image-preview:large, max-video-preview:-1\" \/>\n<link rel=\"canonical\" href=\"https:\/\/balkangreenenergynews.com\/rs\/severna-makedonija-pokrenula-projekat-za-zamenu-taksija-elektricnim-vozilima\/\" \/>\n<meta property=\"og:locale\" content=\"sr_RS\" \/>\n<meta property=\"og:type\" content=\"article\" \/>\n<meta property=\"og:title\" content=\"Severna Makedonija pokrenula projekat za zamenu taksija elektri\u010dnim vozilima\" \/>\n<meta property=\"og:description\" content=\"Zemlja planira da subvencioni\u0161e kupovinu 200 elektri\u010dnih vozila za taksiste kako bi unapredila prevoz u gradovima i smanjila zaga\u0111enje\" \/>\n<meta property=\"og:url\" content=\"https:\/\/balkangreenenergynews.com\/rs\/severna-makedonija-pokrenula-projekat-za-zamenu-taksija-elektricnim-vozilima\/\" \/>\n<meta property=\"og:site_name\" content=\"Balkan Green Energy News\" \/>\n<meta property=\"article:published_time\" content=\"2025-09-09T11:52:11+00:00\" \/>\n<meta property=\"article:modified_time\" content=\"2025-09-12T10:45:16+00:00\" \/>\n<meta property=\"og:image\" content=\"https:\/\/balkangreenenergynews.com\/rs\/wp-content\/uploads\/2025\/09\/severna-makedonija-taksi-skoplje-elektricna-vozila-medziti-rusiti.jpg?wsr\" \/>\n\t<meta property=\"og:image:width\" content=\"840\" \/>\n\t<meta property=\"og:image:height\" content=\"430\" \/>\n\t<meta property=\"og:image:type\" content=\"image\/jpeg\" \/>\n<meta name=\"author\" content=\"Vladimir Spasi\u0107\" \/>\n<meta name=\"twitter:card\" content=\"summary_large_image\" \/>\n<meta name=\"twitter:label1\" content=\"\u041d\u0430\u043f\u0438\u0441\u0430\u043d\u043e \u043e\u0434\" \/>\n\t<meta name=\"twitter:data1\" content=\"Vladimir Spasi\u0107\" \/>\n\t<meta name=\"twitter:label2\" content=\"\u041f\u0440\u043e\u0446\u0435\u045a\u0435\u043d\u043e \u0432\u0440\u0435\u043c\u0435 \u0447\u0438\u0442\u0430\u045a\u0430\" \/>\n\t<meta name=\"twitter:data2\" content=\"3 \u043c\u0438\u043d\u0443\u0442\u0430\" \/>\n<script type=\"application\/ld+json\" class=\"yoast-schema-graph\">{\"@context\":\"https:\\\/\\\/schema.org\",\"@graph\":[{\"@type\":\"Article\",\"@id\":\"https:\\\/\\\/balkangreenenergynews.com\\\/rs\\\/severna-makedonija-pokrenula-projekat-za-zamenu-taksija-elektricnim-vozilima\\\/#article\",\"isPartOf\":{\"@id\":\"https:\\\/\\\/balkangreenenergynews.com\\\/rs\\\/severna-makedonija-pokrenula-projekat-za-zamenu-taksija-elektricnim-vozilima\\\/\"},\"author\":{\"name\":\"Vladimir Spasi\u0107\",\"@id\":\"https:\\\/\\\/balkangreenenergynews.com\\\/rs\\\/#\\\/schema\\\/person\\\/99dc721c46113fea22caffad06ef7317\"},\"headline\":\"Severna Makedonija pokrenula projekat za zamenu taksija elektri\u010dnim vozilima\",\"datePublished\":\"2025-09-09T11:52:11+00:00\",\"dateModified\":\"2025-09-12T10:45:16+00:00\",\"mainEntityOfPage\":{\"@id\":\"https:\\\/\\\/balkangreenenergynews.com\\\/rs\\\/severna-makedonija-pokrenula-projekat-za-zamenu-taksija-elektricnim-vozilima\\\/\"},\"wordCount\":453,\"commentCount\":0,\"image\":{\"@id\":\"https:\\\/\\\/balkangreenenergynews.com\\\/rs\\\/severna-makedonija-pokrenula-projekat-za-zamenu-taksija-elektricnim-vozilima\\\/#primaryimage\"},\"thumbnailUrl\":\"https:\\\/\\\/balkangreenenergynews.com\\\/rs\\\/wp-content\\\/uploads\\\/2025\\\/09\\\/severna-makedonija-taksi-skoplje-elektricna-vozila-medziti-rusiti.jpg?wsr\",\"keywords\":[\"elektri\u010dna vozila\",\"elektri\u010dni autobusi\",\"elektri\u010dni automobili\",\"subvencije\",\"zaga\u0111enje bukom\",\"zaga\u0111enje vazduha\"],\"articleSection\":[\"Mobilnost\"],\"inLanguage\":\"sr-RS\",\"potentialAction\":[{\"@type\":\"CommentAction\",\"name\":\"Comment\",\"target\":[\"https:\\\/\\\/balkangreenenergynews.com\\\/rs\\\/severna-makedonija-pokrenula-projekat-za-zamenu-taksija-elektricnim-vozilima\\\/#respond\"]}]},{\"@type\":\"WebPage\",\"@id\":\"https:\\\/\\\/balkangreenenergynews.com\\\/rs\\\/severna-makedonija-pokrenula-projekat-za-zamenu-taksija-elektricnim-vozilima\\\/\",\"url\":\"https:\\\/\\\/balkangreenenergynews.com\\\/rs\\\/severna-makedonija-pokrenula-projekat-za-zamenu-taksija-elektricnim-vozilima\\\/\",\"name\":\"Severna Makedonija pokrenula projekat za zamenu taksija elektri\u010dnim vozilima\",\"isPartOf\":{\"@id\":\"https:\\\/\\\/balkangreenenergynews.com\\\/rs\\\/#website\"},\"primaryImageOfPage\":{\"@id\":\"https:\\\/\\\/balkangreenenergynews.com\\\/rs\\\/severna-makedonija-pokrenula-projekat-za-zamenu-taksija-elektricnim-vozilima\\\/#primaryimage\"},\"image\":{\"@id\":\"https:\\\/\\\/balkangreenenergynews.com\\\/rs\\\/severna-makedonija-pokrenula-projekat-za-zamenu-taksija-elektricnim-vozilima\\\/#primaryimage\"},\"thumbnailUrl\":\"https:\\\/\\\/balkangreenenergynews.com\\\/rs\\\/wp-content\\\/uploads\\\/2025\\\/09\\\/severna-makedonija-taksi-skoplje-elektricna-vozila-medziti-rusiti.jpg?wsr\",\"datePublished\":\"2025-09-09T11:52:11+00:00\",\"dateModified\":\"2025-09-12T10:45:16+00:00\",\"author\":{\"@id\":\"https:\\\/\\\/balkangreenenergynews.com\\\/rs\\\/#\\\/schema\\\/person\\\/99dc721c46113fea22caffad06ef7317\"},\"description\":\"Zemlja planira da subvencioni\u0161e kupovinu 200 elektri\u010dnih vozila za taksiste kako bi unapredila prevoz u gradovima i smanjila zaga\u0111enje\",\"breadcrumb\":{\"@id\":\"https:\\\/\\\/balkangreenenergynews.com\\\/rs\\\/severna-makedonija-pokrenula-projekat-za-zamenu-taksija-elektricnim-vozilima\\\/#breadcrumb\"},\"inLanguage\":\"sr-RS\",\"potentialAction\":[{\"@type\":\"ReadAction\",\"target\":[\"https:\\\/\\\/balkangreenenergynews.com\\\/rs\\\/severna-makedonija-pokrenula-projekat-za-zamenu-taksija-elektricnim-vozilima\\\/\"]}]},{\"@type\":\"ImageObject\",\"inLanguage\":\"sr-RS\",\"@id\":\"https:\\\/\\\/balkangreenenergynews.com\\\/rs\\\/severna-makedonija-pokrenula-projekat-za-zamenu-taksija-elektricnim-vozilima\\\/#primaryimage\",\"url\":\"https:\\\/\\\/balkangreenenergynews.com\\\/rs\\\/wp-content\\\/uploads\\\/2025\\\/09\\\/severna-makedonija-taksi-skoplje-elektricna-vozila-medziti-rusiti.jpg?wsr\",\"contentUrl\":\"https:\\\/\\\/balkangreenenergynews.com\\\/rs\\\/wp-content\\\/uploads\\\/2025\\\/09\\\/severna-makedonija-taksi-skoplje-elektricna-vozila-medziti-rusiti.jpg?wsr\",\"width\":840,\"height\":430,\"caption\":\"severna makedonija taksi skoplje elektricna vozila medziti rusiti\"},{\"@type\":\"BreadcrumbList\",\"@id\":\"https:\\\/\\\/balkangreenenergynews.com\\\/rs\\\/severna-makedonija-pokrenula-projekat-za-zamenu-taksija-elektricnim-vozilima\\\/#breadcrumb\",\"itemListElement\":[{\"@type\":\"ListItem\",\"position\":1,\"name\":\"Po\u010detna\",\"item\":\"https:\\\/\\\/balkangreenenergynews.com\\\/rs\\\/\"},{\"@type\":\"ListItem\",\"position\":2,\"name\":\"Vesti\",\"item\":\"https:\\\/\\\/balkangreenenergynews.com\\\/rs\\\/kategorija\\\/vesti\\\/\"},{\"@type\":\"ListItem\",\"position\":3,\"name\":\"Mobilnost\",\"item\":\"https:\\\/\\\/balkangreenenergynews.com\\\/rs\\\/kategorija\\\/vesti\\\/mobilnost\\\/\"},{\"@type\":\"ListItem\",\"position\":4,\"name\":\"Severna Makedonija pokrenula projekat za zamenu taksija elektri\u010dnim vozilima\"}]},{\"@type\":\"WebSite\",\"@id\":\"https:\\\/\\\/balkangreenenergynews.com\\\/rs\\\/#website\",\"url\":\"https:\\\/\\\/balkangreenenergynews.com\\\/rs\\\/\",\"name\":\"Balkan Green Energy News\",\"description\":\"Naj\u0161iri izbor vesti sa Balkana o zelenoj energiji\",\"potentialAction\":[{\"@type\":\"SearchAction\",\"target\":{\"@type\":\"EntryPoint\",\"urlTemplate\":\"https:\\\/\\\/balkangreenenergynews.com\\\/rs\\\/?s={search_term_string}\"},\"query-input\":{\"@type\":\"PropertyValueSpecification\",\"valueRequired\":true,\"valueName\":\"search_term_string\"}}],\"inLanguage\":\"sr-RS\"},{\"@type\":\"Person\",\"@id\":\"https:\\\/\\\/balkangreenenergynews.com\\\/rs\\\/#\\\/schema\\\/person\\\/99dc721c46113fea22caffad06ef7317\",\"name\":\"Vladimir Spasi\u0107\",\"url\":\"https:\\\/\\\/balkangreenenergynews.com\\\/rs\\\/author\\\/vladimir-spasic\\\/\"}]}<\/script>\n<!-- \/ Yoast SEO plugin. -->","yoast_head_json":{"title":"Severna Makedonija pokrenula projekat za zamenu taksija elektri\u010dnim vozilima","description":"Zemlja planira da subvencioni\u0161e kupovinu 200 elektri\u010dnih vozila za taksiste kako bi unapredila prevoz u gradovima i smanjila zaga\u0111enje","robots":{"index":"index","follow":"follow","max-snippet":"max-snippet:-1","max-image-preview":"max-image-preview:large","max-video-preview":"max-video-preview:-1"},"canonical":"https:\/\/balkangreenenergynews.com\/rs\/severna-makedonija-pokrenula-projekat-za-zamenu-taksija-elektricnim-vozilima\/","og_locale":"sr_RS","og_type":"article","og_title":"Severna Makedonija pokrenula projekat za zamenu taksija elektri\u010dnim vozilima","og_description":"Zemlja planira da subvencioni\u0161e kupovinu 200 elektri\u010dnih vozila za taksiste kako bi unapredila prevoz u gradovima i smanjila zaga\u0111enje","og_url":"https:\/\/balkangreenenergynews.com\/rs\/severna-makedonija-pokrenula-projekat-za-zamenu-taksija-elektricnim-vozilima\/","og_site_name":"Balkan Green Energy News","article_published_time":"2025-09-09T11:52:11+00:00","article_modified_time":"2025-09-12T10:45:16+00:00","og_image":[{"width":840,"height":430,"url":"https:\/\/balkangreenenergynews.com\/rs\/wp-content\/uploads\/2025\/09\/severna-makedonija-taksi-skoplje-elektricna-vozila-medziti-rusiti.jpg?wsr","type":"image\/jpeg"}],"author":"Vladimir Spasi\u0107","twitter_card":"summary_large_image","twitter_misc":{"\u041d\u0430\u043f\u0438\u0441\u0430\u043d\u043e \u043e\u0434":"Vladimir Spasi\u0107","\u041f\u0440\u043e\u0446\u0435\u045a\u0435\u043d\u043e \u0432\u0440\u0435\u043c\u0435 \u0447\u0438\u0442\u0430\u045a\u0430":"3 \u043c\u0438\u043d\u0443\u0442\u0430"},"schema":{"@context":"https:\/\/schema.org","@graph":[{"@type":"Article","@id":"https:\/\/balkangreenenergynews.com\/rs\/severna-makedonija-pokrenula-projekat-za-zamenu-taksija-elektricnim-vozilima\/#article","isPartOf":{"@id":"https:\/\/balkangreenenergynews.com\/rs\/severna-makedonija-pokrenula-projekat-za-zamenu-taksija-elektricnim-vozilima\/"},"author":{"name":"Vladimir Spasi\u0107","@id":"https:\/\/balkangreenenergynews.com\/rs\/#\/schema\/person\/99dc721c46113fea22caffad06ef7317"},"headline":"Severna Makedonija pokrenula projekat za zamenu taksija elektri\u010dnim vozilima","datePublished":"2025-09-09T11:52:11+00:00","dateModified":"2025-09-12T10:45:16+00:00","mainEntityOfPage":{"@id":"https:\/\/balkangreenenergynews.com\/rs\/severna-makedonija-pokrenula-projekat-za-zamenu-taksija-elektricnim-vozilima\/"},"wordCount":453,"commentCount":0,"image":{"@id":"https:\/\/balkangreenenergynews.com\/rs\/severna-makedonija-pokrenula-projekat-za-zamenu-taksija-elektricnim-vozilima\/#primaryimage"},"thumbnailUrl":"https:\/\/balkangreenenergynews.com\/rs\/wp-content\/uploads\/2025\/09\/severna-makedonija-taksi-skoplje-elektricna-vozila-medziti-rusiti.jpg?wsr","keywords":["elektri\u010dna vozila","elektri\u010dni autobusi","elektri\u010dni automobili","subvencije","zaga\u0111enje bukom","zaga\u0111enje vazduha"],"articleSection":["Mobilnost"],"inLanguage":"sr-RS","potentialAction":[{"@type":"CommentAction","name":"Comment","target":["https:\/\/balkangreenenergynews.com\/rs\/severna-makedonija-pokrenula-projekat-za-zamenu-taksija-elektricnim-vozilima\/#respond"]}]},{"@type":"WebPage","@id":"https:\/\/balkangreenenergynews.com\/rs\/severna-makedonija-pokrenula-projekat-za-zamenu-taksija-elektricnim-vozilima\/","url":"https:\/\/balkangreenenergynews.com\/rs\/severna-makedonija-pokrenula-projekat-za-zamenu-taksija-elektricnim-vozilima\/","name":"Severna Makedonija pokrenula projekat za zamenu taksija elektri\u010dnim vozilima","isPartOf":{"@id":"https:\/\/balkangreenenergynews.com\/rs\/#website"},"primaryImageOfPage":{"@id":"https:\/\/balkangreenenergynews.com\/rs\/severna-makedonija-pokrenula-projekat-za-zamenu-taksija-elektricnim-vozilima\/#primaryimage"},"image":{"@id":"https:\/\/balkangreenenergynews.com\/rs\/severna-makedonija-pokrenula-projekat-za-zamenu-taksija-elektricnim-vozilima\/#primaryimage"},"thumbnailUrl":"https:\/\/balkangreenenergynews.com\/rs\/wp-content\/uploads\/2025\/09\/severna-makedonija-taksi-skoplje-elektricna-vozila-medziti-rusiti.jpg?wsr","datePublished":"2025-09-09T11:52:11+00:00","dateModified":"2025-09-12T10:45:16+00:00","author":{"@id":"https:\/\/balkangreenenergynews.com\/rs\/#\/schema\/person\/99dc721c46113fea22caffad06ef7317"},"description":"Zemlja planira da subvencioni\u0161e kupovinu 200 elektri\u010dnih vozila za taksiste kako bi unapredila prevoz u gradovima i smanjila zaga\u0111enje","breadcrumb":{"@id":"https:\/\/balkangreenenergynews.com\/rs\/severna-makedonija-pokrenula-projekat-za-zamenu-taksija-elektricnim-vozilima\/#breadcrumb"},"inLanguage":"sr-RS","potentialAction":[{"@type":"ReadAction","target":["https:\/\/balkangreenenergynews.com\/rs\/severna-makedonija-pokrenula-projekat-za-zamenu-taksija-elektricnim-vozilima\/"]}]},{"@type":"ImageObject","inLanguage":"sr-RS","@id":"https:\/\/balkangreenenergynews.com\/rs\/severna-makedonija-pokrenula-projekat-za-zamenu-taksija-elektricnim-vozilima\/#primaryimage","url":"https:\/\/balkangreenenergynews.com\/rs\/wp-content\/uploads\/2025\/09\/severna-makedonija-taksi-skoplje-elektricna-vozila-medziti-rusiti.jpg?wsr","contentUrl":"https:\/\/balkangreenenergynews.com\/rs\/wp-content\/uploads\/2025\/09\/severna-makedonija-taksi-skoplje-elektricna-vozila-medziti-rusiti.jpg?wsr","width":840,"height":430,"caption":"severna makedonija taksi skoplje elektricna vozila medziti rusiti"},{"@type":"BreadcrumbList","@id":"https:\/\/balkangreenenergynews.com\/rs\/severna-makedonija-pokrenula-projekat-za-zamenu-taksija-elektricnim-vozilima\/#breadcrumb","itemListElement":[{"@type":"ListItem","position":1,"name":"Po\u010detna","item":"https:\/\/balkangreenenergynews.com\/rs\/"},{"@type":"ListItem","position":2,"name":"Vesti","item":"https:\/\/balkangreenenergynews.com\/rs\/kategorija\/vesti\/"},{"@type":"ListItem","position":3,"name":"Mobilnost","item":"https:\/\/balkangreenenergynews.com\/rs\/kategorija\/vesti\/mobilnost\/"},{"@type":"ListItem","position":4,"name":"Severna Makedonija pokrenula projekat za zamenu taksija elektri\u010dnim vozilima"}]},{"@type":"WebSite","@id":"https:\/\/balkangreenenergynews.com\/rs\/#website","url":"https:\/\/balkangreenenergynews.com\/rs\/","name":"Balkan Green Energy News","description":"Naj\u0161iri izbor vesti sa Balkana o zelenoj energiji","potentialAction":[{"@type":"SearchAction","target":{"@type":"EntryPoint","urlTemplate":"https:\/\/balkangreenenergynews.com\/rs\/?s={search_term_string}"},"query-input":{"@type":"PropertyValueSpecification","valueRequired":true,"valueName":"search_term_string"}}],"inLanguage":"sr-RS"},{"@type":"Person","@id":"https:\/\/balkangreenenergynews.com\/rs\/#\/schema\/person\/99dc721c46113fea22caffad06ef7317","name":"Vladimir Spasi\u0107","url":"https:\/\/balkangreenenergynews.com\/rs\/author\/vladimir-spasic\/"}]}},"_links":{"self":[{"href":"https:\/\/balkangreenenergynews.com\/rs\/wp-json\/wp\/v2\/posts\/84118","targetHints":{"allow":["GET"]}}],"collection":[{"href":"https:\/\/balkangreenenergynews.com\/rs\/wp-json\/wp\/v2\/posts"}],"about":[{"href":"https:\/\/balkangreenenergynews.com\/rs\/wp-json\/wp\/v2\/types\/post"}],"author":[{"embeddable":true,"href":"https:\/\/balkangreenenergynews.com\/rs\/wp-json\/wp\/v2\/users\/23"}],"replies":[{"embeddable":true,"href":"https:\/\/balkangreenenergynews.com\/rs\/wp-json\/wp\/v2\/comments?post=84118"}],"version-history":[{"count":0,"href":"https:\/\/balkangreenenergynews.com\/rs\/wp-json\/wp\/v2\/posts\/84118\/revisions"}],"wp:featuredmedia":[{"embeddable":true,"href":"https:\/\/balkangreenenergynews.com\/rs\/wp-json\/wp\/v2\/media\/84124"}],"wp:attachment":[{"href":"https:\/\/balkangreenenergynews.com\/rs\/wp-json\/wp\/v2\/media?parent=84118"}],"wp:term":[{"taxonomy":"category","embeddable":true,"href":"https:\/\/balkangreenenergynews.com\/rs\/wp-json\/wp\/v2\/categories?post=84118"},{"taxonomy":"post_tag","embeddable":true,"href":"https:\/\/balkangreenenergynews.com\/rs\/wp-json\/wp\/v2\/tags?post=84118"}],"curies":[{"name":"wp","href":"https:\/\/api.w.org\/{rel}","templated":true}]}}