{"id":84043,"date":"2025-09-05T15:58:39","date_gmt":"2025-09-05T13:58:39","guid":{"rendered":"https:\/\/balkangreenenergynews.com\/rs\/?p=84043"},"modified":"2025-09-10T09:51:07","modified_gmt":"2025-09-10T07:51:07","slug":"evropa-instalirala-64-gw-vetroelektrana-u-2025-nedovoljno-da-se-dostignu-ciljevi-za-2030","status":"publish","type":"post","link":"https:\/\/balkangreenenergynews.com\/rs\/evropa-instalirala-64-gw-vetroelektrana-u-2025-nedovoljno-da-se-dostignu-ciljevi-za-2030\/","title":{"rendered":"Evropa instalirala 6,4 GW vetroelektrana u 2025 &#8211; nedovoljno da se dostignu ciljevi za 2030."},"content":{"rendered":"<h2>Evropa je instalirala 6,8 GW novih vetroelektrana u prvih \u0161est meseci godine. Organizacija WindEurope smatra da to nije ni pribli\u017eno dovoljno da se ispune ciljevi Evropske Unije u pogledu energetske bezbednosti i klimatskih promena za 2030. godinu.<\/h2>\n<p><a href=\"https:\/\/balkangreenenergynews.com\/rs\/windeurope-nemacka-mora-da-ukine-aukcije-sa-negativnim-ponudama-za-vetroelektrane\/\">WindEurope<\/a> je tako\u0111e smanjio prognoze za investicije u vetroelektrane za 2025. godinu, a kao svetle ta\u010dke istakao je povec\u0301anje porud\u017ebina vetroturbina i investicija.<\/p>\n<p>Od 6,8 GW novih vetroelektrana, 5,3 GW je bilo u EUi, dok je 89 odsto izgra\u0111eno na kopnu. Evropa sada ima ukupno vetroparkove snage 291 GW: 254 GW na kopnu i 37 GW na moru, pokazuju poslednji podaci o energiji vetra.<\/p>\n<p>Ina\u010de, u prvoj polovini 2024. Evropa je instalirala 6,4 GW. Da bi se postigli ciljevi za 2030. godinu, EU bi trebalo da instalira oko 30 GW vetra svake godine.<\/p>\n<p>Nema\u010dka je ubedljivo najuspe\u0161nija dr\u017eava u Evropi. Ove godine o\u010dekuje se da instalira 5 GW vetroelektrana na kopnu, skoro tri puta vi\u0161e nego u poslednjih pet godina. WindEurope je njen uspeh objasnio \u010dinjenicom da je zemlja bila prva u EU koja je rigorozno sprovela nova pravila EU o dozvolama.<\/p>\n<p><img loading=\"lazy\" decoding=\"async\" class=\"size-full wp-image-84046 aligncenter\" src=\"https:\/\/balkangreenenergynews.com\/rs\/wp-content\/uploads\/2025\/09\/evropa-eu-vetroparkovi-windeurope-prva-polovina-2025-izvestaj.jpg\" alt=\"evropa eu vetroparkovi windeurope prva polovina 2025 izvestaj\" width=\"840\" height=\"564\" srcset=\"https:\/\/balkangreenenergynews.com\/rs\/wp-content\/uploads\/2025\/09\/evropa-eu-vetroparkovi-windeurope-prva-polovina-2025-izvestaj.jpg 840w, https:\/\/balkangreenenergynews.com\/rs\/wp-content\/uploads\/2025\/09\/evropa-eu-vetroparkovi-windeurope-prva-polovina-2025-izvestaj-500x336.jpg 500w, https:\/\/balkangreenenergynews.com\/rs\/wp-content\/uploads\/2025\/09\/evropa-eu-vetroparkovi-windeurope-prva-polovina-2025-izvestaj-768x516.jpg 768w, https:\/\/balkangreenenergynews.com\/rs\/wp-content\/uploads\/2025\/09\/evropa-eu-vetroparkovi-windeurope-prva-polovina-2025-izvestaj-300x201.jpg 300w\" sizes=\"auto, (max-width: 840px) 100vw, 840px\" \/><\/p>\n<p>Nema\u010dka je dala dozvole za rekordnih 15 GW novih kopnenih vetroelektrana u 2024. i na putu je da taj kapacitet nadma\u0161i u 2025, sa 8 GW dozvola za vetroparkove na kopnu izdatih u prvoj polovini 2025, pi\u0161e u <a href=\"https:\/\/windeurope.org\/data\/products\/latest-wind-energy-data-for-europe-autumn-2025\/\">izve\u0161taju<\/a>.<\/p>\n<p>Dok nema\u010dke vlasti u proseku izdaju dozvole u \u200b\u200broku od 18 meseci, nijedna od ostalih 26 zemalja EU to ne obavlja u roku od 24 meseca \u0161to je rok iz direktive RED III. Kao dodatne probleme WindEurope je istakao sporo \u0161irenje elektroenergetskih mre\u017ea, stagnirajuc\u0301e napore za elektrifikaciju evropske ekonomije i neoptimalne modele aukcija.<\/p>\n<blockquote><p>Dickson: Vlade moraju da se uozbilje<\/p><\/blockquote>\n<p>Izvr\u0161ni direktor organizacije WindEurope <a href=\"https:\/\/balkangreenenergynews.com\/rs\/energetska-tranzicija-nije-partijsko-vec-globalno-pitanje\/\">D\u017eajls Dikson<\/a> (Giles Dickson), rekao je da vlade moraju da se uozbilje kada je re\u010d o energiji vetra.<\/p>\n<p>\u201cVetar je konkurentan \u2013 smanjuje tro\u0161kove elektri\u010dne energije za gra\u0111ane i preduzec\u0301a. Vetar je bezbedan \u2013 domac\u0301e vetroturbine smanjuju skupu i opasnu zavisnost od uvoza fosilnih goriva. Vetar je dobar za ekonomiju \u2013 stvara radna mesta i poreske prihode. Oko 400.000 ljudi u Evropi vec\u0301 radi u sektoru, a svaka nova vetroturbina doprinosi sa 16 miliona evra evropskom BDP-u. Ali vlade i dalje ne uspevaju da dovoljno brzo izdaju dozvole za vetroelektrane i da ih izgrade\u201d, primetio je Dikson.<\/p>\n<p><img loading=\"lazy\" decoding=\"async\" class=\"size-full wp-image-84044 aligncenter\" src=\"https:\/\/balkangreenenergynews.com\/rs\/wp-content\/uploads\/2025\/09\/evropa-eu-vetroparkovi-windeurope-2025-izvestaj-zemlje.jpg\" alt=\"evropa eu vetroparkovi windeurope 2025 izvestaj zemlje\" width=\"840\" height=\"575\" srcset=\"https:\/\/balkangreenenergynews.com\/rs\/wp-content\/uploads\/2025\/09\/evropa-eu-vetroparkovi-windeurope-2025-izvestaj-zemlje.jpg 840w, https:\/\/balkangreenenergynews.com\/rs\/wp-content\/uploads\/2025\/09\/evropa-eu-vetroparkovi-windeurope-2025-izvestaj-zemlje-500x342.jpg 500w, https:\/\/balkangreenenergynews.com\/rs\/wp-content\/uploads\/2025\/09\/evropa-eu-vetroparkovi-windeurope-2025-izvestaj-zemlje-768x526.jpg 768w, https:\/\/balkangreenenergynews.com\/rs\/wp-content\/uploads\/2025\/09\/evropa-eu-vetroparkovi-windeurope-2025-izvestaj-zemlje-300x205.jpg 300w\" sizes=\"auto, (max-width: 840px) 100vw, 840px\" \/><\/p>\n<p>Organizacija je naglasila da c\u0301e Evropa 2025. izgraditi manje novih vetroelektrana nego \u0161to su ranije o\u010dekivali. Na po\u010detku godine, WindEurope je procenio nove instalacije na 22,5 GW, a sada na 19 GW. Prognoza za EU \u200b\u200bje smanjena sa 17 GW na 14,5 GW.<\/p>\n<p>Oni o\u010dekuju da c\u0301e EU imati 344 GW kapaciteta energije vetra do 2030, u pore\u0111enju sa ciljem za 2030. godinu postavljenim na 425 GW.<\/p>\n<h3>Dve svetle ta\u010dke<\/h3>\n<p>Dve svetle ta\u010dke su porud\u017ebine vetroturbina i investicije u nove vetroelektrane. Evropa je donela kona\u010dne investicione odluke (FID) u vrednosti od 34 milijarde evra za nove vetroelektrane ukupnog kapaciteta 14 GW u prvoj polovini 2025. godine. To je vi\u0161e nego\u00a0 u celoj 2024.<\/p>\n<p>Vec\u0301ina investicija je za of\u0161or vetroelektrane, sa ukupno \u0161est novih projekata, od kojih su tri u Poljskoj, uklju\u010dujuc\u0301i najvec\u0301u privatnu investiciju u Poljskoj.<\/p>\n<p>Porud\u017ebine vetroturbina su porasle 19 odsto i dostigle 11,3 GW.<\/p>\n<p>Dikson smatra da je manje novih vetroelektrana lo\u0161a vest za konkurentnost Evrope. Industrija u Evropi, kako je dodao, \u017eudi za jeftinom elektri\u010dnom energijom kako bi se takmi\u010dila sa Kinom i SAD.<\/p>\n<p>\u201cAli previ\u0161e vlada ostaje neodlu\u010dno u pogledu \u0161irenja vetroenergije. To ne samo da ugro\u017eava sektor vetra, ve\u0107 i radna mesta i rast u \u0161irem smislu \u2013 u sektorima \u010delika, hemijskih proizvoda, kao i u informaciono-komunikacionoj industriji. Poslovanje u Evropi je mnogo te\u017ee za njih ako EU ne mo\u017ee da ostvari svoje energetske ciljeve\u201d, podvukao je Dikson.<\/p>\n","protected":false},"excerpt":{"rendered":"<p>Evropa je instalirala 6,8 GW novih vetroelektrana u prvih \u0161est meseci godine, saop\u0161tila je organizacija WindEurope<\/p>\n","protected":false},"author":23,"featured_media":84045,"comment_status":"open","ping_status":"open","sticky":false,"template":"","format":"standard","meta":{"_acf_changed":false,"_monsterinsights_skip_tracking":false,"_monsterinsights_sitenote_active":false,"_monsterinsights_sitenote_note":"","_monsterinsights_sitenote_category":0,"footnotes":""},"categories":[504,1],"tags":[779,6140,652,6926,2341,4891,2345],"class_list":["post-84043","post","type-post","status-publish","format-standard","has-post-thumbnail","hentry","category-elektricna-energija","category-obnovljivi-izvori-energije","tag-fosilna-goriva","tag-giles-dickson","tag-investicije","tag-ofsor-vetroelektrane","tag-vetroelektrane","tag-vetroparkovi","tag-windeurope","country-regioneu"],"acf":[],"yoast_head":"<!-- This site is optimized with the Yoast SEO plugin v27.4 - https:\/\/yoast.com\/product\/yoast-seo-wordpress\/ -->\n<title>Evropa instalirala 6,8 GW vetroelektrana u 2025 - nedovoljno da se dostignu ciljevi za 2030.<\/title>\n<meta name=\"description\" content=\"Evropa je instalirala 6,8 GW novih vetroelektrana u prvih \u0161est meseci godine, saop\u0161tila je organizacija WindEurope\" \/>\n<meta name=\"robots\" content=\"index, follow, max-snippet:-1, max-image-preview:large, max-video-preview:-1\" \/>\n<link rel=\"canonical\" href=\"https:\/\/balkangreenenergynews.com\/rs\/evropa-instalirala-64-gw-vetroelektrana-u-2025-nedovoljno-da-se-dostignu-ciljevi-za-2030\/\" \/>\n<meta property=\"og:locale\" content=\"sr_RS\" \/>\n<meta property=\"og:type\" content=\"article\" \/>\n<meta property=\"og:title\" content=\"Evropa instalirala 6,8 GW vetroelektrana u 2025 - nedovoljno da se dostignu ciljevi za 2030.\" \/>\n<meta property=\"og:description\" content=\"Evropa je instalirala 6,8 GW novih vetroelektrana u prvih \u0161est meseci godine, saop\u0161tila je organizacija WindEurope\" \/>\n<meta property=\"og:url\" content=\"https:\/\/balkangreenenergynews.com\/rs\/evropa-instalirala-64-gw-vetroelektrana-u-2025-nedovoljno-da-se-dostignu-ciljevi-za-2030\/\" \/>\n<meta property=\"og:site_name\" content=\"Balkan Green Energy News\" \/>\n<meta property=\"article:published_time\" content=\"2025-09-05T13:58:39+00:00\" \/>\n<meta property=\"article:modified_time\" content=\"2025-09-10T07:51:07+00:00\" \/>\n<meta property=\"og:image\" content=\"https:\/\/balkangreenenergynews.com\/rs\/wp-content\/uploads\/2025\/09\/evropa-eu-vetroparkovi-windeurope-2025-izvestaj.jpg?wsr\" \/>\n\t<meta property=\"og:image:width\" content=\"840\" \/>\n\t<meta property=\"og:image:height\" content=\"430\" \/>\n\t<meta property=\"og:image:type\" content=\"image\/jpeg\" \/>\n<meta name=\"author\" content=\"Vladimir Spasi\u0107\" \/>\n<meta name=\"twitter:card\" content=\"summary_large_image\" \/>\n<meta name=\"twitter:label1\" content=\"\u041d\u0430\u043f\u0438\u0441\u0430\u043d\u043e \u043e\u0434\" \/>\n\t<meta name=\"twitter:data1\" content=\"Vladimir Spasi\u0107\" \/>\n\t<meta name=\"twitter:label2\" content=\"\u041f\u0440\u043e\u0446\u0435\u045a\u0435\u043d\u043e \u0432\u0440\u0435\u043c\u0435 \u0447\u0438\u0442\u0430\u045a\u0430\" \/>\n\t<meta name=\"twitter:data2\" content=\"4 \u043c\u0438\u043d\u0443\u0442\u0430\" \/>\n<script type=\"application\/ld+json\" class=\"yoast-schema-graph\">{\"@context\":\"https:\\\/\\\/schema.org\",\"@graph\":[{\"@type\":\"Article\",\"@id\":\"https:\\\/\\\/balkangreenenergynews.com\\\/rs\\\/evropa-instalirala-64-gw-vetroelektrana-u-2025-nedovoljno-da-se-dostignu-ciljevi-za-2030\\\/#article\",\"isPartOf\":{\"@id\":\"https:\\\/\\\/balkangreenenergynews.com\\\/rs\\\/evropa-instalirala-64-gw-vetroelektrana-u-2025-nedovoljno-da-se-dostignu-ciljevi-za-2030\\\/\"},\"author\":{\"name\":\"Vladimir Spasi\u0107\",\"@id\":\"https:\\\/\\\/balkangreenenergynews.com\\\/rs\\\/#\\\/schema\\\/person\\\/99dc721c46113fea22caffad06ef7317\"},\"headline\":\"Evropa instalirala 6,4 GW vetroelektrana u 2025 &#8211; nedovoljno da se dostignu ciljevi za 2030.\",\"datePublished\":\"2025-09-05T13:58:39+00:00\",\"dateModified\":\"2025-09-10T07:51:07+00:00\",\"mainEntityOfPage\":{\"@id\":\"https:\\\/\\\/balkangreenenergynews.com\\\/rs\\\/evropa-instalirala-64-gw-vetroelektrana-u-2025-nedovoljno-da-se-dostignu-ciljevi-za-2030\\\/\"},\"wordCount\":631,\"commentCount\":0,\"image\":{\"@id\":\"https:\\\/\\\/balkangreenenergynews.com\\\/rs\\\/evropa-instalirala-64-gw-vetroelektrana-u-2025-nedovoljno-da-se-dostignu-ciljevi-za-2030\\\/#primaryimage\"},\"thumbnailUrl\":\"https:\\\/\\\/balkangreenenergynews.com\\\/rs\\\/wp-content\\\/uploads\\\/2025\\\/09\\\/evropa-eu-vetroparkovi-windeurope-2025-izvestaj.jpg?wsr\",\"keywords\":[\"fosilna goriva\",\"Giles Dickson\",\"investicije\",\"of\u0161or vetroelektrane\",\"vetroelektrane\",\"vetroparkovi\",\"WindEurope\"],\"articleSection\":[\"Elektri\u010dna energija\",\"OIE\"],\"inLanguage\":\"sr-RS\",\"potentialAction\":[{\"@type\":\"CommentAction\",\"name\":\"Comment\",\"target\":[\"https:\\\/\\\/balkangreenenergynews.com\\\/rs\\\/evropa-instalirala-64-gw-vetroelektrana-u-2025-nedovoljno-da-se-dostignu-ciljevi-za-2030\\\/#respond\"]}]},{\"@type\":\"WebPage\",\"@id\":\"https:\\\/\\\/balkangreenenergynews.com\\\/rs\\\/evropa-instalirala-64-gw-vetroelektrana-u-2025-nedovoljno-da-se-dostignu-ciljevi-za-2030\\\/\",\"url\":\"https:\\\/\\\/balkangreenenergynews.com\\\/rs\\\/evropa-instalirala-64-gw-vetroelektrana-u-2025-nedovoljno-da-se-dostignu-ciljevi-za-2030\\\/\",\"name\":\"Evropa instalirala 6,8 GW vetroelektrana u 2025 - nedovoljno da se dostignu ciljevi za 2030.\",\"isPartOf\":{\"@id\":\"https:\\\/\\\/balkangreenenergynews.com\\\/rs\\\/#website\"},\"primaryImageOfPage\":{\"@id\":\"https:\\\/\\\/balkangreenenergynews.com\\\/rs\\\/evropa-instalirala-64-gw-vetroelektrana-u-2025-nedovoljno-da-se-dostignu-ciljevi-za-2030\\\/#primaryimage\"},\"image\":{\"@id\":\"https:\\\/\\\/balkangreenenergynews.com\\\/rs\\\/evropa-instalirala-64-gw-vetroelektrana-u-2025-nedovoljno-da-se-dostignu-ciljevi-za-2030\\\/#primaryimage\"},\"thumbnailUrl\":\"https:\\\/\\\/balkangreenenergynews.com\\\/rs\\\/wp-content\\\/uploads\\\/2025\\\/09\\\/evropa-eu-vetroparkovi-windeurope-2025-izvestaj.jpg?wsr\",\"datePublished\":\"2025-09-05T13:58:39+00:00\",\"dateModified\":\"2025-09-10T07:51:07+00:00\",\"author\":{\"@id\":\"https:\\\/\\\/balkangreenenergynews.com\\\/rs\\\/#\\\/schema\\\/person\\\/99dc721c46113fea22caffad06ef7317\"},\"description\":\"Evropa je instalirala 6,8 GW novih vetroelektrana u prvih \u0161est meseci godine, saop\u0161tila je organizacija WindEurope\",\"breadcrumb\":{\"@id\":\"https:\\\/\\\/balkangreenenergynews.com\\\/rs\\\/evropa-instalirala-64-gw-vetroelektrana-u-2025-nedovoljno-da-se-dostignu-ciljevi-za-2030\\\/#breadcrumb\"},\"inLanguage\":\"sr-RS\",\"potentialAction\":[{\"@type\":\"ReadAction\",\"target\":[\"https:\\\/\\\/balkangreenenergynews.com\\\/rs\\\/evropa-instalirala-64-gw-vetroelektrana-u-2025-nedovoljno-da-se-dostignu-ciljevi-za-2030\\\/\"]}]},{\"@type\":\"ImageObject\",\"inLanguage\":\"sr-RS\",\"@id\":\"https:\\\/\\\/balkangreenenergynews.com\\\/rs\\\/evropa-instalirala-64-gw-vetroelektrana-u-2025-nedovoljno-da-se-dostignu-ciljevi-za-2030\\\/#primaryimage\",\"url\":\"https:\\\/\\\/balkangreenenergynews.com\\\/rs\\\/wp-content\\\/uploads\\\/2025\\\/09\\\/evropa-eu-vetroparkovi-windeurope-2025-izvestaj.jpg?wsr\",\"contentUrl\":\"https:\\\/\\\/balkangreenenergynews.com\\\/rs\\\/wp-content\\\/uploads\\\/2025\\\/09\\\/evropa-eu-vetroparkovi-windeurope-2025-izvestaj.jpg?wsr\",\"width\":840,\"height\":430,\"caption\":\"evropa eu vetroparkovi windeurope 2025 izvestaj\"},{\"@type\":\"BreadcrumbList\",\"@id\":\"https:\\\/\\\/balkangreenenergynews.com\\\/rs\\\/evropa-instalirala-64-gw-vetroelektrana-u-2025-nedovoljno-da-se-dostignu-ciljevi-za-2030\\\/#breadcrumb\",\"itemListElement\":[{\"@type\":\"ListItem\",\"position\":1,\"name\":\"Po\u010detna\",\"item\":\"https:\\\/\\\/balkangreenenergynews.com\\\/rs\\\/\"},{\"@type\":\"ListItem\",\"position\":2,\"name\":\"Vesti\",\"item\":\"https:\\\/\\\/balkangreenenergynews.com\\\/rs\\\/kategorija\\\/vesti\\\/\"},{\"@type\":\"ListItem\",\"position\":3,\"name\":\"OIE\",\"item\":\"https:\\\/\\\/balkangreenenergynews.com\\\/rs\\\/kategorija\\\/vesti\\\/obnovljivi-izvori-energije\\\/\"},{\"@type\":\"ListItem\",\"position\":4,\"name\":\"Evropa instalirala 6,4 GW vetroelektrana u 2025 &#8211; nedovoljno da se dostignu ciljevi za 2030.\"}]},{\"@type\":\"WebSite\",\"@id\":\"https:\\\/\\\/balkangreenenergynews.com\\\/rs\\\/#website\",\"url\":\"https:\\\/\\\/balkangreenenergynews.com\\\/rs\\\/\",\"name\":\"Balkan Green Energy News\",\"description\":\"Naj\u0161iri izbor vesti sa Balkana o zelenoj energiji\",\"potentialAction\":[{\"@type\":\"SearchAction\",\"target\":{\"@type\":\"EntryPoint\",\"urlTemplate\":\"https:\\\/\\\/balkangreenenergynews.com\\\/rs\\\/?s={search_term_string}\"},\"query-input\":{\"@type\":\"PropertyValueSpecification\",\"valueRequired\":true,\"valueName\":\"search_term_string\"}}],\"inLanguage\":\"sr-RS\"},{\"@type\":\"Person\",\"@id\":\"https:\\\/\\\/balkangreenenergynews.com\\\/rs\\\/#\\\/schema\\\/person\\\/99dc721c46113fea22caffad06ef7317\",\"name\":\"Vladimir Spasi\u0107\",\"url\":\"https:\\\/\\\/balkangreenenergynews.com\\\/rs\\\/author\\\/vladimir-spasic\\\/\"}]}<\/script>\n<!-- \/ Yoast SEO plugin. -->","yoast_head_json":{"title":"Evropa instalirala 6,8 GW vetroelektrana u 2025 - nedovoljno da se dostignu ciljevi za 2030.","description":"Evropa je instalirala 6,8 GW novih vetroelektrana u prvih \u0161est meseci godine, saop\u0161tila je organizacija WindEurope","robots":{"index":"index","follow":"follow","max-snippet":"max-snippet:-1","max-image-preview":"max-image-preview:large","max-video-preview":"max-video-preview:-1"},"canonical":"https:\/\/balkangreenenergynews.com\/rs\/evropa-instalirala-64-gw-vetroelektrana-u-2025-nedovoljno-da-se-dostignu-ciljevi-za-2030\/","og_locale":"sr_RS","og_type":"article","og_title":"Evropa instalirala 6,8 GW vetroelektrana u 2025 - nedovoljno da se dostignu ciljevi za 2030.","og_description":"Evropa je instalirala 6,8 GW novih vetroelektrana u prvih \u0161est meseci godine, saop\u0161tila je organizacija WindEurope","og_url":"https:\/\/balkangreenenergynews.com\/rs\/evropa-instalirala-64-gw-vetroelektrana-u-2025-nedovoljno-da-se-dostignu-ciljevi-za-2030\/","og_site_name":"Balkan Green Energy News","article_published_time":"2025-09-05T13:58:39+00:00","article_modified_time":"2025-09-10T07:51:07+00:00","og_image":[{"width":840,"height":430,"url":"https:\/\/balkangreenenergynews.com\/rs\/wp-content\/uploads\/2025\/09\/evropa-eu-vetroparkovi-windeurope-2025-izvestaj.jpg?wsr","type":"image\/jpeg"}],"author":"Vladimir Spasi\u0107","twitter_card":"summary_large_image","twitter_misc":{"\u041d\u0430\u043f\u0438\u0441\u0430\u043d\u043e \u043e\u0434":"Vladimir Spasi\u0107","\u041f\u0440\u043e\u0446\u0435\u045a\u0435\u043d\u043e \u0432\u0440\u0435\u043c\u0435 \u0447\u0438\u0442\u0430\u045a\u0430":"4 \u043c\u0438\u043d\u0443\u0442\u0430"},"schema":{"@context":"https:\/\/schema.org","@graph":[{"@type":"Article","@id":"https:\/\/balkangreenenergynews.com\/rs\/evropa-instalirala-64-gw-vetroelektrana-u-2025-nedovoljno-da-se-dostignu-ciljevi-za-2030\/#article","isPartOf":{"@id":"https:\/\/balkangreenenergynews.com\/rs\/evropa-instalirala-64-gw-vetroelektrana-u-2025-nedovoljno-da-se-dostignu-ciljevi-za-2030\/"},"author":{"name":"Vladimir Spasi\u0107","@id":"https:\/\/balkangreenenergynews.com\/rs\/#\/schema\/person\/99dc721c46113fea22caffad06ef7317"},"headline":"Evropa instalirala 6,4 GW vetroelektrana u 2025 &#8211; nedovoljno da se dostignu ciljevi za 2030.","datePublished":"2025-09-05T13:58:39+00:00","dateModified":"2025-09-10T07:51:07+00:00","mainEntityOfPage":{"@id":"https:\/\/balkangreenenergynews.com\/rs\/evropa-instalirala-64-gw-vetroelektrana-u-2025-nedovoljno-da-se-dostignu-ciljevi-za-2030\/"},"wordCount":631,"commentCount":0,"image":{"@id":"https:\/\/balkangreenenergynews.com\/rs\/evropa-instalirala-64-gw-vetroelektrana-u-2025-nedovoljno-da-se-dostignu-ciljevi-za-2030\/#primaryimage"},"thumbnailUrl":"https:\/\/balkangreenenergynews.com\/rs\/wp-content\/uploads\/2025\/09\/evropa-eu-vetroparkovi-windeurope-2025-izvestaj.jpg?wsr","keywords":["fosilna goriva","Giles Dickson","investicije","of\u0161or vetroelektrane","vetroelektrane","vetroparkovi","WindEurope"],"articleSection":["Elektri\u010dna energija","OIE"],"inLanguage":"sr-RS","potentialAction":[{"@type":"CommentAction","name":"Comment","target":["https:\/\/balkangreenenergynews.com\/rs\/evropa-instalirala-64-gw-vetroelektrana-u-2025-nedovoljno-da-se-dostignu-ciljevi-za-2030\/#respond"]}]},{"@type":"WebPage","@id":"https:\/\/balkangreenenergynews.com\/rs\/evropa-instalirala-64-gw-vetroelektrana-u-2025-nedovoljno-da-se-dostignu-ciljevi-za-2030\/","url":"https:\/\/balkangreenenergynews.com\/rs\/evropa-instalirala-64-gw-vetroelektrana-u-2025-nedovoljno-da-se-dostignu-ciljevi-za-2030\/","name":"Evropa instalirala 6,8 GW vetroelektrana u 2025 - nedovoljno da se dostignu ciljevi za 2030.","isPartOf":{"@id":"https:\/\/balkangreenenergynews.com\/rs\/#website"},"primaryImageOfPage":{"@id":"https:\/\/balkangreenenergynews.com\/rs\/evropa-instalirala-64-gw-vetroelektrana-u-2025-nedovoljno-da-se-dostignu-ciljevi-za-2030\/#primaryimage"},"image":{"@id":"https:\/\/balkangreenenergynews.com\/rs\/evropa-instalirala-64-gw-vetroelektrana-u-2025-nedovoljno-da-se-dostignu-ciljevi-za-2030\/#primaryimage"},"thumbnailUrl":"https:\/\/balkangreenenergynews.com\/rs\/wp-content\/uploads\/2025\/09\/evropa-eu-vetroparkovi-windeurope-2025-izvestaj.jpg?wsr","datePublished":"2025-09-05T13:58:39+00:00","dateModified":"2025-09-10T07:51:07+00:00","author":{"@id":"https:\/\/balkangreenenergynews.com\/rs\/#\/schema\/person\/99dc721c46113fea22caffad06ef7317"},"description":"Evropa je instalirala 6,8 GW novih vetroelektrana u prvih \u0161est meseci godine, saop\u0161tila je organizacija WindEurope","breadcrumb":{"@id":"https:\/\/balkangreenenergynews.com\/rs\/evropa-instalirala-64-gw-vetroelektrana-u-2025-nedovoljno-da-se-dostignu-ciljevi-za-2030\/#breadcrumb"},"inLanguage":"sr-RS","potentialAction":[{"@type":"ReadAction","target":["https:\/\/balkangreenenergynews.com\/rs\/evropa-instalirala-64-gw-vetroelektrana-u-2025-nedovoljno-da-se-dostignu-ciljevi-za-2030\/"]}]},{"@type":"ImageObject","inLanguage":"sr-RS","@id":"https:\/\/balkangreenenergynews.com\/rs\/evropa-instalirala-64-gw-vetroelektrana-u-2025-nedovoljno-da-se-dostignu-ciljevi-za-2030\/#primaryimage","url":"https:\/\/balkangreenenergynews.com\/rs\/wp-content\/uploads\/2025\/09\/evropa-eu-vetroparkovi-windeurope-2025-izvestaj.jpg?wsr","contentUrl":"https:\/\/balkangreenenergynews.com\/rs\/wp-content\/uploads\/2025\/09\/evropa-eu-vetroparkovi-windeurope-2025-izvestaj.jpg?wsr","width":840,"height":430,"caption":"evropa eu vetroparkovi windeurope 2025 izvestaj"},{"@type":"BreadcrumbList","@id":"https:\/\/balkangreenenergynews.com\/rs\/evropa-instalirala-64-gw-vetroelektrana-u-2025-nedovoljno-da-se-dostignu-ciljevi-za-2030\/#breadcrumb","itemListElement":[{"@type":"ListItem","position":1,"name":"Po\u010detna","item":"https:\/\/balkangreenenergynews.com\/rs\/"},{"@type":"ListItem","position":2,"name":"Vesti","item":"https:\/\/balkangreenenergynews.com\/rs\/kategorija\/vesti\/"},{"@type":"ListItem","position":3,"name":"OIE","item":"https:\/\/balkangreenenergynews.com\/rs\/kategorija\/vesti\/obnovljivi-izvori-energije\/"},{"@type":"ListItem","position":4,"name":"Evropa instalirala 6,4 GW vetroelektrana u 2025 &#8211; nedovoljno da se dostignu ciljevi za 2030."}]},{"@type":"WebSite","@id":"https:\/\/balkangreenenergynews.com\/rs\/#website","url":"https:\/\/balkangreenenergynews.com\/rs\/","name":"Balkan Green Energy News","description":"Naj\u0161iri izbor vesti sa Balkana o zelenoj energiji","potentialAction":[{"@type":"SearchAction","target":{"@type":"EntryPoint","urlTemplate":"https:\/\/balkangreenenergynews.com\/rs\/?s={search_term_string}"},"query-input":{"@type":"PropertyValueSpecification","valueRequired":true,"valueName":"search_term_string"}}],"inLanguage":"sr-RS"},{"@type":"Person","@id":"https:\/\/balkangreenenergynews.com\/rs\/#\/schema\/person\/99dc721c46113fea22caffad06ef7317","name":"Vladimir Spasi\u0107","url":"https:\/\/balkangreenenergynews.com\/rs\/author\/vladimir-spasic\/"}]}},"_links":{"self":[{"href":"https:\/\/balkangreenenergynews.com\/rs\/wp-json\/wp\/v2\/posts\/84043","targetHints":{"allow":["GET"]}}],"collection":[{"href":"https:\/\/balkangreenenergynews.com\/rs\/wp-json\/wp\/v2\/posts"}],"about":[{"href":"https:\/\/balkangreenenergynews.com\/rs\/wp-json\/wp\/v2\/types\/post"}],"author":[{"embeddable":true,"href":"https:\/\/balkangreenenergynews.com\/rs\/wp-json\/wp\/v2\/users\/23"}],"replies":[{"embeddable":true,"href":"https:\/\/balkangreenenergynews.com\/rs\/wp-json\/wp\/v2\/comments?post=84043"}],"version-history":[{"count":0,"href":"https:\/\/balkangreenenergynews.com\/rs\/wp-json\/wp\/v2\/posts\/84043\/revisions"}],"wp:featuredmedia":[{"embeddable":true,"href":"https:\/\/balkangreenenergynews.com\/rs\/wp-json\/wp\/v2\/media\/84045"}],"wp:attachment":[{"href":"https:\/\/balkangreenenergynews.com\/rs\/wp-json\/wp\/v2\/media?parent=84043"}],"wp:term":[{"taxonomy":"category","embeddable":true,"href":"https:\/\/balkangreenenergynews.com\/rs\/wp-json\/wp\/v2\/categories?post=84043"},{"taxonomy":"post_tag","embeddable":true,"href":"https:\/\/balkangreenenergynews.com\/rs\/wp-json\/wp\/v2\/tags?post=84043"}],"curies":[{"name":"wp","href":"https:\/\/api.w.org\/{rel}","templated":true}]}}