{"id":84022,"date":"2025-09-05T16:18:21","date_gmt":"2025-09-05T14:18:21","guid":{"rendered":"https:\/\/balkangreenenergynews.com\/rs\/?p=84022"},"modified":"2025-09-09T16:07:33","modified_gmt":"2025-09-09T14:07:33","slug":"skupstina-crne-gore-dobila-solarnu-elektranu","status":"publish","type":"post","link":"https:\/\/balkangreenenergynews.com\/rs\/skupstina-crne-gore-dobila-solarnu-elektranu\/","title":{"rendered":"Skup\u0161tina Crne Gore dobila solarnu elektranu"},"content":{"rendered":"<h2>Solarna elektrana na krovu Skup\u0161tine Crne Gore u Podgorici zvani\u010dno je po\u010dela sa radom. Ukupna snaga elektrane iznosi 81 kilovat vr\u0161ne snage (kWp), a o\u010dekuje se da \u0107e godi\u0161nje proizvoditi oko 100.000 kilovat-\u010dasova (kWh) energije.<\/h2>\n<p data-start=\"654\" data-end=\"883\">Crna Gora je verovatno prva dr\u017eava, na prostoru biv\u0161e Jugoslavije, koja je postavila solarne panele na krov svog parlamenta. &#8222;Ovaj projekat predstavlja va\u017ean iskorak ka odr\u017eivom razvoju i racionalnom kori\u0161\u0107enju energetskih resursa&#8220;, saop\u0161teno je iz Skup\u0161tine.<\/p>\n<p>Instalirani sistem se sastoji od 150 monokristalnih solarnih panela pojedina\u010dne snage 540 Wp. Ukupna snaga elektrane iznosi 81 kWp, dok je snaga invertera 70 kVA. O\u010dekuje se da \u0107e godi\u0161nja proizvodnja elektri\u010dne energije prema\u0161iti 100.000 kWh \u010dime \u0107e se pokriti zna\u010dajan deo potreba zgrade Skup\u0161tine i doprineti smanjenju emisija \u0161tetnih gasova.<\/p>\n<p>Time \u0107e Skup\u0161tina postati prozjumer.<\/p>\n<blockquote><p>Solarna elektrana \u0107e pokriti zna\u010dajan deo potro\u0161nje elektri\u010dne energije Skup\u0161tine<\/p><\/blockquote>\n<p data-start=\"1255\" data-end=\"1500\">Iz Skup\u0161tine isti\u010du da realizacija ovog projekta predstavlja nastavak posve\u0107enosti unapre\u0111enju energetske efikasnosti i dodaju da je prethodnim adaptacijama i modernizacijom prostorija ostvarena zna\u010dajna u\u0161teda u potro\u0161nji elektri\u010dne energije.<\/p>\n<p data-start=\"2078\" data-end=\"2331\">Ove godine su zapo\u010dete i aktivnosti na projektima nove klimatizacije i energetski efikasne fasade, a zavr\u0161etak radova se o\u010dekuje 2026. godine, \u010dime \u0107e se dodatno unaprediti ukupni energetski bilans objekta.<\/p>\n<p>&#8222;Kao dru\u0161tveno odgovorna institucija, Skup\u0161tina Crne Gore ovim korakom potvr\u0111uje svoju strate\u0161ku orijentaciju ka savremenim standardima odr\u017eivosti, racionalnom upravljanju javnim sredstvima i o\u010duvanju \u017eivotne sredine, u slu\u017ebi gra\u0111ana i odr\u017eive budu\u0107nosti&#8220;, istaknuto je u saop\u0161tenju.<\/p>\n<blockquote><p>EPCG ve\u0107 godinama sprovodi program za instalaciju solarnih panela na krovove ku\u0107a i firmi<\/p><\/blockquote>\n<p data-start=\"1435\" data-end=\"2001\">Potez Skup\u0161tine uklapa se u nameru zemlje da instalira \u0161to vi\u0161e solarnih panela. Ve\u0107 nekoliko godina Elektroprivreda Crne Gore (EPCG) sprovodi program postavljanje fotonaponskih elektrana na krovove doma\u0107instava i firmi. Projekti <a href=\"https:\/\/balkangreenenergynews.com\/rs\/epcg-projektom-solari-zapoceo-odrzivu-energetsku-tranziciju-u-crnoj-gori\/\">Solari 3000+ i Solari 500+<\/a> su zavr\u0161eni, a ju toku je <a href=\"https:\/\/balkangreenenergynews.com\/rs\/projekat-solari-5000-bice-prosiren-na-ugradnju-energetski-efikasne-stolarije\/\">Solari 5000+<\/a>.<\/p>\n<p data-start=\"268\" data-end=\"613\">I <a href=\"https:\/\/balkangreenenergynews.com\/rs\/i-vlada-srbije-postaje-prozjumer-solarni-paneli-bice-postavljeni-na-tri-zgrade\/\">Vlada Srbije<\/a> je u maju 2023. godine najavila nameru da instalira solarne panele i postane prozjumer, ali za sada nema novih informacija o realizaciji ovog projekta.<\/p>\n","protected":false},"excerpt":{"rendered":"<p>Solarna elektrana, snage 81 vr\u0161ni kilovat, na krovu Skup\u0161tine Crne Gore u Podgorici zvani\u010dno je po\u010dela sa radom. <\/p>\n","protected":false},"author":34,"featured_media":84034,"comment_status":"open","ping_status":"open","sticky":false,"template":"","format":"standard","meta":{"_acf_changed":false,"_monsterinsights_skip_tracking":false,"_monsterinsights_sitenote_active":false,"_monsterinsights_sitenote_note":"","_monsterinsights_sitenote_category":0,"footnotes":""},"categories":[1],"tags":[189,5837,647,1445,1890,966,816],"class_list":["post-84022","post","type-post","status-publish","format-standard","has-post-thumbnail","hentry","category-obnovljivi-izvori-energije","tag-epcg","tag-krovne-solarne-elektrane","tag-obnovljivi-izvori-energije","tag-prozjumeri","tag-solarne-elektrane","tag-solarni-paneli","tag-vlada-srbije","country-crna-gora"],"acf":[],"yoast_head":"<!-- This site is optimized with the Yoast SEO plugin v27.4 - https:\/\/yoast.com\/product\/yoast-seo-wordpress\/ -->\n<title>Skup\u0161tina Crne Gore dobila solarnu elektranu<\/title>\n<meta name=\"description\" content=\"Solarna elektrana, snage 81 vr\u0161ni kilovat, na krovu Skup\u0161tine Crne Gore u Podgorici zvani\u010dno je po\u010dela sa radom.\" \/>\n<meta name=\"robots\" content=\"index, follow, max-snippet:-1, max-image-preview:large, max-video-preview:-1\" \/>\n<link rel=\"canonical\" href=\"https:\/\/balkangreenenergynews.com\/rs\/skupstina-crne-gore-dobila-solarnu-elektranu\/\" \/>\n<meta property=\"og:locale\" content=\"sr_RS\" \/>\n<meta property=\"og:type\" content=\"article\" \/>\n<meta property=\"og:title\" content=\"Skup\u0161tina Crne Gore dobila solarnu elektranu\" \/>\n<meta property=\"og:description\" content=\"Solarna elektrana, snage 81 vr\u0161ni kilovat, na krovu Skup\u0161tine Crne Gore u Podgorici zvani\u010dno je po\u010dela sa radom.\" \/>\n<meta property=\"og:url\" content=\"https:\/\/balkangreenenergynews.com\/rs\/skupstina-crne-gore-dobila-solarnu-elektranu\/\" \/>\n<meta property=\"og:site_name\" content=\"Balkan Green Energy News\" \/>\n<meta property=\"article:published_time\" content=\"2025-09-05T14:18:21+00:00\" \/>\n<meta property=\"article:modified_time\" content=\"2025-09-09T14:07:33+00:00\" \/>\n<meta property=\"og:image\" content=\"https:\/\/balkangreenenergynews.com\/rs\/wp-content\/uploads\/2025\/09\/Skupsnina-Crne-Gore-solarni-paneli-.jpg?wsr\" \/>\n\t<meta property=\"og:image:width\" content=\"840\" \/>\n\t<meta property=\"og:image:height\" content=\"430\" \/>\n\t<meta property=\"og:image:type\" content=\"image\/jpeg\" \/>\n<meta name=\"author\" content=\"Jelisaveta Peri\u0161i\u0107\" \/>\n<meta name=\"twitter:card\" content=\"summary_large_image\" \/>\n<meta name=\"twitter:label1\" content=\"\u041d\u0430\u043f\u0438\u0441\u0430\u043d\u043e \u043e\u0434\" \/>\n\t<meta name=\"twitter:data1\" content=\"Jelisaveta Peri\u0161i\u0107\" \/>\n\t<meta name=\"twitter:label2\" content=\"\u041f\u0440\u043e\u0446\u0435\u045a\u0435\u043d\u043e \u0432\u0440\u0435\u043c\u0435 \u0447\u0438\u0442\u0430\u045a\u0430\" \/>\n\t<meta name=\"twitter:data2\" content=\"2 \u043c\u0438\u043d\u0443\u0442\u0430\" \/>\n<script type=\"application\/ld+json\" class=\"yoast-schema-graph\">{\"@context\":\"https:\\\/\\\/schema.org\",\"@graph\":[{\"@type\":\"Article\",\"@id\":\"https:\\\/\\\/balkangreenenergynews.com\\\/rs\\\/skupstina-crne-gore-dobila-solarnu-elektranu\\\/#article\",\"isPartOf\":{\"@id\":\"https:\\\/\\\/balkangreenenergynews.com\\\/rs\\\/skupstina-crne-gore-dobila-solarnu-elektranu\\\/\"},\"author\":{\"name\":\"Jelisaveta Peri\u0161i\u0107\",\"@id\":\"https:\\\/\\\/balkangreenenergynews.com\\\/rs\\\/#\\\/schema\\\/person\\\/4b3c5831bbc05a72630d12560df2b3f8\"},\"headline\":\"Skup\u0161tina Crne Gore dobila solarnu elektranu\",\"datePublished\":\"2025-09-05T14:18:21+00:00\",\"dateModified\":\"2025-09-09T14:07:33+00:00\",\"mainEntityOfPage\":{\"@id\":\"https:\\\/\\\/balkangreenenergynews.com\\\/rs\\\/skupstina-crne-gore-dobila-solarnu-elektranu\\\/\"},\"wordCount\":364,\"commentCount\":0,\"image\":{\"@id\":\"https:\\\/\\\/balkangreenenergynews.com\\\/rs\\\/skupstina-crne-gore-dobila-solarnu-elektranu\\\/#primaryimage\"},\"thumbnailUrl\":\"https:\\\/\\\/balkangreenenergynews.com\\\/rs\\\/wp-content\\\/uploads\\\/2025\\\/09\\\/Skupsnina-Crne-Gore-solarni-paneli-.jpg?wsr\",\"keywords\":[\"EPCG\",\"krovne solarne elektrane\",\"obnovljivi izvori energije\",\"prozjumeri\",\"solarne elektrane\",\"solarni paneli\",\"Vlada Srbije\"],\"articleSection\":[\"OIE\"],\"inLanguage\":\"sr-RS\",\"potentialAction\":[{\"@type\":\"CommentAction\",\"name\":\"Comment\",\"target\":[\"https:\\\/\\\/balkangreenenergynews.com\\\/rs\\\/skupstina-crne-gore-dobila-solarnu-elektranu\\\/#respond\"]}]},{\"@type\":\"WebPage\",\"@id\":\"https:\\\/\\\/balkangreenenergynews.com\\\/rs\\\/skupstina-crne-gore-dobila-solarnu-elektranu\\\/\",\"url\":\"https:\\\/\\\/balkangreenenergynews.com\\\/rs\\\/skupstina-crne-gore-dobila-solarnu-elektranu\\\/\",\"name\":\"Skup\u0161tina Crne Gore dobila solarnu elektranu\",\"isPartOf\":{\"@id\":\"https:\\\/\\\/balkangreenenergynews.com\\\/rs\\\/#website\"},\"primaryImageOfPage\":{\"@id\":\"https:\\\/\\\/balkangreenenergynews.com\\\/rs\\\/skupstina-crne-gore-dobila-solarnu-elektranu\\\/#primaryimage\"},\"image\":{\"@id\":\"https:\\\/\\\/balkangreenenergynews.com\\\/rs\\\/skupstina-crne-gore-dobila-solarnu-elektranu\\\/#primaryimage\"},\"thumbnailUrl\":\"https:\\\/\\\/balkangreenenergynews.com\\\/rs\\\/wp-content\\\/uploads\\\/2025\\\/09\\\/Skupsnina-Crne-Gore-solarni-paneli-.jpg?wsr\",\"datePublished\":\"2025-09-05T14:18:21+00:00\",\"dateModified\":\"2025-09-09T14:07:33+00:00\",\"author\":{\"@id\":\"https:\\\/\\\/balkangreenenergynews.com\\\/rs\\\/#\\\/schema\\\/person\\\/4b3c5831bbc05a72630d12560df2b3f8\"},\"description\":\"Solarna elektrana, snage 81 vr\u0161ni kilovat, na krovu Skup\u0161tine Crne Gore u Podgorici zvani\u010dno je po\u010dela sa radom.\",\"breadcrumb\":{\"@id\":\"https:\\\/\\\/balkangreenenergynews.com\\\/rs\\\/skupstina-crne-gore-dobila-solarnu-elektranu\\\/#breadcrumb\"},\"inLanguage\":\"sr-RS\",\"potentialAction\":[{\"@type\":\"ReadAction\",\"target\":[\"https:\\\/\\\/balkangreenenergynews.com\\\/rs\\\/skupstina-crne-gore-dobila-solarnu-elektranu\\\/\"]}]},{\"@type\":\"ImageObject\",\"inLanguage\":\"sr-RS\",\"@id\":\"https:\\\/\\\/balkangreenenergynews.com\\\/rs\\\/skupstina-crne-gore-dobila-solarnu-elektranu\\\/#primaryimage\",\"url\":\"https:\\\/\\\/balkangreenenergynews.com\\\/rs\\\/wp-content\\\/uploads\\\/2025\\\/09\\\/Skupsnina-Crne-Gore-solarni-paneli-.jpg?wsr\",\"contentUrl\":\"https:\\\/\\\/balkangreenenergynews.com\\\/rs\\\/wp-content\\\/uploads\\\/2025\\\/09\\\/Skupsnina-Crne-Gore-solarni-paneli-.jpg?wsr\",\"width\":840,\"height\":430,\"caption\":\"Skupstina Crne Gore, solarni paneli\"},{\"@type\":\"BreadcrumbList\",\"@id\":\"https:\\\/\\\/balkangreenenergynews.com\\\/rs\\\/skupstina-crne-gore-dobila-solarnu-elektranu\\\/#breadcrumb\",\"itemListElement\":[{\"@type\":\"ListItem\",\"position\":1,\"name\":\"Po\u010detna\",\"item\":\"https:\\\/\\\/balkangreenenergynews.com\\\/rs\\\/\"},{\"@type\":\"ListItem\",\"position\":2,\"name\":\"Vesti\",\"item\":\"https:\\\/\\\/balkangreenenergynews.com\\\/rs\\\/kategorija\\\/vesti\\\/\"},{\"@type\":\"ListItem\",\"position\":3,\"name\":\"OIE\",\"item\":\"https:\\\/\\\/balkangreenenergynews.com\\\/rs\\\/kategorija\\\/vesti\\\/obnovljivi-izvori-energije\\\/\"},{\"@type\":\"ListItem\",\"position\":4,\"name\":\"Skup\u0161tina Crne Gore dobila solarnu elektranu\"}]},{\"@type\":\"WebSite\",\"@id\":\"https:\\\/\\\/balkangreenenergynews.com\\\/rs\\\/#website\",\"url\":\"https:\\\/\\\/balkangreenenergynews.com\\\/rs\\\/\",\"name\":\"Balkan Green Energy News\",\"description\":\"Naj\u0161iri izbor vesti sa Balkana o zelenoj energiji\",\"potentialAction\":[{\"@type\":\"SearchAction\",\"target\":{\"@type\":\"EntryPoint\",\"urlTemplate\":\"https:\\\/\\\/balkangreenenergynews.com\\\/rs\\\/?s={search_term_string}\"},\"query-input\":{\"@type\":\"PropertyValueSpecification\",\"valueRequired\":true,\"valueName\":\"search_term_string\"}}],\"inLanguage\":\"sr-RS\"},{\"@type\":\"Person\",\"@id\":\"https:\\\/\\\/balkangreenenergynews.com\\\/rs\\\/#\\\/schema\\\/person\\\/4b3c5831bbc05a72630d12560df2b3f8\",\"name\":\"Jelisaveta Peri\u0161i\u0107\",\"url\":\"https:\\\/\\\/balkangreenenergynews.com\\\/rs\\\/author\\\/jelisavet-perisic\\\/\"}]}<\/script>\n<!-- \/ Yoast SEO plugin. -->","yoast_head_json":{"title":"Skup\u0161tina Crne Gore dobila solarnu elektranu","description":"Solarna elektrana, snage 81 vr\u0161ni kilovat, na krovu Skup\u0161tine Crne Gore u Podgorici zvani\u010dno je po\u010dela sa radom.","robots":{"index":"index","follow":"follow","max-snippet":"max-snippet:-1","max-image-preview":"max-image-preview:large","max-video-preview":"max-video-preview:-1"},"canonical":"https:\/\/balkangreenenergynews.com\/rs\/skupstina-crne-gore-dobila-solarnu-elektranu\/","og_locale":"sr_RS","og_type":"article","og_title":"Skup\u0161tina Crne Gore dobila solarnu elektranu","og_description":"Solarna elektrana, snage 81 vr\u0161ni kilovat, na krovu Skup\u0161tine Crne Gore u Podgorici zvani\u010dno je po\u010dela sa radom.","og_url":"https:\/\/balkangreenenergynews.com\/rs\/skupstina-crne-gore-dobila-solarnu-elektranu\/","og_site_name":"Balkan Green Energy News","article_published_time":"2025-09-05T14:18:21+00:00","article_modified_time":"2025-09-09T14:07:33+00:00","og_image":[{"width":840,"height":430,"url":"https:\/\/balkangreenenergynews.com\/rs\/wp-content\/uploads\/2025\/09\/Skupsnina-Crne-Gore-solarni-paneli-.jpg?wsr","type":"image\/jpeg"}],"author":"Jelisaveta Peri\u0161i\u0107","twitter_card":"summary_large_image","twitter_misc":{"\u041d\u0430\u043f\u0438\u0441\u0430\u043d\u043e \u043e\u0434":"Jelisaveta Peri\u0161i\u0107","\u041f\u0440\u043e\u0446\u0435\u045a\u0435\u043d\u043e \u0432\u0440\u0435\u043c\u0435 \u0447\u0438\u0442\u0430\u045a\u0430":"2 \u043c\u0438\u043d\u0443\u0442\u0430"},"schema":{"@context":"https:\/\/schema.org","@graph":[{"@type":"Article","@id":"https:\/\/balkangreenenergynews.com\/rs\/skupstina-crne-gore-dobila-solarnu-elektranu\/#article","isPartOf":{"@id":"https:\/\/balkangreenenergynews.com\/rs\/skupstina-crne-gore-dobila-solarnu-elektranu\/"},"author":{"name":"Jelisaveta Peri\u0161i\u0107","@id":"https:\/\/balkangreenenergynews.com\/rs\/#\/schema\/person\/4b3c5831bbc05a72630d12560df2b3f8"},"headline":"Skup\u0161tina Crne Gore dobila solarnu elektranu","datePublished":"2025-09-05T14:18:21+00:00","dateModified":"2025-09-09T14:07:33+00:00","mainEntityOfPage":{"@id":"https:\/\/balkangreenenergynews.com\/rs\/skupstina-crne-gore-dobila-solarnu-elektranu\/"},"wordCount":364,"commentCount":0,"image":{"@id":"https:\/\/balkangreenenergynews.com\/rs\/skupstina-crne-gore-dobila-solarnu-elektranu\/#primaryimage"},"thumbnailUrl":"https:\/\/balkangreenenergynews.com\/rs\/wp-content\/uploads\/2025\/09\/Skupsnina-Crne-Gore-solarni-paneli-.jpg?wsr","keywords":["EPCG","krovne solarne elektrane","obnovljivi izvori energije","prozjumeri","solarne elektrane","solarni paneli","Vlada Srbije"],"articleSection":["OIE"],"inLanguage":"sr-RS","potentialAction":[{"@type":"CommentAction","name":"Comment","target":["https:\/\/balkangreenenergynews.com\/rs\/skupstina-crne-gore-dobila-solarnu-elektranu\/#respond"]}]},{"@type":"WebPage","@id":"https:\/\/balkangreenenergynews.com\/rs\/skupstina-crne-gore-dobila-solarnu-elektranu\/","url":"https:\/\/balkangreenenergynews.com\/rs\/skupstina-crne-gore-dobila-solarnu-elektranu\/","name":"Skup\u0161tina Crne Gore dobila solarnu elektranu","isPartOf":{"@id":"https:\/\/balkangreenenergynews.com\/rs\/#website"},"primaryImageOfPage":{"@id":"https:\/\/balkangreenenergynews.com\/rs\/skupstina-crne-gore-dobila-solarnu-elektranu\/#primaryimage"},"image":{"@id":"https:\/\/balkangreenenergynews.com\/rs\/skupstina-crne-gore-dobila-solarnu-elektranu\/#primaryimage"},"thumbnailUrl":"https:\/\/balkangreenenergynews.com\/rs\/wp-content\/uploads\/2025\/09\/Skupsnina-Crne-Gore-solarni-paneli-.jpg?wsr","datePublished":"2025-09-05T14:18:21+00:00","dateModified":"2025-09-09T14:07:33+00:00","author":{"@id":"https:\/\/balkangreenenergynews.com\/rs\/#\/schema\/person\/4b3c5831bbc05a72630d12560df2b3f8"},"description":"Solarna elektrana, snage 81 vr\u0161ni kilovat, na krovu Skup\u0161tine Crne Gore u Podgorici zvani\u010dno je po\u010dela sa radom.","breadcrumb":{"@id":"https:\/\/balkangreenenergynews.com\/rs\/skupstina-crne-gore-dobila-solarnu-elektranu\/#breadcrumb"},"inLanguage":"sr-RS","potentialAction":[{"@type":"ReadAction","target":["https:\/\/balkangreenenergynews.com\/rs\/skupstina-crne-gore-dobila-solarnu-elektranu\/"]}]},{"@type":"ImageObject","inLanguage":"sr-RS","@id":"https:\/\/balkangreenenergynews.com\/rs\/skupstina-crne-gore-dobila-solarnu-elektranu\/#primaryimage","url":"https:\/\/balkangreenenergynews.com\/rs\/wp-content\/uploads\/2025\/09\/Skupsnina-Crne-Gore-solarni-paneli-.jpg?wsr","contentUrl":"https:\/\/balkangreenenergynews.com\/rs\/wp-content\/uploads\/2025\/09\/Skupsnina-Crne-Gore-solarni-paneli-.jpg?wsr","width":840,"height":430,"caption":"Skupstina Crne Gore, solarni paneli"},{"@type":"BreadcrumbList","@id":"https:\/\/balkangreenenergynews.com\/rs\/skupstina-crne-gore-dobila-solarnu-elektranu\/#breadcrumb","itemListElement":[{"@type":"ListItem","position":1,"name":"Po\u010detna","item":"https:\/\/balkangreenenergynews.com\/rs\/"},{"@type":"ListItem","position":2,"name":"Vesti","item":"https:\/\/balkangreenenergynews.com\/rs\/kategorija\/vesti\/"},{"@type":"ListItem","position":3,"name":"OIE","item":"https:\/\/balkangreenenergynews.com\/rs\/kategorija\/vesti\/obnovljivi-izvori-energije\/"},{"@type":"ListItem","position":4,"name":"Skup\u0161tina Crne Gore dobila solarnu elektranu"}]},{"@type":"WebSite","@id":"https:\/\/balkangreenenergynews.com\/rs\/#website","url":"https:\/\/balkangreenenergynews.com\/rs\/","name":"Balkan Green Energy News","description":"Naj\u0161iri izbor vesti sa Balkana o zelenoj energiji","potentialAction":[{"@type":"SearchAction","target":{"@type":"EntryPoint","urlTemplate":"https:\/\/balkangreenenergynews.com\/rs\/?s={search_term_string}"},"query-input":{"@type":"PropertyValueSpecification","valueRequired":true,"valueName":"search_term_string"}}],"inLanguage":"sr-RS"},{"@type":"Person","@id":"https:\/\/balkangreenenergynews.com\/rs\/#\/schema\/person\/4b3c5831bbc05a72630d12560df2b3f8","name":"Jelisaveta Peri\u0161i\u0107","url":"https:\/\/balkangreenenergynews.com\/rs\/author\/jelisavet-perisic\/"}]}},"_links":{"self":[{"href":"https:\/\/balkangreenenergynews.com\/rs\/wp-json\/wp\/v2\/posts\/84022","targetHints":{"allow":["GET"]}}],"collection":[{"href":"https:\/\/balkangreenenergynews.com\/rs\/wp-json\/wp\/v2\/posts"}],"about":[{"href":"https:\/\/balkangreenenergynews.com\/rs\/wp-json\/wp\/v2\/types\/post"}],"author":[{"embeddable":true,"href":"https:\/\/balkangreenenergynews.com\/rs\/wp-json\/wp\/v2\/users\/34"}],"replies":[{"embeddable":true,"href":"https:\/\/balkangreenenergynews.com\/rs\/wp-json\/wp\/v2\/comments?post=84022"}],"version-history":[{"count":0,"href":"https:\/\/balkangreenenergynews.com\/rs\/wp-json\/wp\/v2\/posts\/84022\/revisions"}],"wp:featuredmedia":[{"embeddable":true,"href":"https:\/\/balkangreenenergynews.com\/rs\/wp-json\/wp\/v2\/media\/84034"}],"wp:attachment":[{"href":"https:\/\/balkangreenenergynews.com\/rs\/wp-json\/wp\/v2\/media?parent=84022"}],"wp:term":[{"taxonomy":"category","embeddable":true,"href":"https:\/\/balkangreenenergynews.com\/rs\/wp-json\/wp\/v2\/categories?post=84022"},{"taxonomy":"post_tag","embeddable":true,"href":"https:\/\/balkangreenenergynews.com\/rs\/wp-json\/wp\/v2\/tags?post=84022"}],"curies":[{"name":"wp","href":"https:\/\/api.w.org\/{rel}","templated":true}]}}