{"id":83964,"date":"2025-09-03T18:45:52","date_gmt":"2025-09-03T16:45:52","guid":{"rendered":"https:\/\/balkangreenenergynews.com\/rs\/?p=83964"},"modified":"2025-09-03T18:45:52","modified_gmt":"2025-09-03T16:45:52","slug":"globalni-kapacitet-solara-porastao-64-odsto-u-prvoj-polovini-2025","status":"publish","type":"post","link":"https:\/\/balkangreenenergynews.com\/rs\/globalni-kapacitet-solara-porastao-64-odsto-u-prvoj-polovini-2025\/","title":{"rendered":"Globalni kapacitet solara porastao 64 odsto u prvoj polovini 2025."},"content":{"rendered":"<h2>Ukupan svetski kapacitet solarnih elektrana povec\u0301an je za 380 MW u prvoj polovini 2025. godine. To je povec\u0301anje od 64 odsto u pore\u0111enju sa istim periodom pro\u0161le godine, prema podacima instituta Ember.<\/h2>\n<p>U prvih \u0161est meseci 2024. godine instalirane su fotonaponske elektrane snage 232 GW. Tek u\u00a0 septembru te godine novi solarni kapaciteti prema\u0161ili su 350 GW, \u0161to je ujedno bio i rezultat za celu 2023. Ove godine 350 GW dostignuto je ranije, u junu, prema podacima energetskog instituta Ember.<\/p>\n<p>Ina\u010de, ukupni globalni instalirani kapacitet solara dostigao je 2,2 TW na kraju 2024.<\/p>\n<p>Brzo \u0161irenje solarnih kapaciteta poslednjih godina u\u010dinilo ih je najbr\u017ee rastuc\u0301im izvorom nove proizvodnje elektri\u010dne energije. U 2024. globalna solarna proizvodnja porasla je za 28 odsto, za dodatnih 469 TWh, u pore\u0111enju sa 2023, \u0161to je vi\u0161e nego bilo koji drugi izvor, naveo je Ember.<\/p>\n<p><img loading=\"lazy\" decoding=\"async\" class=\" wp-image-83966 aligncenter\" src=\"https:\/\/balkangreenenergynews.com\/rs\/wp-content\/uploads\/2025\/09\/svet-solarne-elektrane-ember-rast-2025-zemlje-kina.jpg\" alt=\"svet solarne elektrane ember rast 2025 zemlje kina\" width=\"913\" height=\"643\" srcset=\"https:\/\/balkangreenenergynews.com\/rs\/wp-content\/uploads\/2025\/09\/svet-solarne-elektrane-ember-rast-2025-zemlje-kina.jpg 981w, https:\/\/balkangreenenergynews.com\/rs\/wp-content\/uploads\/2025\/09\/svet-solarne-elektrane-ember-rast-2025-zemlje-kina-500x352.jpg 500w, https:\/\/balkangreenenergynews.com\/rs\/wp-content\/uploads\/2025\/09\/svet-solarne-elektrane-ember-rast-2025-zemlje-kina-840x592.jpg 840w, https:\/\/balkangreenenergynews.com\/rs\/wp-content\/uploads\/2025\/09\/svet-solarne-elektrane-ember-rast-2025-zemlje-kina-768x541.jpg 768w, https:\/\/balkangreenenergynews.com\/rs\/wp-content\/uploads\/2025\/09\/svet-solarne-elektrane-ember-rast-2025-zemlje-kina-300x211.jpg 300w\" sizes=\"auto, (max-width: 913px) 100vw, 913px\" \/><\/p>\n<p><a href=\"https:\/\/balkangreenenergynews.com\/rs\/u-kini-se-gradi-tri-cetvrtine-solarnih-elektrana-i-vetroparkova-u-izgradnji-u-svetu\/\">Kina<\/a> nastavlja da predvodi svet po rastu solarne energije. O kojem vo\u0111stvu je re\u010d pokazala je procena Globalnog energetskog monitora koji je u\u00a0 julu saop\u0161tio da se tri \u010detvrtine globalnih solarnih i vetroelektrana u izgradnji nalazi u Kini.<\/p>\n<p>Ember navodi da su od januara do kraja juna, fotonaponske instalacije u zemlji bile vi\u0161e od 100 odsto vec\u0301e u odnosu na isti period pro\u0161le godine.<\/p>\n<p>Kina je instalirala 67 odsto ukupnog kapaciteta novih solarnih elektrana ili 256 GW u odnosu na 54 odsto u prvoj polovini 2024, pokazali su podaci.<\/p>\n<p>Rezultat je delimi\u010dno posledica namere investitora da zavr\u0161e projekte pre nego \u0161to nova pravila o instalaciji elektrana na vetar i solar stupe na snagu u junu ove godine.<\/p>\n<p>Ova situacija bi mogla dovesti do manje instalacija u ostatku godine, me\u0111utim, Ember je naglasio da novi zahtevi za nabavku \u010diste energije za industriju i optimisti\u010dke procene Kineskog udru\u017eenja za solarne fotonaponske sisteme (CPIA) ukazuju da c\u0301e novi rekord biti zabele\u017een i ove godine.<\/p>\n<h3>Indija prati Kinu<\/h3>\n<p>Sve ostale zemlje zajedno su instalirale 124 GW u prvoj polovini 2025. \u2013 15 odsto vi\u0161e nego u prvoj polovini 2024.<\/p>\n<p>Indija je osvojila drugo mesto sa 24 GW, \u0161to je povec\u0301anje od 49 odsto u odnosu na vec\u0301 sna\u017enih 16 GW dodatih u prvoj polovini 2024. Sjedinjene Ameri\u010dke Dr\u017eave su bile trec\u0301e sa 21 GW, \u0161to je povec\u0301anje od \u010detiri odsto u odnosu na prethodnu godinu, uprkos nedavnim potezima vlade SAD da ograni\u010di razvoj \u010diste energije.<\/p>\n<p>Preostale zemlje su dodale 65 GW u prvoj polovini 2025. ili 22 odsto vi\u0161e nego u prvoj polovini 2024. Ember je <a href=\"https:\/\/balkangreenenergynews.com\/rs\/rekordan-uvoz-solarnih-panela-u-africi-spas-za-kontinent-sa-600-miliona-ljudi-bez-struje\/\">istakao podatke za Afriku<\/a> u kojoj je uvoz solarnih panela iz Kine porastao za 60 odsto u poslednjih 12 meseci. Me\u0111utim, efekti na terenu jo\u0161 su nepoznati.<\/p>\n<blockquote><p>2025. je na putu da postane jo\u0161 jedna istorijska godina za solarnu energiju<\/p><\/blockquote>\n<p>Kada je re\u010d o Evropskoj Uniji, solarna energija je prvi put postala najvec\u0301i izvor elektri\u010dne energije u\u00a0 u junu 2025. Me\u0111utim, procene govore da \u0107e EU instalirati <a href=\"https:\/\/balkangreenenergynews.com\/rs\/evropskoj-uniji-preti-prvi-godisnji-pad-instalacija-solarnih-panela-od-2015\/\">manje novih solarnih kapaciteta u 2025.<\/a> nego pro\u0161le godine, \u0161to \u0107e biti prvi godi\u0161nji pad u poslednjoj deceniji.<\/p>\n<p>Ember smatra da je 2025. na putu da postane jo\u0161 jedna globalno istorijska godina za solarnu energiju.<\/p>\n<p>\u201cOvi najnoviji brojevi o razvoju solarne energije u 2025. prkose gravitaciji, a godi\u0161nje instalacije nastavljaju svoj nagli rast. U vremenu nestabilnih energetskih tr\u017ei\u0161ta, solarna energija nudi domac\u0301u proizvodnju koja se mo\u017ee implementirati rekordnom brzinom kako bi se zadovoljila rastuc\u0301a potra\u017enja, nezavisno od globalnih lanaca snabdevanja fosilnim gorivima\u201c, istakao je vi\u0161i energetski analiti\u010dar Embera Nikolas Fulgum.<\/p>\n","protected":false},"excerpt":{"rendered":"<p>Ukupan svetski kapacitet solarnih elektrana povec\u0301an je za 380 MW u prvoj polovini 2025. godine, pokazali su podaci instituta Ember<\/p>\n","protected":false},"author":23,"featured_media":83967,"comment_status":"open","ping_status":"open","sticky":false,"template":"","format":"standard","meta":{"_acf_changed":false,"_monsterinsights_skip_tracking":false,"_monsterinsights_sitenote_active":false,"_monsterinsights_sitenote_note":"","_monsterinsights_sitenote_category":0,"footnotes":""},"categories":[504,1],"tags":[6470,6334,5986,1890],"class_list":["post-83964","post","type-post","status-publish","format-standard","has-post-thumbnail","hentry","category-elektricna-energija","category-obnovljivi-izvori-energije","tag-ember","tag-fotonaponske-elektrane","tag-kina","tag-solarne-elektrane","country-svet"],"acf":[],"yoast_head":"<!-- This site is optimized with the Yoast SEO plugin v27.4 - https:\/\/yoast.com\/product\/yoast-seo-wordpress\/ -->\n<title>Globalni kapacitet solara porastao 64 odsto u prvoj polovini 2025.<\/title>\n<meta name=\"description\" content=\"Ukupan svetski kapacitet solarnih elektrana povec\u0301an je za 380 MW u prvoj polovini 2025. godine, pokazali su podaci instituta Ember\" \/>\n<meta name=\"robots\" content=\"index, follow, max-snippet:-1, max-image-preview:large, max-video-preview:-1\" \/>\n<link rel=\"canonical\" href=\"https:\/\/balkangreenenergynews.com\/rs\/globalni-kapacitet-solara-porastao-64-odsto-u-prvoj-polovini-2025\/\" \/>\n<meta property=\"og:locale\" content=\"sr_RS\" \/>\n<meta property=\"og:type\" content=\"article\" \/>\n<meta property=\"og:title\" content=\"Globalni kapacitet solara porastao 64 odsto u prvoj polovini 2025.\" \/>\n<meta property=\"og:description\" content=\"Ukupan svetski kapacitet solarnih elektrana povec\u0301an je za 380 MW u prvoj polovini 2025. godine, pokazali su podaci instituta Ember\" \/>\n<meta property=\"og:url\" content=\"https:\/\/balkangreenenergynews.com\/rs\/globalni-kapacitet-solara-porastao-64-odsto-u-prvoj-polovini-2025\/\" \/>\n<meta property=\"og:site_name\" content=\"Balkan Green Energy News\" \/>\n<meta property=\"article:published_time\" content=\"2025-09-03T16:45:52+00:00\" \/>\n<meta property=\"og:image\" content=\"https:\/\/balkangreenenergynews.com\/rs\/wp-content\/uploads\/2025\/09\/svet-solarne-elektrane-ember-rast-2025.jpg?wsr\" \/>\n\t<meta property=\"og:image:width\" content=\"840\" \/>\n\t<meta property=\"og:image:height\" content=\"430\" \/>\n\t<meta property=\"og:image:type\" content=\"image\/jpeg\" \/>\n<meta name=\"author\" content=\"Vladimir Spasi\u0107\" \/>\n<meta name=\"twitter:card\" content=\"summary_large_image\" \/>\n<meta name=\"twitter:label1\" content=\"\u041d\u0430\u043f\u0438\u0441\u0430\u043d\u043e \u043e\u0434\" \/>\n\t<meta name=\"twitter:data1\" content=\"Vladimir Spasi\u0107\" \/>\n\t<meta name=\"twitter:label2\" content=\"\u041f\u0440\u043e\u0446\u0435\u045a\u0435\u043d\u043e \u0432\u0440\u0435\u043c\u0435 \u0447\u0438\u0442\u0430\u045a\u0430\" \/>\n\t<meta name=\"twitter:data2\" content=\"4 \u043c\u0438\u043d\u0443\u0442\u0430\" \/>\n<script type=\"application\/ld+json\" class=\"yoast-schema-graph\">{\"@context\":\"https:\\\/\\\/schema.org\",\"@graph\":[{\"@type\":\"Article\",\"@id\":\"https:\\\/\\\/balkangreenenergynews.com\\\/rs\\\/globalni-kapacitet-solara-porastao-64-odsto-u-prvoj-polovini-2025\\\/#article\",\"isPartOf\":{\"@id\":\"https:\\\/\\\/balkangreenenergynews.com\\\/rs\\\/globalni-kapacitet-solara-porastao-64-odsto-u-prvoj-polovini-2025\\\/\"},\"author\":{\"name\":\"Vladimir Spasi\u0107\",\"@id\":\"https:\\\/\\\/balkangreenenergynews.com\\\/rs\\\/#\\\/schema\\\/person\\\/99dc721c46113fea22caffad06ef7317\"},\"headline\":\"Globalni kapacitet solara porastao 64 odsto u prvoj polovini 2025.\",\"datePublished\":\"2025-09-03T16:45:52+00:00\",\"mainEntityOfPage\":{\"@id\":\"https:\\\/\\\/balkangreenenergynews.com\\\/rs\\\/globalni-kapacitet-solara-porastao-64-odsto-u-prvoj-polovini-2025\\\/\"},\"wordCount\":573,\"commentCount\":0,\"image\":{\"@id\":\"https:\\\/\\\/balkangreenenergynews.com\\\/rs\\\/globalni-kapacitet-solara-porastao-64-odsto-u-prvoj-polovini-2025\\\/#primaryimage\"},\"thumbnailUrl\":\"https:\\\/\\\/balkangreenenergynews.com\\\/rs\\\/wp-content\\\/uploads\\\/2025\\\/09\\\/svet-solarne-elektrane-ember-rast-2025.jpg?wsr\",\"keywords\":[\"Ember\",\"fotonaponske elektrane\",\"Kina\",\"solarne elektrane\"],\"articleSection\":[\"Elektri\u010dna energija\",\"OIE\"],\"inLanguage\":\"sr-RS\",\"potentialAction\":[{\"@type\":\"CommentAction\",\"name\":\"Comment\",\"target\":[\"https:\\\/\\\/balkangreenenergynews.com\\\/rs\\\/globalni-kapacitet-solara-porastao-64-odsto-u-prvoj-polovini-2025\\\/#respond\"]}]},{\"@type\":\"WebPage\",\"@id\":\"https:\\\/\\\/balkangreenenergynews.com\\\/rs\\\/globalni-kapacitet-solara-porastao-64-odsto-u-prvoj-polovini-2025\\\/\",\"url\":\"https:\\\/\\\/balkangreenenergynews.com\\\/rs\\\/globalni-kapacitet-solara-porastao-64-odsto-u-prvoj-polovini-2025\\\/\",\"name\":\"Globalni kapacitet solara porastao 64 odsto u prvoj polovini 2025.\",\"isPartOf\":{\"@id\":\"https:\\\/\\\/balkangreenenergynews.com\\\/rs\\\/#website\"},\"primaryImageOfPage\":{\"@id\":\"https:\\\/\\\/balkangreenenergynews.com\\\/rs\\\/globalni-kapacitet-solara-porastao-64-odsto-u-prvoj-polovini-2025\\\/#primaryimage\"},\"image\":{\"@id\":\"https:\\\/\\\/balkangreenenergynews.com\\\/rs\\\/globalni-kapacitet-solara-porastao-64-odsto-u-prvoj-polovini-2025\\\/#primaryimage\"},\"thumbnailUrl\":\"https:\\\/\\\/balkangreenenergynews.com\\\/rs\\\/wp-content\\\/uploads\\\/2025\\\/09\\\/svet-solarne-elektrane-ember-rast-2025.jpg?wsr\",\"datePublished\":\"2025-09-03T16:45:52+00:00\",\"author\":{\"@id\":\"https:\\\/\\\/balkangreenenergynews.com\\\/rs\\\/#\\\/schema\\\/person\\\/99dc721c46113fea22caffad06ef7317\"},\"description\":\"Ukupan svetski kapacitet solarnih elektrana povec\u0301an je za 380 MW u prvoj polovini 2025. godine, pokazali su podaci instituta Ember\",\"breadcrumb\":{\"@id\":\"https:\\\/\\\/balkangreenenergynews.com\\\/rs\\\/globalni-kapacitet-solara-porastao-64-odsto-u-prvoj-polovini-2025\\\/#breadcrumb\"},\"inLanguage\":\"sr-RS\",\"potentialAction\":[{\"@type\":\"ReadAction\",\"target\":[\"https:\\\/\\\/balkangreenenergynews.com\\\/rs\\\/globalni-kapacitet-solara-porastao-64-odsto-u-prvoj-polovini-2025\\\/\"]}]},{\"@type\":\"ImageObject\",\"inLanguage\":\"sr-RS\",\"@id\":\"https:\\\/\\\/balkangreenenergynews.com\\\/rs\\\/globalni-kapacitet-solara-porastao-64-odsto-u-prvoj-polovini-2025\\\/#primaryimage\",\"url\":\"https:\\\/\\\/balkangreenenergynews.com\\\/rs\\\/wp-content\\\/uploads\\\/2025\\\/09\\\/svet-solarne-elektrane-ember-rast-2025.jpg?wsr\",\"contentUrl\":\"https:\\\/\\\/balkangreenenergynews.com\\\/rs\\\/wp-content\\\/uploads\\\/2025\\\/09\\\/svet-solarne-elektrane-ember-rast-2025.jpg?wsr\",\"width\":840,\"height\":430,\"caption\":\"svet solarne elektrane ember rast 2025\"},{\"@type\":\"BreadcrumbList\",\"@id\":\"https:\\\/\\\/balkangreenenergynews.com\\\/rs\\\/globalni-kapacitet-solara-porastao-64-odsto-u-prvoj-polovini-2025\\\/#breadcrumb\",\"itemListElement\":[{\"@type\":\"ListItem\",\"position\":1,\"name\":\"Po\u010detna\",\"item\":\"https:\\\/\\\/balkangreenenergynews.com\\\/rs\\\/\"},{\"@type\":\"ListItem\",\"position\":2,\"name\":\"Vesti\",\"item\":\"https:\\\/\\\/balkangreenenergynews.com\\\/rs\\\/kategorija\\\/vesti\\\/\"},{\"@type\":\"ListItem\",\"position\":3,\"name\":\"OIE\",\"item\":\"https:\\\/\\\/balkangreenenergynews.com\\\/rs\\\/kategorija\\\/vesti\\\/obnovljivi-izvori-energije\\\/\"},{\"@type\":\"ListItem\",\"position\":4,\"name\":\"Globalni kapacitet solara porastao 64 odsto u prvoj polovini 2025.\"}]},{\"@type\":\"WebSite\",\"@id\":\"https:\\\/\\\/balkangreenenergynews.com\\\/rs\\\/#website\",\"url\":\"https:\\\/\\\/balkangreenenergynews.com\\\/rs\\\/\",\"name\":\"Balkan Green Energy News\",\"description\":\"Naj\u0161iri izbor vesti sa Balkana o zelenoj energiji\",\"potentialAction\":[{\"@type\":\"SearchAction\",\"target\":{\"@type\":\"EntryPoint\",\"urlTemplate\":\"https:\\\/\\\/balkangreenenergynews.com\\\/rs\\\/?s={search_term_string}\"},\"query-input\":{\"@type\":\"PropertyValueSpecification\",\"valueRequired\":true,\"valueName\":\"search_term_string\"}}],\"inLanguage\":\"sr-RS\"},{\"@type\":\"Person\",\"@id\":\"https:\\\/\\\/balkangreenenergynews.com\\\/rs\\\/#\\\/schema\\\/person\\\/99dc721c46113fea22caffad06ef7317\",\"name\":\"Vladimir Spasi\u0107\",\"url\":\"https:\\\/\\\/balkangreenenergynews.com\\\/rs\\\/author\\\/vladimir-spasic\\\/\"}]}<\/script>\n<!-- \/ Yoast SEO plugin. -->","yoast_head_json":{"title":"Globalni kapacitet solara porastao 64 odsto u prvoj polovini 2025.","description":"Ukupan svetski kapacitet solarnih elektrana povec\u0301an je za 380 MW u prvoj polovini 2025. godine, pokazali su podaci instituta Ember","robots":{"index":"index","follow":"follow","max-snippet":"max-snippet:-1","max-image-preview":"max-image-preview:large","max-video-preview":"max-video-preview:-1"},"canonical":"https:\/\/balkangreenenergynews.com\/rs\/globalni-kapacitet-solara-porastao-64-odsto-u-prvoj-polovini-2025\/","og_locale":"sr_RS","og_type":"article","og_title":"Globalni kapacitet solara porastao 64 odsto u prvoj polovini 2025.","og_description":"Ukupan svetski kapacitet solarnih elektrana povec\u0301an je za 380 MW u prvoj polovini 2025. godine, pokazali su podaci instituta Ember","og_url":"https:\/\/balkangreenenergynews.com\/rs\/globalni-kapacitet-solara-porastao-64-odsto-u-prvoj-polovini-2025\/","og_site_name":"Balkan Green Energy News","article_published_time":"2025-09-03T16:45:52+00:00","og_image":[{"width":840,"height":430,"url":"https:\/\/balkangreenenergynews.com\/rs\/wp-content\/uploads\/2025\/09\/svet-solarne-elektrane-ember-rast-2025.jpg?wsr","type":"image\/jpeg"}],"author":"Vladimir Spasi\u0107","twitter_card":"summary_large_image","twitter_misc":{"\u041d\u0430\u043f\u0438\u0441\u0430\u043d\u043e \u043e\u0434":"Vladimir Spasi\u0107","\u041f\u0440\u043e\u0446\u0435\u045a\u0435\u043d\u043e \u0432\u0440\u0435\u043c\u0435 \u0447\u0438\u0442\u0430\u045a\u0430":"4 \u043c\u0438\u043d\u0443\u0442\u0430"},"schema":{"@context":"https:\/\/schema.org","@graph":[{"@type":"Article","@id":"https:\/\/balkangreenenergynews.com\/rs\/globalni-kapacitet-solara-porastao-64-odsto-u-prvoj-polovini-2025\/#article","isPartOf":{"@id":"https:\/\/balkangreenenergynews.com\/rs\/globalni-kapacitet-solara-porastao-64-odsto-u-prvoj-polovini-2025\/"},"author":{"name":"Vladimir Spasi\u0107","@id":"https:\/\/balkangreenenergynews.com\/rs\/#\/schema\/person\/99dc721c46113fea22caffad06ef7317"},"headline":"Globalni kapacitet solara porastao 64 odsto u prvoj polovini 2025.","datePublished":"2025-09-03T16:45:52+00:00","mainEntityOfPage":{"@id":"https:\/\/balkangreenenergynews.com\/rs\/globalni-kapacitet-solara-porastao-64-odsto-u-prvoj-polovini-2025\/"},"wordCount":573,"commentCount":0,"image":{"@id":"https:\/\/balkangreenenergynews.com\/rs\/globalni-kapacitet-solara-porastao-64-odsto-u-prvoj-polovini-2025\/#primaryimage"},"thumbnailUrl":"https:\/\/balkangreenenergynews.com\/rs\/wp-content\/uploads\/2025\/09\/svet-solarne-elektrane-ember-rast-2025.jpg?wsr","keywords":["Ember","fotonaponske elektrane","Kina","solarne elektrane"],"articleSection":["Elektri\u010dna energija","OIE"],"inLanguage":"sr-RS","potentialAction":[{"@type":"CommentAction","name":"Comment","target":["https:\/\/balkangreenenergynews.com\/rs\/globalni-kapacitet-solara-porastao-64-odsto-u-prvoj-polovini-2025\/#respond"]}]},{"@type":"WebPage","@id":"https:\/\/balkangreenenergynews.com\/rs\/globalni-kapacitet-solara-porastao-64-odsto-u-prvoj-polovini-2025\/","url":"https:\/\/balkangreenenergynews.com\/rs\/globalni-kapacitet-solara-porastao-64-odsto-u-prvoj-polovini-2025\/","name":"Globalni kapacitet solara porastao 64 odsto u prvoj polovini 2025.","isPartOf":{"@id":"https:\/\/balkangreenenergynews.com\/rs\/#website"},"primaryImageOfPage":{"@id":"https:\/\/balkangreenenergynews.com\/rs\/globalni-kapacitet-solara-porastao-64-odsto-u-prvoj-polovini-2025\/#primaryimage"},"image":{"@id":"https:\/\/balkangreenenergynews.com\/rs\/globalni-kapacitet-solara-porastao-64-odsto-u-prvoj-polovini-2025\/#primaryimage"},"thumbnailUrl":"https:\/\/balkangreenenergynews.com\/rs\/wp-content\/uploads\/2025\/09\/svet-solarne-elektrane-ember-rast-2025.jpg?wsr","datePublished":"2025-09-03T16:45:52+00:00","author":{"@id":"https:\/\/balkangreenenergynews.com\/rs\/#\/schema\/person\/99dc721c46113fea22caffad06ef7317"},"description":"Ukupan svetski kapacitet solarnih elektrana povec\u0301an je za 380 MW u prvoj polovini 2025. godine, pokazali su podaci instituta Ember","breadcrumb":{"@id":"https:\/\/balkangreenenergynews.com\/rs\/globalni-kapacitet-solara-porastao-64-odsto-u-prvoj-polovini-2025\/#breadcrumb"},"inLanguage":"sr-RS","potentialAction":[{"@type":"ReadAction","target":["https:\/\/balkangreenenergynews.com\/rs\/globalni-kapacitet-solara-porastao-64-odsto-u-prvoj-polovini-2025\/"]}]},{"@type":"ImageObject","inLanguage":"sr-RS","@id":"https:\/\/balkangreenenergynews.com\/rs\/globalni-kapacitet-solara-porastao-64-odsto-u-prvoj-polovini-2025\/#primaryimage","url":"https:\/\/balkangreenenergynews.com\/rs\/wp-content\/uploads\/2025\/09\/svet-solarne-elektrane-ember-rast-2025.jpg?wsr","contentUrl":"https:\/\/balkangreenenergynews.com\/rs\/wp-content\/uploads\/2025\/09\/svet-solarne-elektrane-ember-rast-2025.jpg?wsr","width":840,"height":430,"caption":"svet solarne elektrane ember rast 2025"},{"@type":"BreadcrumbList","@id":"https:\/\/balkangreenenergynews.com\/rs\/globalni-kapacitet-solara-porastao-64-odsto-u-prvoj-polovini-2025\/#breadcrumb","itemListElement":[{"@type":"ListItem","position":1,"name":"Po\u010detna","item":"https:\/\/balkangreenenergynews.com\/rs\/"},{"@type":"ListItem","position":2,"name":"Vesti","item":"https:\/\/balkangreenenergynews.com\/rs\/kategorija\/vesti\/"},{"@type":"ListItem","position":3,"name":"OIE","item":"https:\/\/balkangreenenergynews.com\/rs\/kategorija\/vesti\/obnovljivi-izvori-energije\/"},{"@type":"ListItem","position":4,"name":"Globalni kapacitet solara porastao 64 odsto u prvoj polovini 2025."}]},{"@type":"WebSite","@id":"https:\/\/balkangreenenergynews.com\/rs\/#website","url":"https:\/\/balkangreenenergynews.com\/rs\/","name":"Balkan Green Energy News","description":"Naj\u0161iri izbor vesti sa Balkana o zelenoj energiji","potentialAction":[{"@type":"SearchAction","target":{"@type":"EntryPoint","urlTemplate":"https:\/\/balkangreenenergynews.com\/rs\/?s={search_term_string}"},"query-input":{"@type":"PropertyValueSpecification","valueRequired":true,"valueName":"search_term_string"}}],"inLanguage":"sr-RS"},{"@type":"Person","@id":"https:\/\/balkangreenenergynews.com\/rs\/#\/schema\/person\/99dc721c46113fea22caffad06ef7317","name":"Vladimir Spasi\u0107","url":"https:\/\/balkangreenenergynews.com\/rs\/author\/vladimir-spasic\/"}]}},"_links":{"self":[{"href":"https:\/\/balkangreenenergynews.com\/rs\/wp-json\/wp\/v2\/posts\/83964","targetHints":{"allow":["GET"]}}],"collection":[{"href":"https:\/\/balkangreenenergynews.com\/rs\/wp-json\/wp\/v2\/posts"}],"about":[{"href":"https:\/\/balkangreenenergynews.com\/rs\/wp-json\/wp\/v2\/types\/post"}],"author":[{"embeddable":true,"href":"https:\/\/balkangreenenergynews.com\/rs\/wp-json\/wp\/v2\/users\/23"}],"replies":[{"embeddable":true,"href":"https:\/\/balkangreenenergynews.com\/rs\/wp-json\/wp\/v2\/comments?post=83964"}],"version-history":[{"count":0,"href":"https:\/\/balkangreenenergynews.com\/rs\/wp-json\/wp\/v2\/posts\/83964\/revisions"}],"wp:featuredmedia":[{"embeddable":true,"href":"https:\/\/balkangreenenergynews.com\/rs\/wp-json\/wp\/v2\/media\/83967"}],"wp:attachment":[{"href":"https:\/\/balkangreenenergynews.com\/rs\/wp-json\/wp\/v2\/media?parent=83964"}],"wp:term":[{"taxonomy":"category","embeddable":true,"href":"https:\/\/balkangreenenergynews.com\/rs\/wp-json\/wp\/v2\/categories?post=83964"},{"taxonomy":"post_tag","embeddable":true,"href":"https:\/\/balkangreenenergynews.com\/rs\/wp-json\/wp\/v2\/tags?post=83964"}],"curies":[{"name":"wp","href":"https:\/\/api.w.org\/{rel}","templated":true}]}}