{"id":83925,"date":"2025-09-03T13:05:05","date_gmt":"2025-09-03T11:05:05","guid":{"rendered":"https:\/\/balkangreenenergynews.com\/rs\/?p=83925"},"modified":"2025-09-03T13:05:05","modified_gmt":"2025-09-03T11:05:05","slug":"sahmanovic-masdar-spreman-za-nova-ulaganja-u-energetiku-crne-gore","status":"publish","type":"post","link":"https:\/\/balkangreenenergynews.com\/rs\/sahmanovic-masdar-spreman-za-nova-ulaganja-u-energetiku-crne-gore\/","title":{"rendered":"\u0160ahmanovi\u0107: Masdar spreman za nova ulaganja u energetiku Crne Gore"},"content":{"rendered":"<h2 data-start=\"315\" data-end=\"646\">Ministar energetike i rudarstva Crne Gore Admir \u0160ahmanovi\u0107 sastao se u Abu Dabiju sa Mohamedom Jamelom al Ramahijem, izvr\u0161nim direktorom kompanije Masdar. Na sastanku je istakao da Crna Gora vidi energetski sektor kao najve\u0107u razvojnu \u0161ansu, dok je predstavnik Masdara potvrdio spremnost kompanije za \u0161irenje poslovanja u regionu.<\/h2>\n<p class=\"my-2 [&amp;+p]:mt-4 [&amp;_strong:has(+br)]:inline-block [&amp;_strong:has(+br)]:pb-2\">Ministar <a href=\"https:\/\/balkangreenenergynews.com\/rs\/sahmanovic-prve-vece-privatne-elektrane-na-solar-i-vetar-ocekujemo-na-mrezi-2026\/\">Admir \u0160ahmanovi\u0107<\/a> boravi u radnoj poseti Ujedinjenim Arapskim Emiratima, gde je, izme\u0111u ostalog, odr\u017eao sastanak sa predstavnicima <a href=\"https:\/\/balkangreenenergynews.com\/rs\/masdar-ce-kroz-buduci-podmorski-kabl-snabdevati-eni-zelenom-energijom-iz-albanije\/\">Masdara<\/a>, jedne od vode\u0107ih globalnih kompanija u oblasti obnovljivih izvora energije.<\/p>\n<p>&#8222;Crna Gora nesporno ima potencijale i prirodne resurse, ali smo jednako tako svjesni finansijskih ograni\u010denja. Investicije u kapitalne infrastrukturne projekte u energetici mjere se stotinama miliona eura, \u0161to zahtijeva sna\u017ena partnerstva i udru\u017eivanje resursa&#8220;, rekao je \u0160ahmanovi\u0107 na sastanku.<\/p>\n<blockquote><p>\u0160ahmanovi\u0107: Energetski sektor predstavlja najve\u0107u razvojnu \u0161ansu za Crnu Goru<\/p><\/blockquote>\n<p>Prema njegovim re\u010dima, Crna Gora prepoznaje energetski sektor kao najve\u0107u razvojnu \u0161ansu, koja mo\u017ee da pokrene rast ekonomije, otvori nova radna mesta i osigura dugoro\u010dnu stabilnost.<\/p>\n<p>&#8222;Da bismo to ostvarili, strate\u0161ke partnere biramo pa\u017eljivo, one koji dijele na\u0161u viziju i spremni su da ula\u017eu u odr\u017eiv i sna\u017ean energetski sektor&#8220;, poru\u010dio je ministar.<\/p>\n<p class=\"my-2 [&amp;+p]:mt-4 [&amp;_strong:has(+br)]:inline-block [&amp;_strong:has(+br)]:pb-2\">Tokom razgovora razmatrane su mogu\u0107nosti unapre\u0111enja saradnje i razvoja novih projekata. \u0160ahmanovi\u0107 je naglasio da dosada\u0161nja saradnja sa Masdarom, kroz <a href=\"https:\/\/balkangreenenergynews.com\/rs\/kompanija-masdar-iz-uae-postala-suvlasnik-vetroelektrane-u-crnoj-gori\/\">vetroelektranu Krnovo<\/a>, predstavlja dobar temelj za dalji razvoj jo\u0161 ambicioznijih projekata.<\/p>\n<blockquote><p>Masdar je spreman za \u0161irenje poslovanja u isto\u010dnoj Evropi<\/p><\/blockquote>\n<p class=\"my-2 [&amp;+p]:mt-4 [&amp;_strong:has(+br)]:inline-block [&amp;_strong:has(+br)]:pb-2\">Izvr\u0161ni direktor Masdara potvrdio je da kompanija raspola\u017ee kapitalom, znanjem i spremno\u0161\u0107u za zna\u010dajno<a href=\"https:\/\/balkangreenenergynews.com\/rs\/jugoistocna-evropa-vazna-za-masdar-da-ostvari-cilj-od-100-gw\/\"> \u0161irenje poslovanja u isto\u010dnoj Evropi<\/a>, pri \u010demu Crna Gora zauzima prioritetno mesto u njihovim investicionim planovima.<\/p>\n<p class=\"my-2 [&amp;+p]:mt-4 [&amp;_strong:has(+br)]:inline-block [&amp;_strong:has(+br)]:pb-2\">Ministar je poru\u010dio da je Vlada Crne Gore posve\u0107ena stvaranju povoljnog poslovnog ambijenta, kroz jasne procedure, stabilan regulatorni okvir i efikasniju administraciju, kako bi investitori imali sigurnost i predvidivost.<\/p>\n<p class=\"my-2 [&amp;+p]:mt-4 [&amp;_strong:has(+br)]:inline-block [&amp;_strong:has(+br)]:pb-2\">To, kako je naglasio, nije samo preduslov za privla\u010denje novih ulaganja, ve\u0107 i garancija da \u0107e energetski sektor postati stub ekonomskog rasta i energetske nezavisnosti zemlje.<\/p>\n","protected":false},"excerpt":{"rendered":"<p>Ministar energetike i rudarstva Crne Gore Admir \u0160ahmanovi\u0107 sastao se u Abu Dabiju sa Mohamedom Jameelom Al Ramahijem, izvr\u0161nim direktorom kompanije Masdar.<\/p>\n","protected":false},"author":34,"featured_media":83928,"comment_status":"open","ping_status":"open","sticky":false,"template":"","format":"standard","meta":{"_acf_changed":false,"_monsterinsights_skip_tracking":false,"_monsterinsights_sitenote_active":false,"_monsterinsights_sitenote_note":"","_monsterinsights_sitenote_category":0,"footnotes":""},"categories":[1],"tags":[7239,6415,2838,647],"class_list":["post-83925","post","type-post","status-publish","format-standard","has-post-thumbnail","hentry","category-obnovljivi-izvori-energije","tag-admir-sahmanovic","tag-izjava-dana","tag-masdar","tag-obnovljivi-izvori-energije","country-crna-gora"],"acf":[],"yoast_head":"<!-- This site is optimized with the Yoast SEO plugin v27.4 - https:\/\/yoast.com\/product\/yoast-seo-wordpress\/ -->\n<title>\u0160ahmanovi\u0107: Masdar spreman za nova ulaganja u energetiku Crne Gore<\/title>\n<meta name=\"description\" content=\"Ministar energetike i rudarstva Crne Gore Admir \u0160ahmanovi\u0107 sastao se u Abu Dabiju sa Mohamedom Jameelom Al Ramahijem, izvr\u0161nim direktorom kompanije Masdar.\" \/>\n<meta name=\"robots\" content=\"index, follow, max-snippet:-1, max-image-preview:large, max-video-preview:-1\" \/>\n<link rel=\"canonical\" href=\"https:\/\/balkangreenenergynews.com\/rs\/sahmanovic-masdar-spreman-za-nova-ulaganja-u-energetiku-crne-gore\/\" \/>\n<meta property=\"og:locale\" content=\"sr_RS\" \/>\n<meta property=\"og:type\" content=\"article\" \/>\n<meta property=\"og:title\" content=\"\u0160ahmanovi\u0107: Masdar spreman za nova ulaganja u energetiku Crne Gore\" \/>\n<meta property=\"og:description\" content=\"Ministar energetike i rudarstva Crne Gore Admir \u0160ahmanovi\u0107 sastao se u Abu Dabiju sa Mohamedom Jameelom Al Ramahijem, izvr\u0161nim direktorom kompanije Masdar.\" \/>\n<meta property=\"og:url\" content=\"https:\/\/balkangreenenergynews.com\/rs\/sahmanovic-masdar-spreman-za-nova-ulaganja-u-energetiku-crne-gore\/\" \/>\n<meta property=\"og:site_name\" content=\"Balkan Green Energy News\" \/>\n<meta property=\"article:published_time\" content=\"2025-09-03T11:05:05+00:00\" \/>\n<meta property=\"og:image\" content=\"https:\/\/balkangreenenergynews.com\/rs\/wp-content\/uploads\/2025\/09\/Sahmanovic-u-Abu-Dabiju-Energetski-sektor-najveca-razvojna-sansa-Crne-Gore.jpg?wsr\" \/>\n\t<meta property=\"og:image:width\" content=\"840\" \/>\n\t<meta property=\"og:image:height\" content=\"430\" \/>\n\t<meta property=\"og:image:type\" content=\"image\/jpeg\" \/>\n<meta name=\"author\" content=\"Jelisaveta Peri\u0161i\u0107\" \/>\n<meta name=\"twitter:card\" content=\"summary_large_image\" \/>\n<meta name=\"twitter:label1\" content=\"\u041d\u0430\u043f\u0438\u0441\u0430\u043d\u043e \u043e\u0434\" \/>\n\t<meta name=\"twitter:data1\" content=\"Jelisaveta Peri\u0161i\u0107\" \/>\n\t<meta name=\"twitter:label2\" content=\"\u041f\u0440\u043e\u0446\u0435\u045a\u0435\u043d\u043e \u0432\u0440\u0435\u043c\u0435 \u0447\u0438\u0442\u0430\u045a\u0430\" \/>\n\t<meta name=\"twitter:data2\" content=\"2 \u043c\u0438\u043d\u0443\u0442\u0430\" \/>\n<script type=\"application\/ld+json\" class=\"yoast-schema-graph\">{\"@context\":\"https:\\\/\\\/schema.org\",\"@graph\":[{\"@type\":\"Article\",\"@id\":\"https:\\\/\\\/balkangreenenergynews.com\\\/rs\\\/sahmanovic-masdar-spreman-za-nova-ulaganja-u-energetiku-crne-gore\\\/#article\",\"isPartOf\":{\"@id\":\"https:\\\/\\\/balkangreenenergynews.com\\\/rs\\\/sahmanovic-masdar-spreman-za-nova-ulaganja-u-energetiku-crne-gore\\\/\"},\"author\":{\"name\":\"Jelisaveta Peri\u0161i\u0107\",\"@id\":\"https:\\\/\\\/balkangreenenergynews.com\\\/rs\\\/#\\\/schema\\\/person\\\/4b3c5831bbc05a72630d12560df2b3f8\"},\"headline\":\"\u0160ahmanovi\u0107: Masdar spreman za nova ulaganja u energetiku Crne Gore\",\"datePublished\":\"2025-09-03T11:05:05+00:00\",\"mainEntityOfPage\":{\"@id\":\"https:\\\/\\\/balkangreenenergynews.com\\\/rs\\\/sahmanovic-masdar-spreman-za-nova-ulaganja-u-energetiku-crne-gore\\\/\"},\"wordCount\":346,\"commentCount\":0,\"image\":{\"@id\":\"https:\\\/\\\/balkangreenenergynews.com\\\/rs\\\/sahmanovic-masdar-spreman-za-nova-ulaganja-u-energetiku-crne-gore\\\/#primaryimage\"},\"thumbnailUrl\":\"https:\\\/\\\/balkangreenenergynews.com\\\/rs\\\/wp-content\\\/uploads\\\/2025\\\/09\\\/Sahmanovic-u-Abu-Dabiju-Energetski-sektor-najveca-razvojna-sansa-Crne-Gore.jpg?wsr\",\"keywords\":[\"Admir \u0160ahmanovi\u0107\",\"Izjava dana\",\"Masdar\",\"obnovljivi izvori energije\"],\"articleSection\":[\"OIE\"],\"inLanguage\":\"sr-RS\",\"potentialAction\":[{\"@type\":\"CommentAction\",\"name\":\"Comment\",\"target\":[\"https:\\\/\\\/balkangreenenergynews.com\\\/rs\\\/sahmanovic-masdar-spreman-za-nova-ulaganja-u-energetiku-crne-gore\\\/#respond\"]}]},{\"@type\":\"WebPage\",\"@id\":\"https:\\\/\\\/balkangreenenergynews.com\\\/rs\\\/sahmanovic-masdar-spreman-za-nova-ulaganja-u-energetiku-crne-gore\\\/\",\"url\":\"https:\\\/\\\/balkangreenenergynews.com\\\/rs\\\/sahmanovic-masdar-spreman-za-nova-ulaganja-u-energetiku-crne-gore\\\/\",\"name\":\"\u0160ahmanovi\u0107: Masdar spreman za nova ulaganja u energetiku Crne Gore\",\"isPartOf\":{\"@id\":\"https:\\\/\\\/balkangreenenergynews.com\\\/rs\\\/#website\"},\"primaryImageOfPage\":{\"@id\":\"https:\\\/\\\/balkangreenenergynews.com\\\/rs\\\/sahmanovic-masdar-spreman-za-nova-ulaganja-u-energetiku-crne-gore\\\/#primaryimage\"},\"image\":{\"@id\":\"https:\\\/\\\/balkangreenenergynews.com\\\/rs\\\/sahmanovic-masdar-spreman-za-nova-ulaganja-u-energetiku-crne-gore\\\/#primaryimage\"},\"thumbnailUrl\":\"https:\\\/\\\/balkangreenenergynews.com\\\/rs\\\/wp-content\\\/uploads\\\/2025\\\/09\\\/Sahmanovic-u-Abu-Dabiju-Energetski-sektor-najveca-razvojna-sansa-Crne-Gore.jpg?wsr\",\"datePublished\":\"2025-09-03T11:05:05+00:00\",\"author\":{\"@id\":\"https:\\\/\\\/balkangreenenergynews.com\\\/rs\\\/#\\\/schema\\\/person\\\/4b3c5831bbc05a72630d12560df2b3f8\"},\"description\":\"Ministar energetike i rudarstva Crne Gore Admir \u0160ahmanovi\u0107 sastao se u Abu Dabiju sa Mohamedom Jameelom Al Ramahijem, izvr\u0161nim direktorom kompanije Masdar.\",\"breadcrumb\":{\"@id\":\"https:\\\/\\\/balkangreenenergynews.com\\\/rs\\\/sahmanovic-masdar-spreman-za-nova-ulaganja-u-energetiku-crne-gore\\\/#breadcrumb\"},\"inLanguage\":\"sr-RS\",\"potentialAction\":[{\"@type\":\"ReadAction\",\"target\":[\"https:\\\/\\\/balkangreenenergynews.com\\\/rs\\\/sahmanovic-masdar-spreman-za-nova-ulaganja-u-energetiku-crne-gore\\\/\"]}]},{\"@type\":\"ImageObject\",\"inLanguage\":\"sr-RS\",\"@id\":\"https:\\\/\\\/balkangreenenergynews.com\\\/rs\\\/sahmanovic-masdar-spreman-za-nova-ulaganja-u-energetiku-crne-gore\\\/#primaryimage\",\"url\":\"https:\\\/\\\/balkangreenenergynews.com\\\/rs\\\/wp-content\\\/uploads\\\/2025\\\/09\\\/Sahmanovic-u-Abu-Dabiju-Energetski-sektor-najveca-razvojna-sansa-Crne-Gore.jpg?wsr\",\"contentUrl\":\"https:\\\/\\\/balkangreenenergynews.com\\\/rs\\\/wp-content\\\/uploads\\\/2025\\\/09\\\/Sahmanovic-u-Abu-Dabiju-Energetski-sektor-najveca-razvojna-sansa-Crne-Gore.jpg?wsr\",\"width\":840,\"height\":430,\"caption\":\"Sahmanovic u Abu Dabiju, Energetski sektor najveca razvojna sansa Crne Gore\"},{\"@type\":\"BreadcrumbList\",\"@id\":\"https:\\\/\\\/balkangreenenergynews.com\\\/rs\\\/sahmanovic-masdar-spreman-za-nova-ulaganja-u-energetiku-crne-gore\\\/#breadcrumb\",\"itemListElement\":[{\"@type\":\"ListItem\",\"position\":1,\"name\":\"Po\u010detna\",\"item\":\"https:\\\/\\\/balkangreenenergynews.com\\\/rs\\\/\"},{\"@type\":\"ListItem\",\"position\":2,\"name\":\"Vesti\",\"item\":\"https:\\\/\\\/balkangreenenergynews.com\\\/rs\\\/kategorija\\\/vesti\\\/\"},{\"@type\":\"ListItem\",\"position\":3,\"name\":\"OIE\",\"item\":\"https:\\\/\\\/balkangreenenergynews.com\\\/rs\\\/kategorija\\\/vesti\\\/obnovljivi-izvori-energije\\\/\"},{\"@type\":\"ListItem\",\"position\":4,\"name\":\"\u0160ahmanovi\u0107: Masdar spreman za nova ulaganja u energetiku Crne Gore\"}]},{\"@type\":\"WebSite\",\"@id\":\"https:\\\/\\\/balkangreenenergynews.com\\\/rs\\\/#website\",\"url\":\"https:\\\/\\\/balkangreenenergynews.com\\\/rs\\\/\",\"name\":\"Balkan Green Energy News\",\"description\":\"Naj\u0161iri izbor vesti sa Balkana o zelenoj energiji\",\"potentialAction\":[{\"@type\":\"SearchAction\",\"target\":{\"@type\":\"EntryPoint\",\"urlTemplate\":\"https:\\\/\\\/balkangreenenergynews.com\\\/rs\\\/?s={search_term_string}\"},\"query-input\":{\"@type\":\"PropertyValueSpecification\",\"valueRequired\":true,\"valueName\":\"search_term_string\"}}],\"inLanguage\":\"sr-RS\"},{\"@type\":\"Person\",\"@id\":\"https:\\\/\\\/balkangreenenergynews.com\\\/rs\\\/#\\\/schema\\\/person\\\/4b3c5831bbc05a72630d12560df2b3f8\",\"name\":\"Jelisaveta Peri\u0161i\u0107\",\"url\":\"https:\\\/\\\/balkangreenenergynews.com\\\/rs\\\/author\\\/jelisavet-perisic\\\/\"}]}<\/script>\n<!-- \/ Yoast SEO plugin. -->","yoast_head_json":{"title":"\u0160ahmanovi\u0107: Masdar spreman za nova ulaganja u energetiku Crne Gore","description":"Ministar energetike i rudarstva Crne Gore Admir \u0160ahmanovi\u0107 sastao se u Abu Dabiju sa Mohamedom Jameelom Al Ramahijem, izvr\u0161nim direktorom kompanije Masdar.","robots":{"index":"index","follow":"follow","max-snippet":"max-snippet:-1","max-image-preview":"max-image-preview:large","max-video-preview":"max-video-preview:-1"},"canonical":"https:\/\/balkangreenenergynews.com\/rs\/sahmanovic-masdar-spreman-za-nova-ulaganja-u-energetiku-crne-gore\/","og_locale":"sr_RS","og_type":"article","og_title":"\u0160ahmanovi\u0107: Masdar spreman za nova ulaganja u energetiku Crne Gore","og_description":"Ministar energetike i rudarstva Crne Gore Admir \u0160ahmanovi\u0107 sastao se u Abu Dabiju sa Mohamedom Jameelom Al Ramahijem, izvr\u0161nim direktorom kompanije Masdar.","og_url":"https:\/\/balkangreenenergynews.com\/rs\/sahmanovic-masdar-spreman-za-nova-ulaganja-u-energetiku-crne-gore\/","og_site_name":"Balkan Green Energy News","article_published_time":"2025-09-03T11:05:05+00:00","og_image":[{"width":840,"height":430,"url":"https:\/\/balkangreenenergynews.com\/rs\/wp-content\/uploads\/2025\/09\/Sahmanovic-u-Abu-Dabiju-Energetski-sektor-najveca-razvojna-sansa-Crne-Gore.jpg?wsr","type":"image\/jpeg"}],"author":"Jelisaveta Peri\u0161i\u0107","twitter_card":"summary_large_image","twitter_misc":{"\u041d\u0430\u043f\u0438\u0441\u0430\u043d\u043e \u043e\u0434":"Jelisaveta Peri\u0161i\u0107","\u041f\u0440\u043e\u0446\u0435\u045a\u0435\u043d\u043e \u0432\u0440\u0435\u043c\u0435 \u0447\u0438\u0442\u0430\u045a\u0430":"2 \u043c\u0438\u043d\u0443\u0442\u0430"},"schema":{"@context":"https:\/\/schema.org","@graph":[{"@type":"Article","@id":"https:\/\/balkangreenenergynews.com\/rs\/sahmanovic-masdar-spreman-za-nova-ulaganja-u-energetiku-crne-gore\/#article","isPartOf":{"@id":"https:\/\/balkangreenenergynews.com\/rs\/sahmanovic-masdar-spreman-za-nova-ulaganja-u-energetiku-crne-gore\/"},"author":{"name":"Jelisaveta Peri\u0161i\u0107","@id":"https:\/\/balkangreenenergynews.com\/rs\/#\/schema\/person\/4b3c5831bbc05a72630d12560df2b3f8"},"headline":"\u0160ahmanovi\u0107: Masdar spreman za nova ulaganja u energetiku Crne Gore","datePublished":"2025-09-03T11:05:05+00:00","mainEntityOfPage":{"@id":"https:\/\/balkangreenenergynews.com\/rs\/sahmanovic-masdar-spreman-za-nova-ulaganja-u-energetiku-crne-gore\/"},"wordCount":346,"commentCount":0,"image":{"@id":"https:\/\/balkangreenenergynews.com\/rs\/sahmanovic-masdar-spreman-za-nova-ulaganja-u-energetiku-crne-gore\/#primaryimage"},"thumbnailUrl":"https:\/\/balkangreenenergynews.com\/rs\/wp-content\/uploads\/2025\/09\/Sahmanovic-u-Abu-Dabiju-Energetski-sektor-najveca-razvojna-sansa-Crne-Gore.jpg?wsr","keywords":["Admir \u0160ahmanovi\u0107","Izjava dana","Masdar","obnovljivi izvori energije"],"articleSection":["OIE"],"inLanguage":"sr-RS","potentialAction":[{"@type":"CommentAction","name":"Comment","target":["https:\/\/balkangreenenergynews.com\/rs\/sahmanovic-masdar-spreman-za-nova-ulaganja-u-energetiku-crne-gore\/#respond"]}]},{"@type":"WebPage","@id":"https:\/\/balkangreenenergynews.com\/rs\/sahmanovic-masdar-spreman-za-nova-ulaganja-u-energetiku-crne-gore\/","url":"https:\/\/balkangreenenergynews.com\/rs\/sahmanovic-masdar-spreman-za-nova-ulaganja-u-energetiku-crne-gore\/","name":"\u0160ahmanovi\u0107: Masdar spreman za nova ulaganja u energetiku Crne Gore","isPartOf":{"@id":"https:\/\/balkangreenenergynews.com\/rs\/#website"},"primaryImageOfPage":{"@id":"https:\/\/balkangreenenergynews.com\/rs\/sahmanovic-masdar-spreman-za-nova-ulaganja-u-energetiku-crne-gore\/#primaryimage"},"image":{"@id":"https:\/\/balkangreenenergynews.com\/rs\/sahmanovic-masdar-spreman-za-nova-ulaganja-u-energetiku-crne-gore\/#primaryimage"},"thumbnailUrl":"https:\/\/balkangreenenergynews.com\/rs\/wp-content\/uploads\/2025\/09\/Sahmanovic-u-Abu-Dabiju-Energetski-sektor-najveca-razvojna-sansa-Crne-Gore.jpg?wsr","datePublished":"2025-09-03T11:05:05+00:00","author":{"@id":"https:\/\/balkangreenenergynews.com\/rs\/#\/schema\/person\/4b3c5831bbc05a72630d12560df2b3f8"},"description":"Ministar energetike i rudarstva Crne Gore Admir \u0160ahmanovi\u0107 sastao se u Abu Dabiju sa Mohamedom Jameelom Al Ramahijem, izvr\u0161nim direktorom kompanije Masdar.","breadcrumb":{"@id":"https:\/\/balkangreenenergynews.com\/rs\/sahmanovic-masdar-spreman-za-nova-ulaganja-u-energetiku-crne-gore\/#breadcrumb"},"inLanguage":"sr-RS","potentialAction":[{"@type":"ReadAction","target":["https:\/\/balkangreenenergynews.com\/rs\/sahmanovic-masdar-spreman-za-nova-ulaganja-u-energetiku-crne-gore\/"]}]},{"@type":"ImageObject","inLanguage":"sr-RS","@id":"https:\/\/balkangreenenergynews.com\/rs\/sahmanovic-masdar-spreman-za-nova-ulaganja-u-energetiku-crne-gore\/#primaryimage","url":"https:\/\/balkangreenenergynews.com\/rs\/wp-content\/uploads\/2025\/09\/Sahmanovic-u-Abu-Dabiju-Energetski-sektor-najveca-razvojna-sansa-Crne-Gore.jpg?wsr","contentUrl":"https:\/\/balkangreenenergynews.com\/rs\/wp-content\/uploads\/2025\/09\/Sahmanovic-u-Abu-Dabiju-Energetski-sektor-najveca-razvojna-sansa-Crne-Gore.jpg?wsr","width":840,"height":430,"caption":"Sahmanovic u Abu Dabiju, Energetski sektor najveca razvojna sansa Crne Gore"},{"@type":"BreadcrumbList","@id":"https:\/\/balkangreenenergynews.com\/rs\/sahmanovic-masdar-spreman-za-nova-ulaganja-u-energetiku-crne-gore\/#breadcrumb","itemListElement":[{"@type":"ListItem","position":1,"name":"Po\u010detna","item":"https:\/\/balkangreenenergynews.com\/rs\/"},{"@type":"ListItem","position":2,"name":"Vesti","item":"https:\/\/balkangreenenergynews.com\/rs\/kategorija\/vesti\/"},{"@type":"ListItem","position":3,"name":"OIE","item":"https:\/\/balkangreenenergynews.com\/rs\/kategorija\/vesti\/obnovljivi-izvori-energije\/"},{"@type":"ListItem","position":4,"name":"\u0160ahmanovi\u0107: Masdar spreman za nova ulaganja u energetiku Crne Gore"}]},{"@type":"WebSite","@id":"https:\/\/balkangreenenergynews.com\/rs\/#website","url":"https:\/\/balkangreenenergynews.com\/rs\/","name":"Balkan Green Energy News","description":"Naj\u0161iri izbor vesti sa Balkana o zelenoj energiji","potentialAction":[{"@type":"SearchAction","target":{"@type":"EntryPoint","urlTemplate":"https:\/\/balkangreenenergynews.com\/rs\/?s={search_term_string}"},"query-input":{"@type":"PropertyValueSpecification","valueRequired":true,"valueName":"search_term_string"}}],"inLanguage":"sr-RS"},{"@type":"Person","@id":"https:\/\/balkangreenenergynews.com\/rs\/#\/schema\/person\/4b3c5831bbc05a72630d12560df2b3f8","name":"Jelisaveta Peri\u0161i\u0107","url":"https:\/\/balkangreenenergynews.com\/rs\/author\/jelisavet-perisic\/"}]}},"_links":{"self":[{"href":"https:\/\/balkangreenenergynews.com\/rs\/wp-json\/wp\/v2\/posts\/83925","targetHints":{"allow":["GET"]}}],"collection":[{"href":"https:\/\/balkangreenenergynews.com\/rs\/wp-json\/wp\/v2\/posts"}],"about":[{"href":"https:\/\/balkangreenenergynews.com\/rs\/wp-json\/wp\/v2\/types\/post"}],"author":[{"embeddable":true,"href":"https:\/\/balkangreenenergynews.com\/rs\/wp-json\/wp\/v2\/users\/34"}],"replies":[{"embeddable":true,"href":"https:\/\/balkangreenenergynews.com\/rs\/wp-json\/wp\/v2\/comments?post=83925"}],"version-history":[{"count":0,"href":"https:\/\/balkangreenenergynews.com\/rs\/wp-json\/wp\/v2\/posts\/83925\/revisions"}],"wp:featuredmedia":[{"embeddable":true,"href":"https:\/\/balkangreenenergynews.com\/rs\/wp-json\/wp\/v2\/media\/83928"}],"wp:attachment":[{"href":"https:\/\/balkangreenenergynews.com\/rs\/wp-json\/wp\/v2\/media?parent=83925"}],"wp:term":[{"taxonomy":"category","embeddable":true,"href":"https:\/\/balkangreenenergynews.com\/rs\/wp-json\/wp\/v2\/categories?post=83925"},{"taxonomy":"post_tag","embeddable":true,"href":"https:\/\/balkangreenenergynews.com\/rs\/wp-json\/wp\/v2\/tags?post=83925"}],"curies":[{"name":"wp","href":"https:\/\/api.w.org\/{rel}","templated":true}]}}