{"id":83887,"date":"2025-09-02T19:04:40","date_gmt":"2025-09-02T17:04:40","guid":{"rendered":"https:\/\/balkangreenenergynews.com\/rs\/?p=83887"},"modified":"2025-09-02T19:44:14","modified_gmt":"2025-09-02T17:44:14","slug":"francuska-i-nemacka-se-dogovorile-nuklearna-energija-je-izvor-sa-niskim-emisijama-co2","status":"publish","type":"post","link":"https:\/\/balkangreenenergynews.com\/rs\/francuska-i-nemacka-se-dogovorile-nuklearna-energija-je-izvor-sa-niskim-emisijama-co2\/","title":{"rendered":"Francuska i Nema\u010dka se dogovorile: nuklearna energija je izvor sa niskim emisijama CO2"},"content":{"rendered":"<h2>Nema\u010dka i Francuska su postigle dogovor da sara\u0111uju na izradi zajedni\u010dke evropske energetske politike koja bi uklju\u010divala nuklearnu energiju kao izvor sa niskim emisijama CO2. Time bi se pomirili stavovi dve zemlje u pogledu uloge nuklearne energije u zelenoj tranziciji Evrope.<\/h2>\n<p>Pariz i Berlin bi mogli da ponude zajedni\u010dke predloge za energetsku politiku Evropske unije do 2040. godine koja bi obezbedila ravnopravan status energetskih tehnologija sa nultim neto emisijama i onih sa niskim emisijama u njihovom doprinosu evropskim ciljevima u oblasti energije, odr\u017eivosti i klime, navodi se u zajedni\u010dkoj ekonomskoj agendi usvojenoj na sastanku u Tulonu, u Francuskoj.<\/p>\n<blockquote><p>Zajedni\u010dka evropska politika bi trebalo da obezbedi ravnopravan status energetskih tehnologija sa nultim neto emisijama i onih sa niskim emisijama<\/p><\/blockquote>\n<p>U velikom broju evropskih zemalja <a href=\"https:\/\/balkangreenenergynews.com\/rs\/francuska-u-svom-nuklearnom-savezu-okupila-vecinu-zemalja-eu\/\">nuklearna energija<\/a> se smatra tehnologijom sa niskim emisijama koja obezbe\u0111uje pouzdan izvor energije, a istovremeno podr\u017eava klimatske ciljeve i smanjuje zavisnost od fosilnih goriva. Francuska se zala\u017ee za njeno o\u017eivljavanje, dok je, sa druge strane, Nema\u010dka <a href=\"https:\/\/balkangreenenergynews.com\/rs\/zavrsena-era-nuklearne-energije-u-nemackoj\/\">zatvorila<\/a> svoje poslednje reaktore 2023. godine i fokusira se na <a href=\"https:\/\/balkangreenenergynews.com\/rs\/eu-ne-prevazilazi-podele-oko-predloga-podrske-nuklearkama\/\">obnovljive izvore<\/a> energije kao na\u010din za postizanje klimatske neutralnosti.<\/p>\n<p>Prema re\u010dima francuskog predsednika Emanuela Makrona, dve zemlje su se sada slo\u017eile da promovi\u0161u tehnolo\u0161ku neutralnost i poku\u0161aju da usklade svoje energetske politike u interesu Evrope.<\/p>\n<p>Francuska c\u0301e, sa svoje strane, podr\u017eati planove Nema\u010dke za uspostavljanje vodoni\u010dnih interkonekcija sa jugozapadnom Evropom. To uklju\u010duje Jugozapadni vodoni\u010dni koridor (eng. Southwestern Hydrogen Corridor) koji treba da pove\u017ee \u0160paniju, Portugal, Francusku i Nema\u010dku. Jugozapadni vodoni\u010dni koridor se sastoji od projekata cevovoda pod nazivom H2Med i HY-FEN.<\/p>\n<blockquote><p>Nema\u010dka i Francuska c\u0301e podr\u017eati projekte vodoni\u010dne interkonekcije sa jugozapadnom Evropom<\/p><\/blockquote>\n<p>Ova inicijativa c\u0301e imati stalnu podr\u0161ku preko francusko-nema\u010dke radne grupe za vodonik, stoji u dokumentu nazvanom Francusko-nema\u010dka ekonomska agenda.<\/p>\n<p>Sporazum dve zemlje da zajedni\u010dki rade na stvaranju konkurentnog, bezbednog, odr\u017eivog i dekarbonizovanog evropskog energetskog tr\u017ei\u0161ta tako\u0111e uklju\u010duje podr\u0161ku potencijalnom novom interkonektoru za elektri\u010dnu energiju koji planiraju da grade operateri prenosnih sistema Amprion, TransnetBW i RTE, navodi se u dokumentu.<\/p>\n","protected":false},"excerpt":{"rendered":"<p>Nema\u010dka i Francuska sara\u0111uju na evropskoj energetskoj politici koja bi uklju\u010divala nuklearnu energiju kao izvor sa niskim emisijama CO2.<\/p>\n","protected":false},"author":26,"featured_media":83891,"comment_status":"open","ping_status":"open","sticky":false,"template":"","format":"standard","meta":{"_acf_changed":false,"_monsterinsights_skip_tracking":false,"_monsterinsights_sitenote_active":false,"_monsterinsights_sitenote_note":"","_monsterinsights_sitenote_category":0,"footnotes":""},"categories":[504],"tags":[2656,7072,6063,6878,5243,5133],"class_list":["post-83887","post","type-post","status-publish","format-standard","has-post-thumbnail","hentry","category-elektricna-energija","tag-emisije-co2","tag-interkonekcije","tag-nuklearna-energija","tag-nuklearne-elektrane","tag-nulte-neto-emisije","tag-vodonik","country-regioneu"],"acf":[],"yoast_head":"<!-- This site is optimized with the Yoast SEO plugin v27.4 - https:\/\/yoast.com\/product\/yoast-seo-wordpress\/ -->\n<title>Francuska i Nema\u010dka se dogovorile: nuklearna energija je izvor sa niskim emisijama CO2<\/title>\n<meta name=\"description\" content=\"Nema\u010dka i Francuska sara\u0111uju na evropskoj energetskoj politici koja bi uklju\u010divala nuklearnu energiju kao izvor sa niskim emisijama CO2.\" \/>\n<meta name=\"robots\" content=\"index, follow, max-snippet:-1, max-image-preview:large, max-video-preview:-1\" \/>\n<link rel=\"canonical\" href=\"https:\/\/balkangreenenergynews.com\/rs\/francuska-i-nemacka-se-dogovorile-nuklearna-energija-je-izvor-sa-niskim-emisijama-co2\/\" \/>\n<meta property=\"og:locale\" content=\"sr_RS\" \/>\n<meta property=\"og:type\" content=\"article\" \/>\n<meta property=\"og:title\" content=\"Francuska i Nema\u010dka se dogovorile: nuklearna energija je izvor sa niskim emisijama CO2\" \/>\n<meta property=\"og:description\" content=\"Nema\u010dka i Francuska sara\u0111uju na evropskoj energetskoj politici koja bi uklju\u010divala nuklearnu energiju kao izvor sa niskim emisijama CO2.\" \/>\n<meta property=\"og:url\" content=\"https:\/\/balkangreenenergynews.com\/rs\/francuska-i-nemacka-se-dogovorile-nuklearna-energija-je-izvor-sa-niskim-emisijama-co2\/\" \/>\n<meta property=\"og:site_name\" content=\"Balkan Green Energy News\" \/>\n<meta property=\"article:published_time\" content=\"2025-09-02T17:04:40+00:00\" \/>\n<meta property=\"article:modified_time\" content=\"2025-09-02T17:44:14+00:00\" \/>\n<meta property=\"og:image\" content=\"https:\/\/balkangreenenergynews.com\/rs\/wp-content\/uploads\/2025\/09\/nulkearna-energija-nemacka-francuska-energetska-politika.jpg?wsr\" \/>\n\t<meta property=\"og:image:width\" content=\"840\" \/>\n\t<meta property=\"og:image:height\" content=\"430\" \/>\n\t<meta property=\"og:image:type\" content=\"image\/jpeg\" \/>\n<meta name=\"author\" content=\"Vladimir Berbatovi\u0107\" \/>\n<meta name=\"twitter:card\" content=\"summary_large_image\" \/>\n<meta name=\"twitter:label1\" content=\"\u041d\u0430\u043f\u0438\u0441\u0430\u043d\u043e \u043e\u0434\" \/>\n\t<meta name=\"twitter:data1\" content=\"Vladimir Berbatovi\u0107\" \/>\n\t<meta name=\"twitter:label2\" content=\"\u041f\u0440\u043e\u0446\u0435\u045a\u0435\u043d\u043e \u0432\u0440\u0435\u043c\u0435 \u0447\u0438\u0442\u0430\u045a\u0430\" \/>\n\t<meta name=\"twitter:data2\" content=\"2 \u043c\u0438\u043d\u0443\u0442\u0430\" \/>\n<script type=\"application\/ld+json\" class=\"yoast-schema-graph\">{\"@context\":\"https:\\\/\\\/schema.org\",\"@graph\":[{\"@type\":\"Article\",\"@id\":\"https:\\\/\\\/balkangreenenergynews.com\\\/rs\\\/francuska-i-nemacka-se-dogovorile-nuklearna-energija-je-izvor-sa-niskim-emisijama-co2\\\/#article\",\"isPartOf\":{\"@id\":\"https:\\\/\\\/balkangreenenergynews.com\\\/rs\\\/francuska-i-nemacka-se-dogovorile-nuklearna-energija-je-izvor-sa-niskim-emisijama-co2\\\/\"},\"author\":{\"name\":\"Vladimir Berbatovi\u0107\",\"@id\":\"https:\\\/\\\/balkangreenenergynews.com\\\/rs\\\/#\\\/schema\\\/person\\\/d5ebbc091d544566bb305e434e429cbd\"},\"headline\":\"Francuska i Nema\u010dka se dogovorile: nuklearna energija je izvor sa niskim emisijama CO2\",\"datePublished\":\"2025-09-02T17:04:40+00:00\",\"dateModified\":\"2025-09-02T17:44:14+00:00\",\"mainEntityOfPage\":{\"@id\":\"https:\\\/\\\/balkangreenenergynews.com\\\/rs\\\/francuska-i-nemacka-se-dogovorile-nuklearna-energija-je-izvor-sa-niskim-emisijama-co2\\\/\"},\"wordCount\":377,\"commentCount\":0,\"image\":{\"@id\":\"https:\\\/\\\/balkangreenenergynews.com\\\/rs\\\/francuska-i-nemacka-se-dogovorile-nuklearna-energija-je-izvor-sa-niskim-emisijama-co2\\\/#primaryimage\"},\"thumbnailUrl\":\"https:\\\/\\\/balkangreenenergynews.com\\\/rs\\\/wp-content\\\/uploads\\\/2025\\\/09\\\/nulkearna-energija-nemacka-francuska-energetska-politika.jpg?wsr\",\"keywords\":[\"emisije CO2\",\"interkonekcije\",\"nuklearna energija\",\"nuklearne elektrane\",\"nulte neto emisije\",\"vodonik\"],\"articleSection\":[\"Elektri\u010dna energija\"],\"inLanguage\":\"sr-RS\",\"potentialAction\":[{\"@type\":\"CommentAction\",\"name\":\"Comment\",\"target\":[\"https:\\\/\\\/balkangreenenergynews.com\\\/rs\\\/francuska-i-nemacka-se-dogovorile-nuklearna-energija-je-izvor-sa-niskim-emisijama-co2\\\/#respond\"]}]},{\"@type\":\"WebPage\",\"@id\":\"https:\\\/\\\/balkangreenenergynews.com\\\/rs\\\/francuska-i-nemacka-se-dogovorile-nuklearna-energija-je-izvor-sa-niskim-emisijama-co2\\\/\",\"url\":\"https:\\\/\\\/balkangreenenergynews.com\\\/rs\\\/francuska-i-nemacka-se-dogovorile-nuklearna-energija-je-izvor-sa-niskim-emisijama-co2\\\/\",\"name\":\"Francuska i Nema\u010dka se dogovorile: nuklearna energija je izvor sa niskim emisijama CO2\",\"isPartOf\":{\"@id\":\"https:\\\/\\\/balkangreenenergynews.com\\\/rs\\\/#website\"},\"primaryImageOfPage\":{\"@id\":\"https:\\\/\\\/balkangreenenergynews.com\\\/rs\\\/francuska-i-nemacka-se-dogovorile-nuklearna-energija-je-izvor-sa-niskim-emisijama-co2\\\/#primaryimage\"},\"image\":{\"@id\":\"https:\\\/\\\/balkangreenenergynews.com\\\/rs\\\/francuska-i-nemacka-se-dogovorile-nuklearna-energija-je-izvor-sa-niskim-emisijama-co2\\\/#primaryimage\"},\"thumbnailUrl\":\"https:\\\/\\\/balkangreenenergynews.com\\\/rs\\\/wp-content\\\/uploads\\\/2025\\\/09\\\/nulkearna-energija-nemacka-francuska-energetska-politika.jpg?wsr\",\"datePublished\":\"2025-09-02T17:04:40+00:00\",\"dateModified\":\"2025-09-02T17:44:14+00:00\",\"author\":{\"@id\":\"https:\\\/\\\/balkangreenenergynews.com\\\/rs\\\/#\\\/schema\\\/person\\\/d5ebbc091d544566bb305e434e429cbd\"},\"description\":\"Nema\u010dka i Francuska sara\u0111uju na evropskoj energetskoj politici koja bi uklju\u010divala nuklearnu energiju kao izvor sa niskim emisijama CO2.\",\"breadcrumb\":{\"@id\":\"https:\\\/\\\/balkangreenenergynews.com\\\/rs\\\/francuska-i-nemacka-se-dogovorile-nuklearna-energija-je-izvor-sa-niskim-emisijama-co2\\\/#breadcrumb\"},\"inLanguage\":\"sr-RS\",\"potentialAction\":[{\"@type\":\"ReadAction\",\"target\":[\"https:\\\/\\\/balkangreenenergynews.com\\\/rs\\\/francuska-i-nemacka-se-dogovorile-nuklearna-energija-je-izvor-sa-niskim-emisijama-co2\\\/\"]}]},{\"@type\":\"ImageObject\",\"inLanguage\":\"sr-RS\",\"@id\":\"https:\\\/\\\/balkangreenenergynews.com\\\/rs\\\/francuska-i-nemacka-se-dogovorile-nuklearna-energija-je-izvor-sa-niskim-emisijama-co2\\\/#primaryimage\",\"url\":\"https:\\\/\\\/balkangreenenergynews.com\\\/rs\\\/wp-content\\\/uploads\\\/2025\\\/09\\\/nulkearna-energija-nemacka-francuska-energetska-politika.jpg?wsr\",\"contentUrl\":\"https:\\\/\\\/balkangreenenergynews.com\\\/rs\\\/wp-content\\\/uploads\\\/2025\\\/09\\\/nulkearna-energija-nemacka-francuska-energetska-politika.jpg?wsr\",\"width\":840,\"height\":430,\"caption\":\"nulkearna energija nemacka francuska energetska politika\"},{\"@type\":\"BreadcrumbList\",\"@id\":\"https:\\\/\\\/balkangreenenergynews.com\\\/rs\\\/francuska-i-nemacka-se-dogovorile-nuklearna-energija-je-izvor-sa-niskim-emisijama-co2\\\/#breadcrumb\",\"itemListElement\":[{\"@type\":\"ListItem\",\"position\":1,\"name\":\"Po\u010detna\",\"item\":\"https:\\\/\\\/balkangreenenergynews.com\\\/rs\\\/\"},{\"@type\":\"ListItem\",\"position\":2,\"name\":\"Vesti\",\"item\":\"https:\\\/\\\/balkangreenenergynews.com\\\/rs\\\/kategorija\\\/vesti\\\/\"},{\"@type\":\"ListItem\",\"position\":3,\"name\":\"Elektri\u010dna energija\",\"item\":\"https:\\\/\\\/balkangreenenergynews.com\\\/rs\\\/kategorija\\\/vesti\\\/elektricna-energija\\\/\"},{\"@type\":\"ListItem\",\"position\":4,\"name\":\"Francuska i Nema\u010dka se dogovorile: nuklearna energija je izvor sa niskim emisijama CO2\"}]},{\"@type\":\"WebSite\",\"@id\":\"https:\\\/\\\/balkangreenenergynews.com\\\/rs\\\/#website\",\"url\":\"https:\\\/\\\/balkangreenenergynews.com\\\/rs\\\/\",\"name\":\"Balkan Green Energy News\",\"description\":\"Naj\u0161iri izbor vesti sa Balkana o zelenoj energiji\",\"potentialAction\":[{\"@type\":\"SearchAction\",\"target\":{\"@type\":\"EntryPoint\",\"urlTemplate\":\"https:\\\/\\\/balkangreenenergynews.com\\\/rs\\\/?s={search_term_string}\"},\"query-input\":{\"@type\":\"PropertyValueSpecification\",\"valueRequired\":true,\"valueName\":\"search_term_string\"}}],\"inLanguage\":\"sr-RS\"},{\"@type\":\"Person\",\"@id\":\"https:\\\/\\\/balkangreenenergynews.com\\\/rs\\\/#\\\/schema\\\/person\\\/d5ebbc091d544566bb305e434e429cbd\",\"name\":\"Vladimir Berbatovi\u0107\",\"url\":\"https:\\\/\\\/balkangreenenergynews.com\\\/rs\\\/author\\\/vladimir-berbatovic\\\/\"}]}<\/script>\n<!-- \/ Yoast SEO plugin. -->","yoast_head_json":{"title":"Francuska i Nema\u010dka se dogovorile: nuklearna energija je izvor sa niskim emisijama CO2","description":"Nema\u010dka i Francuska sara\u0111uju na evropskoj energetskoj politici koja bi uklju\u010divala nuklearnu energiju kao izvor sa niskim emisijama CO2.","robots":{"index":"index","follow":"follow","max-snippet":"max-snippet:-1","max-image-preview":"max-image-preview:large","max-video-preview":"max-video-preview:-1"},"canonical":"https:\/\/balkangreenenergynews.com\/rs\/francuska-i-nemacka-se-dogovorile-nuklearna-energija-je-izvor-sa-niskim-emisijama-co2\/","og_locale":"sr_RS","og_type":"article","og_title":"Francuska i Nema\u010dka se dogovorile: nuklearna energija je izvor sa niskim emisijama CO2","og_description":"Nema\u010dka i Francuska sara\u0111uju na evropskoj energetskoj politici koja bi uklju\u010divala nuklearnu energiju kao izvor sa niskim emisijama CO2.","og_url":"https:\/\/balkangreenenergynews.com\/rs\/francuska-i-nemacka-se-dogovorile-nuklearna-energija-je-izvor-sa-niskim-emisijama-co2\/","og_site_name":"Balkan Green Energy News","article_published_time":"2025-09-02T17:04:40+00:00","article_modified_time":"2025-09-02T17:44:14+00:00","og_image":[{"width":840,"height":430,"url":"https:\/\/balkangreenenergynews.com\/rs\/wp-content\/uploads\/2025\/09\/nulkearna-energija-nemacka-francuska-energetska-politika.jpg?wsr","type":"image\/jpeg"}],"author":"Vladimir Berbatovi\u0107","twitter_card":"summary_large_image","twitter_misc":{"\u041d\u0430\u043f\u0438\u0441\u0430\u043d\u043e \u043e\u0434":"Vladimir Berbatovi\u0107","\u041f\u0440\u043e\u0446\u0435\u045a\u0435\u043d\u043e \u0432\u0440\u0435\u043c\u0435 \u0447\u0438\u0442\u0430\u045a\u0430":"2 \u043c\u0438\u043d\u0443\u0442\u0430"},"schema":{"@context":"https:\/\/schema.org","@graph":[{"@type":"Article","@id":"https:\/\/balkangreenenergynews.com\/rs\/francuska-i-nemacka-se-dogovorile-nuklearna-energija-je-izvor-sa-niskim-emisijama-co2\/#article","isPartOf":{"@id":"https:\/\/balkangreenenergynews.com\/rs\/francuska-i-nemacka-se-dogovorile-nuklearna-energija-je-izvor-sa-niskim-emisijama-co2\/"},"author":{"name":"Vladimir Berbatovi\u0107","@id":"https:\/\/balkangreenenergynews.com\/rs\/#\/schema\/person\/d5ebbc091d544566bb305e434e429cbd"},"headline":"Francuska i Nema\u010dka se dogovorile: nuklearna energija je izvor sa niskim emisijama CO2","datePublished":"2025-09-02T17:04:40+00:00","dateModified":"2025-09-02T17:44:14+00:00","mainEntityOfPage":{"@id":"https:\/\/balkangreenenergynews.com\/rs\/francuska-i-nemacka-se-dogovorile-nuklearna-energija-je-izvor-sa-niskim-emisijama-co2\/"},"wordCount":377,"commentCount":0,"image":{"@id":"https:\/\/balkangreenenergynews.com\/rs\/francuska-i-nemacka-se-dogovorile-nuklearna-energija-je-izvor-sa-niskim-emisijama-co2\/#primaryimage"},"thumbnailUrl":"https:\/\/balkangreenenergynews.com\/rs\/wp-content\/uploads\/2025\/09\/nulkearna-energija-nemacka-francuska-energetska-politika.jpg?wsr","keywords":["emisije CO2","interkonekcije","nuklearna energija","nuklearne elektrane","nulte neto emisije","vodonik"],"articleSection":["Elektri\u010dna energija"],"inLanguage":"sr-RS","potentialAction":[{"@type":"CommentAction","name":"Comment","target":["https:\/\/balkangreenenergynews.com\/rs\/francuska-i-nemacka-se-dogovorile-nuklearna-energija-je-izvor-sa-niskim-emisijama-co2\/#respond"]}]},{"@type":"WebPage","@id":"https:\/\/balkangreenenergynews.com\/rs\/francuska-i-nemacka-se-dogovorile-nuklearna-energija-je-izvor-sa-niskim-emisijama-co2\/","url":"https:\/\/balkangreenenergynews.com\/rs\/francuska-i-nemacka-se-dogovorile-nuklearna-energija-je-izvor-sa-niskim-emisijama-co2\/","name":"Francuska i Nema\u010dka se dogovorile: nuklearna energija je izvor sa niskim emisijama CO2","isPartOf":{"@id":"https:\/\/balkangreenenergynews.com\/rs\/#website"},"primaryImageOfPage":{"@id":"https:\/\/balkangreenenergynews.com\/rs\/francuska-i-nemacka-se-dogovorile-nuklearna-energija-je-izvor-sa-niskim-emisijama-co2\/#primaryimage"},"image":{"@id":"https:\/\/balkangreenenergynews.com\/rs\/francuska-i-nemacka-se-dogovorile-nuklearna-energija-je-izvor-sa-niskim-emisijama-co2\/#primaryimage"},"thumbnailUrl":"https:\/\/balkangreenenergynews.com\/rs\/wp-content\/uploads\/2025\/09\/nulkearna-energija-nemacka-francuska-energetska-politika.jpg?wsr","datePublished":"2025-09-02T17:04:40+00:00","dateModified":"2025-09-02T17:44:14+00:00","author":{"@id":"https:\/\/balkangreenenergynews.com\/rs\/#\/schema\/person\/d5ebbc091d544566bb305e434e429cbd"},"description":"Nema\u010dka i Francuska sara\u0111uju na evropskoj energetskoj politici koja bi uklju\u010divala nuklearnu energiju kao izvor sa niskim emisijama CO2.","breadcrumb":{"@id":"https:\/\/balkangreenenergynews.com\/rs\/francuska-i-nemacka-se-dogovorile-nuklearna-energija-je-izvor-sa-niskim-emisijama-co2\/#breadcrumb"},"inLanguage":"sr-RS","potentialAction":[{"@type":"ReadAction","target":["https:\/\/balkangreenenergynews.com\/rs\/francuska-i-nemacka-se-dogovorile-nuklearna-energija-je-izvor-sa-niskim-emisijama-co2\/"]}]},{"@type":"ImageObject","inLanguage":"sr-RS","@id":"https:\/\/balkangreenenergynews.com\/rs\/francuska-i-nemacka-se-dogovorile-nuklearna-energija-je-izvor-sa-niskim-emisijama-co2\/#primaryimage","url":"https:\/\/balkangreenenergynews.com\/rs\/wp-content\/uploads\/2025\/09\/nulkearna-energija-nemacka-francuska-energetska-politika.jpg?wsr","contentUrl":"https:\/\/balkangreenenergynews.com\/rs\/wp-content\/uploads\/2025\/09\/nulkearna-energija-nemacka-francuska-energetska-politika.jpg?wsr","width":840,"height":430,"caption":"nulkearna energija nemacka francuska energetska politika"},{"@type":"BreadcrumbList","@id":"https:\/\/balkangreenenergynews.com\/rs\/francuska-i-nemacka-se-dogovorile-nuklearna-energija-je-izvor-sa-niskim-emisijama-co2\/#breadcrumb","itemListElement":[{"@type":"ListItem","position":1,"name":"Po\u010detna","item":"https:\/\/balkangreenenergynews.com\/rs\/"},{"@type":"ListItem","position":2,"name":"Vesti","item":"https:\/\/balkangreenenergynews.com\/rs\/kategorija\/vesti\/"},{"@type":"ListItem","position":3,"name":"Elektri\u010dna energija","item":"https:\/\/balkangreenenergynews.com\/rs\/kategorija\/vesti\/elektricna-energija\/"},{"@type":"ListItem","position":4,"name":"Francuska i Nema\u010dka se dogovorile: nuklearna energija je izvor sa niskim emisijama CO2"}]},{"@type":"WebSite","@id":"https:\/\/balkangreenenergynews.com\/rs\/#website","url":"https:\/\/balkangreenenergynews.com\/rs\/","name":"Balkan Green Energy News","description":"Naj\u0161iri izbor vesti sa Balkana o zelenoj energiji","potentialAction":[{"@type":"SearchAction","target":{"@type":"EntryPoint","urlTemplate":"https:\/\/balkangreenenergynews.com\/rs\/?s={search_term_string}"},"query-input":{"@type":"PropertyValueSpecification","valueRequired":true,"valueName":"search_term_string"}}],"inLanguage":"sr-RS"},{"@type":"Person","@id":"https:\/\/balkangreenenergynews.com\/rs\/#\/schema\/person\/d5ebbc091d544566bb305e434e429cbd","name":"Vladimir Berbatovi\u0107","url":"https:\/\/balkangreenenergynews.com\/rs\/author\/vladimir-berbatovic\/"}]}},"_links":{"self":[{"href":"https:\/\/balkangreenenergynews.com\/rs\/wp-json\/wp\/v2\/posts\/83887","targetHints":{"allow":["GET"]}}],"collection":[{"href":"https:\/\/balkangreenenergynews.com\/rs\/wp-json\/wp\/v2\/posts"}],"about":[{"href":"https:\/\/balkangreenenergynews.com\/rs\/wp-json\/wp\/v2\/types\/post"}],"author":[{"embeddable":true,"href":"https:\/\/balkangreenenergynews.com\/rs\/wp-json\/wp\/v2\/users\/26"}],"replies":[{"embeddable":true,"href":"https:\/\/balkangreenenergynews.com\/rs\/wp-json\/wp\/v2\/comments?post=83887"}],"version-history":[{"count":0,"href":"https:\/\/balkangreenenergynews.com\/rs\/wp-json\/wp\/v2\/posts\/83887\/revisions"}],"wp:featuredmedia":[{"embeddable":true,"href":"https:\/\/balkangreenenergynews.com\/rs\/wp-json\/wp\/v2\/media\/83891"}],"wp:attachment":[{"href":"https:\/\/balkangreenenergynews.com\/rs\/wp-json\/wp\/v2\/media?parent=83887"}],"wp:term":[{"taxonomy":"category","embeddable":true,"href":"https:\/\/balkangreenenergynews.com\/rs\/wp-json\/wp\/v2\/categories?post=83887"},{"taxonomy":"post_tag","embeddable":true,"href":"https:\/\/balkangreenenergynews.com\/rs\/wp-json\/wp\/v2\/tags?post=83887"}],"curies":[{"name":"wp","href":"https:\/\/api.w.org\/{rel}","templated":true}]}}