{"id":82455,"date":"2025-07-17T17:51:21","date_gmt":"2025-07-17T15:51:21","guid":{"rendered":"https:\/\/balkangreenenergynews.com\/rs\/?p=82455"},"modified":"2025-07-17T18:33:30","modified_gmt":"2025-07-17T16:33:30","slug":"madjarski-mvm-postao-vecinski-vlasnik-firmi-energotehnika-juzna-backa-i-elektromontaza","status":"publish","type":"post","link":"https:\/\/balkangreenenergynews.com\/rs\/madjarski-mvm-postao-vecinski-vlasnik-firmi-energotehnika-juzna-backa-i-elektromontaza\/","title":{"rendered":"Ma\u0111arski MVM postao ve\u0107inski vlasnik firmi Energotehnika \u2013 Ju\u017ena Ba\u010dka i Elektromonta\u017ea"},"content":{"rendered":"<h2>Ma\u0111arska dr\u017eavna elektroprivreda MVM postala je ve\u0107inski vlasnik firmi Energotehnika &#8211; Ju\u017ena Ba\u010dka iz Novog Sada i Elektromonta\u017ea iz Kraljeva.<\/h2>\n<p>Energotehnika &#8211; Ju\u017ena Ba\u010dka i Elektromonta\u017ea, firme u privatnom vlasni\u0161tvu, obezbe\u0111uju \u0161irok spektar usluga i roba u sektoru energetike, pre svega u Srbiji.<\/p>\n<p>MVM je dominantni proizvo\u0111a\u010d, distributer i snabdeva\u010d elektri\u010dnom energijom i gasom u Ma\u0111arskoj.<\/p>\n<p>MVM je, kako su preneli lokalni mediji, potpisao ugovor sa srpskom firmom Maneks grupa o preuzimanju 60 odsto vlasni\u0161tva njenih \u0107erki firmi Energotehnika &#8211; Ju\u017ena Ba\u010dka i Elektromonta\u017ea.<\/p>\n<p>Ma\u0111arska firma je ve\u0107 vlsnik 33,4 odsto ove dve kompanije.<\/p>\n<blockquote><p>Zbilji\u0107: Vizija Maneks grupe je da posluje na tr\u017ei\u0161tu Evropske unije<\/p><\/blockquote>\n<p>Dragoljub Zbilji\u0107, vlasnik Maneks grupe, istakao je zadovoljstvo zbog nastavka spajanja sa MVM-om dodaju\u0107i da je vizija te firme da posluje na tr\u017ei\u0161tu Evropske unije.<\/p>\n<p>Karolj Tama\u0161 Matrai (K\u00e1roly Tam\u00e1s M\u00e1trai), direktor kompanije MVM, izjavio je da je transakcija veoma va\u017ean korak za kompaniju sa strate\u0161kog aspekta.<\/p>\n<p>Sa pozicije manjinskih vlasnika MVM je pre\u0161ao u poziciju ve\u0107inskih partnera, \u0161to predstavlja mnogo vi\u0161i nivo saradnje sa Srbijom, poru\u010dio je on.<\/p>\n<blockquote><p>Matrai: Dve firme su od klju\u010dnog zna\u010daja kada je re\u010d o energetskoj infrastrukturi<\/p><\/blockquote>\n<p>Matrai je istakao da su dve firme od klju\u010dnog zna\u010daja kada je re\u010d o energetskoj infrastrukturi, i dodao da su izuzetno pouzdane. On veruje da \u0107e zajedno sa njima i njihovim menad\u017ementom mo\u0107i da doprinesu daljem uspehu Srbije.<\/p>\n<p>Ma\u0111arska kompanija je pomenutih 33,4 odsto akcija dve srpske firme <a href=\"https:\/\/balkangreenenergynews.com\/rs\/madjarski-mvm-ulazi-u-vlasnistvo-kompanija-energotehnika-juzna-backa-elektromontaza\/\">kupila marta 2022<\/a>. Sve godine ranije je izjavila da\u00a0Srbiju\u00a0vidi kao\u00a0bazu za ulazak\u00a0na tr\u017ei\u0161ta Bosne i Hercegovine, Crne Gore, Severne Makedonije i Bugarske.<\/p>\n<p>Kada je re\u010d o Srbiji, u junu 2023. MVM je sa Srbijagasom <a href=\"https:\/\/balkangreenenergynews.com\/rs\/srbijagas-i-madjarski-mvm-osnivaju-zajednicko-preduzece-za-trgovinu-gasom-serbhungas\/\">potpisao<\/a> ugovor o osnivanju zajedni\u010dkog preduze\u0107a za trgovinu gasom, koje \u0107e se zvati SERBHUNGAS i imati sedi\u0161te u Novom Sadu.<\/p>\n<p>Srbija i Ma\u0111arska rade na novom dalekovodu izme\u0111u dve zemlje, kao i na prvom zajedni\u010dkom naftovodu.<\/p>\n","protected":false},"excerpt":{"rendered":"<p>Dve srpske firme su u privatnom vlasni\u0161tvu, a Vlada Ma\u0111arske je vlasnik MVM- a. Ma\u0111arska firme je dosad imala manjinski udeo<\/p>\n","protected":false},"author":23,"featured_media":82459,"comment_status":"open","ping_status":"open","sticky":false,"template":"","format":"standard","meta":{"_acf_changed":false,"_monsterinsights_skip_tracking":false,"_monsterinsights_sitenote_active":false,"_monsterinsights_sitenote_note":"","_monsterinsights_sitenote_category":0,"footnotes":""},"categories":[504],"tags":[5542],"class_list":["post-82455","post","type-post","status-publish","format-standard","has-post-thumbnail","hentry","category-elektricna-energija","tag-energotehnika-juzna-backa","country-srbija"],"acf":[],"yoast_head":"<!-- This site is optimized with the Yoast SEO plugin v27.4 - https:\/\/yoast.com\/product\/yoast-seo-wordpress\/ -->\n<title>Ma\u0111arski MVM postao ve\u0107inski vlasnik firmi Energotehnika \u2013 Ju\u017ena Ba\u010dka i Elektromonta\u017ea<\/title>\n<meta name=\"description\" content=\"Dve srpske firme su u privatnom vlasni\u0161tvu, a Vlada Ma\u0111arske je vlasnik MVM- a. Ma\u0111arska firme je dosad imala manjinski udeo\" \/>\n<meta name=\"robots\" content=\"index, follow, max-snippet:-1, max-image-preview:large, max-video-preview:-1\" \/>\n<link rel=\"canonical\" href=\"https:\/\/balkangreenenergynews.com\/rs\/madjarski-mvm-postao-vecinski-vlasnik-firmi-energotehnika-juzna-backa-i-elektromontaza\/\" \/>\n<meta property=\"og:locale\" content=\"sr_RS\" \/>\n<meta property=\"og:type\" content=\"article\" \/>\n<meta property=\"og:title\" content=\"Ma\u0111arski MVM postao ve\u0107inski vlasnik firmi Energotehnika \u2013 Ju\u017ena Ba\u010dka i Elektromonta\u017ea\" \/>\n<meta property=\"og:description\" content=\"Dve srpske firme su u privatnom vlasni\u0161tvu, a Vlada Ma\u0111arske je vlasnik MVM- a. Ma\u0111arska firme je dosad imala manjinski udeo\" \/>\n<meta property=\"og:url\" content=\"https:\/\/balkangreenenergynews.com\/rs\/madjarski-mvm-postao-vecinski-vlasnik-firmi-energotehnika-juzna-backa-i-elektromontaza\/\" \/>\n<meta property=\"og:site_name\" content=\"Balkan Green Energy News\" \/>\n<meta property=\"article:published_time\" content=\"2025-07-17T15:51:21+00:00\" \/>\n<meta property=\"article:modified_time\" content=\"2025-07-17T16:33:30+00:00\" \/>\n<meta property=\"og:image\" content=\"https:\/\/balkangreenenergynews.com\/rs\/wp-content\/uploads\/2025\/07\/mvm-maneks-energotehnika-juzna-backa-elektromontaza.jpg?wsr\" \/>\n\t<meta property=\"og:image:width\" content=\"840\" \/>\n\t<meta property=\"og:image:height\" content=\"430\" \/>\n\t<meta property=\"og:image:type\" content=\"image\/jpeg\" \/>\n<meta name=\"author\" content=\"Vladimir Spasi\u0107\" \/>\n<meta name=\"twitter:card\" content=\"summary_large_image\" \/>\n<meta name=\"twitter:label1\" content=\"\u041d\u0430\u043f\u0438\u0441\u0430\u043d\u043e \u043e\u0434\" \/>\n\t<meta name=\"twitter:data1\" content=\"Vladimir Spasi\u0107\" \/>\n\t<meta name=\"twitter:label2\" content=\"\u041f\u0440\u043e\u0446\u0435\u045a\u0435\u043d\u043e \u0432\u0440\u0435\u043c\u0435 \u0447\u0438\u0442\u0430\u045a\u0430\" \/>\n\t<meta name=\"twitter:data2\" content=\"2 \u043c\u0438\u043d\u0443\u0442\u0430\" \/>\n<script type=\"application\/ld+json\" class=\"yoast-schema-graph\">{\"@context\":\"https:\\\/\\\/schema.org\",\"@graph\":[{\"@type\":\"Article\",\"@id\":\"https:\\\/\\\/balkangreenenergynews.com\\\/rs\\\/madjarski-mvm-postao-vecinski-vlasnik-firmi-energotehnika-juzna-backa-i-elektromontaza\\\/#article\",\"isPartOf\":{\"@id\":\"https:\\\/\\\/balkangreenenergynews.com\\\/rs\\\/madjarski-mvm-postao-vecinski-vlasnik-firmi-energotehnika-juzna-backa-i-elektromontaza\\\/\"},\"author\":{\"name\":\"Vladimir Spasi\u0107\",\"@id\":\"https:\\\/\\\/balkangreenenergynews.com\\\/rs\\\/#\\\/schema\\\/person\\\/99dc721c46113fea22caffad06ef7317\"},\"headline\":\"Ma\u0111arski MVM postao ve\u0107inski vlasnik firmi Energotehnika \u2013 Ju\u017ena Ba\u010dka i Elektromonta\u017ea\",\"datePublished\":\"2025-07-17T15:51:21+00:00\",\"dateModified\":\"2025-07-17T16:33:30+00:00\",\"mainEntityOfPage\":{\"@id\":\"https:\\\/\\\/balkangreenenergynews.com\\\/rs\\\/madjarski-mvm-postao-vecinski-vlasnik-firmi-energotehnika-juzna-backa-i-elektromontaza\\\/\"},\"wordCount\":368,\"commentCount\":0,\"image\":{\"@id\":\"https:\\\/\\\/balkangreenenergynews.com\\\/rs\\\/madjarski-mvm-postao-vecinski-vlasnik-firmi-energotehnika-juzna-backa-i-elektromontaza\\\/#primaryimage\"},\"thumbnailUrl\":\"https:\\\/\\\/balkangreenenergynews.com\\\/rs\\\/wp-content\\\/uploads\\\/2025\\\/07\\\/mvm-maneks-energotehnika-juzna-backa-elektromontaza.jpg?wsr\",\"keywords\":[\"Energotehnika Ju\u017ena Ba\u010dka\"],\"articleSection\":[\"Elektri\u010dna energija\"],\"inLanguage\":\"sr-RS\",\"potentialAction\":[{\"@type\":\"CommentAction\",\"name\":\"Comment\",\"target\":[\"https:\\\/\\\/balkangreenenergynews.com\\\/rs\\\/madjarski-mvm-postao-vecinski-vlasnik-firmi-energotehnika-juzna-backa-i-elektromontaza\\\/#respond\"]}]},{\"@type\":\"WebPage\",\"@id\":\"https:\\\/\\\/balkangreenenergynews.com\\\/rs\\\/madjarski-mvm-postao-vecinski-vlasnik-firmi-energotehnika-juzna-backa-i-elektromontaza\\\/\",\"url\":\"https:\\\/\\\/balkangreenenergynews.com\\\/rs\\\/madjarski-mvm-postao-vecinski-vlasnik-firmi-energotehnika-juzna-backa-i-elektromontaza\\\/\",\"name\":\"Ma\u0111arski MVM postao ve\u0107inski vlasnik firmi Energotehnika \u2013 Ju\u017ena Ba\u010dka i Elektromonta\u017ea\",\"isPartOf\":{\"@id\":\"https:\\\/\\\/balkangreenenergynews.com\\\/rs\\\/#website\"},\"primaryImageOfPage\":{\"@id\":\"https:\\\/\\\/balkangreenenergynews.com\\\/rs\\\/madjarski-mvm-postao-vecinski-vlasnik-firmi-energotehnika-juzna-backa-i-elektromontaza\\\/#primaryimage\"},\"image\":{\"@id\":\"https:\\\/\\\/balkangreenenergynews.com\\\/rs\\\/madjarski-mvm-postao-vecinski-vlasnik-firmi-energotehnika-juzna-backa-i-elektromontaza\\\/#primaryimage\"},\"thumbnailUrl\":\"https:\\\/\\\/balkangreenenergynews.com\\\/rs\\\/wp-content\\\/uploads\\\/2025\\\/07\\\/mvm-maneks-energotehnika-juzna-backa-elektromontaza.jpg?wsr\",\"datePublished\":\"2025-07-17T15:51:21+00:00\",\"dateModified\":\"2025-07-17T16:33:30+00:00\",\"author\":{\"@id\":\"https:\\\/\\\/balkangreenenergynews.com\\\/rs\\\/#\\\/schema\\\/person\\\/99dc721c46113fea22caffad06ef7317\"},\"description\":\"Dve srpske firme su u privatnom vlasni\u0161tvu, a Vlada Ma\u0111arske je vlasnik MVM- a. Ma\u0111arska firme je dosad imala manjinski udeo\",\"breadcrumb\":{\"@id\":\"https:\\\/\\\/balkangreenenergynews.com\\\/rs\\\/madjarski-mvm-postao-vecinski-vlasnik-firmi-energotehnika-juzna-backa-i-elektromontaza\\\/#breadcrumb\"},\"inLanguage\":\"sr-RS\",\"potentialAction\":[{\"@type\":\"ReadAction\",\"target\":[\"https:\\\/\\\/balkangreenenergynews.com\\\/rs\\\/madjarski-mvm-postao-vecinski-vlasnik-firmi-energotehnika-juzna-backa-i-elektromontaza\\\/\"]}]},{\"@type\":\"ImageObject\",\"inLanguage\":\"sr-RS\",\"@id\":\"https:\\\/\\\/balkangreenenergynews.com\\\/rs\\\/madjarski-mvm-postao-vecinski-vlasnik-firmi-energotehnika-juzna-backa-i-elektromontaza\\\/#primaryimage\",\"url\":\"https:\\\/\\\/balkangreenenergynews.com\\\/rs\\\/wp-content\\\/uploads\\\/2025\\\/07\\\/mvm-maneks-energotehnika-juzna-backa-elektromontaza.jpg?wsr\",\"contentUrl\":\"https:\\\/\\\/balkangreenenergynews.com\\\/rs\\\/wp-content\\\/uploads\\\/2025\\\/07\\\/mvm-maneks-energotehnika-juzna-backa-elektromontaza.jpg?wsr\",\"width\":840,\"height\":430,\"caption\":\"mvm maneks energotehnika juzna backa elektromontaza\"},{\"@type\":\"BreadcrumbList\",\"@id\":\"https:\\\/\\\/balkangreenenergynews.com\\\/rs\\\/madjarski-mvm-postao-vecinski-vlasnik-firmi-energotehnika-juzna-backa-i-elektromontaza\\\/#breadcrumb\",\"itemListElement\":[{\"@type\":\"ListItem\",\"position\":1,\"name\":\"Po\u010detna\",\"item\":\"https:\\\/\\\/balkangreenenergynews.com\\\/rs\\\/\"},{\"@type\":\"ListItem\",\"position\":2,\"name\":\"Vesti\",\"item\":\"https:\\\/\\\/balkangreenenergynews.com\\\/rs\\\/kategorija\\\/vesti\\\/\"},{\"@type\":\"ListItem\",\"position\":3,\"name\":\"Elektri\u010dna energija\",\"item\":\"https:\\\/\\\/balkangreenenergynews.com\\\/rs\\\/kategorija\\\/vesti\\\/elektricna-energija\\\/\"},{\"@type\":\"ListItem\",\"position\":4,\"name\":\"Ma\u0111arski MVM postao ve\u0107inski vlasnik firmi Energotehnika \u2013 Ju\u017ena Ba\u010dka i Elektromonta\u017ea\"}]},{\"@type\":\"WebSite\",\"@id\":\"https:\\\/\\\/balkangreenenergynews.com\\\/rs\\\/#website\",\"url\":\"https:\\\/\\\/balkangreenenergynews.com\\\/rs\\\/\",\"name\":\"Balkan Green Energy News\",\"description\":\"Naj\u0161iri izbor vesti sa Balkana o zelenoj energiji\",\"potentialAction\":[{\"@type\":\"SearchAction\",\"target\":{\"@type\":\"EntryPoint\",\"urlTemplate\":\"https:\\\/\\\/balkangreenenergynews.com\\\/rs\\\/?s={search_term_string}\"},\"query-input\":{\"@type\":\"PropertyValueSpecification\",\"valueRequired\":true,\"valueName\":\"search_term_string\"}}],\"inLanguage\":\"sr-RS\"},{\"@type\":\"Person\",\"@id\":\"https:\\\/\\\/balkangreenenergynews.com\\\/rs\\\/#\\\/schema\\\/person\\\/99dc721c46113fea22caffad06ef7317\",\"name\":\"Vladimir Spasi\u0107\",\"url\":\"https:\\\/\\\/balkangreenenergynews.com\\\/rs\\\/author\\\/vladimir-spasic\\\/\"}]}<\/script>\n<!-- \/ Yoast SEO plugin. -->","yoast_head_json":{"title":"Ma\u0111arski MVM postao ve\u0107inski vlasnik firmi Energotehnika \u2013 Ju\u017ena Ba\u010dka i Elektromonta\u017ea","description":"Dve srpske firme su u privatnom vlasni\u0161tvu, a Vlada Ma\u0111arske je vlasnik MVM- a. Ma\u0111arska firme je dosad imala manjinski udeo","robots":{"index":"index","follow":"follow","max-snippet":"max-snippet:-1","max-image-preview":"max-image-preview:large","max-video-preview":"max-video-preview:-1"},"canonical":"https:\/\/balkangreenenergynews.com\/rs\/madjarski-mvm-postao-vecinski-vlasnik-firmi-energotehnika-juzna-backa-i-elektromontaza\/","og_locale":"sr_RS","og_type":"article","og_title":"Ma\u0111arski MVM postao ve\u0107inski vlasnik firmi Energotehnika \u2013 Ju\u017ena Ba\u010dka i Elektromonta\u017ea","og_description":"Dve srpske firme su u privatnom vlasni\u0161tvu, a Vlada Ma\u0111arske je vlasnik MVM- a. Ma\u0111arska firme je dosad imala manjinski udeo","og_url":"https:\/\/balkangreenenergynews.com\/rs\/madjarski-mvm-postao-vecinski-vlasnik-firmi-energotehnika-juzna-backa-i-elektromontaza\/","og_site_name":"Balkan Green Energy News","article_published_time":"2025-07-17T15:51:21+00:00","article_modified_time":"2025-07-17T16:33:30+00:00","og_image":[{"width":840,"height":430,"url":"https:\/\/balkangreenenergynews.com\/rs\/wp-content\/uploads\/2025\/07\/mvm-maneks-energotehnika-juzna-backa-elektromontaza.jpg?wsr","type":"image\/jpeg"}],"author":"Vladimir Spasi\u0107","twitter_card":"summary_large_image","twitter_misc":{"\u041d\u0430\u043f\u0438\u0441\u0430\u043d\u043e \u043e\u0434":"Vladimir Spasi\u0107","\u041f\u0440\u043e\u0446\u0435\u045a\u0435\u043d\u043e \u0432\u0440\u0435\u043c\u0435 \u0447\u0438\u0442\u0430\u045a\u0430":"2 \u043c\u0438\u043d\u0443\u0442\u0430"},"schema":{"@context":"https:\/\/schema.org","@graph":[{"@type":"Article","@id":"https:\/\/balkangreenenergynews.com\/rs\/madjarski-mvm-postao-vecinski-vlasnik-firmi-energotehnika-juzna-backa-i-elektromontaza\/#article","isPartOf":{"@id":"https:\/\/balkangreenenergynews.com\/rs\/madjarski-mvm-postao-vecinski-vlasnik-firmi-energotehnika-juzna-backa-i-elektromontaza\/"},"author":{"name":"Vladimir Spasi\u0107","@id":"https:\/\/balkangreenenergynews.com\/rs\/#\/schema\/person\/99dc721c46113fea22caffad06ef7317"},"headline":"Ma\u0111arski MVM postao ve\u0107inski vlasnik firmi Energotehnika \u2013 Ju\u017ena Ba\u010dka i Elektromonta\u017ea","datePublished":"2025-07-17T15:51:21+00:00","dateModified":"2025-07-17T16:33:30+00:00","mainEntityOfPage":{"@id":"https:\/\/balkangreenenergynews.com\/rs\/madjarski-mvm-postao-vecinski-vlasnik-firmi-energotehnika-juzna-backa-i-elektromontaza\/"},"wordCount":368,"commentCount":0,"image":{"@id":"https:\/\/balkangreenenergynews.com\/rs\/madjarski-mvm-postao-vecinski-vlasnik-firmi-energotehnika-juzna-backa-i-elektromontaza\/#primaryimage"},"thumbnailUrl":"https:\/\/balkangreenenergynews.com\/rs\/wp-content\/uploads\/2025\/07\/mvm-maneks-energotehnika-juzna-backa-elektromontaza.jpg?wsr","keywords":["Energotehnika Ju\u017ena Ba\u010dka"],"articleSection":["Elektri\u010dna energija"],"inLanguage":"sr-RS","potentialAction":[{"@type":"CommentAction","name":"Comment","target":["https:\/\/balkangreenenergynews.com\/rs\/madjarski-mvm-postao-vecinski-vlasnik-firmi-energotehnika-juzna-backa-i-elektromontaza\/#respond"]}]},{"@type":"WebPage","@id":"https:\/\/balkangreenenergynews.com\/rs\/madjarski-mvm-postao-vecinski-vlasnik-firmi-energotehnika-juzna-backa-i-elektromontaza\/","url":"https:\/\/balkangreenenergynews.com\/rs\/madjarski-mvm-postao-vecinski-vlasnik-firmi-energotehnika-juzna-backa-i-elektromontaza\/","name":"Ma\u0111arski MVM postao ve\u0107inski vlasnik firmi Energotehnika \u2013 Ju\u017ena Ba\u010dka i Elektromonta\u017ea","isPartOf":{"@id":"https:\/\/balkangreenenergynews.com\/rs\/#website"},"primaryImageOfPage":{"@id":"https:\/\/balkangreenenergynews.com\/rs\/madjarski-mvm-postao-vecinski-vlasnik-firmi-energotehnika-juzna-backa-i-elektromontaza\/#primaryimage"},"image":{"@id":"https:\/\/balkangreenenergynews.com\/rs\/madjarski-mvm-postao-vecinski-vlasnik-firmi-energotehnika-juzna-backa-i-elektromontaza\/#primaryimage"},"thumbnailUrl":"https:\/\/balkangreenenergynews.com\/rs\/wp-content\/uploads\/2025\/07\/mvm-maneks-energotehnika-juzna-backa-elektromontaza.jpg?wsr","datePublished":"2025-07-17T15:51:21+00:00","dateModified":"2025-07-17T16:33:30+00:00","author":{"@id":"https:\/\/balkangreenenergynews.com\/rs\/#\/schema\/person\/99dc721c46113fea22caffad06ef7317"},"description":"Dve srpske firme su u privatnom vlasni\u0161tvu, a Vlada Ma\u0111arske je vlasnik MVM- a. Ma\u0111arska firme je dosad imala manjinski udeo","breadcrumb":{"@id":"https:\/\/balkangreenenergynews.com\/rs\/madjarski-mvm-postao-vecinski-vlasnik-firmi-energotehnika-juzna-backa-i-elektromontaza\/#breadcrumb"},"inLanguage":"sr-RS","potentialAction":[{"@type":"ReadAction","target":["https:\/\/balkangreenenergynews.com\/rs\/madjarski-mvm-postao-vecinski-vlasnik-firmi-energotehnika-juzna-backa-i-elektromontaza\/"]}]},{"@type":"ImageObject","inLanguage":"sr-RS","@id":"https:\/\/balkangreenenergynews.com\/rs\/madjarski-mvm-postao-vecinski-vlasnik-firmi-energotehnika-juzna-backa-i-elektromontaza\/#primaryimage","url":"https:\/\/balkangreenenergynews.com\/rs\/wp-content\/uploads\/2025\/07\/mvm-maneks-energotehnika-juzna-backa-elektromontaza.jpg?wsr","contentUrl":"https:\/\/balkangreenenergynews.com\/rs\/wp-content\/uploads\/2025\/07\/mvm-maneks-energotehnika-juzna-backa-elektromontaza.jpg?wsr","width":840,"height":430,"caption":"mvm maneks energotehnika juzna backa elektromontaza"},{"@type":"BreadcrumbList","@id":"https:\/\/balkangreenenergynews.com\/rs\/madjarski-mvm-postao-vecinski-vlasnik-firmi-energotehnika-juzna-backa-i-elektromontaza\/#breadcrumb","itemListElement":[{"@type":"ListItem","position":1,"name":"Po\u010detna","item":"https:\/\/balkangreenenergynews.com\/rs\/"},{"@type":"ListItem","position":2,"name":"Vesti","item":"https:\/\/balkangreenenergynews.com\/rs\/kategorija\/vesti\/"},{"@type":"ListItem","position":3,"name":"Elektri\u010dna energija","item":"https:\/\/balkangreenenergynews.com\/rs\/kategorija\/vesti\/elektricna-energija\/"},{"@type":"ListItem","position":4,"name":"Ma\u0111arski MVM postao ve\u0107inski vlasnik firmi Energotehnika \u2013 Ju\u017ena Ba\u010dka i Elektromonta\u017ea"}]},{"@type":"WebSite","@id":"https:\/\/balkangreenenergynews.com\/rs\/#website","url":"https:\/\/balkangreenenergynews.com\/rs\/","name":"Balkan Green Energy News","description":"Naj\u0161iri izbor vesti sa Balkana o zelenoj energiji","potentialAction":[{"@type":"SearchAction","target":{"@type":"EntryPoint","urlTemplate":"https:\/\/balkangreenenergynews.com\/rs\/?s={search_term_string}"},"query-input":{"@type":"PropertyValueSpecification","valueRequired":true,"valueName":"search_term_string"}}],"inLanguage":"sr-RS"},{"@type":"Person","@id":"https:\/\/balkangreenenergynews.com\/rs\/#\/schema\/person\/99dc721c46113fea22caffad06ef7317","name":"Vladimir Spasi\u0107","url":"https:\/\/balkangreenenergynews.com\/rs\/author\/vladimir-spasic\/"}]}},"_links":{"self":[{"href":"https:\/\/balkangreenenergynews.com\/rs\/wp-json\/wp\/v2\/posts\/82455","targetHints":{"allow":["GET"]}}],"collection":[{"href":"https:\/\/balkangreenenergynews.com\/rs\/wp-json\/wp\/v2\/posts"}],"about":[{"href":"https:\/\/balkangreenenergynews.com\/rs\/wp-json\/wp\/v2\/types\/post"}],"author":[{"embeddable":true,"href":"https:\/\/balkangreenenergynews.com\/rs\/wp-json\/wp\/v2\/users\/23"}],"replies":[{"embeddable":true,"href":"https:\/\/balkangreenenergynews.com\/rs\/wp-json\/wp\/v2\/comments?post=82455"}],"version-history":[{"count":0,"href":"https:\/\/balkangreenenergynews.com\/rs\/wp-json\/wp\/v2\/posts\/82455\/revisions"}],"wp:featuredmedia":[{"embeddable":true,"href":"https:\/\/balkangreenenergynews.com\/rs\/wp-json\/wp\/v2\/media\/82459"}],"wp:attachment":[{"href":"https:\/\/balkangreenenergynews.com\/rs\/wp-json\/wp\/v2\/media?parent=82455"}],"wp:term":[{"taxonomy":"category","embeddable":true,"href":"https:\/\/balkangreenenergynews.com\/rs\/wp-json\/wp\/v2\/categories?post=82455"},{"taxonomy":"post_tag","embeddable":true,"href":"https:\/\/balkangreenenergynews.com\/rs\/wp-json\/wp\/v2\/tags?post=82455"}],"curies":[{"name":"wp","href":"https:\/\/api.w.org\/{rel}","templated":true}]}}