{"id":81989,"date":"2025-06-30T16:47:16","date_gmt":"2025-06-30T14:47:16","guid":{"rendered":"https:\/\/balkangreenenergynews.com\/rs\/?p=81989"},"modified":"2025-06-30T16:47:16","modified_gmt":"2025-06-30T14:47:16","slug":"najveca-plutajuca-solarna-elektrana-u-evropi-pocela-s-radom","status":"publish","type":"post","link":"https:\/\/balkangreenenergynews.com\/rs\/najveca-plutajuca-solarna-elektrana-u-evropi-pocela-s-radom\/","title":{"rendered":"Najve\u0107a plutaju\u0107a solarna elektrana u Evropi po\u010dela s radom"},"content":{"rendered":"<h2 data-start=\"165\" data-end=\"461\">U Francuskoj je pu\u0161tena u rad najve\u0107a plutaju\u0107a solarna elektrana u Evropi \u2013 Les Ilots Blandin. Projekat kapaciteta 74,3 megavata sme\u0161ten je u departmanu Gornja Marna, na povr\u0161ini nekada\u0161njih \u0161ljunkara, a godi\u0161nje \u0107e proizvoditi dovoljno elektri\u010dne energije za snabdevanje 37.000 ljudi.<\/h2>\n<p>U departmanu Gornja Marna u Francuskoj, kompanije Q Energy i Velto Renewables pustile su u rad najve\u0107u plutaju\u0107u solarnu elektranu u Evropi. To postrojenje kod mesta Pert \u010dini 135.000 solarnih panela postavljenih na plutaju\u0107e platforme.<\/p>\n<p>Sme\u0161teno je na jezerima na lokacijama biv\u0161ih kopova za izvla\u010denje \u0161ljunka, na zemlji\u0161tu lokalne kompanije Etablissements Blandin. Kopovi su zatvoreni 2020. godine, a novootvorena <a href=\"https:\/\/balkangreenenergynews.com\/rs\/plutajuce-solarne-elektrane-smanjuju-temperaturu-vode-u-jezerima\/\">plutaju\u0107a solarna elektrana<\/a> nazvana je Les Ilots Blandin, \u0161to bi zna\u010di Blandenova ostrvca.<\/p>\n<blockquote><p>Paneli su postavljeni na 45,5 hektara<\/p><\/blockquote>\n<p data-start=\"926\" data-end=\"1181\">Ukupna povr\u0161ina lokacije iznosi 127 hektara, a paneli su postavljeni na 45,5 hektara, rekao je za portal <a href=\"https:\/\/www.pv-magazine.com\/2025\/06\/25\/q-energy-switches-on-europes-largest-floating-pv-plant\/\">pv magazine France<\/a> Vensan Pin\u0161u, menad\u017eer projekata iz francuske in\u017eenjerske kompanije Ciel et Terre. Ona je bila zadu\u017eena i za isporuku i ugradnju plutaju\u0107ih konstrukcija, modula i invertera.<\/p>\n<p data-start=\"926\" data-end=\"1181\">Elektrana ima maksimalni kapacitet odnosno pik od 74,3 megavata, od \u010dega je 72,3 megavata na plutaju\u0107im platformama, a dva megavata na kopnenom delu. Kopneni solarni sistem je strate\u0161ki integrisan kako bi se optimizovala ukupna proizvodnja i ekonomska efikasnost lokacije. Instalacija se sastoji od \u0161est platformi, kapaciteta od po osam do 17 megavata.<\/p>\n<p data-start=\"926\" data-end=\"1181\">Postrojenje \u0107e, prema procenama investitora, proizvoditi dovoljno elektri\u010dne energije za oko 37.000 ljudi i smanjiti emisije ugljen-dioksida za 18.000 tona godi\u0161nje.<\/p>\n<h3 data-start=\"926\" data-end=\"1181\">Izgradnja i odr\u017eavanje plutaju\u0107ih elektrana skuplji su u pore\u0111enju sa onima na kopnu<\/h3>\n<p data-start=\"926\" data-end=\"1181\">U severnim regionima Francuske postoji veliki potencijal za razvoj plutaju\u0107ih elektrana. Koranten Sivi, direktor razvoja u Q\u202fEnergy, isti\u010de da je jedan od glavnih izazova u njihovom razvoju ekonomski. Naime, izgradnja i odr\u017eavanje plutaju\u0107ih solarnih elektrana su skuplji nego onih na kopnu. Tako\u0111e, Regulatorna komisija za energetiku (CRE) Francuske za njih ne sprovodi posebne tendere, nego se nadme\u0107u sa kopnenim projektima.<\/p>\n<p data-start=\"3532\" data-end=\"3966\">Finansiranje projekta obezbe\u0111eno je u septembru 2024. godine. Vi\u0161e od 50 miliona evra odobrile su banke Cr\u00e9dit Agricole Transitions &amp; Energies i Bpifrance. Po\u010detkom 2025. godine, \u0161panska kompanija Velto Renewables kupila je 50 odsto udela u projektu.<\/p>\n<p data-start=\"3968\" data-end=\"4346\">&#8222;Velto ubrzava svoje prisustvo u Francuskoj sa jasnim ciljem: da ostane tu dugoro\u010dno. Na\u0161a misija je da razvijamo, upravljamo i podr\u017eavamo projekte u skladu sa lokalnim specifi\u010dnostima, \u0161to je jedan od razloga za\u0161to smo ponosni na partnerstvo sa kompanijom Q\u202fEnergy u Francuskoj&#8220;, izjavio je na sve\u010danom otvaranju Lukas de Aro, generalni direktor kompanije Velto Renewables.<\/p>\n","protected":false},"excerpt":{"rendered":"<p>U Francuskoj je pu\u0161tena u rad najve\u0107a plutaju\u0107a solarna elektrana u Evropi \u2013 Les Ilots Blandin.<\/p>\n","protected":false},"author":34,"featured_media":82017,"comment_status":"open","ping_status":"open","sticky":false,"template":"","format":"standard","meta":{"_acf_changed":false,"_monsterinsights_skip_tracking":false,"_monsterinsights_sitenote_active":false,"_monsterinsights_sitenote_note":"","_monsterinsights_sitenote_category":0,"footnotes":""},"categories":[1],"tags":[647,6612,1890,966],"class_list":["post-81989","post","type-post","status-publish","format-standard","has-post-thumbnail","hentry","category-obnovljivi-izvori-energije","tag-obnovljivi-izvori-energije","tag-plutajuce-solarne-elektrane","tag-solarne-elektrane","tag-solarni-paneli","country-regioneu"],"acf":[],"yoast_head":"<!-- This site is optimized with the Yoast SEO plugin v27.4 - https:\/\/yoast.com\/product\/yoast-seo-wordpress\/ -->\n<title>Najve\u0107a plutaju\u0107a solarna elektrana u Evropi po\u010dela s radom<\/title>\n<meta name=\"description\" content=\"U Francuskoj je pu\u0161tena u rad najve\u0107a plutaju\u0107a solarna elektrana u Evropi \u2013 Les Ilots Blandin.\" \/>\n<meta name=\"robots\" content=\"index, follow, max-snippet:-1, max-image-preview:large, max-video-preview:-1\" \/>\n<link rel=\"canonical\" href=\"https:\/\/balkangreenenergynews.com\/rs\/najveca-plutajuca-solarna-elektrana-u-evropi-pocela-s-radom\/\" \/>\n<meta property=\"og:locale\" content=\"sr_RS\" \/>\n<meta property=\"og:type\" content=\"article\" \/>\n<meta property=\"og:title\" content=\"Najve\u0107a plutaju\u0107a solarna elektrana u Evropi po\u010dela s radom\" \/>\n<meta property=\"og:description\" content=\"U Francuskoj je pu\u0161tena u rad najve\u0107a plutaju\u0107a solarna elektrana u Evropi \u2013 Les Ilots Blandin.\" \/>\n<meta property=\"og:url\" content=\"https:\/\/balkangreenenergynews.com\/rs\/najveca-plutajuca-solarna-elektrana-u-evropi-pocela-s-radom\/\" \/>\n<meta property=\"og:site_name\" content=\"Balkan Green Energy News\" \/>\n<meta property=\"article:published_time\" content=\"2025-06-30T14:47:16+00:00\" \/>\n<meta property=\"og:image\" content=\"https:\/\/balkangreenenergynews.com\/rs\/wp-content\/uploads\/2025\/06\/najveca-plutajuca-solarna-elektrana-u-evropi.jpg?wsr\" \/>\n\t<meta property=\"og:image:width\" content=\"840\" \/>\n\t<meta property=\"og:image:height\" content=\"430\" \/>\n\t<meta property=\"og:image:type\" content=\"image\/jpeg\" \/>\n<meta name=\"author\" content=\"Jelisaveta Peri\u0161i\u0107\" \/>\n<meta name=\"twitter:card\" content=\"summary_large_image\" \/>\n<meta name=\"twitter:label1\" content=\"\u041d\u0430\u043f\u0438\u0441\u0430\u043d\u043e \u043e\u0434\" \/>\n\t<meta name=\"twitter:data1\" content=\"Jelisaveta Peri\u0161i\u0107\" \/>\n\t<meta name=\"twitter:label2\" content=\"\u041f\u0440\u043e\u0446\u0435\u045a\u0435\u043d\u043e \u0432\u0440\u0435\u043c\u0435 \u0447\u0438\u0442\u0430\u045a\u0430\" \/>\n\t<meta name=\"twitter:data2\" content=\"3 \u043c\u0438\u043d\u0443\u0442\u0430\" \/>\n<script type=\"application\/ld+json\" class=\"yoast-schema-graph\">{\"@context\":\"https:\\\/\\\/schema.org\",\"@graph\":[{\"@type\":\"Article\",\"@id\":\"https:\\\/\\\/balkangreenenergynews.com\\\/rs\\\/najveca-plutajuca-solarna-elektrana-u-evropi-pocela-s-radom\\\/#article\",\"isPartOf\":{\"@id\":\"https:\\\/\\\/balkangreenenergynews.com\\\/rs\\\/najveca-plutajuca-solarna-elektrana-u-evropi-pocela-s-radom\\\/\"},\"author\":{\"name\":\"Jelisaveta Peri\u0161i\u0107\",\"@id\":\"https:\\\/\\\/balkangreenenergynews.com\\\/rs\\\/#\\\/schema\\\/person\\\/4b3c5831bbc05a72630d12560df2b3f8\"},\"headline\":\"Najve\u0107a plutaju\u0107a solarna elektrana u Evropi po\u010dela s radom\",\"datePublished\":\"2025-06-30T14:47:16+00:00\",\"mainEntityOfPage\":{\"@id\":\"https:\\\/\\\/balkangreenenergynews.com\\\/rs\\\/najveca-plutajuca-solarna-elektrana-u-evropi-pocela-s-radom\\\/\"},\"wordCount\":445,\"commentCount\":0,\"image\":{\"@id\":\"https:\\\/\\\/balkangreenenergynews.com\\\/rs\\\/najveca-plutajuca-solarna-elektrana-u-evropi-pocela-s-radom\\\/#primaryimage\"},\"thumbnailUrl\":\"https:\\\/\\\/balkangreenenergynews.com\\\/rs\\\/wp-content\\\/uploads\\\/2025\\\/06\\\/najveca-plutajuca-solarna-elektrana-u-evropi.jpg?wsr\",\"keywords\":[\"obnovljivi izvori energije\",\"plutaju\u0107e solarne elektrane\",\"solarne elektrane\",\"solarni paneli\"],\"articleSection\":[\"OIE\"],\"inLanguage\":\"sr-RS\",\"potentialAction\":[{\"@type\":\"CommentAction\",\"name\":\"Comment\",\"target\":[\"https:\\\/\\\/balkangreenenergynews.com\\\/rs\\\/najveca-plutajuca-solarna-elektrana-u-evropi-pocela-s-radom\\\/#respond\"]}]},{\"@type\":\"WebPage\",\"@id\":\"https:\\\/\\\/balkangreenenergynews.com\\\/rs\\\/najveca-plutajuca-solarna-elektrana-u-evropi-pocela-s-radom\\\/\",\"url\":\"https:\\\/\\\/balkangreenenergynews.com\\\/rs\\\/najveca-plutajuca-solarna-elektrana-u-evropi-pocela-s-radom\\\/\",\"name\":\"Najve\u0107a plutaju\u0107a solarna elektrana u Evropi po\u010dela s radom\",\"isPartOf\":{\"@id\":\"https:\\\/\\\/balkangreenenergynews.com\\\/rs\\\/#website\"},\"primaryImageOfPage\":{\"@id\":\"https:\\\/\\\/balkangreenenergynews.com\\\/rs\\\/najveca-plutajuca-solarna-elektrana-u-evropi-pocela-s-radom\\\/#primaryimage\"},\"image\":{\"@id\":\"https:\\\/\\\/balkangreenenergynews.com\\\/rs\\\/najveca-plutajuca-solarna-elektrana-u-evropi-pocela-s-radom\\\/#primaryimage\"},\"thumbnailUrl\":\"https:\\\/\\\/balkangreenenergynews.com\\\/rs\\\/wp-content\\\/uploads\\\/2025\\\/06\\\/najveca-plutajuca-solarna-elektrana-u-evropi.jpg?wsr\",\"datePublished\":\"2025-06-30T14:47:16+00:00\",\"author\":{\"@id\":\"https:\\\/\\\/balkangreenenergynews.com\\\/rs\\\/#\\\/schema\\\/person\\\/4b3c5831bbc05a72630d12560df2b3f8\"},\"description\":\"U Francuskoj je pu\u0161tena u rad najve\u0107a plutaju\u0107a solarna elektrana u Evropi \u2013 Les Ilots Blandin.\",\"breadcrumb\":{\"@id\":\"https:\\\/\\\/balkangreenenergynews.com\\\/rs\\\/najveca-plutajuca-solarna-elektrana-u-evropi-pocela-s-radom\\\/#breadcrumb\"},\"inLanguage\":\"sr-RS\",\"potentialAction\":[{\"@type\":\"ReadAction\",\"target\":[\"https:\\\/\\\/balkangreenenergynews.com\\\/rs\\\/najveca-plutajuca-solarna-elektrana-u-evropi-pocela-s-radom\\\/\"]}]},{\"@type\":\"ImageObject\",\"inLanguage\":\"sr-RS\",\"@id\":\"https:\\\/\\\/balkangreenenergynews.com\\\/rs\\\/najveca-plutajuca-solarna-elektrana-u-evropi-pocela-s-radom\\\/#primaryimage\",\"url\":\"https:\\\/\\\/balkangreenenergynews.com\\\/rs\\\/wp-content\\\/uploads\\\/2025\\\/06\\\/najveca-plutajuca-solarna-elektrana-u-evropi.jpg?wsr\",\"contentUrl\":\"https:\\\/\\\/balkangreenenergynews.com\\\/rs\\\/wp-content\\\/uploads\\\/2025\\\/06\\\/najveca-plutajuca-solarna-elektrana-u-evropi.jpg?wsr\",\"width\":840,\"height\":430,\"caption\":\"najve\u0107a plutajuca solarna elektrana u evropi\"},{\"@type\":\"BreadcrumbList\",\"@id\":\"https:\\\/\\\/balkangreenenergynews.com\\\/rs\\\/najveca-plutajuca-solarna-elektrana-u-evropi-pocela-s-radom\\\/#breadcrumb\",\"itemListElement\":[{\"@type\":\"ListItem\",\"position\":1,\"name\":\"Po\u010detna\",\"item\":\"https:\\\/\\\/balkangreenenergynews.com\\\/rs\\\/\"},{\"@type\":\"ListItem\",\"position\":2,\"name\":\"Vesti\",\"item\":\"https:\\\/\\\/balkangreenenergynews.com\\\/rs\\\/kategorija\\\/vesti\\\/\"},{\"@type\":\"ListItem\",\"position\":3,\"name\":\"OIE\",\"item\":\"https:\\\/\\\/balkangreenenergynews.com\\\/rs\\\/kategorija\\\/vesti\\\/obnovljivi-izvori-energije\\\/\"},{\"@type\":\"ListItem\",\"position\":4,\"name\":\"Najve\u0107a plutaju\u0107a solarna elektrana u Evropi po\u010dela s radom\"}]},{\"@type\":\"WebSite\",\"@id\":\"https:\\\/\\\/balkangreenenergynews.com\\\/rs\\\/#website\",\"url\":\"https:\\\/\\\/balkangreenenergynews.com\\\/rs\\\/\",\"name\":\"Balkan Green Energy News\",\"description\":\"Naj\u0161iri izbor vesti sa Balkana o zelenoj energiji\",\"potentialAction\":[{\"@type\":\"SearchAction\",\"target\":{\"@type\":\"EntryPoint\",\"urlTemplate\":\"https:\\\/\\\/balkangreenenergynews.com\\\/rs\\\/?s={search_term_string}\"},\"query-input\":{\"@type\":\"PropertyValueSpecification\",\"valueRequired\":true,\"valueName\":\"search_term_string\"}}],\"inLanguage\":\"sr-RS\"},{\"@type\":\"Person\",\"@id\":\"https:\\\/\\\/balkangreenenergynews.com\\\/rs\\\/#\\\/schema\\\/person\\\/4b3c5831bbc05a72630d12560df2b3f8\",\"name\":\"Jelisaveta Peri\u0161i\u0107\",\"url\":\"https:\\\/\\\/balkangreenenergynews.com\\\/rs\\\/author\\\/jelisavet-perisic\\\/\"}]}<\/script>\n<!-- \/ Yoast SEO plugin. -->","yoast_head_json":{"title":"Najve\u0107a plutaju\u0107a solarna elektrana u Evropi po\u010dela s radom","description":"U Francuskoj je pu\u0161tena u rad najve\u0107a plutaju\u0107a solarna elektrana u Evropi \u2013 Les Ilots Blandin.","robots":{"index":"index","follow":"follow","max-snippet":"max-snippet:-1","max-image-preview":"max-image-preview:large","max-video-preview":"max-video-preview:-1"},"canonical":"https:\/\/balkangreenenergynews.com\/rs\/najveca-plutajuca-solarna-elektrana-u-evropi-pocela-s-radom\/","og_locale":"sr_RS","og_type":"article","og_title":"Najve\u0107a plutaju\u0107a solarna elektrana u Evropi po\u010dela s radom","og_description":"U Francuskoj je pu\u0161tena u rad najve\u0107a plutaju\u0107a solarna elektrana u Evropi \u2013 Les Ilots Blandin.","og_url":"https:\/\/balkangreenenergynews.com\/rs\/najveca-plutajuca-solarna-elektrana-u-evropi-pocela-s-radom\/","og_site_name":"Balkan Green Energy News","article_published_time":"2025-06-30T14:47:16+00:00","og_image":[{"width":840,"height":430,"url":"https:\/\/balkangreenenergynews.com\/rs\/wp-content\/uploads\/2025\/06\/najveca-plutajuca-solarna-elektrana-u-evropi.jpg?wsr","type":"image\/jpeg"}],"author":"Jelisaveta Peri\u0161i\u0107","twitter_card":"summary_large_image","twitter_misc":{"\u041d\u0430\u043f\u0438\u0441\u0430\u043d\u043e \u043e\u0434":"Jelisaveta Peri\u0161i\u0107","\u041f\u0440\u043e\u0446\u0435\u045a\u0435\u043d\u043e \u0432\u0440\u0435\u043c\u0435 \u0447\u0438\u0442\u0430\u045a\u0430":"3 \u043c\u0438\u043d\u0443\u0442\u0430"},"schema":{"@context":"https:\/\/schema.org","@graph":[{"@type":"Article","@id":"https:\/\/balkangreenenergynews.com\/rs\/najveca-plutajuca-solarna-elektrana-u-evropi-pocela-s-radom\/#article","isPartOf":{"@id":"https:\/\/balkangreenenergynews.com\/rs\/najveca-plutajuca-solarna-elektrana-u-evropi-pocela-s-radom\/"},"author":{"name":"Jelisaveta Peri\u0161i\u0107","@id":"https:\/\/balkangreenenergynews.com\/rs\/#\/schema\/person\/4b3c5831bbc05a72630d12560df2b3f8"},"headline":"Najve\u0107a plutaju\u0107a solarna elektrana u Evropi po\u010dela s radom","datePublished":"2025-06-30T14:47:16+00:00","mainEntityOfPage":{"@id":"https:\/\/balkangreenenergynews.com\/rs\/najveca-plutajuca-solarna-elektrana-u-evropi-pocela-s-radom\/"},"wordCount":445,"commentCount":0,"image":{"@id":"https:\/\/balkangreenenergynews.com\/rs\/najveca-plutajuca-solarna-elektrana-u-evropi-pocela-s-radom\/#primaryimage"},"thumbnailUrl":"https:\/\/balkangreenenergynews.com\/rs\/wp-content\/uploads\/2025\/06\/najveca-plutajuca-solarna-elektrana-u-evropi.jpg?wsr","keywords":["obnovljivi izvori energije","plutaju\u0107e solarne elektrane","solarne elektrane","solarni paneli"],"articleSection":["OIE"],"inLanguage":"sr-RS","potentialAction":[{"@type":"CommentAction","name":"Comment","target":["https:\/\/balkangreenenergynews.com\/rs\/najveca-plutajuca-solarna-elektrana-u-evropi-pocela-s-radom\/#respond"]}]},{"@type":"WebPage","@id":"https:\/\/balkangreenenergynews.com\/rs\/najveca-plutajuca-solarna-elektrana-u-evropi-pocela-s-radom\/","url":"https:\/\/balkangreenenergynews.com\/rs\/najveca-plutajuca-solarna-elektrana-u-evropi-pocela-s-radom\/","name":"Najve\u0107a plutaju\u0107a solarna elektrana u Evropi po\u010dela s radom","isPartOf":{"@id":"https:\/\/balkangreenenergynews.com\/rs\/#website"},"primaryImageOfPage":{"@id":"https:\/\/balkangreenenergynews.com\/rs\/najveca-plutajuca-solarna-elektrana-u-evropi-pocela-s-radom\/#primaryimage"},"image":{"@id":"https:\/\/balkangreenenergynews.com\/rs\/najveca-plutajuca-solarna-elektrana-u-evropi-pocela-s-radom\/#primaryimage"},"thumbnailUrl":"https:\/\/balkangreenenergynews.com\/rs\/wp-content\/uploads\/2025\/06\/najveca-plutajuca-solarna-elektrana-u-evropi.jpg?wsr","datePublished":"2025-06-30T14:47:16+00:00","author":{"@id":"https:\/\/balkangreenenergynews.com\/rs\/#\/schema\/person\/4b3c5831bbc05a72630d12560df2b3f8"},"description":"U Francuskoj je pu\u0161tena u rad najve\u0107a plutaju\u0107a solarna elektrana u Evropi \u2013 Les Ilots Blandin.","breadcrumb":{"@id":"https:\/\/balkangreenenergynews.com\/rs\/najveca-plutajuca-solarna-elektrana-u-evropi-pocela-s-radom\/#breadcrumb"},"inLanguage":"sr-RS","potentialAction":[{"@type":"ReadAction","target":["https:\/\/balkangreenenergynews.com\/rs\/najveca-plutajuca-solarna-elektrana-u-evropi-pocela-s-radom\/"]}]},{"@type":"ImageObject","inLanguage":"sr-RS","@id":"https:\/\/balkangreenenergynews.com\/rs\/najveca-plutajuca-solarna-elektrana-u-evropi-pocela-s-radom\/#primaryimage","url":"https:\/\/balkangreenenergynews.com\/rs\/wp-content\/uploads\/2025\/06\/najveca-plutajuca-solarna-elektrana-u-evropi.jpg?wsr","contentUrl":"https:\/\/balkangreenenergynews.com\/rs\/wp-content\/uploads\/2025\/06\/najveca-plutajuca-solarna-elektrana-u-evropi.jpg?wsr","width":840,"height":430,"caption":"najve\u0107a plutajuca solarna elektrana u evropi"},{"@type":"BreadcrumbList","@id":"https:\/\/balkangreenenergynews.com\/rs\/najveca-plutajuca-solarna-elektrana-u-evropi-pocela-s-radom\/#breadcrumb","itemListElement":[{"@type":"ListItem","position":1,"name":"Po\u010detna","item":"https:\/\/balkangreenenergynews.com\/rs\/"},{"@type":"ListItem","position":2,"name":"Vesti","item":"https:\/\/balkangreenenergynews.com\/rs\/kategorija\/vesti\/"},{"@type":"ListItem","position":3,"name":"OIE","item":"https:\/\/balkangreenenergynews.com\/rs\/kategorija\/vesti\/obnovljivi-izvori-energije\/"},{"@type":"ListItem","position":4,"name":"Najve\u0107a plutaju\u0107a solarna elektrana u Evropi po\u010dela s radom"}]},{"@type":"WebSite","@id":"https:\/\/balkangreenenergynews.com\/rs\/#website","url":"https:\/\/balkangreenenergynews.com\/rs\/","name":"Balkan Green Energy News","description":"Naj\u0161iri izbor vesti sa Balkana o zelenoj energiji","potentialAction":[{"@type":"SearchAction","target":{"@type":"EntryPoint","urlTemplate":"https:\/\/balkangreenenergynews.com\/rs\/?s={search_term_string}"},"query-input":{"@type":"PropertyValueSpecification","valueRequired":true,"valueName":"search_term_string"}}],"inLanguage":"sr-RS"},{"@type":"Person","@id":"https:\/\/balkangreenenergynews.com\/rs\/#\/schema\/person\/4b3c5831bbc05a72630d12560df2b3f8","name":"Jelisaveta Peri\u0161i\u0107","url":"https:\/\/balkangreenenergynews.com\/rs\/author\/jelisavet-perisic\/"}]}},"_links":{"self":[{"href":"https:\/\/balkangreenenergynews.com\/rs\/wp-json\/wp\/v2\/posts\/81989","targetHints":{"allow":["GET"]}}],"collection":[{"href":"https:\/\/balkangreenenergynews.com\/rs\/wp-json\/wp\/v2\/posts"}],"about":[{"href":"https:\/\/balkangreenenergynews.com\/rs\/wp-json\/wp\/v2\/types\/post"}],"author":[{"embeddable":true,"href":"https:\/\/balkangreenenergynews.com\/rs\/wp-json\/wp\/v2\/users\/34"}],"replies":[{"embeddable":true,"href":"https:\/\/balkangreenenergynews.com\/rs\/wp-json\/wp\/v2\/comments?post=81989"}],"version-history":[{"count":0,"href":"https:\/\/balkangreenenergynews.com\/rs\/wp-json\/wp\/v2\/posts\/81989\/revisions"}],"wp:featuredmedia":[{"embeddable":true,"href":"https:\/\/balkangreenenergynews.com\/rs\/wp-json\/wp\/v2\/media\/82017"}],"wp:attachment":[{"href":"https:\/\/balkangreenenergynews.com\/rs\/wp-json\/wp\/v2\/media?parent=81989"}],"wp:term":[{"taxonomy":"category","embeddable":true,"href":"https:\/\/balkangreenenergynews.com\/rs\/wp-json\/wp\/v2\/categories?post=81989"},{"taxonomy":"post_tag","embeddable":true,"href":"https:\/\/balkangreenenergynews.com\/rs\/wp-json\/wp\/v2\/tags?post=81989"}],"curies":[{"name":"wp","href":"https:\/\/api.w.org\/{rel}","templated":true}]}}