{"id":81792,"date":"2025-06-24T17:47:41","date_gmt":"2025-06-24T15:47:41","guid":{"rendered":"https:\/\/balkangreenenergynews.com\/rs\/?p=81792"},"modified":"2025-07-04T16:50:06","modified_gmt":"2025-07-04T14:50:06","slug":"irska-prestala-da-upotrebljava-ugalj-a-slede-spanija-italija-grcka","status":"publish","type":"post","link":"https:\/\/balkangreenenergynews.com\/rs\/irska-prestala-da-upotrebljava-ugalj-a-slede-spanija-italija-grcka\/","title":{"rendered":"Irska prestala da upotrebljava ugalj, a slede \u0160panija, Italija, Gr\u010dka&#8230;"},"content":{"rendered":"<h2>Elektrana Moneypoint je obustavila kori\u0161\u0107enje uglja i tako se Irska oslobodila tog zaga\u0111uju\u0107eg \u010dvrstog goriva. Poslednja postrojenja ove vrste u nekoliko zemalja Evropske unije rade na minimumu ili samo povremeno.<\/h2>\n<p>Era uglja u Irskoj je zavr\u0161ena. To je jedanaesta dr\u017eava \u010dlanica Evropske unije bez uglja u proizvodnji elektri\u010dne energije i petnaesta u Evropi. Ina\u010de, ukupno devet nikad nije imalo termoelektrane na ugalj na svojoj teritoriji, po podacima organizacije Beyond Fossil Fuels, koja se zala\u017ee za prestanak upotrebe svih fosilnih goriva.<\/p>\n<p>Zvani\u010dno, Slova\u010dka i \u0160panija treba da obustave kori\u0161\u0107enje uglja ove godine, a slede <a href=\"https:\/\/balkangreenenergynews.com\/ppc-plans-eur-5-8-billion-makeover-of-western-macedonia-coal-region-including-data-centers\/\">Gr\u010dka<\/a> (2026), Francuska i Ma\u0111arska (2027) i <a href=\"https:\/\/balkangreenenergynews.com\/rs\/danska-zatvorila-pretposlednju-elektranu-na-ugalj-a-britanija-gasi-svoju-poslednju\/\">Danska<\/a> i <a href=\"https:\/\/balkangreenenergynews.com\/rs\/italija-ce-preostale-termoelektrane-na-ugalj-verovatno-prebaciti-u-rezervu\/\">Italija<\/a> (2028). Me\u0111utim, mogu\u0107e je da \u0107e taj proces biti br\u017ei, pa \u010dak i da \u0107e se u me\u0111uvremenu jo\u0161 zemalja priklju\u010diti ovoj grupi. Brojna preostala postrojenja su aktivna tek sporadi\u010dno \u2013 na ostrvima su, pokrivaju \u0161piceve potra\u017enje zimi ili se samo \u010deka da sistemi daljinskog grejanja koje snabdevaju pre\u0111u na \u010distije izvore.<\/p>\n<p>Na primer, udeo uglja u proizvodnji struje <a href=\"https:\/\/balkangreenenergynews.com\/rs\/proizvodnja-struje-iz-uglja-u-finskoj-zanemarljiva-nakon-gasenja-jednog-postrojenja\/\">u Finskoj<\/a> je gotovo zanemarljiv.<\/p>\n<p><a href=\"https:\/\/balkangreenenergynews.com\/coal-power-plant-maritsa-east-3-plans-to-build-solar-plant-200-mw-battery-system\/\">Elektri\u010dna energija iz uglja<\/a> je ve\u0107 nekonkurentna tokom najve\u0107eg dela godine. Pri tome, kada ovakva postrojenja iz tih razloga neko vreme ne proizvode struju, tro\u0161kovi im jo\u0161 vi\u0161e rastu, zbog tro\u0161kova radne snage i kompleksnosti logistike, a pre svega zbog ugljenokopa.<\/p>\n<h3>Moneypoint pre\u0161ao u rezervu, koristi\u0107e te\u0161ko rezidualno gorivo<\/h3>\n<p>Elektrana Moneypoint u Irskoj je pro\u0161le sedmice trajno obustavila lo\u017eenje uglja u svojim kotlovima, ranije nego \u0161to je planirano. Operator, kompanija ESB, pretvara lokaciju u \u010dvori\u0161te za proizvodnju zelene energije.<\/p>\n<p>Na po\u010detku ovog milenijuma, udeo vetra u elektroenergetskom miksu ove zemlje je iznosio jedan odsto, a danas \u010dini vi\u0161e od jedne tre\u0107ine.<\/p>\n<p>&#8222;Vladin prioritet sada mora biti izgradnja elektroenergetskog sistema odgovaraju\u0107eg za budu\u0107nost baziranu na obnovljivim izvorima; takvog koji \u0107e imati mogu\u0107nosti skladi\u0161tenja, fleksibilnost i mre\u017enu infrastrukturu koje su dovoljne da u potpunosti radi na \u010distu, doma\u0107u elektri\u010dnu energiju iz obnovljivih izvora&#8220;, izjavio je Aleksandru Mustaca, zadu\u017een za kampanju u oblasti uglja i gasa u organizaciji Beyond Fossil Fuels.<\/p>\n<p>Moneypoint \u0107e slu\u017eiti kao povremena rezerva najkasnije do 2029, u trenucima kada je hitno potrebna operatoru sistema prenosa EirGrid. Upotrebljava\u0107e te\u0161ko rezidualno gorivo (HFO), nusproizvod rafinacije nafte, koje mu je do sada bilo sekundarno. Pritom je ESB saop\u0161tio da namerava da \u0161to pre ugasi termoelektranu. Rezidual izuzetno zaga\u0111uje vazduh, a i emisije ugljen-dioksida su mu visoke.<\/p>\n<h3>Podmorske interkonekcije \u0107e omogu\u0107iti ga\u0161enje poslednjih blokova na ugalj u \u0160paniji, Italiji<\/h3>\n<p>\u0160panija i Italija su me\u0111u slede\u0107im zemljama, osim \u0161to se jo\u0161 \u010dekaju re\u0161enja za Balearska ostrva odnosno Sardiniju.<\/p>\n<p>O\u010dekuje se da \u0107e elektrane Brindisi Sud i Torrevaldaliga Nord, od po dva gigavata, u narednih par meseci biti preba\u010dene u strate\u0161ku rezervu, a zatim trajno isklju\u010dene. Preostale dve u Italiji \u2013 Sulcis (590 megavata) i Fiume Santo (640 megavata) na Sardiniji \u2013 verovatno \u0107e ostati u pogonu samo dok ne bude postavljen drugi podmorski elektroenergetski kabl do Apeninskog poluostrva.<\/p>\n<p>Abo\u00f1o u \u0160paniji ima 916 megavata. Upravo se zavr\u0161ava prebacivanje tog postrojenja na gas. Soto de Ribera (350) i Los Barrios (589 megavata) su minimalno aktivni. Preostaje termoelektrana Alc\u00fadia na Majorci, koja ima dva bloka na ugalj po 130 megavata. Njeno zatvaranje tako\u0111e zavisi od instaliranja druge interkonekcije izme\u0111u arhipelaga i kopna.<\/p>\n<blockquote><p>Kona\u010dni prestanak upotrebe uglja u Slova\u010dkoj je nakratko odlo\u017een, jer je jedan manji blok nastavio da tro\u0161i svoje rezerve<\/p><\/blockquote>\n<p>Elektroprivreda Slovensk\u00e9 elektr\u00e1rne je u martu pro\u0161le godine okon\u010dala rad svog kogenerativnog (CHP) postrojenja Vojany od 220 megavata, \u0161to je trebalo da ozna\u010di kraj upotrebe uglja u Slova\u010dkoj. Ipak, postrojenje Teko od 121 megavata je nastavilo da tro\u0161i preostale zalihe uglja, da bi pokrilo zimsku sezonu.<\/p>\n<p>Za francusku termoelektranu na ugalj Cordemais od 1,2 gigavata je zatvaranje predvi\u0111eno za 2027. godinu. Do tada bi jedina druga, \u00c9mile-Huchet (600 megavata) trebalo da pre\u0111e na gasna goriva.<\/p>\n<p>Turska, Nema\u010dka, Poljska, <a href=\"https:\/\/balkangreenenergynews.com\/rs\/slovenija-usvojila-azurirani-integrisani-nacionalni-energetski-i-klimatski-plan\/\">Slovenija,<\/a> \u010ce\u0161ka, Srbija, Crna Gora, Bosna i Hercegovina i Kosovo* imaju najvi\u0161e udele uglja u proizvodnji elektri\u010dne energije u EU i Jugoisto\u010dnoj Evropi.<\/p>\n","protected":false},"excerpt":{"rendered":"<p>Poslednje termoelektrane na ugalj u nekoliko zemalja Evropske unije ve\u0107 rade na minimumu ili samo povremeno<\/p>\n","protected":false},"author":27,"featured_media":81794,"comment_status":"open","ping_status":"open","sticky":false,"template":"","format":"standard","meta":{"_acf_changed":false,"_monsterinsights_skip_tracking":false,"_monsterinsights_sitenote_active":false,"_monsterinsights_sitenote_note":"","_monsterinsights_sitenote_category":0,"footnotes":""},"categories":[504,4],"tags":[3279,669,1854,7072,5440,5921],"class_list":["post-81792","post","type-post","status-publish","format-standard","has-post-thumbnail","hentry","category-elektricna-energija","category-zivotna-sredina","tag-dekarbonizacija","tag-elektricna-energija","tag-energetska-tranzicija","tag-interkonekcije","tag-ukidanje-upotrebe-uglja","tag-zivotna-sredina","country-regioneu"],"acf":[],"yoast_head":"<!-- This site is optimized with the Yoast SEO plugin v27.4 - https:\/\/yoast.com\/product\/yoast-seo-wordpress\/ -->\n<title>Irska prestala da upotrebljava ugalj, a slede \u0160panija, Italija, Gr\u010dka...<\/title>\n<meta name=\"description\" content=\"Poslednje termoelektrane na ugalj u nekoliko zemalja Evropske unije ve\u0107 rade na minimumu ili samo povremeno.\" \/>\n<meta name=\"robots\" content=\"index, follow, max-snippet:-1, max-image-preview:large, max-video-preview:-1\" \/>\n<link rel=\"canonical\" href=\"https:\/\/balkangreenenergynews.com\/rs\/irska-prestala-da-upotrebljava-ugalj-a-slede-spanija-italija-grcka\/\" \/>\n<meta property=\"og:locale\" content=\"sr_RS\" \/>\n<meta property=\"og:type\" content=\"article\" \/>\n<meta property=\"og:title\" content=\"Irska prestala da upotrebljava ugalj, a slede \u0160panija, Italija, Gr\u010dka...\" \/>\n<meta property=\"og:description\" content=\"Poslednje termoelektrane na ugalj u nekoliko zemalja Evropske unije ve\u0107 rade na minimumu ili samo povremeno.\" \/>\n<meta property=\"og:url\" content=\"https:\/\/balkangreenenergynews.com\/rs\/irska-prestala-da-upotrebljava-ugalj-a-slede-spanija-italija-grcka\/\" \/>\n<meta property=\"og:site_name\" content=\"Balkan Green Energy News\" \/>\n<meta property=\"article:published_time\" content=\"2025-06-24T15:47:41+00:00\" \/>\n<meta property=\"article:modified_time\" content=\"2025-07-04T14:50:06+00:00\" \/>\n<meta property=\"og:image\" content=\"https:\/\/balkangreenenergynews.com\/rs\/wp-content\/uploads\/2025\/06\/Irska-prestala-upotrebljava-ugalj-slede-Spanija-Italija-Grcka.jpg?wsr\" \/>\n\t<meta property=\"og:image:width\" content=\"840\" \/>\n\t<meta property=\"og:image:height\" content=\"430\" \/>\n\t<meta property=\"og:image:type\" content=\"image\/jpeg\" \/>\n<meta name=\"author\" content=\"Igor Todorovi\u0107\" \/>\n<meta name=\"twitter:card\" content=\"summary_large_image\" \/>\n<meta name=\"twitter:label1\" content=\"\u041d\u0430\u043f\u0438\u0441\u0430\u043d\u043e \u043e\u0434\" \/>\n\t<meta name=\"twitter:data1\" content=\"Igor Todorovi\u0107\" \/>\n\t<meta name=\"twitter:label2\" content=\"\u041f\u0440\u043e\u0446\u0435\u045a\u0435\u043d\u043e \u0432\u0440\u0435\u043c\u0435 \u0447\u0438\u0442\u0430\u045a\u0430\" \/>\n\t<meta name=\"twitter:data2\" content=\"4 \u043c\u0438\u043d\u0443\u0442\u0430\" \/>\n<script type=\"application\/ld+json\" class=\"yoast-schema-graph\">{\"@context\":\"https:\\\/\\\/schema.org\",\"@graph\":[{\"@type\":\"Article\",\"@id\":\"https:\\\/\\\/balkangreenenergynews.com\\\/rs\\\/irska-prestala-da-upotrebljava-ugalj-a-slede-spanija-italija-grcka\\\/#article\",\"isPartOf\":{\"@id\":\"https:\\\/\\\/balkangreenenergynews.com\\\/rs\\\/irska-prestala-da-upotrebljava-ugalj-a-slede-spanija-italija-grcka\\\/\"},\"author\":{\"name\":\"Igor Todorovi\u0107\",\"@id\":\"https:\\\/\\\/balkangreenenergynews.com\\\/rs\\\/#\\\/schema\\\/person\\\/d8f80a244c4e9f2b55e4f6968c253246\"},\"headline\":\"Irska prestala da upotrebljava ugalj, a slede \u0160panija, Italija, Gr\u010dka&#8230;\",\"datePublished\":\"2025-06-24T15:47:41+00:00\",\"dateModified\":\"2025-07-04T14:50:06+00:00\",\"mainEntityOfPage\":{\"@id\":\"https:\\\/\\\/balkangreenenergynews.com\\\/rs\\\/irska-prestala-da-upotrebljava-ugalj-a-slede-spanija-italija-grcka\\\/\"},\"wordCount\":715,\"commentCount\":0,\"image\":{\"@id\":\"https:\\\/\\\/balkangreenenergynews.com\\\/rs\\\/irska-prestala-da-upotrebljava-ugalj-a-slede-spanija-italija-grcka\\\/#primaryimage\"},\"thumbnailUrl\":\"https:\\\/\\\/balkangreenenergynews.com\\\/rs\\\/wp-content\\\/uploads\\\/2025\\\/06\\\/Irska-prestala-upotrebljava-ugalj-slede-Spanija-Italija-Grcka.jpg?wsr\",\"keywords\":[\"dekarbonizacija\",\"elektri\u010dna energija\",\"energetska tranzicija\",\"interkonekcije\",\"ukidanje upotrebe uglja\",\"\u017eivotna sredina\"],\"articleSection\":[\"Elektri\u010dna energija\",\"\u017divotna sredina\"],\"inLanguage\":\"sr-RS\",\"potentialAction\":[{\"@type\":\"CommentAction\",\"name\":\"Comment\",\"target\":[\"https:\\\/\\\/balkangreenenergynews.com\\\/rs\\\/irska-prestala-da-upotrebljava-ugalj-a-slede-spanija-italija-grcka\\\/#respond\"]}]},{\"@type\":\"WebPage\",\"@id\":\"https:\\\/\\\/balkangreenenergynews.com\\\/rs\\\/irska-prestala-da-upotrebljava-ugalj-a-slede-spanija-italija-grcka\\\/\",\"url\":\"https:\\\/\\\/balkangreenenergynews.com\\\/rs\\\/irska-prestala-da-upotrebljava-ugalj-a-slede-spanija-italija-grcka\\\/\",\"name\":\"Irska prestala da upotrebljava ugalj, a slede \u0160panija, Italija, Gr\u010dka...\",\"isPartOf\":{\"@id\":\"https:\\\/\\\/balkangreenenergynews.com\\\/rs\\\/#website\"},\"primaryImageOfPage\":{\"@id\":\"https:\\\/\\\/balkangreenenergynews.com\\\/rs\\\/irska-prestala-da-upotrebljava-ugalj-a-slede-spanija-italija-grcka\\\/#primaryimage\"},\"image\":{\"@id\":\"https:\\\/\\\/balkangreenenergynews.com\\\/rs\\\/irska-prestala-da-upotrebljava-ugalj-a-slede-spanija-italija-grcka\\\/#primaryimage\"},\"thumbnailUrl\":\"https:\\\/\\\/balkangreenenergynews.com\\\/rs\\\/wp-content\\\/uploads\\\/2025\\\/06\\\/Irska-prestala-upotrebljava-ugalj-slede-Spanija-Italija-Grcka.jpg?wsr\",\"datePublished\":\"2025-06-24T15:47:41+00:00\",\"dateModified\":\"2025-07-04T14:50:06+00:00\",\"author\":{\"@id\":\"https:\\\/\\\/balkangreenenergynews.com\\\/rs\\\/#\\\/schema\\\/person\\\/d8f80a244c4e9f2b55e4f6968c253246\"},\"description\":\"Poslednje termoelektrane na ugalj u nekoliko zemalja Evropske unije ve\u0107 rade na minimumu ili samo povremeno.\",\"breadcrumb\":{\"@id\":\"https:\\\/\\\/balkangreenenergynews.com\\\/rs\\\/irska-prestala-da-upotrebljava-ugalj-a-slede-spanija-italija-grcka\\\/#breadcrumb\"},\"inLanguage\":\"sr-RS\",\"potentialAction\":[{\"@type\":\"ReadAction\",\"target\":[\"https:\\\/\\\/balkangreenenergynews.com\\\/rs\\\/irska-prestala-da-upotrebljava-ugalj-a-slede-spanija-italija-grcka\\\/\"]}]},{\"@type\":\"ImageObject\",\"inLanguage\":\"sr-RS\",\"@id\":\"https:\\\/\\\/balkangreenenergynews.com\\\/rs\\\/irska-prestala-da-upotrebljava-ugalj-a-slede-spanija-italija-grcka\\\/#primaryimage\",\"url\":\"https:\\\/\\\/balkangreenenergynews.com\\\/rs\\\/wp-content\\\/uploads\\\/2025\\\/06\\\/Irska-prestala-upotrebljava-ugalj-slede-Spanija-Italija-Grcka.jpg?wsr\",\"contentUrl\":\"https:\\\/\\\/balkangreenenergynews.com\\\/rs\\\/wp-content\\\/uploads\\\/2025\\\/06\\\/Irska-prestala-upotrebljava-ugalj-slede-Spanija-Italija-Grcka.jpg?wsr\",\"width\":840,\"height\":430,\"caption\":\"Irska prestala upotrebljava ugalj slede Spanija Italija Grcka\"},{\"@type\":\"BreadcrumbList\",\"@id\":\"https:\\\/\\\/balkangreenenergynews.com\\\/rs\\\/irska-prestala-da-upotrebljava-ugalj-a-slede-spanija-italija-grcka\\\/#breadcrumb\",\"itemListElement\":[{\"@type\":\"ListItem\",\"position\":1,\"name\":\"Po\u010detna\",\"item\":\"https:\\\/\\\/balkangreenenergynews.com\\\/rs\\\/\"},{\"@type\":\"ListItem\",\"position\":2,\"name\":\"Vesti\",\"item\":\"https:\\\/\\\/balkangreenenergynews.com\\\/rs\\\/kategorija\\\/vesti\\\/\"},{\"@type\":\"ListItem\",\"position\":3,\"name\":\"Elektri\u010dna energija\",\"item\":\"https:\\\/\\\/balkangreenenergynews.com\\\/rs\\\/kategorija\\\/vesti\\\/elektricna-energija\\\/\"},{\"@type\":\"ListItem\",\"position\":4,\"name\":\"Irska prestala da upotrebljava ugalj, a slede \u0160panija, Italija, Gr\u010dka&#8230;\"}]},{\"@type\":\"WebSite\",\"@id\":\"https:\\\/\\\/balkangreenenergynews.com\\\/rs\\\/#website\",\"url\":\"https:\\\/\\\/balkangreenenergynews.com\\\/rs\\\/\",\"name\":\"Balkan Green Energy News\",\"description\":\"Naj\u0161iri izbor vesti sa Balkana o zelenoj energiji\",\"potentialAction\":[{\"@type\":\"SearchAction\",\"target\":{\"@type\":\"EntryPoint\",\"urlTemplate\":\"https:\\\/\\\/balkangreenenergynews.com\\\/rs\\\/?s={search_term_string}\"},\"query-input\":{\"@type\":\"PropertyValueSpecification\",\"valueRequired\":true,\"valueName\":\"search_term_string\"}}],\"inLanguage\":\"sr-RS\"},{\"@type\":\"Person\",\"@id\":\"https:\\\/\\\/balkangreenenergynews.com\\\/rs\\\/#\\\/schema\\\/person\\\/d8f80a244c4e9f2b55e4f6968c253246\",\"name\":\"Igor Todorovi\u0107\",\"url\":\"https:\\\/\\\/balkangreenenergynews.com\\\/rs\\\/author\\\/igor-todorovic\\\/\"}]}<\/script>\n<!-- \/ Yoast SEO plugin. -->","yoast_head_json":{"title":"Irska prestala da upotrebljava ugalj, a slede \u0160panija, Italija, Gr\u010dka...","description":"Poslednje termoelektrane na ugalj u nekoliko zemalja Evropske unije ve\u0107 rade na minimumu ili samo povremeno.","robots":{"index":"index","follow":"follow","max-snippet":"max-snippet:-1","max-image-preview":"max-image-preview:large","max-video-preview":"max-video-preview:-1"},"canonical":"https:\/\/balkangreenenergynews.com\/rs\/irska-prestala-da-upotrebljava-ugalj-a-slede-spanija-italija-grcka\/","og_locale":"sr_RS","og_type":"article","og_title":"Irska prestala da upotrebljava ugalj, a slede \u0160panija, Italija, Gr\u010dka...","og_description":"Poslednje termoelektrane na ugalj u nekoliko zemalja Evropske unije ve\u0107 rade na minimumu ili samo povremeno.","og_url":"https:\/\/balkangreenenergynews.com\/rs\/irska-prestala-da-upotrebljava-ugalj-a-slede-spanija-italija-grcka\/","og_site_name":"Balkan Green Energy News","article_published_time":"2025-06-24T15:47:41+00:00","article_modified_time":"2025-07-04T14:50:06+00:00","og_image":[{"width":840,"height":430,"url":"https:\/\/balkangreenenergynews.com\/rs\/wp-content\/uploads\/2025\/06\/Irska-prestala-upotrebljava-ugalj-slede-Spanija-Italija-Grcka.jpg?wsr","type":"image\/jpeg"}],"author":"Igor Todorovi\u0107","twitter_card":"summary_large_image","twitter_misc":{"\u041d\u0430\u043f\u0438\u0441\u0430\u043d\u043e \u043e\u0434":"Igor Todorovi\u0107","\u041f\u0440\u043e\u0446\u0435\u045a\u0435\u043d\u043e \u0432\u0440\u0435\u043c\u0435 \u0447\u0438\u0442\u0430\u045a\u0430":"4 \u043c\u0438\u043d\u0443\u0442\u0430"},"schema":{"@context":"https:\/\/schema.org","@graph":[{"@type":"Article","@id":"https:\/\/balkangreenenergynews.com\/rs\/irska-prestala-da-upotrebljava-ugalj-a-slede-spanija-italija-grcka\/#article","isPartOf":{"@id":"https:\/\/balkangreenenergynews.com\/rs\/irska-prestala-da-upotrebljava-ugalj-a-slede-spanija-italija-grcka\/"},"author":{"name":"Igor Todorovi\u0107","@id":"https:\/\/balkangreenenergynews.com\/rs\/#\/schema\/person\/d8f80a244c4e9f2b55e4f6968c253246"},"headline":"Irska prestala da upotrebljava ugalj, a slede \u0160panija, Italija, Gr\u010dka&#8230;","datePublished":"2025-06-24T15:47:41+00:00","dateModified":"2025-07-04T14:50:06+00:00","mainEntityOfPage":{"@id":"https:\/\/balkangreenenergynews.com\/rs\/irska-prestala-da-upotrebljava-ugalj-a-slede-spanija-italija-grcka\/"},"wordCount":715,"commentCount":0,"image":{"@id":"https:\/\/balkangreenenergynews.com\/rs\/irska-prestala-da-upotrebljava-ugalj-a-slede-spanija-italija-grcka\/#primaryimage"},"thumbnailUrl":"https:\/\/balkangreenenergynews.com\/rs\/wp-content\/uploads\/2025\/06\/Irska-prestala-upotrebljava-ugalj-slede-Spanija-Italija-Grcka.jpg?wsr","keywords":["dekarbonizacija","elektri\u010dna energija","energetska tranzicija","interkonekcije","ukidanje upotrebe uglja","\u017eivotna sredina"],"articleSection":["Elektri\u010dna energija","\u017divotna sredina"],"inLanguage":"sr-RS","potentialAction":[{"@type":"CommentAction","name":"Comment","target":["https:\/\/balkangreenenergynews.com\/rs\/irska-prestala-da-upotrebljava-ugalj-a-slede-spanija-italija-grcka\/#respond"]}]},{"@type":"WebPage","@id":"https:\/\/balkangreenenergynews.com\/rs\/irska-prestala-da-upotrebljava-ugalj-a-slede-spanija-italija-grcka\/","url":"https:\/\/balkangreenenergynews.com\/rs\/irska-prestala-da-upotrebljava-ugalj-a-slede-spanija-italija-grcka\/","name":"Irska prestala da upotrebljava ugalj, a slede \u0160panija, Italija, Gr\u010dka...","isPartOf":{"@id":"https:\/\/balkangreenenergynews.com\/rs\/#website"},"primaryImageOfPage":{"@id":"https:\/\/balkangreenenergynews.com\/rs\/irska-prestala-da-upotrebljava-ugalj-a-slede-spanija-italija-grcka\/#primaryimage"},"image":{"@id":"https:\/\/balkangreenenergynews.com\/rs\/irska-prestala-da-upotrebljava-ugalj-a-slede-spanija-italija-grcka\/#primaryimage"},"thumbnailUrl":"https:\/\/balkangreenenergynews.com\/rs\/wp-content\/uploads\/2025\/06\/Irska-prestala-upotrebljava-ugalj-slede-Spanija-Italija-Grcka.jpg?wsr","datePublished":"2025-06-24T15:47:41+00:00","dateModified":"2025-07-04T14:50:06+00:00","author":{"@id":"https:\/\/balkangreenenergynews.com\/rs\/#\/schema\/person\/d8f80a244c4e9f2b55e4f6968c253246"},"description":"Poslednje termoelektrane na ugalj u nekoliko zemalja Evropske unije ve\u0107 rade na minimumu ili samo povremeno.","breadcrumb":{"@id":"https:\/\/balkangreenenergynews.com\/rs\/irska-prestala-da-upotrebljava-ugalj-a-slede-spanija-italija-grcka\/#breadcrumb"},"inLanguage":"sr-RS","potentialAction":[{"@type":"ReadAction","target":["https:\/\/balkangreenenergynews.com\/rs\/irska-prestala-da-upotrebljava-ugalj-a-slede-spanija-italija-grcka\/"]}]},{"@type":"ImageObject","inLanguage":"sr-RS","@id":"https:\/\/balkangreenenergynews.com\/rs\/irska-prestala-da-upotrebljava-ugalj-a-slede-spanija-italija-grcka\/#primaryimage","url":"https:\/\/balkangreenenergynews.com\/rs\/wp-content\/uploads\/2025\/06\/Irska-prestala-upotrebljava-ugalj-slede-Spanija-Italija-Grcka.jpg?wsr","contentUrl":"https:\/\/balkangreenenergynews.com\/rs\/wp-content\/uploads\/2025\/06\/Irska-prestala-upotrebljava-ugalj-slede-Spanija-Italija-Grcka.jpg?wsr","width":840,"height":430,"caption":"Irska prestala upotrebljava ugalj slede Spanija Italija Grcka"},{"@type":"BreadcrumbList","@id":"https:\/\/balkangreenenergynews.com\/rs\/irska-prestala-da-upotrebljava-ugalj-a-slede-spanija-italija-grcka\/#breadcrumb","itemListElement":[{"@type":"ListItem","position":1,"name":"Po\u010detna","item":"https:\/\/balkangreenenergynews.com\/rs\/"},{"@type":"ListItem","position":2,"name":"Vesti","item":"https:\/\/balkangreenenergynews.com\/rs\/kategorija\/vesti\/"},{"@type":"ListItem","position":3,"name":"Elektri\u010dna energija","item":"https:\/\/balkangreenenergynews.com\/rs\/kategorija\/vesti\/elektricna-energija\/"},{"@type":"ListItem","position":4,"name":"Irska prestala da upotrebljava ugalj, a slede \u0160panija, Italija, Gr\u010dka&#8230;"}]},{"@type":"WebSite","@id":"https:\/\/balkangreenenergynews.com\/rs\/#website","url":"https:\/\/balkangreenenergynews.com\/rs\/","name":"Balkan Green Energy News","description":"Naj\u0161iri izbor vesti sa Balkana o zelenoj energiji","potentialAction":[{"@type":"SearchAction","target":{"@type":"EntryPoint","urlTemplate":"https:\/\/balkangreenenergynews.com\/rs\/?s={search_term_string}"},"query-input":{"@type":"PropertyValueSpecification","valueRequired":true,"valueName":"search_term_string"}}],"inLanguage":"sr-RS"},{"@type":"Person","@id":"https:\/\/balkangreenenergynews.com\/rs\/#\/schema\/person\/d8f80a244c4e9f2b55e4f6968c253246","name":"Igor Todorovi\u0107","url":"https:\/\/balkangreenenergynews.com\/rs\/author\/igor-todorovic\/"}]}},"_links":{"self":[{"href":"https:\/\/balkangreenenergynews.com\/rs\/wp-json\/wp\/v2\/posts\/81792","targetHints":{"allow":["GET"]}}],"collection":[{"href":"https:\/\/balkangreenenergynews.com\/rs\/wp-json\/wp\/v2\/posts"}],"about":[{"href":"https:\/\/balkangreenenergynews.com\/rs\/wp-json\/wp\/v2\/types\/post"}],"author":[{"embeddable":true,"href":"https:\/\/balkangreenenergynews.com\/rs\/wp-json\/wp\/v2\/users\/27"}],"replies":[{"embeddable":true,"href":"https:\/\/balkangreenenergynews.com\/rs\/wp-json\/wp\/v2\/comments?post=81792"}],"version-history":[{"count":0,"href":"https:\/\/balkangreenenergynews.com\/rs\/wp-json\/wp\/v2\/posts\/81792\/revisions"}],"wp:featuredmedia":[{"embeddable":true,"href":"https:\/\/balkangreenenergynews.com\/rs\/wp-json\/wp\/v2\/media\/81794"}],"wp:attachment":[{"href":"https:\/\/balkangreenenergynews.com\/rs\/wp-json\/wp\/v2\/media?parent=81792"}],"wp:term":[{"taxonomy":"category","embeddable":true,"href":"https:\/\/balkangreenenergynews.com\/rs\/wp-json\/wp\/v2\/categories?post=81792"},{"taxonomy":"post_tag","embeddable":true,"href":"https:\/\/balkangreenenergynews.com\/rs\/wp-json\/wp\/v2\/tags?post=81792"}],"curies":[{"name":"wp","href":"https:\/\/api.w.org\/{rel}","templated":true}]}}