{"id":79585,"date":"2025-04-17T16:11:35","date_gmt":"2025-04-17T14:11:35","guid":{"rendered":"https:\/\/balkangreenenergynews.com\/rs\/?p=79585"},"modified":"2025-04-17T16:11:35","modified_gmt":"2025-04-17T14:11:35","slug":"dan-planete-zemlje-2025-nasa-energija-nasa-planeta","status":"publish","type":"post","link":"https:\/\/balkangreenenergynews.com\/rs\/dan-planete-zemlje-2025-nasa-energija-nasa-planeta\/","title":{"rendered":"Dan planete zemlje 2025: Na\u0161a energija, na\u0161a planeta"},"content":{"rendered":"<h2>Dan planete Zemlje obele\u017eava se svake godine 22. aprila i jedan je od najve\u0107ih pokreta na planeti. Ove godine je njegovo 56. izdanje, pod sloganom Na\u0161a energija, na\u0161a planeta. Ta tema je izabrana da mobili\u0161e \u0161to ve\u0107u podr\u0161ku obnovljivim izvorima energije, kako bi se se njihova upotreba utrostru\u010dila najkasnije 2030. godine.<\/h2>\n<p>Prvi Dan planete Zemlje obele\u017een je 1970. godine u Sjedinjenim Ameri\u010dkim Dr\u017eavama, kada je 20 miliona ljudi iza\u0161lo na ulice da protestuje zbog \u0161tete koju \u017eivotnoj sredini nanose ljudske aktivnosti. Ujedinjene nacije su ga zvani\u010dno priznale tek 2009. godine. Rezolucijom Generalne skup\u0161tine UN-a 22. april je progla\u0161en za Me\u0111unarodni dan majke Zemlje.<\/p>\n<p>Dan planete Zemlje 2025. stavlja fokus na obnovljive izvore energije kao klju\u010dno re\u0161enje za borbu protiv klimatskih promena, smanjenje zaga\u0111enja i unapre\u0111enje javnog zdravlja. Ovogodi\u0161nji slogan glasi: Na\u0161a energija, na\u0161a planeta. Neprofitna organizacija posve\u0107ena Danu planete Zemlje Earthday.org apelovala je da se globalna proizvodnja obnovljive energije utrostru\u010di najkasnije 2030. godine.<\/p>\n<p>Earthday.org kroz primere iz celog sveta \u2013 od Kenije, preko Urugvaja, do <a href=\"https:\/\/balkangreenenergynews.com\/rs\/solar-i-vetar-u-kini-2024-zajedno-preticu-elektrane-na-ugalj\/\">Kine<\/a> i SAD \u2013 isti\u010de da je prelazak na \u010distu energiju ne samo mogu\u0107, ve\u0107 i neophodan.<\/p>\n<p class=\"\" data-start=\"2970\" data-end=\"3279\">Sunce, vetar, voda, geotermalna energija i otpad su svuda dostupni. U Earthday.org isti\u010du da zemlje poput Islanda, Norve\u0161ke, Brazila i \u0160vedske danas dobijaju ve\u0107inu svoje elektri\u010dne energije iz obnovljivih izvora i da to pokazuje da je tranzicija mogu\u0107a.<\/p>\n<h3 data-start=\"2970\" data-end=\"3279\">Prednosti upotrebe obnovljivih izvora energije<\/h3>\n<p>Zelena energija dovodi do boljeg zdravlja stanovni\u0161tva. Smanjenje emisija gasova sa efektom staklene ba\u0161te suzbija zdravstvene rizike od posledica klimatskih promena, poput toplotnih talasa, poplava i \u0161irenja zaraznih bolesti.<\/p>\n<p>Manje zaga\u0111enje vazduha zna\u010di i manje slu\u010dajeva respiratornih i kardiovaskularnih bolesti, uklju\u010duju\u0107i astmu i mo\u017edane udare kao i pobolj\u0161anje mentalnog zdravlja. Osim ekolo\u0161kih, kori\u0161\u0107enje obnovljivih izvora ima i brojne ekonomske koristi. O\u010dekuje se da \u0107e do 2030. godine, zahvaljuju\u0107i razvoju obnovljivih tehnologija, biti otvoreno 14 miliona novih radnih mesta.<\/p>\n<p>Earthday.org isti\u010de da se, kao i do sada, u sredi\u0161tu ove inicijative nalazi snaga gra\u0111ana koji svojim izborima, glasom i aktivizmom mogu uticati na politiku, ekonomiju i same zajednice. Poziva sve od dr\u017eava preko globalne industrije i lokalnih preduze\u0107a, sindikata, \u0161kola, civilnog dru\u0161tva, porodica i pojedinaca da se uklju\u010de u zajedni\u010dku borbu za zdraviju, pravedniju i odr\u017eivu budu\u0107nost.<\/p>\n<p>Tokom aprila \u0107e u preko 100 zemalja na vi\u0161e od 6.000 lokacija biti odr\u017ean velik broj aktivnosti i doga\u0111aja od tribina i koncerata do akcija \u010di\u0161\u0107enja i onlajn radionica. Na sajtu se nalazi <a href=\"https:\/\/www.earthday.org\/earth-day-2025\/?_gl=1*o208xd*_up*MQ..*_ga*MTE5Nzc4Mzg5Ni4xNzQ0ODk2OTAy*_ga_QENXCBT7TN*MTc0NDg5NjkwMi4xLjAuMTc0NDg5NjkwMi4wLjAuMA..#map\">mapa registrovanih doga\u0111aja i aktivnosti<\/a>, na kojoj mo\u017eete prona\u0107i vama najbli\u017ei ili registrovati sopstveni doga\u0111aj.<\/p>\n","protected":false},"excerpt":{"rendered":"<p>Dan planete Zemlje obele\u017eava se svake godine 22. aprila i jedan je od najve\u0107ih pokreta na planeti<\/p>\n","protected":false},"author":34,"featured_media":79610,"comment_status":"open","ping_status":"open","sticky":false,"template":"","format":"standard","meta":{"_acf_changed":false,"_monsterinsights_skip_tracking":false,"_monsterinsights_sitenote_active":false,"_monsterinsights_sitenote_note":"","_monsterinsights_sitenote_category":0,"footnotes":""},"categories":[1,4],"tags":[1854,647,5157],"class_list":["post-79585","post","type-post","status-publish","format-standard","has-post-thumbnail","hentry","category-obnovljivi-izvori-energije","category-zivotna-sredina","tag-energetska-tranzicija","tag-obnovljivi-izvori-energije","tag-svetski-dan-planete-zemlje","country-svet"],"acf":[],"yoast_head":"<!-- This site is optimized with the Yoast SEO plugin v27.4 - https:\/\/yoast.com\/product\/yoast-seo-wordpress\/ -->\n<title>Dan planete zemlje 2025: Na\u0161a energija, na\u0161a planeta<\/title>\n<meta name=\"description\" content=\"Dan planete Zemlje obele\u017eava se svake godine 22. aprila i jedan je od najve\u0107ih pokreta na planeti\" \/>\n<meta name=\"robots\" content=\"index, follow, max-snippet:-1, max-image-preview:large, max-video-preview:-1\" \/>\n<link rel=\"canonical\" href=\"https:\/\/balkangreenenergynews.com\/rs\/dan-planete-zemlje-2025-nasa-energija-nasa-planeta\/\" \/>\n<meta property=\"og:locale\" content=\"sr_RS\" \/>\n<meta property=\"og:type\" content=\"article\" \/>\n<meta property=\"og:title\" content=\"Dan planete zemlje 2025: Na\u0161a energija, na\u0161a planeta\" \/>\n<meta property=\"og:description\" content=\"Dan planete Zemlje obele\u017eava se svake godine 22. aprila i jedan je od najve\u0107ih pokreta na planeti\" \/>\n<meta property=\"og:url\" content=\"https:\/\/balkangreenenergynews.com\/rs\/dan-planete-zemlje-2025-nasa-energija-nasa-planeta\/\" \/>\n<meta property=\"og:site_name\" content=\"Balkan Green Energy News\" \/>\n<meta property=\"article:published_time\" content=\"2025-04-17T14:11:35+00:00\" \/>\n<meta property=\"og:image\" content=\"https:\/\/balkangreenenergynews.com\/rs\/wp-content\/uploads\/2025\/04\/Dan-planete-zemlje-2025_page-0001.jpg?wsr\" \/>\n\t<meta property=\"og:image:width\" content=\"840\" \/>\n\t<meta property=\"og:image:height\" content=\"430\" \/>\n\t<meta property=\"og:image:type\" content=\"image\/jpeg\" \/>\n<meta name=\"author\" content=\"Jelisaveta Peri\u0161i\u0107\" \/>\n<meta name=\"twitter:card\" content=\"summary_large_image\" \/>\n<meta name=\"twitter:label1\" content=\"\u041d\u0430\u043f\u0438\u0441\u0430\u043d\u043e \u043e\u0434\" \/>\n\t<meta name=\"twitter:data1\" content=\"Jelisaveta Peri\u0161i\u0107\" \/>\n\t<meta name=\"twitter:label2\" content=\"\u041f\u0440\u043e\u0446\u0435\u045a\u0435\u043d\u043e \u0432\u0440\u0435\u043c\u0435 \u0447\u0438\u0442\u0430\u045a\u0430\" \/>\n\t<meta name=\"twitter:data2\" content=\"3 \u043c\u0438\u043d\u0443\u0442\u0430\" \/>\n<script type=\"application\/ld+json\" class=\"yoast-schema-graph\">{\"@context\":\"https:\\\/\\\/schema.org\",\"@graph\":[{\"@type\":\"Article\",\"@id\":\"https:\\\/\\\/balkangreenenergynews.com\\\/rs\\\/dan-planete-zemlje-2025-nasa-energija-nasa-planeta\\\/#article\",\"isPartOf\":{\"@id\":\"https:\\\/\\\/balkangreenenergynews.com\\\/rs\\\/dan-planete-zemlje-2025-nasa-energija-nasa-planeta\\\/\"},\"author\":{\"name\":\"Jelisaveta Peri\u0161i\u0107\",\"@id\":\"https:\\\/\\\/balkangreenenergynews.com\\\/rs\\\/#\\\/schema\\\/person\\\/4b3c5831bbc05a72630d12560df2b3f8\"},\"headline\":\"Dan planete zemlje 2025: Na\u0161a energija, na\u0161a planeta\",\"datePublished\":\"2025-04-17T14:11:35+00:00\",\"mainEntityOfPage\":{\"@id\":\"https:\\\/\\\/balkangreenenergynews.com\\\/rs\\\/dan-planete-zemlje-2025-nasa-energija-nasa-planeta\\\/\"},\"wordCount\":470,\"commentCount\":0,\"image\":{\"@id\":\"https:\\\/\\\/balkangreenenergynews.com\\\/rs\\\/dan-planete-zemlje-2025-nasa-energija-nasa-planeta\\\/#primaryimage\"},\"thumbnailUrl\":\"https:\\\/\\\/balkangreenenergynews.com\\\/rs\\\/wp-content\\\/uploads\\\/2025\\\/04\\\/Dan-planete-zemlje-2025_page-0001.jpg?wsr\",\"keywords\":[\"energetska tranzicija\",\"obnovljivi izvori energije\",\"Svetski dan planete Zemlje\"],\"articleSection\":[\"OIE\",\"\u017divotna sredina\"],\"inLanguage\":\"sr-RS\",\"potentialAction\":[{\"@type\":\"CommentAction\",\"name\":\"Comment\",\"target\":[\"https:\\\/\\\/balkangreenenergynews.com\\\/rs\\\/dan-planete-zemlje-2025-nasa-energija-nasa-planeta\\\/#respond\"]}]},{\"@type\":\"WebPage\",\"@id\":\"https:\\\/\\\/balkangreenenergynews.com\\\/rs\\\/dan-planete-zemlje-2025-nasa-energija-nasa-planeta\\\/\",\"url\":\"https:\\\/\\\/balkangreenenergynews.com\\\/rs\\\/dan-planete-zemlje-2025-nasa-energija-nasa-planeta\\\/\",\"name\":\"Dan planete zemlje 2025: Na\u0161a energija, na\u0161a planeta\",\"isPartOf\":{\"@id\":\"https:\\\/\\\/balkangreenenergynews.com\\\/rs\\\/#website\"},\"primaryImageOfPage\":{\"@id\":\"https:\\\/\\\/balkangreenenergynews.com\\\/rs\\\/dan-planete-zemlje-2025-nasa-energija-nasa-planeta\\\/#primaryimage\"},\"image\":{\"@id\":\"https:\\\/\\\/balkangreenenergynews.com\\\/rs\\\/dan-planete-zemlje-2025-nasa-energija-nasa-planeta\\\/#primaryimage\"},\"thumbnailUrl\":\"https:\\\/\\\/balkangreenenergynews.com\\\/rs\\\/wp-content\\\/uploads\\\/2025\\\/04\\\/Dan-planete-zemlje-2025_page-0001.jpg?wsr\",\"datePublished\":\"2025-04-17T14:11:35+00:00\",\"author\":{\"@id\":\"https:\\\/\\\/balkangreenenergynews.com\\\/rs\\\/#\\\/schema\\\/person\\\/4b3c5831bbc05a72630d12560df2b3f8\"},\"description\":\"Dan planete Zemlje obele\u017eava se svake godine 22. aprila i jedan je od najve\u0107ih pokreta na planeti\",\"breadcrumb\":{\"@id\":\"https:\\\/\\\/balkangreenenergynews.com\\\/rs\\\/dan-planete-zemlje-2025-nasa-energija-nasa-planeta\\\/#breadcrumb\"},\"inLanguage\":\"sr-RS\",\"potentialAction\":[{\"@type\":\"ReadAction\",\"target\":[\"https:\\\/\\\/balkangreenenergynews.com\\\/rs\\\/dan-planete-zemlje-2025-nasa-energija-nasa-planeta\\\/\"]}]},{\"@type\":\"ImageObject\",\"inLanguage\":\"sr-RS\",\"@id\":\"https:\\\/\\\/balkangreenenergynews.com\\\/rs\\\/dan-planete-zemlje-2025-nasa-energija-nasa-planeta\\\/#primaryimage\",\"url\":\"https:\\\/\\\/balkangreenenergynews.com\\\/rs\\\/wp-content\\\/uploads\\\/2025\\\/04\\\/Dan-planete-zemlje-2025_page-0001.jpg?wsr\",\"contentUrl\":\"https:\\\/\\\/balkangreenenergynews.com\\\/rs\\\/wp-content\\\/uploads\\\/2025\\\/04\\\/Dan-planete-zemlje-2025_page-0001.jpg?wsr\",\"width\":840,\"height\":430,\"caption\":\"Dan planete zemlje 2025\"},{\"@type\":\"BreadcrumbList\",\"@id\":\"https:\\\/\\\/balkangreenenergynews.com\\\/rs\\\/dan-planete-zemlje-2025-nasa-energija-nasa-planeta\\\/#breadcrumb\",\"itemListElement\":[{\"@type\":\"ListItem\",\"position\":1,\"name\":\"Po\u010detna\",\"item\":\"https:\\\/\\\/balkangreenenergynews.com\\\/rs\\\/\"},{\"@type\":\"ListItem\",\"position\":2,\"name\":\"Vesti\",\"item\":\"https:\\\/\\\/balkangreenenergynews.com\\\/rs\\\/kategorija\\\/vesti\\\/\"},{\"@type\":\"ListItem\",\"position\":3,\"name\":\"OIE\",\"item\":\"https:\\\/\\\/balkangreenenergynews.com\\\/rs\\\/kategorija\\\/vesti\\\/obnovljivi-izvori-energije\\\/\"},{\"@type\":\"ListItem\",\"position\":4,\"name\":\"Dan planete zemlje 2025: Na\u0161a energija, na\u0161a planeta\"}]},{\"@type\":\"WebSite\",\"@id\":\"https:\\\/\\\/balkangreenenergynews.com\\\/rs\\\/#website\",\"url\":\"https:\\\/\\\/balkangreenenergynews.com\\\/rs\\\/\",\"name\":\"Balkan Green Energy News\",\"description\":\"Naj\u0161iri izbor vesti sa Balkana o zelenoj energiji\",\"potentialAction\":[{\"@type\":\"SearchAction\",\"target\":{\"@type\":\"EntryPoint\",\"urlTemplate\":\"https:\\\/\\\/balkangreenenergynews.com\\\/rs\\\/?s={search_term_string}\"},\"query-input\":{\"@type\":\"PropertyValueSpecification\",\"valueRequired\":true,\"valueName\":\"search_term_string\"}}],\"inLanguage\":\"sr-RS\"},{\"@type\":\"Person\",\"@id\":\"https:\\\/\\\/balkangreenenergynews.com\\\/rs\\\/#\\\/schema\\\/person\\\/4b3c5831bbc05a72630d12560df2b3f8\",\"name\":\"Jelisaveta Peri\u0161i\u0107\",\"url\":\"https:\\\/\\\/balkangreenenergynews.com\\\/rs\\\/author\\\/jelisavet-perisic\\\/\"}]}<\/script>\n<!-- \/ Yoast SEO plugin. -->","yoast_head_json":{"title":"Dan planete zemlje 2025: Na\u0161a energija, na\u0161a planeta","description":"Dan planete Zemlje obele\u017eava se svake godine 22. aprila i jedan je od najve\u0107ih pokreta na planeti","robots":{"index":"index","follow":"follow","max-snippet":"max-snippet:-1","max-image-preview":"max-image-preview:large","max-video-preview":"max-video-preview:-1"},"canonical":"https:\/\/balkangreenenergynews.com\/rs\/dan-planete-zemlje-2025-nasa-energija-nasa-planeta\/","og_locale":"sr_RS","og_type":"article","og_title":"Dan planete zemlje 2025: Na\u0161a energija, na\u0161a planeta","og_description":"Dan planete Zemlje obele\u017eava se svake godine 22. aprila i jedan je od najve\u0107ih pokreta na planeti","og_url":"https:\/\/balkangreenenergynews.com\/rs\/dan-planete-zemlje-2025-nasa-energija-nasa-planeta\/","og_site_name":"Balkan Green Energy News","article_published_time":"2025-04-17T14:11:35+00:00","og_image":[{"width":840,"height":430,"url":"https:\/\/balkangreenenergynews.com\/rs\/wp-content\/uploads\/2025\/04\/Dan-planete-zemlje-2025_page-0001.jpg?wsr","type":"image\/jpeg"}],"author":"Jelisaveta Peri\u0161i\u0107","twitter_card":"summary_large_image","twitter_misc":{"\u041d\u0430\u043f\u0438\u0441\u0430\u043d\u043e \u043e\u0434":"Jelisaveta Peri\u0161i\u0107","\u041f\u0440\u043e\u0446\u0435\u045a\u0435\u043d\u043e \u0432\u0440\u0435\u043c\u0435 \u0447\u0438\u0442\u0430\u045a\u0430":"3 \u043c\u0438\u043d\u0443\u0442\u0430"},"schema":{"@context":"https:\/\/schema.org","@graph":[{"@type":"Article","@id":"https:\/\/balkangreenenergynews.com\/rs\/dan-planete-zemlje-2025-nasa-energija-nasa-planeta\/#article","isPartOf":{"@id":"https:\/\/balkangreenenergynews.com\/rs\/dan-planete-zemlje-2025-nasa-energija-nasa-planeta\/"},"author":{"name":"Jelisaveta Peri\u0161i\u0107","@id":"https:\/\/balkangreenenergynews.com\/rs\/#\/schema\/person\/4b3c5831bbc05a72630d12560df2b3f8"},"headline":"Dan planete zemlje 2025: Na\u0161a energija, na\u0161a planeta","datePublished":"2025-04-17T14:11:35+00:00","mainEntityOfPage":{"@id":"https:\/\/balkangreenenergynews.com\/rs\/dan-planete-zemlje-2025-nasa-energija-nasa-planeta\/"},"wordCount":470,"commentCount":0,"image":{"@id":"https:\/\/balkangreenenergynews.com\/rs\/dan-planete-zemlje-2025-nasa-energija-nasa-planeta\/#primaryimage"},"thumbnailUrl":"https:\/\/balkangreenenergynews.com\/rs\/wp-content\/uploads\/2025\/04\/Dan-planete-zemlje-2025_page-0001.jpg?wsr","keywords":["energetska tranzicija","obnovljivi izvori energije","Svetski dan planete Zemlje"],"articleSection":["OIE","\u017divotna sredina"],"inLanguage":"sr-RS","potentialAction":[{"@type":"CommentAction","name":"Comment","target":["https:\/\/balkangreenenergynews.com\/rs\/dan-planete-zemlje-2025-nasa-energija-nasa-planeta\/#respond"]}]},{"@type":"WebPage","@id":"https:\/\/balkangreenenergynews.com\/rs\/dan-planete-zemlje-2025-nasa-energija-nasa-planeta\/","url":"https:\/\/balkangreenenergynews.com\/rs\/dan-planete-zemlje-2025-nasa-energija-nasa-planeta\/","name":"Dan planete zemlje 2025: Na\u0161a energija, na\u0161a planeta","isPartOf":{"@id":"https:\/\/balkangreenenergynews.com\/rs\/#website"},"primaryImageOfPage":{"@id":"https:\/\/balkangreenenergynews.com\/rs\/dan-planete-zemlje-2025-nasa-energija-nasa-planeta\/#primaryimage"},"image":{"@id":"https:\/\/balkangreenenergynews.com\/rs\/dan-planete-zemlje-2025-nasa-energija-nasa-planeta\/#primaryimage"},"thumbnailUrl":"https:\/\/balkangreenenergynews.com\/rs\/wp-content\/uploads\/2025\/04\/Dan-planete-zemlje-2025_page-0001.jpg?wsr","datePublished":"2025-04-17T14:11:35+00:00","author":{"@id":"https:\/\/balkangreenenergynews.com\/rs\/#\/schema\/person\/4b3c5831bbc05a72630d12560df2b3f8"},"description":"Dan planete Zemlje obele\u017eava se svake godine 22. aprila i jedan je od najve\u0107ih pokreta na planeti","breadcrumb":{"@id":"https:\/\/balkangreenenergynews.com\/rs\/dan-planete-zemlje-2025-nasa-energija-nasa-planeta\/#breadcrumb"},"inLanguage":"sr-RS","potentialAction":[{"@type":"ReadAction","target":["https:\/\/balkangreenenergynews.com\/rs\/dan-planete-zemlje-2025-nasa-energija-nasa-planeta\/"]}]},{"@type":"ImageObject","inLanguage":"sr-RS","@id":"https:\/\/balkangreenenergynews.com\/rs\/dan-planete-zemlje-2025-nasa-energija-nasa-planeta\/#primaryimage","url":"https:\/\/balkangreenenergynews.com\/rs\/wp-content\/uploads\/2025\/04\/Dan-planete-zemlje-2025_page-0001.jpg?wsr","contentUrl":"https:\/\/balkangreenenergynews.com\/rs\/wp-content\/uploads\/2025\/04\/Dan-planete-zemlje-2025_page-0001.jpg?wsr","width":840,"height":430,"caption":"Dan planete zemlje 2025"},{"@type":"BreadcrumbList","@id":"https:\/\/balkangreenenergynews.com\/rs\/dan-planete-zemlje-2025-nasa-energija-nasa-planeta\/#breadcrumb","itemListElement":[{"@type":"ListItem","position":1,"name":"Po\u010detna","item":"https:\/\/balkangreenenergynews.com\/rs\/"},{"@type":"ListItem","position":2,"name":"Vesti","item":"https:\/\/balkangreenenergynews.com\/rs\/kategorija\/vesti\/"},{"@type":"ListItem","position":3,"name":"OIE","item":"https:\/\/balkangreenenergynews.com\/rs\/kategorija\/vesti\/obnovljivi-izvori-energije\/"},{"@type":"ListItem","position":4,"name":"Dan planete zemlje 2025: Na\u0161a energija, na\u0161a planeta"}]},{"@type":"WebSite","@id":"https:\/\/balkangreenenergynews.com\/rs\/#website","url":"https:\/\/balkangreenenergynews.com\/rs\/","name":"Balkan Green Energy News","description":"Naj\u0161iri izbor vesti sa Balkana o zelenoj energiji","potentialAction":[{"@type":"SearchAction","target":{"@type":"EntryPoint","urlTemplate":"https:\/\/balkangreenenergynews.com\/rs\/?s={search_term_string}"},"query-input":{"@type":"PropertyValueSpecification","valueRequired":true,"valueName":"search_term_string"}}],"inLanguage":"sr-RS"},{"@type":"Person","@id":"https:\/\/balkangreenenergynews.com\/rs\/#\/schema\/person\/4b3c5831bbc05a72630d12560df2b3f8","name":"Jelisaveta Peri\u0161i\u0107","url":"https:\/\/balkangreenenergynews.com\/rs\/author\/jelisavet-perisic\/"}]}},"_links":{"self":[{"href":"https:\/\/balkangreenenergynews.com\/rs\/wp-json\/wp\/v2\/posts\/79585","targetHints":{"allow":["GET"]}}],"collection":[{"href":"https:\/\/balkangreenenergynews.com\/rs\/wp-json\/wp\/v2\/posts"}],"about":[{"href":"https:\/\/balkangreenenergynews.com\/rs\/wp-json\/wp\/v2\/types\/post"}],"author":[{"embeddable":true,"href":"https:\/\/balkangreenenergynews.com\/rs\/wp-json\/wp\/v2\/users\/34"}],"replies":[{"embeddable":true,"href":"https:\/\/balkangreenenergynews.com\/rs\/wp-json\/wp\/v2\/comments?post=79585"}],"version-history":[{"count":0,"href":"https:\/\/balkangreenenergynews.com\/rs\/wp-json\/wp\/v2\/posts\/79585\/revisions"}],"wp:featuredmedia":[{"embeddable":true,"href":"https:\/\/balkangreenenergynews.com\/rs\/wp-json\/wp\/v2\/media\/79610"}],"wp:attachment":[{"href":"https:\/\/balkangreenenergynews.com\/rs\/wp-json\/wp\/v2\/media?parent=79585"}],"wp:term":[{"taxonomy":"category","embeddable":true,"href":"https:\/\/balkangreenenergynews.com\/rs\/wp-json\/wp\/v2\/categories?post=79585"},{"taxonomy":"post_tag","embeddable":true,"href":"https:\/\/balkangreenenergynews.com\/rs\/wp-json\/wp\/v2\/tags?post=79585"}],"curies":[{"name":"wp","href":"https:\/\/api.w.org\/{rel}","templated":true}]}}