{"id":78584,"date":"2025-03-19T13:02:45","date_gmt":"2025-03-19T12:02:45","guid":{"rendered":"https:\/\/balkangreenenergynews.com\/rs\/?p=78584"},"modified":"2025-03-19T13:02:45","modified_gmt":"2025-03-19T12:02:45","slug":"varazdin-na-putu-da-postane-prvi-grad-koji-ce-izgraditi-geotermalnu-elektranu-u-hrvatskoj","status":"publish","type":"post","link":"https:\/\/balkangreenenergynews.com\/rs\/varazdin-na-putu-da-postane-prvi-grad-koji-ce-izgraditi-geotermalnu-elektranu-u-hrvatskoj\/","title":{"rendered":"Vara\u017edin na putu da postane prvi grad koji \u0107e izgraditi geotermalnu elektranu u Hrvatskoj"},"content":{"rendered":"<h2>Vara\u017edinska \u017eupanija je na dobrom putu da postane prva \u017eupanija u Hrvatskoj koja \u0107e koristiti geotermalnu energiju za proizvodnju elektri\u010dne energije. Osim struje energija iz zemlje trebalo bi da se upotrebljava i za poljoprivredu i turizam.<\/h2>\n<p>Bukotermal, javno preduze\u0107e u vlasni\u0161tvu Vara\u017edinske \u017eupanije i Op\u0161tine Mali Bukovec, dobilo je ugovor o eksploataciji geotermalne vode na eksploatacijskom polju geotermalne vode &#8222;Lunjkovec &#8211; Kutnjak&#8220; u periodu od 25 godina. Ugovor je potpisan sa Ministarstvom gospodarstva, a firmi Bukotermal uru\u010dio ga je premijer Andrej Plenkovi\u0107.<\/p>\n<p>Darko Markovi\u0107, na\u010delnik Op\u0107ine Mali Bukovec, izjavio je da je ugovoru prethodio ogroman posao, \u010detiri godine istra\u017eivanja i dobijanja svih potrebnih dokumenata kojih je bilo vi\u0161e od stotinu.<\/p>\n<p>Nakon ugovora o eksploataciji, klju\u010dnog dokumenta kojim zavr\u0161avamo istra\u017enu fazu, po\u010dinje nova faza projekta, projektovanje novih bu\u0161otina, a nakon toga i projektovanje elektrane, rekao je na\u010delnik Markovi\u0107, saop\u0161tila je Vara\u017edinska \u017eupanija.<\/p>\n<blockquote><p>Na\u010delnik Markovi\u0107: Projekat vi\u0161e ne mo\u017ee stati<\/p><\/blockquote>\n<p>Realizacijom ovog projekta koji, kako je naglasio, vi\u0161e ne mo\u017ee stati, Vara\u017edinska \u017eupanija, a posebno Op\u0161tina Mali Bukovec bi\u0107e bli\u017ee cilju da postanu energetski nezavisne.<\/p>\n<figure id=\"attachment_78587\" aria-describedby=\"caption-attachment-78587\" style=\"width: 840px\" class=\"wp-caption aligncenter\"><img loading=\"lazy\" decoding=\"async\" class=\"wp-image-78587 size-full\" src=\"https:\/\/balkangreenenergynews.com\/rs\/wp-content\/uploads\/2025\/03\/hrvatska-varazdin-geotermalna-elektrana-ugovor-bukotermal-plenkovic-pozgaj.jpg\" alt=\"hrvatska varazdin geotermalna elektrana ugovor bukotermal plenkovic pozgaj\" width=\"840\" height=\"430\" srcset=\"https:\/\/balkangreenenergynews.com\/rs\/wp-content\/uploads\/2025\/03\/hrvatska-varazdin-geotermalna-elektrana-ugovor-bukotermal-plenkovic-pozgaj.jpg 840w, https:\/\/balkangreenenergynews.com\/rs\/wp-content\/uploads\/2025\/03\/hrvatska-varazdin-geotermalna-elektrana-ugovor-bukotermal-plenkovic-pozgaj-500x256.jpg 500w, https:\/\/balkangreenenergynews.com\/rs\/wp-content\/uploads\/2025\/03\/hrvatska-varazdin-geotermalna-elektrana-ugovor-bukotermal-plenkovic-pozgaj-768x393.jpg 768w, https:\/\/balkangreenenergynews.com\/rs\/wp-content\/uploads\/2025\/03\/hrvatska-varazdin-geotermalna-elektrana-ugovor-bukotermal-plenkovic-pozgaj-300x154.jpg 300w\" sizes=\"auto, (max-width: 840px) 100vw, 840px\" \/><figcaption id=\"caption-attachment-78587\" class=\"wp-caption-text\">Andrej Plenkovi\u0107 uru\u010duje ugovor Alenu Po\u017egaju\u00a0<\/figcaption><\/figure>\n<p>\u017dupan Vara\u017edinske \u017eupanije An\u0111elko Stri\u010dak naglasio je da se ugovorom \u017dupaniji i Op\u0161tini omogu\u0107uje realizacija geotermalne elektrane, najve\u0107e investicije u istoriji.<\/p>\n<blockquote><p>\u017dupan Stri\u010dak: Jedina smo \u017eupanija u Hrvatskoj koja \u0107e graditi geotermalnu elektranu<\/p><\/blockquote>\n<p>&#8222;Prva smo i zasad jedina \u017eupanija u Hrvatskoj koja \u0107e zapo\u010deti s projektiranjem, a potom i s izgradnjom geotermalne elektrane. Rezultat je to kompleksnih i opse\u017enih priprema, a potom i istra\u017enih radova&#8220;, naveo je \u017eupan.<\/p>\n<p>Istra\u017eivanjima je potvr\u0111eno, kako je naveo, da polje &#8222;Lunjkovec \u2013 Kutnjak\u201d ima jako dobar potencijal za proizvodnju elektri\u010dne energije. Na dubini od 2.340 metara nalazi se nalazi\u0161te geotermalne vode topline 142 stepena Celzijusa.\u00a0On je naglasio da \u0107e se osim za proizvodnju struje geotermalna energija koristiti za plastenike i staklenike.<\/p>\n<p>Velika 1 je j<a href=\"https:\/\/balkangreenenergynews.com\/rs\/svecano-otvorena-prva-geotermalna-elektrana-u-hrvatskoj-velika-1\/\">edina geotermalna elektrana u Hrvatskoj.<\/a> Brojni projekti privatnih investitora su u razvoju, a dr\u017eava je dodelila <a href=\"https:\/\/balkangreenenergynews.com\/rs\/hrvatska-ulaze-50-miliona-evra-u-geotermalnu-energiju-u-blizini-sest-gradova\/\">subvencije od 50 miliona evra<\/a> za istra\u017eivanje potencijala geotermalnih voda u blizini \u0161est gradova.<\/p>\n<h3>Bukotermal ve\u0107 radi i na projektovanju vrelovoda<\/h3>\n<p>Bukotermal ve\u0107 radi i na projekovanju trase vrelovoda, otkrio je direktor Alen Po\u017egaj. Rekao je da \u0107e tokom ove godine biti projektovana geotermalna elektrana, kao i nove bu\u0161otine.<\/p>\n<p>Re\u0161enjem o utvr\u0111ivanju geotermalne vode utvr\u0111eno je da se, prema dosada\u0161njem stanju, mo\u017ee proizvesti 16,5 MW elektri\u010dne energije i gotovo 90 MW toplotne energije, dodao je on. I on je naveo da je u planu kori\u0161\u0107enje toplotne energije u agrotermalne i turisti\u010dke svrhe.<\/p>\n<p>Premijer Andrej Plenkovi\u0107 naglasio je kako geotermalni izvori energije predstavljaju ogroman potencijal za dodatno stavljanje u fokus obnovljivih izvora energije. Interes za geotermalnu energiju je velik \u2013 iako su po\u010detne investicije zna\u010dajne, dugoro\u010dno donose velike u\u0161tede i smanjuju tro\u0161kove grijanja, <a href=\"https:\/\/www.varazdinska-zupanija.hr\/vijesti\/premijer-plenkovic-urucio-vazan-ugovor-varazdinska-zupanija-prva-zupanija-koja-krece-u-projektiranje-i-izgradnju-geotermalne-elektrane.html\">dodao<\/a> je Plenkovi\u0107.<\/p>\n","protected":false},"excerpt":{"rendered":"<p>Potpisan je ugovor o eksploataciji, sledi projektovanje novih bu\u0161otina, a nakon toga i projektovanje elektrane<\/p>\n","protected":false},"author":23,"featured_media":78588,"comment_status":"open","ping_status":"open","sticky":false,"template":"","format":"standard","meta":{"_acf_changed":false,"_monsterinsights_skip_tracking":false,"_monsterinsights_sitenote_active":false,"_monsterinsights_sitenote_note":"","_monsterinsights_sitenote_category":0,"footnotes":""},"categories":[504,1],"tags":[2242,821,735],"class_list":["post-78584","post","type-post","status-publish","format-standard","has-post-thumbnail","hentry","category-elektricna-energija","category-obnovljivi-izvori-energije","tag-geotermalna-elektrana","tag-geotermalna-energija","tag-toplotna-energija","country-hrvatska"],"acf":[],"yoast_head":"<!-- This site is optimized with the Yoast SEO plugin v27.4 - https:\/\/yoast.com\/product\/yoast-seo-wordpress\/ -->\n<title>Vara\u017edin na putu da postane prvi grad koji \u0107e izgraditi geotermalnu elektranu u Hrvatskoj<\/title>\n<meta name=\"description\" content=\"Potpisan je ugovor o eksploataciji, sledi projektovanje novih bu\u0161otina, a nakon toga bi\u0107e projektovana i geotermalna elektrana\" \/>\n<meta name=\"robots\" content=\"index, follow, max-snippet:-1, max-image-preview:large, max-video-preview:-1\" \/>\n<link rel=\"canonical\" href=\"https:\/\/balkangreenenergynews.com\/rs\/varazdin-na-putu-da-postane-prvi-grad-koji-ce-izgraditi-geotermalnu-elektranu-u-hrvatskoj\/\" \/>\n<meta property=\"og:locale\" content=\"sr_RS\" \/>\n<meta property=\"og:type\" content=\"article\" \/>\n<meta property=\"og:title\" content=\"Vara\u017edin na putu da postane prvi grad koji \u0107e izgraditi geotermalnu elektranu u Hrvatskoj\" \/>\n<meta property=\"og:description\" content=\"Potpisan je ugovor o eksploataciji, sledi projektovanje novih bu\u0161otina, a nakon toga bi\u0107e projektovana i geotermalna elektrana\" \/>\n<meta property=\"og:url\" content=\"https:\/\/balkangreenenergynews.com\/rs\/varazdin-na-putu-da-postane-prvi-grad-koji-ce-izgraditi-geotermalnu-elektranu-u-hrvatskoj\/\" \/>\n<meta property=\"og:site_name\" content=\"Balkan Green Energy News\" \/>\n<meta property=\"article:published_time\" content=\"2025-03-19T12:02:45+00:00\" \/>\n<meta property=\"og:image\" content=\"https:\/\/balkangreenenergynews.com\/rs\/wp-content\/uploads\/2025\/03\/hrvatska-varazdin-geotermalna-elektrana-ugovor-bukotermal.jpg?wsr\" \/>\n\t<meta property=\"og:image:width\" content=\"840\" \/>\n\t<meta property=\"og:image:height\" content=\"430\" \/>\n\t<meta property=\"og:image:type\" content=\"image\/jpeg\" \/>\n<meta name=\"author\" content=\"Vladimir Spasi\u0107\" \/>\n<meta name=\"twitter:card\" content=\"summary_large_image\" \/>\n<meta name=\"twitter:label1\" content=\"\u041d\u0430\u043f\u0438\u0441\u0430\u043d\u043e \u043e\u0434\" \/>\n\t<meta name=\"twitter:data1\" content=\"Vladimir Spasi\u0107\" \/>\n\t<meta name=\"twitter:label2\" content=\"\u041f\u0440\u043e\u0446\u0435\u045a\u0435\u043d\u043e \u0432\u0440\u0435\u043c\u0435 \u0447\u0438\u0442\u0430\u045a\u0430\" \/>\n\t<meta name=\"twitter:data2\" content=\"3 \u043c\u0438\u043d\u0443\u0442\u0430\" \/>\n<script type=\"application\/ld+json\" class=\"yoast-schema-graph\">{\"@context\":\"https:\\\/\\\/schema.org\",\"@graph\":[{\"@type\":\"Article\",\"@id\":\"https:\\\/\\\/balkangreenenergynews.com\\\/rs\\\/varazdin-na-putu-da-postane-prvi-grad-koji-ce-izgraditi-geotermalnu-elektranu-u-hrvatskoj\\\/#article\",\"isPartOf\":{\"@id\":\"https:\\\/\\\/balkangreenenergynews.com\\\/rs\\\/varazdin-na-putu-da-postane-prvi-grad-koji-ce-izgraditi-geotermalnu-elektranu-u-hrvatskoj\\\/\"},\"author\":{\"name\":\"Vladimir Spasi\u0107\",\"@id\":\"https:\\\/\\\/balkangreenenergynews.com\\\/rs\\\/#\\\/schema\\\/person\\\/99dc721c46113fea22caffad06ef7317\"},\"headline\":\"Vara\u017edin na putu da postane prvi grad koji \u0107e izgraditi geotermalnu elektranu u Hrvatskoj\",\"datePublished\":\"2025-03-19T12:02:45+00:00\",\"mainEntityOfPage\":{\"@id\":\"https:\\\/\\\/balkangreenenergynews.com\\\/rs\\\/varazdin-na-putu-da-postane-prvi-grad-koji-ce-izgraditi-geotermalnu-elektranu-u-hrvatskoj\\\/\"},\"wordCount\":525,\"commentCount\":0,\"image\":{\"@id\":\"https:\\\/\\\/balkangreenenergynews.com\\\/rs\\\/varazdin-na-putu-da-postane-prvi-grad-koji-ce-izgraditi-geotermalnu-elektranu-u-hrvatskoj\\\/#primaryimage\"},\"thumbnailUrl\":\"https:\\\/\\\/balkangreenenergynews.com\\\/rs\\\/wp-content\\\/uploads\\\/2025\\\/03\\\/hrvatska-varazdin-geotermalna-elektrana-ugovor-bukotermal.jpg?wsr\",\"keywords\":[\"geotermalna elektrana\",\"geotermalna energija\",\"toplotna energija\"],\"articleSection\":[\"Elektri\u010dna energija\",\"OIE\"],\"inLanguage\":\"sr-RS\",\"potentialAction\":[{\"@type\":\"CommentAction\",\"name\":\"Comment\",\"target\":[\"https:\\\/\\\/balkangreenenergynews.com\\\/rs\\\/varazdin-na-putu-da-postane-prvi-grad-koji-ce-izgraditi-geotermalnu-elektranu-u-hrvatskoj\\\/#respond\"]}]},{\"@type\":\"WebPage\",\"@id\":\"https:\\\/\\\/balkangreenenergynews.com\\\/rs\\\/varazdin-na-putu-da-postane-prvi-grad-koji-ce-izgraditi-geotermalnu-elektranu-u-hrvatskoj\\\/\",\"url\":\"https:\\\/\\\/balkangreenenergynews.com\\\/rs\\\/varazdin-na-putu-da-postane-prvi-grad-koji-ce-izgraditi-geotermalnu-elektranu-u-hrvatskoj\\\/\",\"name\":\"Vara\u017edin na putu da postane prvi grad koji \u0107e izgraditi geotermalnu elektranu u Hrvatskoj\",\"isPartOf\":{\"@id\":\"https:\\\/\\\/balkangreenenergynews.com\\\/rs\\\/#website\"},\"primaryImageOfPage\":{\"@id\":\"https:\\\/\\\/balkangreenenergynews.com\\\/rs\\\/varazdin-na-putu-da-postane-prvi-grad-koji-ce-izgraditi-geotermalnu-elektranu-u-hrvatskoj\\\/#primaryimage\"},\"image\":{\"@id\":\"https:\\\/\\\/balkangreenenergynews.com\\\/rs\\\/varazdin-na-putu-da-postane-prvi-grad-koji-ce-izgraditi-geotermalnu-elektranu-u-hrvatskoj\\\/#primaryimage\"},\"thumbnailUrl\":\"https:\\\/\\\/balkangreenenergynews.com\\\/rs\\\/wp-content\\\/uploads\\\/2025\\\/03\\\/hrvatska-varazdin-geotermalna-elektrana-ugovor-bukotermal.jpg?wsr\",\"datePublished\":\"2025-03-19T12:02:45+00:00\",\"author\":{\"@id\":\"https:\\\/\\\/balkangreenenergynews.com\\\/rs\\\/#\\\/schema\\\/person\\\/99dc721c46113fea22caffad06ef7317\"},\"description\":\"Potpisan je ugovor o eksploataciji, sledi projektovanje novih bu\u0161otina, a nakon toga bi\u0107e projektovana i geotermalna elektrana\",\"breadcrumb\":{\"@id\":\"https:\\\/\\\/balkangreenenergynews.com\\\/rs\\\/varazdin-na-putu-da-postane-prvi-grad-koji-ce-izgraditi-geotermalnu-elektranu-u-hrvatskoj\\\/#breadcrumb\"},\"inLanguage\":\"sr-RS\",\"potentialAction\":[{\"@type\":\"ReadAction\",\"target\":[\"https:\\\/\\\/balkangreenenergynews.com\\\/rs\\\/varazdin-na-putu-da-postane-prvi-grad-koji-ce-izgraditi-geotermalnu-elektranu-u-hrvatskoj\\\/\"]}]},{\"@type\":\"ImageObject\",\"inLanguage\":\"sr-RS\",\"@id\":\"https:\\\/\\\/balkangreenenergynews.com\\\/rs\\\/varazdin-na-putu-da-postane-prvi-grad-koji-ce-izgraditi-geotermalnu-elektranu-u-hrvatskoj\\\/#primaryimage\",\"url\":\"https:\\\/\\\/balkangreenenergynews.com\\\/rs\\\/wp-content\\\/uploads\\\/2025\\\/03\\\/hrvatska-varazdin-geotermalna-elektrana-ugovor-bukotermal.jpg?wsr\",\"contentUrl\":\"https:\\\/\\\/balkangreenenergynews.com\\\/rs\\\/wp-content\\\/uploads\\\/2025\\\/03\\\/hrvatska-varazdin-geotermalna-elektrana-ugovor-bukotermal.jpg?wsr\",\"width\":840,\"height\":430,\"caption\":\"hrvatska varazdin geotermalna elektrana ugovor bukotermal\"},{\"@type\":\"BreadcrumbList\",\"@id\":\"https:\\\/\\\/balkangreenenergynews.com\\\/rs\\\/varazdin-na-putu-da-postane-prvi-grad-koji-ce-izgraditi-geotermalnu-elektranu-u-hrvatskoj\\\/#breadcrumb\",\"itemListElement\":[{\"@type\":\"ListItem\",\"position\":1,\"name\":\"Po\u010detna\",\"item\":\"https:\\\/\\\/balkangreenenergynews.com\\\/rs\\\/\"},{\"@type\":\"ListItem\",\"position\":2,\"name\":\"Vesti\",\"item\":\"https:\\\/\\\/balkangreenenergynews.com\\\/rs\\\/kategorija\\\/vesti\\\/\"},{\"@type\":\"ListItem\",\"position\":3,\"name\":\"OIE\",\"item\":\"https:\\\/\\\/balkangreenenergynews.com\\\/rs\\\/kategorija\\\/vesti\\\/obnovljivi-izvori-energije\\\/\"},{\"@type\":\"ListItem\",\"position\":4,\"name\":\"Vara\u017edin na putu da postane prvi grad koji \u0107e izgraditi geotermalnu elektranu u Hrvatskoj\"}]},{\"@type\":\"WebSite\",\"@id\":\"https:\\\/\\\/balkangreenenergynews.com\\\/rs\\\/#website\",\"url\":\"https:\\\/\\\/balkangreenenergynews.com\\\/rs\\\/\",\"name\":\"Balkan Green Energy News\",\"description\":\"Naj\u0161iri izbor vesti sa Balkana o zelenoj energiji\",\"potentialAction\":[{\"@type\":\"SearchAction\",\"target\":{\"@type\":\"EntryPoint\",\"urlTemplate\":\"https:\\\/\\\/balkangreenenergynews.com\\\/rs\\\/?s={search_term_string}\"},\"query-input\":{\"@type\":\"PropertyValueSpecification\",\"valueRequired\":true,\"valueName\":\"search_term_string\"}}],\"inLanguage\":\"sr-RS\"},{\"@type\":\"Person\",\"@id\":\"https:\\\/\\\/balkangreenenergynews.com\\\/rs\\\/#\\\/schema\\\/person\\\/99dc721c46113fea22caffad06ef7317\",\"name\":\"Vladimir Spasi\u0107\",\"url\":\"https:\\\/\\\/balkangreenenergynews.com\\\/rs\\\/author\\\/vladimir-spasic\\\/\"}]}<\/script>\n<!-- \/ Yoast SEO plugin. -->","yoast_head_json":{"title":"Vara\u017edin na putu da postane prvi grad koji \u0107e izgraditi geotermalnu elektranu u Hrvatskoj","description":"Potpisan je ugovor o eksploataciji, sledi projektovanje novih bu\u0161otina, a nakon toga bi\u0107e projektovana i geotermalna elektrana","robots":{"index":"index","follow":"follow","max-snippet":"max-snippet:-1","max-image-preview":"max-image-preview:large","max-video-preview":"max-video-preview:-1"},"canonical":"https:\/\/balkangreenenergynews.com\/rs\/varazdin-na-putu-da-postane-prvi-grad-koji-ce-izgraditi-geotermalnu-elektranu-u-hrvatskoj\/","og_locale":"sr_RS","og_type":"article","og_title":"Vara\u017edin na putu da postane prvi grad koji \u0107e izgraditi geotermalnu elektranu u Hrvatskoj","og_description":"Potpisan je ugovor o eksploataciji, sledi projektovanje novih bu\u0161otina, a nakon toga bi\u0107e projektovana i geotermalna elektrana","og_url":"https:\/\/balkangreenenergynews.com\/rs\/varazdin-na-putu-da-postane-prvi-grad-koji-ce-izgraditi-geotermalnu-elektranu-u-hrvatskoj\/","og_site_name":"Balkan Green Energy News","article_published_time":"2025-03-19T12:02:45+00:00","og_image":[{"width":840,"height":430,"url":"https:\/\/balkangreenenergynews.com\/rs\/wp-content\/uploads\/2025\/03\/hrvatska-varazdin-geotermalna-elektrana-ugovor-bukotermal.jpg?wsr","type":"image\/jpeg"}],"author":"Vladimir Spasi\u0107","twitter_card":"summary_large_image","twitter_misc":{"\u041d\u0430\u043f\u0438\u0441\u0430\u043d\u043e \u043e\u0434":"Vladimir Spasi\u0107","\u041f\u0440\u043e\u0446\u0435\u045a\u0435\u043d\u043e \u0432\u0440\u0435\u043c\u0435 \u0447\u0438\u0442\u0430\u045a\u0430":"3 \u043c\u0438\u043d\u0443\u0442\u0430"},"schema":{"@context":"https:\/\/schema.org","@graph":[{"@type":"Article","@id":"https:\/\/balkangreenenergynews.com\/rs\/varazdin-na-putu-da-postane-prvi-grad-koji-ce-izgraditi-geotermalnu-elektranu-u-hrvatskoj\/#article","isPartOf":{"@id":"https:\/\/balkangreenenergynews.com\/rs\/varazdin-na-putu-da-postane-prvi-grad-koji-ce-izgraditi-geotermalnu-elektranu-u-hrvatskoj\/"},"author":{"name":"Vladimir Spasi\u0107","@id":"https:\/\/balkangreenenergynews.com\/rs\/#\/schema\/person\/99dc721c46113fea22caffad06ef7317"},"headline":"Vara\u017edin na putu da postane prvi grad koji \u0107e izgraditi geotermalnu elektranu u Hrvatskoj","datePublished":"2025-03-19T12:02:45+00:00","mainEntityOfPage":{"@id":"https:\/\/balkangreenenergynews.com\/rs\/varazdin-na-putu-da-postane-prvi-grad-koji-ce-izgraditi-geotermalnu-elektranu-u-hrvatskoj\/"},"wordCount":525,"commentCount":0,"image":{"@id":"https:\/\/balkangreenenergynews.com\/rs\/varazdin-na-putu-da-postane-prvi-grad-koji-ce-izgraditi-geotermalnu-elektranu-u-hrvatskoj\/#primaryimage"},"thumbnailUrl":"https:\/\/balkangreenenergynews.com\/rs\/wp-content\/uploads\/2025\/03\/hrvatska-varazdin-geotermalna-elektrana-ugovor-bukotermal.jpg?wsr","keywords":["geotermalna elektrana","geotermalna energija","toplotna energija"],"articleSection":["Elektri\u010dna energija","OIE"],"inLanguage":"sr-RS","potentialAction":[{"@type":"CommentAction","name":"Comment","target":["https:\/\/balkangreenenergynews.com\/rs\/varazdin-na-putu-da-postane-prvi-grad-koji-ce-izgraditi-geotermalnu-elektranu-u-hrvatskoj\/#respond"]}]},{"@type":"WebPage","@id":"https:\/\/balkangreenenergynews.com\/rs\/varazdin-na-putu-da-postane-prvi-grad-koji-ce-izgraditi-geotermalnu-elektranu-u-hrvatskoj\/","url":"https:\/\/balkangreenenergynews.com\/rs\/varazdin-na-putu-da-postane-prvi-grad-koji-ce-izgraditi-geotermalnu-elektranu-u-hrvatskoj\/","name":"Vara\u017edin na putu da postane prvi grad koji \u0107e izgraditi geotermalnu elektranu u Hrvatskoj","isPartOf":{"@id":"https:\/\/balkangreenenergynews.com\/rs\/#website"},"primaryImageOfPage":{"@id":"https:\/\/balkangreenenergynews.com\/rs\/varazdin-na-putu-da-postane-prvi-grad-koji-ce-izgraditi-geotermalnu-elektranu-u-hrvatskoj\/#primaryimage"},"image":{"@id":"https:\/\/balkangreenenergynews.com\/rs\/varazdin-na-putu-da-postane-prvi-grad-koji-ce-izgraditi-geotermalnu-elektranu-u-hrvatskoj\/#primaryimage"},"thumbnailUrl":"https:\/\/balkangreenenergynews.com\/rs\/wp-content\/uploads\/2025\/03\/hrvatska-varazdin-geotermalna-elektrana-ugovor-bukotermal.jpg?wsr","datePublished":"2025-03-19T12:02:45+00:00","author":{"@id":"https:\/\/balkangreenenergynews.com\/rs\/#\/schema\/person\/99dc721c46113fea22caffad06ef7317"},"description":"Potpisan je ugovor o eksploataciji, sledi projektovanje novih bu\u0161otina, a nakon toga bi\u0107e projektovana i geotermalna elektrana","breadcrumb":{"@id":"https:\/\/balkangreenenergynews.com\/rs\/varazdin-na-putu-da-postane-prvi-grad-koji-ce-izgraditi-geotermalnu-elektranu-u-hrvatskoj\/#breadcrumb"},"inLanguage":"sr-RS","potentialAction":[{"@type":"ReadAction","target":["https:\/\/balkangreenenergynews.com\/rs\/varazdin-na-putu-da-postane-prvi-grad-koji-ce-izgraditi-geotermalnu-elektranu-u-hrvatskoj\/"]}]},{"@type":"ImageObject","inLanguage":"sr-RS","@id":"https:\/\/balkangreenenergynews.com\/rs\/varazdin-na-putu-da-postane-prvi-grad-koji-ce-izgraditi-geotermalnu-elektranu-u-hrvatskoj\/#primaryimage","url":"https:\/\/balkangreenenergynews.com\/rs\/wp-content\/uploads\/2025\/03\/hrvatska-varazdin-geotermalna-elektrana-ugovor-bukotermal.jpg?wsr","contentUrl":"https:\/\/balkangreenenergynews.com\/rs\/wp-content\/uploads\/2025\/03\/hrvatska-varazdin-geotermalna-elektrana-ugovor-bukotermal.jpg?wsr","width":840,"height":430,"caption":"hrvatska varazdin geotermalna elektrana ugovor bukotermal"},{"@type":"BreadcrumbList","@id":"https:\/\/balkangreenenergynews.com\/rs\/varazdin-na-putu-da-postane-prvi-grad-koji-ce-izgraditi-geotermalnu-elektranu-u-hrvatskoj\/#breadcrumb","itemListElement":[{"@type":"ListItem","position":1,"name":"Po\u010detna","item":"https:\/\/balkangreenenergynews.com\/rs\/"},{"@type":"ListItem","position":2,"name":"Vesti","item":"https:\/\/balkangreenenergynews.com\/rs\/kategorija\/vesti\/"},{"@type":"ListItem","position":3,"name":"OIE","item":"https:\/\/balkangreenenergynews.com\/rs\/kategorija\/vesti\/obnovljivi-izvori-energije\/"},{"@type":"ListItem","position":4,"name":"Vara\u017edin na putu da postane prvi grad koji \u0107e izgraditi geotermalnu elektranu u Hrvatskoj"}]},{"@type":"WebSite","@id":"https:\/\/balkangreenenergynews.com\/rs\/#website","url":"https:\/\/balkangreenenergynews.com\/rs\/","name":"Balkan Green Energy News","description":"Naj\u0161iri izbor vesti sa Balkana o zelenoj energiji","potentialAction":[{"@type":"SearchAction","target":{"@type":"EntryPoint","urlTemplate":"https:\/\/balkangreenenergynews.com\/rs\/?s={search_term_string}"},"query-input":{"@type":"PropertyValueSpecification","valueRequired":true,"valueName":"search_term_string"}}],"inLanguage":"sr-RS"},{"@type":"Person","@id":"https:\/\/balkangreenenergynews.com\/rs\/#\/schema\/person\/99dc721c46113fea22caffad06ef7317","name":"Vladimir Spasi\u0107","url":"https:\/\/balkangreenenergynews.com\/rs\/author\/vladimir-spasic\/"}]}},"_links":{"self":[{"href":"https:\/\/balkangreenenergynews.com\/rs\/wp-json\/wp\/v2\/posts\/78584","targetHints":{"allow":["GET"]}}],"collection":[{"href":"https:\/\/balkangreenenergynews.com\/rs\/wp-json\/wp\/v2\/posts"}],"about":[{"href":"https:\/\/balkangreenenergynews.com\/rs\/wp-json\/wp\/v2\/types\/post"}],"author":[{"embeddable":true,"href":"https:\/\/balkangreenenergynews.com\/rs\/wp-json\/wp\/v2\/users\/23"}],"replies":[{"embeddable":true,"href":"https:\/\/balkangreenenergynews.com\/rs\/wp-json\/wp\/v2\/comments?post=78584"}],"version-history":[{"count":0,"href":"https:\/\/balkangreenenergynews.com\/rs\/wp-json\/wp\/v2\/posts\/78584\/revisions"}],"wp:featuredmedia":[{"embeddable":true,"href":"https:\/\/balkangreenenergynews.com\/rs\/wp-json\/wp\/v2\/media\/78588"}],"wp:attachment":[{"href":"https:\/\/balkangreenenergynews.com\/rs\/wp-json\/wp\/v2\/media?parent=78584"}],"wp:term":[{"taxonomy":"category","embeddable":true,"href":"https:\/\/balkangreenenergynews.com\/rs\/wp-json\/wp\/v2\/categories?post=78584"},{"taxonomy":"post_tag","embeddable":true,"href":"https:\/\/balkangreenenergynews.com\/rs\/wp-json\/wp\/v2\/tags?post=78584"}],"curies":[{"name":"wp","href":"https:\/\/api.w.org\/{rel}","templated":true}]}}