{"id":78552,"date":"2025-03-18T13:15:31","date_gmt":"2025-03-18T12:15:31","guid":{"rendered":"https:\/\/balkangreenenergynews.com\/rs\/?p=78552"},"modified":"2025-07-10T12:34:37","modified_gmt":"2025-07-10T10:34:37","slug":"ems-potpisao-ugovor-za-jos-jednu-deonicu-transbalkanskog-koridora-dalekovod-obrenovac-bajina-basta","status":"publish","type":"post","link":"https:\/\/balkangreenenergynews.com\/rs\/ems-potpisao-ugovor-za-jos-jednu-deonicu-transbalkanskog-koridora-dalekovod-obrenovac-bajina-basta\/","title":{"rendered":"EMS potpisao ugovor za jo\u0161 jednu deonicu Transbalkanskog koridora &#8211; dalekovod Obrenovac-Bajina Ba\u0161ta"},"content":{"rendered":"<h2>Elektromre\u017ea Srbije potpisala je ugovor o izgradnji dvosistemskog 400 kV dalekovoda od trafostanice Obrenovac do trafostanice Bajina Ba\u0161ta.<\/h2>\n<p>Dalekovod od trafostanice Obrenovac do trafostanice Bajina Ba\u0161ta predstavlja deo tre\u0107e sekcije <a href=\"https:\/\/balkangreenenergynews.com\/rs\/novi-dalekovod-povezao-mreze-srbije-i-rumunije-kapacitet-za-prenos-struje-uvecan-80-odsto\/\">Transbalkanskog koridora za prenos elektri\u010dne energije<\/a>, projekta od posebnog nacionalnog i regionalnog zna\u010daja, saop\u0161tio je operator prenosnog sistema Elektromre\u017ea Srbije (EMS).<\/p>\n<p><a href=\"https:\/\/balkangreenenergynews.com\/rs\/ems-pocinje-gradnju-cetvrte-deonice-tranbalkanskog-koridora-2025\/\">Transbalkanski koridor<\/a> spaja Rumuniju, <a href=\"https:\/\/balkangreenenergynews.com\/rs\/ems-dobio-donaciju-od-128-miliona-evra-za-transbalkanski-koridor\/\">Srbiju<\/a>, Bosnu i Hercegovinu, <a href=\"https:\/\/balkangreenenergynews.com\/rs\/dalekovod-izmedju-lastve-i-brezne-smanjice-gubitke-u-prenosnoj-mrezi-za-pola-miliona-evra\/\">Crnu Goru<\/a> i Italiju.<\/p>\n<p>Uz dalekovod Obrenovac &#8211; Bajina Ba\u0161ta, tre\u0107a sekcija podrazumeva i opremanje dva dalekovodna polja u TS Obrenovac, kao i podizanje TS Bajina Ba\u0161ta na 400 kV naponski nivo.<\/p>\n<blockquote><p>Posao na me\u0111unarodnom tenderu dobila Kodar Energomonta\u017ea<\/p><\/blockquote>\n<p>Dalekovod \u0107e biti dug \u010dak 109 kilometara, po\u010detak izgradnje planiran je za april, dok je zavr\u0161etak radova o\u010dekivan u 2027. godini.<\/p>\n<p>Projekat se finansira iz sopstvenih sredstava EMS-a, donacije Investicionog okvira za Zapadni Balkan (Western Balkans Investment Framework &#8211; WBIF) i kredita nema\u010dke razvojne banke KfW.<\/p>\n<p>Ugovor vredan 71 milion evra potpisali su direktorka EMS-a Jelena Mateji\u0107 i ovla\u0161\u0107eni predstavnik izvo\u0111a\u010da radova, firme <a href=\"https:\/\/www.kodar.rs\/\">Kodar Energomonta\u017ea,<\/a> Mladen \u017dujkovi\u0107. Izvo\u0111a\u010d radova izabran je posle sprovo\u0111enja kompleksnog me\u0111unarodnog tendera, saop\u0161tio je sprski operator prenosnog sistema.<\/p>\n<p>Ina\u010de, u decembru 2017. zavr\u0161ena je i stavljena pod napon prva sekcija Transbalkanskog koridora, od Pan\u010deva do rumunske granice. Druga sekcija zavr\u0161ena je u junu 2022. i podrazumevala je izgradnju dalekovoda izme\u0111u Kragujevca i Kraljeva i obimne radove na EMS-ovim trafostanicama u tim gradovima.<\/p>\n<h3>Mateji\u0107: Srbiju kao nezaobilazno \u010dvori\u0161te u ovom delu Evrope<\/h3>\n<p>U planu je i \u010detvrta sekcija koja obuhvata DV 2&#215;400 kV TS Bajina Ba\u0161ta \u2013 TS Vi\u0161egrad (Bosna i Hercegovina) &#8211; TS Pljevlja (Crna Gora).<\/p>\n<p>&#8222;Projekat izgradnje Transbalkanskog koridora za prenos elektri\u010dne energije svakako je jedan od najva\u017enijih infrastrukturnih projekata kada je re\u010d o obezbe\u0111ivanju sigurnog i stabilnog snabdevanja elektri\u010dnom energijom u na\u0161oj zemlji. Uz to, on \u0107e omogu\u0107iti integraciju tr\u017ei\u0161ta elektri\u010dne energije i pozicionirati Srbiju kao nezaobilazno elektroenergetsko \u010dvori\u0161te u ovom delu Evrope&#8220;, istakla je Mateji\u0107.<\/p>\n<p>Kakav je zna\u010daj Transbalkanskog koridora pokazalo je nedavno pu\u0161tanje u rad drugog sistema u okviru novog dalekovoda izme\u0111u Rumunije i Srbije. Na taj na\u010din je prekograni\u010dni kapacitet za prenos elektri\u010dne energije izme\u0111u dve zemlje <a href=\"https:\/\/balkangreenenergynews.com\/rs\/novi-dalekovod-povezao-mreze-srbije-i-rumunije-kapacitet-za-prenos-struje-uvecan-80-odsto\/\">pove\u0107an sa 500 MW na 900 MW odnosno za 80 odsto.<\/a><\/p>\n","protected":false},"excerpt":{"rendered":"<p>Transbalkanski koridor spaja balkanske zemlje i \u010dlanice EU &#8211; Rumuniju, Srbiju, Bosnu i Hercegovinu, Crnu Goru i Italiju<\/p>\n","protected":false},"author":23,"featured_media":78553,"comment_status":"open","ping_status":"open","sticky":false,"template":"","format":"standard","meta":{"_acf_changed":false,"_monsterinsights_skip_tracking":false,"_monsterinsights_sitenote_active":false,"_monsterinsights_sitenote_note":"","_monsterinsights_sitenote_category":0,"footnotes":""},"categories":[504],"tags":[6225,2500,165,6148,1375,284,1377,3248,6252,1214,1625],"class_list":["post-78552","post","type-post","status-publish","format-standard","has-post-thumbnail","hentry","category-elektricna-energija","tag-dalekovodi","tag-elektromreza-srbije","tag-ems","tag-investicioni-okvir-za-zapadni-balkan","tag-jelena-matejic","tag-kfw","tag-operator-prenosnog-sistema","tag-prenosni-sistem","tag-trafostranica","tag-transbalkanski-koridor","tag-wbif","country-srbija"],"acf":[],"yoast_head":"<!-- This site is optimized with the Yoast SEO plugin v27.4 - https:\/\/yoast.com\/product\/yoast-seo-wordpress\/ -->\n<title>EMS potpisao ugovor za jo\u0161 jednu deonicu Transbalkanskog koridora - dalekovod Obrenovac-Bajina Ba\u0161ta<\/title>\n<meta name=\"description\" content=\"Transbalkanski koridor spaja balkanske zemlje i \u010dlanice EU - Rumuniju, Srbiju, Bosnu i Hercegovinu, Crnu Goru i Italiju\" \/>\n<meta name=\"robots\" content=\"index, follow, max-snippet:-1, max-image-preview:large, max-video-preview:-1\" \/>\n<link rel=\"canonical\" href=\"https:\/\/balkangreenenergynews.com\/rs\/ems-potpisao-ugovor-za-jos-jednu-deonicu-transbalkanskog-koridora-dalekovod-obrenovac-bajina-basta\/\" \/>\n<meta property=\"og:locale\" content=\"sr_RS\" \/>\n<meta property=\"og:type\" content=\"article\" \/>\n<meta property=\"og:title\" content=\"EMS potpisao ugovor za jo\u0161 jednu deonicu Transbalkanskog koridora - dalekovod Obrenovac-Bajina Ba\u0161ta\" \/>\n<meta property=\"og:description\" content=\"Transbalkanski koridor spaja balkanske zemlje i \u010dlanice EU - Rumuniju, Srbiju, Bosnu i Hercegovinu, Crnu Goru i Italiju\" \/>\n<meta property=\"og:url\" content=\"https:\/\/balkangreenenergynews.com\/rs\/ems-potpisao-ugovor-za-jos-jednu-deonicu-transbalkanskog-koridora-dalekovod-obrenovac-bajina-basta\/\" \/>\n<meta property=\"og:site_name\" content=\"Balkan Green Energy News\" \/>\n<meta property=\"article:published_time\" content=\"2025-03-18T12:15:31+00:00\" \/>\n<meta property=\"article:modified_time\" content=\"2025-07-10T10:34:37+00:00\" \/>\n<meta property=\"og:image\" content=\"https:\/\/balkangreenenergynews.com\/rs\/wp-content\/uploads\/2025\/03\/srbija-transbalkanski-koridor-ems-kodar-ugovor-bajina-basta-obrenovac-matejic.jpg?wsr\" \/>\n\t<meta property=\"og:image:width\" content=\"840\" \/>\n\t<meta property=\"og:image:height\" content=\"430\" \/>\n\t<meta property=\"og:image:type\" content=\"image\/jpeg\" \/>\n<meta name=\"author\" content=\"Vladimir Spasi\u0107\" \/>\n<meta name=\"twitter:card\" content=\"summary_large_image\" \/>\n<meta name=\"twitter:label1\" content=\"\u041d\u0430\u043f\u0438\u0441\u0430\u043d\u043e \u043e\u0434\" \/>\n\t<meta name=\"twitter:data1\" content=\"Vladimir Spasi\u0107\" \/>\n\t<meta name=\"twitter:label2\" content=\"\u041f\u0440\u043e\u0446\u0435\u045a\u0435\u043d\u043e \u0432\u0440\u0435\u043c\u0435 \u0447\u0438\u0442\u0430\u045a\u0430\" \/>\n\t<meta name=\"twitter:data2\" content=\"3 \u043c\u0438\u043d\u0443\u0442\u0430\" \/>\n<script type=\"application\/ld+json\" class=\"yoast-schema-graph\">{\"@context\":\"https:\\\/\\\/schema.org\",\"@graph\":[{\"@type\":\"Article\",\"@id\":\"https:\\\/\\\/balkangreenenergynews.com\\\/rs\\\/ems-potpisao-ugovor-za-jos-jednu-deonicu-transbalkanskog-koridora-dalekovod-obrenovac-bajina-basta\\\/#article\",\"isPartOf\":{\"@id\":\"https:\\\/\\\/balkangreenenergynews.com\\\/rs\\\/ems-potpisao-ugovor-za-jos-jednu-deonicu-transbalkanskog-koridora-dalekovod-obrenovac-bajina-basta\\\/\"},\"author\":{\"name\":\"Vladimir Spasi\u0107\",\"@id\":\"https:\\\/\\\/balkangreenenergynews.com\\\/rs\\\/#\\\/schema\\\/person\\\/99dc721c46113fea22caffad06ef7317\"},\"headline\":\"EMS potpisao ugovor za jo\u0161 jednu deonicu Transbalkanskog koridora &#8211; dalekovod Obrenovac-Bajina Ba\u0161ta\",\"datePublished\":\"2025-03-18T12:15:31+00:00\",\"dateModified\":\"2025-07-10T10:34:37+00:00\",\"mainEntityOfPage\":{\"@id\":\"https:\\\/\\\/balkangreenenergynews.com\\\/rs\\\/ems-potpisao-ugovor-za-jos-jednu-deonicu-transbalkanskog-koridora-dalekovod-obrenovac-bajina-basta\\\/\"},\"wordCount\":409,\"commentCount\":0,\"image\":{\"@id\":\"https:\\\/\\\/balkangreenenergynews.com\\\/rs\\\/ems-potpisao-ugovor-za-jos-jednu-deonicu-transbalkanskog-koridora-dalekovod-obrenovac-bajina-basta\\\/#primaryimage\"},\"thumbnailUrl\":\"https:\\\/\\\/balkangreenenergynews.com\\\/rs\\\/wp-content\\\/uploads\\\/2025\\\/03\\\/srbija-transbalkanski-koridor-ems-kodar-ugovor-bajina-basta-obrenovac-matejic.jpg?wsr\",\"keywords\":[\"dalekovodi\",\"Elektromre\u017ea Srbije\",\"EMS\",\"Investicioni okvir za Zapadni Balkan\",\"Jelena Mateji\u0107\",\"KfW\",\"operator prenosnog sistema\",\"prenosni sistem\",\"trafostranica\",\"Transbalkanski koridor\",\"WBIF\"],\"articleSection\":[\"Elektri\u010dna energija\"],\"inLanguage\":\"sr-RS\",\"potentialAction\":[{\"@type\":\"CommentAction\",\"name\":\"Comment\",\"target\":[\"https:\\\/\\\/balkangreenenergynews.com\\\/rs\\\/ems-potpisao-ugovor-za-jos-jednu-deonicu-transbalkanskog-koridora-dalekovod-obrenovac-bajina-basta\\\/#respond\"]}]},{\"@type\":\"WebPage\",\"@id\":\"https:\\\/\\\/balkangreenenergynews.com\\\/rs\\\/ems-potpisao-ugovor-za-jos-jednu-deonicu-transbalkanskog-koridora-dalekovod-obrenovac-bajina-basta\\\/\",\"url\":\"https:\\\/\\\/balkangreenenergynews.com\\\/rs\\\/ems-potpisao-ugovor-za-jos-jednu-deonicu-transbalkanskog-koridora-dalekovod-obrenovac-bajina-basta\\\/\",\"name\":\"EMS potpisao ugovor za jo\u0161 jednu deonicu Transbalkanskog koridora - dalekovod Obrenovac-Bajina Ba\u0161ta\",\"isPartOf\":{\"@id\":\"https:\\\/\\\/balkangreenenergynews.com\\\/rs\\\/#website\"},\"primaryImageOfPage\":{\"@id\":\"https:\\\/\\\/balkangreenenergynews.com\\\/rs\\\/ems-potpisao-ugovor-za-jos-jednu-deonicu-transbalkanskog-koridora-dalekovod-obrenovac-bajina-basta\\\/#primaryimage\"},\"image\":{\"@id\":\"https:\\\/\\\/balkangreenenergynews.com\\\/rs\\\/ems-potpisao-ugovor-za-jos-jednu-deonicu-transbalkanskog-koridora-dalekovod-obrenovac-bajina-basta\\\/#primaryimage\"},\"thumbnailUrl\":\"https:\\\/\\\/balkangreenenergynews.com\\\/rs\\\/wp-content\\\/uploads\\\/2025\\\/03\\\/srbija-transbalkanski-koridor-ems-kodar-ugovor-bajina-basta-obrenovac-matejic.jpg?wsr\",\"datePublished\":\"2025-03-18T12:15:31+00:00\",\"dateModified\":\"2025-07-10T10:34:37+00:00\",\"author\":{\"@id\":\"https:\\\/\\\/balkangreenenergynews.com\\\/rs\\\/#\\\/schema\\\/person\\\/99dc721c46113fea22caffad06ef7317\"},\"description\":\"Transbalkanski koridor spaja balkanske zemlje i \u010dlanice EU - Rumuniju, Srbiju, Bosnu i Hercegovinu, Crnu Goru i Italiju\",\"breadcrumb\":{\"@id\":\"https:\\\/\\\/balkangreenenergynews.com\\\/rs\\\/ems-potpisao-ugovor-za-jos-jednu-deonicu-transbalkanskog-koridora-dalekovod-obrenovac-bajina-basta\\\/#breadcrumb\"},\"inLanguage\":\"sr-RS\",\"potentialAction\":[{\"@type\":\"ReadAction\",\"target\":[\"https:\\\/\\\/balkangreenenergynews.com\\\/rs\\\/ems-potpisao-ugovor-za-jos-jednu-deonicu-transbalkanskog-koridora-dalekovod-obrenovac-bajina-basta\\\/\"]}]},{\"@type\":\"ImageObject\",\"inLanguage\":\"sr-RS\",\"@id\":\"https:\\\/\\\/balkangreenenergynews.com\\\/rs\\\/ems-potpisao-ugovor-za-jos-jednu-deonicu-transbalkanskog-koridora-dalekovod-obrenovac-bajina-basta\\\/#primaryimage\",\"url\":\"https:\\\/\\\/balkangreenenergynews.com\\\/rs\\\/wp-content\\\/uploads\\\/2025\\\/03\\\/srbija-transbalkanski-koridor-ems-kodar-ugovor-bajina-basta-obrenovac-matejic.jpg?wsr\",\"contentUrl\":\"https:\\\/\\\/balkangreenenergynews.com\\\/rs\\\/wp-content\\\/uploads\\\/2025\\\/03\\\/srbija-transbalkanski-koridor-ems-kodar-ugovor-bajina-basta-obrenovac-matejic.jpg?wsr\",\"width\":840,\"height\":430,\"caption\":\"srbija transbalkanski koridor ems kodar ugovor bajina basta obrenovac matejic\"},{\"@type\":\"BreadcrumbList\",\"@id\":\"https:\\\/\\\/balkangreenenergynews.com\\\/rs\\\/ems-potpisao-ugovor-za-jos-jednu-deonicu-transbalkanskog-koridora-dalekovod-obrenovac-bajina-basta\\\/#breadcrumb\",\"itemListElement\":[{\"@type\":\"ListItem\",\"position\":1,\"name\":\"Po\u010detna\",\"item\":\"https:\\\/\\\/balkangreenenergynews.com\\\/rs\\\/\"},{\"@type\":\"ListItem\",\"position\":2,\"name\":\"Vesti\",\"item\":\"https:\\\/\\\/balkangreenenergynews.com\\\/rs\\\/kategorija\\\/vesti\\\/\"},{\"@type\":\"ListItem\",\"position\":3,\"name\":\"Elektri\u010dna energija\",\"item\":\"https:\\\/\\\/balkangreenenergynews.com\\\/rs\\\/kategorija\\\/vesti\\\/elektricna-energija\\\/\"},{\"@type\":\"ListItem\",\"position\":4,\"name\":\"EMS potpisao ugovor za jo\u0161 jednu deonicu Transbalkanskog koridora &#8211; dalekovod Obrenovac-Bajina Ba\u0161ta\"}]},{\"@type\":\"WebSite\",\"@id\":\"https:\\\/\\\/balkangreenenergynews.com\\\/rs\\\/#website\",\"url\":\"https:\\\/\\\/balkangreenenergynews.com\\\/rs\\\/\",\"name\":\"Balkan Green Energy News\",\"description\":\"Naj\u0161iri izbor vesti sa Balkana o zelenoj energiji\",\"potentialAction\":[{\"@type\":\"SearchAction\",\"target\":{\"@type\":\"EntryPoint\",\"urlTemplate\":\"https:\\\/\\\/balkangreenenergynews.com\\\/rs\\\/?s={search_term_string}\"},\"query-input\":{\"@type\":\"PropertyValueSpecification\",\"valueRequired\":true,\"valueName\":\"search_term_string\"}}],\"inLanguage\":\"sr-RS\"},{\"@type\":\"Person\",\"@id\":\"https:\\\/\\\/balkangreenenergynews.com\\\/rs\\\/#\\\/schema\\\/person\\\/99dc721c46113fea22caffad06ef7317\",\"name\":\"Vladimir Spasi\u0107\",\"url\":\"https:\\\/\\\/balkangreenenergynews.com\\\/rs\\\/author\\\/vladimir-spasic\\\/\"}]}<\/script>\n<!-- \/ Yoast SEO plugin. -->","yoast_head_json":{"title":"EMS potpisao ugovor za jo\u0161 jednu deonicu Transbalkanskog koridora - dalekovod Obrenovac-Bajina Ba\u0161ta","description":"Transbalkanski koridor spaja balkanske zemlje i \u010dlanice EU - Rumuniju, Srbiju, Bosnu i Hercegovinu, Crnu Goru i Italiju","robots":{"index":"index","follow":"follow","max-snippet":"max-snippet:-1","max-image-preview":"max-image-preview:large","max-video-preview":"max-video-preview:-1"},"canonical":"https:\/\/balkangreenenergynews.com\/rs\/ems-potpisao-ugovor-za-jos-jednu-deonicu-transbalkanskog-koridora-dalekovod-obrenovac-bajina-basta\/","og_locale":"sr_RS","og_type":"article","og_title":"EMS potpisao ugovor za jo\u0161 jednu deonicu Transbalkanskog koridora - dalekovod Obrenovac-Bajina Ba\u0161ta","og_description":"Transbalkanski koridor spaja balkanske zemlje i \u010dlanice EU - Rumuniju, Srbiju, Bosnu i Hercegovinu, Crnu Goru i Italiju","og_url":"https:\/\/balkangreenenergynews.com\/rs\/ems-potpisao-ugovor-za-jos-jednu-deonicu-transbalkanskog-koridora-dalekovod-obrenovac-bajina-basta\/","og_site_name":"Balkan Green Energy News","article_published_time":"2025-03-18T12:15:31+00:00","article_modified_time":"2025-07-10T10:34:37+00:00","og_image":[{"width":840,"height":430,"url":"https:\/\/balkangreenenergynews.com\/rs\/wp-content\/uploads\/2025\/03\/srbija-transbalkanski-koridor-ems-kodar-ugovor-bajina-basta-obrenovac-matejic.jpg?wsr","type":"image\/jpeg"}],"author":"Vladimir Spasi\u0107","twitter_card":"summary_large_image","twitter_misc":{"\u041d\u0430\u043f\u0438\u0441\u0430\u043d\u043e \u043e\u0434":"Vladimir Spasi\u0107","\u041f\u0440\u043e\u0446\u0435\u045a\u0435\u043d\u043e \u0432\u0440\u0435\u043c\u0435 \u0447\u0438\u0442\u0430\u045a\u0430":"3 \u043c\u0438\u043d\u0443\u0442\u0430"},"schema":{"@context":"https:\/\/schema.org","@graph":[{"@type":"Article","@id":"https:\/\/balkangreenenergynews.com\/rs\/ems-potpisao-ugovor-za-jos-jednu-deonicu-transbalkanskog-koridora-dalekovod-obrenovac-bajina-basta\/#article","isPartOf":{"@id":"https:\/\/balkangreenenergynews.com\/rs\/ems-potpisao-ugovor-za-jos-jednu-deonicu-transbalkanskog-koridora-dalekovod-obrenovac-bajina-basta\/"},"author":{"name":"Vladimir Spasi\u0107","@id":"https:\/\/balkangreenenergynews.com\/rs\/#\/schema\/person\/99dc721c46113fea22caffad06ef7317"},"headline":"EMS potpisao ugovor za jo\u0161 jednu deonicu Transbalkanskog koridora &#8211; dalekovod Obrenovac-Bajina Ba\u0161ta","datePublished":"2025-03-18T12:15:31+00:00","dateModified":"2025-07-10T10:34:37+00:00","mainEntityOfPage":{"@id":"https:\/\/balkangreenenergynews.com\/rs\/ems-potpisao-ugovor-za-jos-jednu-deonicu-transbalkanskog-koridora-dalekovod-obrenovac-bajina-basta\/"},"wordCount":409,"commentCount":0,"image":{"@id":"https:\/\/balkangreenenergynews.com\/rs\/ems-potpisao-ugovor-za-jos-jednu-deonicu-transbalkanskog-koridora-dalekovod-obrenovac-bajina-basta\/#primaryimage"},"thumbnailUrl":"https:\/\/balkangreenenergynews.com\/rs\/wp-content\/uploads\/2025\/03\/srbija-transbalkanski-koridor-ems-kodar-ugovor-bajina-basta-obrenovac-matejic.jpg?wsr","keywords":["dalekovodi","Elektromre\u017ea Srbije","EMS","Investicioni okvir za Zapadni Balkan","Jelena Mateji\u0107","KfW","operator prenosnog sistema","prenosni sistem","trafostranica","Transbalkanski koridor","WBIF"],"articleSection":["Elektri\u010dna energija"],"inLanguage":"sr-RS","potentialAction":[{"@type":"CommentAction","name":"Comment","target":["https:\/\/balkangreenenergynews.com\/rs\/ems-potpisao-ugovor-za-jos-jednu-deonicu-transbalkanskog-koridora-dalekovod-obrenovac-bajina-basta\/#respond"]}]},{"@type":"WebPage","@id":"https:\/\/balkangreenenergynews.com\/rs\/ems-potpisao-ugovor-za-jos-jednu-deonicu-transbalkanskog-koridora-dalekovod-obrenovac-bajina-basta\/","url":"https:\/\/balkangreenenergynews.com\/rs\/ems-potpisao-ugovor-za-jos-jednu-deonicu-transbalkanskog-koridora-dalekovod-obrenovac-bajina-basta\/","name":"EMS potpisao ugovor za jo\u0161 jednu deonicu Transbalkanskog koridora - dalekovod Obrenovac-Bajina Ba\u0161ta","isPartOf":{"@id":"https:\/\/balkangreenenergynews.com\/rs\/#website"},"primaryImageOfPage":{"@id":"https:\/\/balkangreenenergynews.com\/rs\/ems-potpisao-ugovor-za-jos-jednu-deonicu-transbalkanskog-koridora-dalekovod-obrenovac-bajina-basta\/#primaryimage"},"image":{"@id":"https:\/\/balkangreenenergynews.com\/rs\/ems-potpisao-ugovor-za-jos-jednu-deonicu-transbalkanskog-koridora-dalekovod-obrenovac-bajina-basta\/#primaryimage"},"thumbnailUrl":"https:\/\/balkangreenenergynews.com\/rs\/wp-content\/uploads\/2025\/03\/srbija-transbalkanski-koridor-ems-kodar-ugovor-bajina-basta-obrenovac-matejic.jpg?wsr","datePublished":"2025-03-18T12:15:31+00:00","dateModified":"2025-07-10T10:34:37+00:00","author":{"@id":"https:\/\/balkangreenenergynews.com\/rs\/#\/schema\/person\/99dc721c46113fea22caffad06ef7317"},"description":"Transbalkanski koridor spaja balkanske zemlje i \u010dlanice EU - Rumuniju, Srbiju, Bosnu i Hercegovinu, Crnu Goru i Italiju","breadcrumb":{"@id":"https:\/\/balkangreenenergynews.com\/rs\/ems-potpisao-ugovor-za-jos-jednu-deonicu-transbalkanskog-koridora-dalekovod-obrenovac-bajina-basta\/#breadcrumb"},"inLanguage":"sr-RS","potentialAction":[{"@type":"ReadAction","target":["https:\/\/balkangreenenergynews.com\/rs\/ems-potpisao-ugovor-za-jos-jednu-deonicu-transbalkanskog-koridora-dalekovod-obrenovac-bajina-basta\/"]}]},{"@type":"ImageObject","inLanguage":"sr-RS","@id":"https:\/\/balkangreenenergynews.com\/rs\/ems-potpisao-ugovor-za-jos-jednu-deonicu-transbalkanskog-koridora-dalekovod-obrenovac-bajina-basta\/#primaryimage","url":"https:\/\/balkangreenenergynews.com\/rs\/wp-content\/uploads\/2025\/03\/srbija-transbalkanski-koridor-ems-kodar-ugovor-bajina-basta-obrenovac-matejic.jpg?wsr","contentUrl":"https:\/\/balkangreenenergynews.com\/rs\/wp-content\/uploads\/2025\/03\/srbija-transbalkanski-koridor-ems-kodar-ugovor-bajina-basta-obrenovac-matejic.jpg?wsr","width":840,"height":430,"caption":"srbija transbalkanski koridor ems kodar ugovor bajina basta obrenovac matejic"},{"@type":"BreadcrumbList","@id":"https:\/\/balkangreenenergynews.com\/rs\/ems-potpisao-ugovor-za-jos-jednu-deonicu-transbalkanskog-koridora-dalekovod-obrenovac-bajina-basta\/#breadcrumb","itemListElement":[{"@type":"ListItem","position":1,"name":"Po\u010detna","item":"https:\/\/balkangreenenergynews.com\/rs\/"},{"@type":"ListItem","position":2,"name":"Vesti","item":"https:\/\/balkangreenenergynews.com\/rs\/kategorija\/vesti\/"},{"@type":"ListItem","position":3,"name":"Elektri\u010dna energija","item":"https:\/\/balkangreenenergynews.com\/rs\/kategorija\/vesti\/elektricna-energija\/"},{"@type":"ListItem","position":4,"name":"EMS potpisao ugovor za jo\u0161 jednu deonicu Transbalkanskog koridora &#8211; dalekovod Obrenovac-Bajina Ba\u0161ta"}]},{"@type":"WebSite","@id":"https:\/\/balkangreenenergynews.com\/rs\/#website","url":"https:\/\/balkangreenenergynews.com\/rs\/","name":"Balkan Green Energy News","description":"Naj\u0161iri izbor vesti sa Balkana o zelenoj energiji","potentialAction":[{"@type":"SearchAction","target":{"@type":"EntryPoint","urlTemplate":"https:\/\/balkangreenenergynews.com\/rs\/?s={search_term_string}"},"query-input":{"@type":"PropertyValueSpecification","valueRequired":true,"valueName":"search_term_string"}}],"inLanguage":"sr-RS"},{"@type":"Person","@id":"https:\/\/balkangreenenergynews.com\/rs\/#\/schema\/person\/99dc721c46113fea22caffad06ef7317","name":"Vladimir Spasi\u0107","url":"https:\/\/balkangreenenergynews.com\/rs\/author\/vladimir-spasic\/"}]}},"_links":{"self":[{"href":"https:\/\/balkangreenenergynews.com\/rs\/wp-json\/wp\/v2\/posts\/78552","targetHints":{"allow":["GET"]}}],"collection":[{"href":"https:\/\/balkangreenenergynews.com\/rs\/wp-json\/wp\/v2\/posts"}],"about":[{"href":"https:\/\/balkangreenenergynews.com\/rs\/wp-json\/wp\/v2\/types\/post"}],"author":[{"embeddable":true,"href":"https:\/\/balkangreenenergynews.com\/rs\/wp-json\/wp\/v2\/users\/23"}],"replies":[{"embeddable":true,"href":"https:\/\/balkangreenenergynews.com\/rs\/wp-json\/wp\/v2\/comments?post=78552"}],"version-history":[{"count":0,"href":"https:\/\/balkangreenenergynews.com\/rs\/wp-json\/wp\/v2\/posts\/78552\/revisions"}],"wp:featuredmedia":[{"embeddable":true,"href":"https:\/\/balkangreenenergynews.com\/rs\/wp-json\/wp\/v2\/media\/78553"}],"wp:attachment":[{"href":"https:\/\/balkangreenenergynews.com\/rs\/wp-json\/wp\/v2\/media?parent=78552"}],"wp:term":[{"taxonomy":"category","embeddable":true,"href":"https:\/\/balkangreenenergynews.com\/rs\/wp-json\/wp\/v2\/categories?post=78552"},{"taxonomy":"post_tag","embeddable":true,"href":"https:\/\/balkangreenenergynews.com\/rs\/wp-json\/wp\/v2\/tags?post=78552"}],"curies":[{"name":"wp","href":"https:\/\/api.w.org\/{rel}","templated":true}]}}